{"id":12274,"date":"2017-11-20T09:42:31","date_gmt":"2017-11-20T07:42:31","guid":{"rendered":"https:\/\/iraurgiberritzen.eus\/la-red-de-iraurgi-berritzen-ha-celebrado-los-xv-topaketak\/"},"modified":"2017-11-20T09:42:31","modified_gmt":"2017-11-20T07:42:31","slug":"la-red-de-iraurgi-berritzen-ha-celebrado-los-xv-topaketak","status":"publish","type":"post","link":"https:\/\/iraurgiberritzen.eus\/es\/la-red-de-iraurgi-berritzen-ha-celebrado-los-xv-topaketak\/","title":{"rendered":"La Red de Iraurgi Berritzen ha celebrado los  XV. Topaketak"},"content":{"rendered":"<p>Iraurgi Berritzen reuni\u00f3 el pasado 16 de noviembre en Elkargunea a los representantes de los tres ayuntamientos que lo conforman, a la Diputaci\u00f3n Foral de Gipuzkoa (Representada por Ainhoa Aizpuru Diputada de Promoci\u00f3n Econ\u00f3mica, Medio Rural y Equilibrio Territorial), una veintena de empresas y a los centros escolares de la comarca.<\/p>\n<p style=\"text-align: justify;\">En primer lugar, se realiz\u00f3 una valoraci\u00f3n conjunta de los proyectos desarrollados durante este a\u00f1o y en segundo lugar, se definieron los nuevos retos para insertarlos en el plan de acci\u00f3n de 2018. Esta fue la XV edici\u00f3n de los Topaketak que anualmente celebra la agencia de innovaci\u00f3n y desarrollo de los Ayuntamientos de Azkoitia, Azpeitia y Zestoa.<\/p>\n<p style=\"text-align: justify;\">De la bienvenida, se encargaron los respectivos alcaldes, Javier Zubizarreta, Eneko Etxeberria y Josetxo Mendizabal.<\/p>\n<p style=\"text-align: justify;\">En respuesta a las propuestas planteadas en el encuentro del pasado a\u00f1o, se presentaron los diferentes proyectos que en base a ello se han estado trabajando durante el \u00faltimo a\u00f1o con los diferentes agentes (enpresas, centros educativos y ayuntamientos, junto con los t\u00e9cnicos de Iraurgi Berritzen). Furon los representantes de estos agentes los que presentaron dichos proyectos. Cruz Alberdi \u2013 SiDENOR \u2013 Maje Agirre \u2013 IRAURGI IKASTETXEA, Agustin Lizarralde &#8211; AYUNTAMIENTO AZPEITIA y Ana Azkoitia &#8211; AYUNTAMIENTO AZKOITIA) y Itziar Abarisketa y Bego\u00f1a Beobide_IRAURGI BERRITZEN)<\/p>\n<p style=\"text-align: justify;\">Destacar entre otros, los <strong>proyectos de colaboraci\u00f3n desarrollados entre las empresas tractoras y proveedoras de la comarca<\/strong>, con el objetivo de mejorar el nivel competitivo de las mismas (HORNITU). Y los proyectos dirigidos a <strong>promover la participaci\u00f3n de las personas en los modelos de gesti\u00f3n de las empresas<\/strong> (URERALDATUZ).<\/p>\n<p style=\"text-align: justify;\">Otro de los proyectos que se ha desarrollado entre los <strong>5 centros educativos de la comarca<\/strong>, ha sido un proyecto que ha buscado el empezar a <strong>trabajar una serie de competencias relacionadas con la Ciencia y Tecnolog\u00eda<\/strong> desde una edad m\u00e1s temprana, intentando crear as\u00ed diferentes sensibilidades a estos niveles.<\/p>\n<p style=\"text-align: justify;\">Tambi\u00e9n se dieron a conocer algunas de las cifras relacionadas con el desempleo. En los programas que se han puesto en marcha desde la agencia, \u00abTxertatu Merkatuan\u00bb, \u00abHazilan\u00bb y \u00abBidelan\u00bb han participado 48 personas y de ellas, 25 est\u00e1n trabajando. Hay que tener en cuenta adem\u00e1s, que \u00abBidelan\u00bb todav\u00eda est\u00e1 en marcha y en el que participan 11 personas.<\/p>\n<p style=\"text-align: justify;\">Adem\u00e1s de los programas, la puesta en marcha de iniciativas como la web urolanprest.eus ha hecho que Iraurgi Berritzen se haya convertido en el referente n\u00famero uno para las empresas de la comarca a la hora de buscar trabajadores. El centro de empleo tiene registrados 935 usuarios, y de ellos, 519 son personas desempleadas mientras que el resto aspira a cambiar o mejorar de trabajo. Mientras que en 2016 se gestionaron 71 ofertas de trabajo, en 2017 han sido 163.<\/p>\n<p style=\"text-align: justify;\">En la segunda parte de la jornada, se compatieron las claves en cuanto a los retos que Urola Erdia tiene en la industria, tomando como principales ejes tecnolog\u00eda y persona. Se compartieron las inicitivas RIS 3. Especializaci\u00f3n Inteligente, y tambien las necesidades de formaci\u00f3n que en consecuencia se van a demandar en el futuro.<\/p>\n<p style=\"text-align: justify;\">Los agentes tampoco se limitaron a ser meros oyentes, sino que tuvieron un papel activo. Divididos en grupos, intentaron desgranar los d\u00e9ficits y las debilidades existentes para analizar c\u00f3mo se podr\u00edan resolver. Una din\u00e1mica enriquecedora, sobre todo, por ser una interacci\u00f3n entre diferentes perfiles. El objetivo de la din\u00e1mica fue la de dar respuesta de forma compartida a un problema concreto.<\/p>\n<p style=\"text-align: justify;\"><strong>\u00abC\u00f3mo dar respuesta a las necesidades de demanda de perfiles que vamos a requerir en el futuro desde diferentes \u00e1mbitos\u00bb.<\/strong><\/p>\n<p style=\"text-align: justify;\">Este ejercicio sirvi\u00f3 para identificar y consensuar de manera conjunta acciones concretas a poner en marcha de cara al a\u00f1o que viene. En ella, se constat\u00f3 la necesidad de trabajar en el desarrollo de proyectos en colaboraci\u00f3n entre los diferentes agentes de la comarca en este sentido (Centros Educativos, Formaci\u00f3n Profesional, Universidades, Empresas y Desempleados). Necesidad de generar una ruta de hoja de manera compartida, aportando cada uno lo suyo desde su propia realidad pero poniendo el foco siempre en lo global, en la construcci\u00f3n global.<\/p>\n<p style=\"text-align: justify;\">Como posibles l\u00edneas de actuaci\u00f3n:<\/p>\n<ul style=\"list-style-type: disc;\">\n<li style=\"text-align: justify;\">Orientaci\u00f3n de los alumnos seg\u00fan ciclos (edades). Visitas de alumnos a empresas, para que puedan conocer las diferentes realidades de primera mano. Pasar de la teor\u00eda a la pr\u00e1ctica<\/li>\n<li style=\"text-align: justify;\">Visitas cruzadas entre los propios agentes en base a conocimientos y competencias concretas. Trabajar en fortalecer dichas relaciones.<\/li>\n<li style=\"text-align: justify;\">Din\u00e1micas orientadas al aprendizaje conjunto, partiendo de las fortalezas de cada uno<\/li>\n<li style=\"text-align: justify;\">Poner el foco en el c\u00f3mo ense\u00f1amos en vez de en el qu\u00e9 ense\u00f1amos. Metodolog\u00edas\u00bb<\/li>\n<\/ul>\n<p style=\"text-align: center;\">{myFlickr}photoset_id=72157662823049798{\/myFlickr}<\/p>\n<p>&nbsp;<\/p>\n","protected":false},"excerpt":{"rendered":"<p>Iraurgi Berritzen reuni\u00f3 el pasado 16 de noviembre en Elkargunea a los representantes de los tres ayuntamientos que lo conforman, a la Diputaci\u00f3n Foral de Gipuzkoa (Representada por Ainhoa Aizpuru Diputada de Promoci\u00f3n Econ\u00f3mica, Medio Rural y Equilibrio Territorial), una veintena de empresas y a los centros escolares de la comarca. En primer lugar, se [&hellip;]<\/p>\n","protected":false},"author":1,"featured_media":17925,"comment_status":"","ping_status":"closed","sticky":false,"template":"","format":"standard","meta":{"_acf_changed":false,"footnotes":""},"categories":[4],"tags":[],"class_list":["post-12274","post","type-post","status-publish","format-standard","has-post-thumbnail","hentry","category-noticias"],"acf":[],"yoast_head":"<!-- This site is optimized with the Yoast SEO plugin v27.4 - https:\/\/yoast.com\/product\/yoast-seo-wordpress\/ -->\n<title>La Red de Iraurgi Berritzen ha celebrado los XV. Topaketak - Iraurgi Berritzen<\/title>\n<meta name=\"robots\" content=\"index, follow, max-snippet:-1, max-image-preview:large, max-video-preview:-1\" \/>\n<link rel=\"canonical\" href=\"https:\/\/iraurgiberritzen.eus\/es\/la-red-de-iraurgi-berritzen-ha-celebrado-los-xv-topaketak\/\" \/>\n<meta property=\"og:locale\" content=\"es_ES\" \/>\n<meta property=\"og:type\" content=\"article\" \/>\n<meta property=\"og:title\" content=\"La Red de Iraurgi Berritzen ha celebrado los XV. Topaketak - Iraurgi Berritzen\" \/>\n<meta property=\"og:description\" content=\"Iraurgi Berritzen reuni\u00f3 el pasado 16 de noviembre en Elkargunea a los representantes de los tres ayuntamientos que lo conforman, a la Diputaci\u00f3n Foral de Gipuzkoa (Representada por Ainhoa Aizpuru Diputada de Promoci\u00f3n Econ\u00f3mica, Medio Rural y Equilibrio Territorial), una veintena de empresas y a los centros escolares de la comarca. En primer lugar, se [&hellip;]\" \/>\n<meta property=\"og:url\" content=\"https:\/\/iraurgiberritzen.eus\/es\/la-red-de-iraurgi-berritzen-ha-celebrado-los-xv-topaketak\/\" \/>\n<meta property=\"og:site_name\" content=\"Iraurgi Berritzen\" \/>\n<meta property=\"article:published_time\" content=\"2017-11-20T07:42:31+00:00\" \/>\n<meta name=\"author\" content=\"kudeatzailea\" \/>\n<meta name=\"twitter:card\" content=\"summary_large_image\" \/>\n<meta name=\"twitter:label1\" content=\"Escrito por\" \/>\n\t<meta name=\"twitter:data1\" content=\"kudeatzailea\" \/>\n\t<meta name=\"twitter:label2\" content=\"Tiempo de lectura\" \/>\n\t<meta name=\"twitter:data2\" content=\"4 minutos\" \/>\n<script type=\"application\/ld+json\" class=\"yoast-schema-graph\">{\"@context\":\"https:\\\/\\\/schema.org\",\"@graph\":[{\"@type\":\"Article\",\"@id\":\"https:\\\/\\\/iraurgiberritzen.eus\\\/es\\\/la-red-de-iraurgi-berritzen-ha-celebrado-los-xv-topaketak\\\/#article\",\"isPartOf\":{\"@id\":\"https:\\\/\\\/iraurgiberritzen.eus\\\/es\\\/la-red-de-iraurgi-berritzen-ha-celebrado-los-xv-topaketak\\\/\"},\"author\":{\"name\":\"kudeatzailea\",\"@id\":\"https:\\\/\\\/iraurgiberritzen.eus\\\/es\\\/#\\\/schema\\\/person\\\/5ab41aaf388a9097177601ebf45738d2\"},\"headline\":\"La Red de Iraurgi Berritzen ha celebrado los XV. Topaketak\",\"datePublished\":\"2017-11-20T07:42:31+00:00\",\"mainEntityOfPage\":{\"@id\":\"https:\\\/\\\/iraurgiberritzen.eus\\\/es\\\/la-red-de-iraurgi-berritzen-ha-celebrado-los-xv-topaketak\\\/\"},\"wordCount\":796,\"publisher\":{\"@id\":\"https:\\\/\\\/iraurgiberritzen.eus\\\/es\\\/#organization\"},\"image\":{\"@id\":\"https:\\\/\\\/iraurgiberritzen.eus\\\/es\\\/la-red-de-iraurgi-berritzen-ha-celebrado-los-xv-topaketak\\\/#primaryimage\"},\"thumbnailUrl\":\"https:\\\/\\\/iraurgiberritzen.eus\\\/wp-content\\\/uploads\\\/2023\\\/09\\\/f63fb9fc1888bac2143cb5d1de3bea0f.jpg\",\"articleSection\":[\"Noticias\"],\"inLanguage\":\"es\"},{\"@type\":\"WebPage\",\"@id\":\"https:\\\/\\\/iraurgiberritzen.eus\\\/es\\\/la-red-de-iraurgi-berritzen-ha-celebrado-los-xv-topaketak\\\/\",\"url\":\"https:\\\/\\\/iraurgiberritzen.eus\\\/es\\\/la-red-de-iraurgi-berritzen-ha-celebrado-los-xv-topaketak\\\/\",\"name\":\"La Red de Iraurgi Berritzen ha celebrado los XV. Topaketak - Iraurgi Berritzen\",\"isPartOf\":{\"@id\":\"https:\\\/\\\/iraurgiberritzen.eus\\\/es\\\/#website\"},\"primaryImageOfPage\":{\"@id\":\"https:\\\/\\\/iraurgiberritzen.eus\\\/es\\\/la-red-de-iraurgi-berritzen-ha-celebrado-los-xv-topaketak\\\/#primaryimage\"},\"image\":{\"@id\":\"https:\\\/\\\/iraurgiberritzen.eus\\\/es\\\/la-red-de-iraurgi-berritzen-ha-celebrado-los-xv-topaketak\\\/#primaryimage\"},\"thumbnailUrl\":\"https:\\\/\\\/iraurgiberritzen.eus\\\/wp-content\\\/uploads\\\/2023\\\/09\\\/f63fb9fc1888bac2143cb5d1de3bea0f.jpg\",\"datePublished\":\"2017-11-20T07:42:31+00:00\",\"breadcrumb\":{\"@id\":\"https:\\\/\\\/iraurgiberritzen.eus\\\/es\\\/la-red-de-iraurgi-berritzen-ha-celebrado-los-xv-topaketak\\\/#breadcrumb\"},\"inLanguage\":\"es\",\"potentialAction\":[{\"@type\":\"ReadAction\",\"target\":[\"https:\\\/\\\/iraurgiberritzen.eus\\\/es\\\/la-red-de-iraurgi-berritzen-ha-celebrado-los-xv-topaketak\\\/\"]}]},{\"@type\":\"ImageObject\",\"inLanguage\":\"es\",\"@id\":\"https:\\\/\\\/iraurgiberritzen.eus\\\/es\\\/la-red-de-iraurgi-berritzen-ha-celebrado-los-xv-topaketak\\\/#primaryimage\",\"url\":\"https:\\\/\\\/iraurgiberritzen.eus\\\/wp-content\\\/uploads\\\/2023\\\/09\\\/f63fb9fc1888bac2143cb5d1de3bea0f.jpg\",\"contentUrl\":\"https:\\\/\\\/iraurgiberritzen.eus\\\/wp-content\\\/uploads\\\/2023\\\/09\\\/f63fb9fc1888bac2143cb5d1de3bea0f.jpg\",\"width\":600,\"height\":386},{\"@type\":\"BreadcrumbList\",\"@id\":\"https:\\\/\\\/iraurgiberritzen.eus\\\/es\\\/la-red-de-iraurgi-berritzen-ha-celebrado-los-xv-topaketak\\\/#breadcrumb\",\"itemListElement\":[{\"@type\":\"ListItem\",\"position\":1,\"name\":\"Home\",\"item\":\"https:\\\/\\\/iraurgiberritzen.eus\\\/es\\\/\"},{\"@type\":\"ListItem\",\"position\":2,\"name\":\"La Red de Iraurgi Berritzen ha celebrado los XV. Topaketak\"}]},{\"@type\":\"WebSite\",\"@id\":\"https:\\\/\\\/iraurgiberritzen.eus\\\/es\\\/#website\",\"url\":\"https:\\\/\\\/iraurgiberritzen.eus\\\/es\\\/\",\"name\":\"Iraurgi Berritzen\",\"description\":\"Urola Erdiko Garapen Agentzia\",\"publisher\":{\"@id\":\"https:\\\/\\\/iraurgiberritzen.eus\\\/es\\\/#organization\"},\"potentialAction\":[{\"@type\":\"SearchAction\",\"target\":{\"@type\":\"EntryPoint\",\"urlTemplate\":\"https:\\\/\\\/iraurgiberritzen.eus\\\/es\\\/?s={search_term_string}\"},\"query-input\":{\"@type\":\"PropertyValueSpecification\",\"valueRequired\":true,\"valueName\":\"search_term_string\"}}],\"inLanguage\":\"es\"},{\"@type\":\"Organization\",\"@id\":\"https:\\\/\\\/iraurgiberritzen.eus\\\/es\\\/#organization\",\"name\":\"Iraurgi Berritzen\",\"url\":\"https:\\\/\\\/iraurgiberritzen.eus\\\/es\\\/\",\"logo\":{\"@type\":\"ImageObject\",\"inLanguage\":\"es\",\"@id\":\"https:\\\/\\\/iraurgiberritzen.eus\\\/es\\\/#\\\/schema\\\/logo\\\/image\\\/\",\"url\":\"https:\\\/\\\/iraurgiberritzen.eus\\\/wp-content\\\/uploads\\\/2024\\\/02\\\/IRAURGI-BERRITZEN-logotipoa_2.png\",\"contentUrl\":\"https:\\\/\\\/iraurgiberritzen.eus\\\/wp-content\\\/uploads\\\/2024\\\/02\\\/IRAURGI-BERRITZEN-logotipoa_2.png\",\"width\":496,\"height\":190,\"caption\":\"Iraurgi Berritzen\"},\"image\":{\"@id\":\"https:\\\/\\\/iraurgiberritzen.eus\\\/es\\\/#\\\/schema\\\/logo\\\/image\\\/\"}},{\"@type\":\"Person\",\"@id\":\"https:\\\/\\\/iraurgiberritzen.eus\\\/es\\\/#\\\/schema\\\/person\\\/5ab41aaf388a9097177601ebf45738d2\",\"name\":\"kudeatzailea\",\"sameAs\":[\"https:\\\/\\\/iraurgiberritzen.eus\"]}]}<\/script>\n<!-- \/ Yoast SEO plugin. -->","yoast_head_json":{"title":"La Red de Iraurgi Berritzen ha celebrado los XV. Topaketak - Iraurgi Berritzen","robots":{"index":"index","follow":"follow","max-snippet":"max-snippet:-1","max-image-preview":"max-image-preview:large","max-video-preview":"max-video-preview:-1"},"canonical":"https:\/\/iraurgiberritzen.eus\/es\/la-red-de-iraurgi-berritzen-ha-celebrado-los-xv-topaketak\/","og_locale":"es_ES","og_type":"article","og_title":"La Red de Iraurgi Berritzen ha celebrado los XV. Topaketak - Iraurgi Berritzen","og_description":"Iraurgi Berritzen reuni\u00f3 el pasado 16 de noviembre en Elkargunea a los representantes de los tres ayuntamientos que lo conforman, a la Diputaci\u00f3n Foral de Gipuzkoa (Representada por Ainhoa Aizpuru Diputada de Promoci\u00f3n Econ\u00f3mica, Medio Rural y Equilibrio Territorial), una veintena de empresas y a los centros escolares de la comarca. En primer lugar, se [&hellip;]","og_url":"https:\/\/iraurgiberritzen.eus\/es\/la-red-de-iraurgi-berritzen-ha-celebrado-los-xv-topaketak\/","og_site_name":"Iraurgi Berritzen","article_published_time":"2017-11-20T07:42:31+00:00","author":"kudeatzailea","twitter_card":"summary_large_image","twitter_misc":{"Escrito por":"kudeatzailea","Tiempo de lectura":"4 minutos"},"schema":{"@context":"https:\/\/schema.org","@graph":[{"@type":"Article","@id":"https:\/\/iraurgiberritzen.eus\/es\/la-red-de-iraurgi-berritzen-ha-celebrado-los-xv-topaketak\/#article","isPartOf":{"@id":"https:\/\/iraurgiberritzen.eus\/es\/la-red-de-iraurgi-berritzen-ha-celebrado-los-xv-topaketak\/"},"author":{"name":"kudeatzailea","@id":"https:\/\/iraurgiberritzen.eus\/es\/#\/schema\/person\/5ab41aaf388a9097177601ebf45738d2"},"headline":"La Red de Iraurgi Berritzen ha celebrado los XV. Topaketak","datePublished":"2017-11-20T07:42:31+00:00","mainEntityOfPage":{"@id":"https:\/\/iraurgiberritzen.eus\/es\/la-red-de-iraurgi-berritzen-ha-celebrado-los-xv-topaketak\/"},"wordCount":796,"publisher":{"@id":"https:\/\/iraurgiberritzen.eus\/es\/#organization"},"image":{"@id":"https:\/\/iraurgiberritzen.eus\/es\/la-red-de-iraurgi-berritzen-ha-celebrado-los-xv-topaketak\/#primaryimage"},"thumbnailUrl":"https:\/\/iraurgiberritzen.eus\/wp-content\/uploads\/2023\/09\/f63fb9fc1888bac2143cb5d1de3bea0f.jpg","articleSection":["Noticias"],"inLanguage":"es"},{"@type":"WebPage","@id":"https:\/\/iraurgiberritzen.eus\/es\/la-red-de-iraurgi-berritzen-ha-celebrado-los-xv-topaketak\/","url":"https:\/\/iraurgiberritzen.eus\/es\/la-red-de-iraurgi-berritzen-ha-celebrado-los-xv-topaketak\/","name":"La Red de Iraurgi Berritzen ha celebrado los XV. Topaketak - Iraurgi Berritzen","isPartOf":{"@id":"https:\/\/iraurgiberritzen.eus\/es\/#website"},"primaryImageOfPage":{"@id":"https:\/\/iraurgiberritzen.eus\/es\/la-red-de-iraurgi-berritzen-ha-celebrado-los-xv-topaketak\/#primaryimage"},"image":{"@id":"https:\/\/iraurgiberritzen.eus\/es\/la-red-de-iraurgi-berritzen-ha-celebrado-los-xv-topaketak\/#primaryimage"},"thumbnailUrl":"https:\/\/iraurgiberritzen.eus\/wp-content\/uploads\/2023\/09\/f63fb9fc1888bac2143cb5d1de3bea0f.jpg","datePublished":"2017-11-20T07:42:31+00:00","breadcrumb":{"@id":"https:\/\/iraurgiberritzen.eus\/es\/la-red-de-iraurgi-berritzen-ha-celebrado-los-xv-topaketak\/#breadcrumb"},"inLanguage":"es","potentialAction":[{"@type":"ReadAction","target":["https:\/\/iraurgiberritzen.eus\/es\/la-red-de-iraurgi-berritzen-ha-celebrado-los-xv-topaketak\/"]}]},{"@type":"ImageObject","inLanguage":"es","@id":"https:\/\/iraurgiberritzen.eus\/es\/la-red-de-iraurgi-berritzen-ha-celebrado-los-xv-topaketak\/#primaryimage","url":"https:\/\/iraurgiberritzen.eus\/wp-content\/uploads\/2023\/09\/f63fb9fc1888bac2143cb5d1de3bea0f.jpg","contentUrl":"https:\/\/iraurgiberritzen.eus\/wp-content\/uploads\/2023\/09\/f63fb9fc1888bac2143cb5d1de3bea0f.jpg","width":600,"height":386},{"@type":"BreadcrumbList","@id":"https:\/\/iraurgiberritzen.eus\/es\/la-red-de-iraurgi-berritzen-ha-celebrado-los-xv-topaketak\/#breadcrumb","itemListElement":[{"@type":"ListItem","position":1,"name":"Home","item":"https:\/\/iraurgiberritzen.eus\/es\/"},{"@type":"ListItem","position":2,"name":"La Red de Iraurgi Berritzen ha celebrado los XV. Topaketak"}]},{"@type":"WebSite","@id":"https:\/\/iraurgiberritzen.eus\/es\/#website","url":"https:\/\/iraurgiberritzen.eus\/es\/","name":"Iraurgi Berritzen","description":"Urola Erdiko Garapen Agentzia","publisher":{"@id":"https:\/\/iraurgiberritzen.eus\/es\/#organization"},"potentialAction":[{"@type":"SearchAction","target":{"@type":"EntryPoint","urlTemplate":"https:\/\/iraurgiberritzen.eus\/es\/?s={search_term_string}"},"query-input":{"@type":"PropertyValueSpecification","valueRequired":true,"valueName":"search_term_string"}}],"inLanguage":"es"},{"@type":"Organization","@id":"https:\/\/iraurgiberritzen.eus\/es\/#organization","name":"Iraurgi Berritzen","url":"https:\/\/iraurgiberritzen.eus\/es\/","logo":{"@type":"ImageObject","inLanguage":"es","@id":"https:\/\/iraurgiberritzen.eus\/es\/#\/schema\/logo\/image\/","url":"https:\/\/iraurgiberritzen.eus\/wp-content\/uploads\/2024\/02\/IRAURGI-BERRITZEN-logotipoa_2.png","contentUrl":"https:\/\/iraurgiberritzen.eus\/wp-content\/uploads\/2024\/02\/IRAURGI-BERRITZEN-logotipoa_2.png","width":496,"height":190,"caption":"Iraurgi Berritzen"},"image":{"@id":"https:\/\/iraurgiberritzen.eus\/es\/#\/schema\/logo\/image\/"}},{"@type":"Person","@id":"https:\/\/iraurgiberritzen.eus\/es\/#\/schema\/person\/5ab41aaf388a9097177601ebf45738d2","name":"kudeatzailea","sameAs":["https:\/\/iraurgiberritzen.eus"]}]}},"_links":{"self":[{"href":"https:\/\/iraurgiberritzen.eus\/es\/wp-json\/wp\/v2\/posts\/12274","targetHints":{"allow":["GET"]}}],"collection":[{"href":"https:\/\/iraurgiberritzen.eus\/es\/wp-json\/wp\/v2\/posts"}],"about":[{"href":"https:\/\/iraurgiberritzen.eus\/es\/wp-json\/wp\/v2\/types\/post"}],"author":[{"embeddable":true,"href":"https:\/\/iraurgiberritzen.eus\/es\/wp-json\/wp\/v2\/users\/1"}],"replies":[{"embeddable":true,"href":"https:\/\/iraurgiberritzen.eus\/es\/wp-json\/wp\/v2\/comments?post=12274"}],"version-history":[{"count":0,"href":"https:\/\/iraurgiberritzen.eus\/es\/wp-json\/wp\/v2\/posts\/12274\/revisions"}],"wp:featuredmedia":[{"embeddable":true,"href":"https:\/\/iraurgiberritzen.eus\/es\/wp-json\/wp\/v2\/media\/17925"}],"wp:attachment":[{"href":"https:\/\/iraurgiberritzen.eus\/es\/wp-json\/wp\/v2\/media?parent=12274"}],"wp:term":[{"taxonomy":"category","embeddable":true,"href":"https:\/\/iraurgiberritzen.eus\/es\/wp-json\/wp\/v2\/categories?post=12274"},{"taxonomy":"post_tag","embeddable":true,"href":"https:\/\/iraurgiberritzen.eus\/es\/wp-json\/wp\/v2\/tags?post=12274"}],"curies":[{"name":"wp","href":"https:\/\/api.w.org\/{rel}","templated":true}]}}