{"id":12277,"date":"2017-11-27T07:27:53","date_gmt":"2017-11-27T05:27:53","guid":{"rendered":"https:\/\/iraurgiberritzen.eus\/iraurgi-berritzen-en-la-jornada-de-sensibilizacion-sobre-el-emprendimiento-en-urola-lanbide-eskola\/"},"modified":"2017-11-27T07:27:53","modified_gmt":"2017-11-27T05:27:53","slug":"iraurgi-berritzen-en-la-jornada-de-sensibilizacion-sobre-el-emprendimiento-en-urola-lanbide-eskola","status":"publish","type":"post","link":"https:\/\/iraurgiberritzen.eus\/es\/iraurgi-berritzen-en-la-jornada-de-sensibilizacion-sobre-el-emprendimiento-en-urola-lanbide-eskola\/","title":{"rendered":"Iraurgi Berritzen en la jornada de sensibilizaci\u00f3n sobre el emprendimiento en Urola Lanbide Eskola"},"content":{"rendered":"<p style=\"text-align: justify;\">Iraurgi Berritzen ha participado en la jornada de sensibilizaci\u00f3n sobre el emprendimiento que ha organizado Urola Lanbide Eskola, dentro del programa Urratsbat.<\/p>\n<p style=\"text-align: justify;\">Urratsbat es un programa promovido por la Viceconsejer\u00eda de la Formaci\u00f3n Profesional del Departamento de Educaci\u00f3n, Pol\u00edtica Ling\u00fc\u00edstica y Cultura del Gobierno Vasco y coordinado por TKNIKA para ayudar al alumnado de FP en la creaci\u00f3n de su propia empresa.<\/p>\n<p style=\"text-align: justify;\">En la jornada el equipo de Iraurgi Berritzen ha realizado una din\u00e1mica de grupo con los alumnos, partiendo de las necesidades que se identificaron en la comarca de Urola Medio dentro del proyecto Ekintzailetasuna Urola Erdian I. Los alumnos han encontrado 33 soluciones diferentes a los 12 retos que se les han planteado. En la din\u00e1mica han participado m\u00e1s de 50 alumnos.<\/p>\n","protected":false},"excerpt":{"rendered":"<p>Iraurgi Berritzen ha participado en la jornada de sensibilizaci\u00f3n sobre el emprendimiento que ha organizado Urola Lanbide Eskola, dentro del programa Urratsbat. Urratsbat es un programa promovido por la Viceconsejer\u00eda de la Formaci\u00f3n Profesional del Departamento de Educaci\u00f3n, Pol\u00edtica Ling\u00fc\u00edstica y Cultura del Gobierno Vasco y coordinado por TKNIKA para ayudar al alumnado de FP [&hellip;]<\/p>\n","protected":false},"author":1,"featured_media":17915,"comment_status":"","ping_status":"closed","sticky":false,"template":"","format":"standard","meta":{"_acf_changed":false,"footnotes":""},"categories":[4],"tags":[],"class_list":["post-12277","post","type-post","status-publish","format-standard","has-post-thumbnail","hentry","category-noticias"],"acf":[],"yoast_head":"<!-- This site is optimized with the Yoast SEO plugin v27.4 - https:\/\/yoast.com\/product\/yoast-seo-wordpress\/ -->\n<title>Iraurgi Berritzen en la jornada de sensibilizaci\u00f3n sobre el emprendimiento en Urola Lanbide Eskola - Iraurgi Berritzen<\/title>\n<meta name=\"robots\" content=\"index, follow, max-snippet:-1, max-image-preview:large, max-video-preview:-1\" \/>\n<link rel=\"canonical\" href=\"https:\/\/iraurgiberritzen.eus\/es\/iraurgi-berritzen-en-la-jornada-de-sensibilizacion-sobre-el-emprendimiento-en-urola-lanbide-eskola\/\" \/>\n<meta property=\"og:locale\" content=\"es_ES\" \/>\n<meta property=\"og:type\" content=\"article\" \/>\n<meta property=\"og:title\" content=\"Iraurgi Berritzen en la jornada de sensibilizaci\u00f3n sobre el emprendimiento en Urola Lanbide Eskola - Iraurgi Berritzen\" \/>\n<meta property=\"og:description\" content=\"Iraurgi Berritzen ha participado en la jornada de sensibilizaci\u00f3n sobre el emprendimiento que ha organizado Urola Lanbide Eskola, dentro del programa Urratsbat. Urratsbat es un programa promovido por la Viceconsejer\u00eda de la Formaci\u00f3n Profesional del Departamento de Educaci\u00f3n, Pol\u00edtica Ling\u00fc\u00edstica y Cultura del Gobierno Vasco y coordinado por TKNIKA para ayudar al alumnado de FP [&hellip;]\" \/>\n<meta property=\"og:url\" content=\"https:\/\/iraurgiberritzen.eus\/es\/iraurgi-berritzen-en-la-jornada-de-sensibilizacion-sobre-el-emprendimiento-en-urola-lanbide-eskola\/\" \/>\n<meta property=\"og:site_name\" content=\"Iraurgi Berritzen\" \/>\n<meta property=\"article:published_time\" content=\"2017-11-27T05:27:53+00:00\" \/>\n<meta name=\"author\" content=\"kudeatzailea\" \/>\n<meta name=\"twitter:card\" content=\"summary_large_image\" \/>\n<meta name=\"twitter:label1\" content=\"Escrito por\" \/>\n\t<meta name=\"twitter:data1\" content=\"kudeatzailea\" \/>\n\t<meta name=\"twitter:label2\" content=\"Tiempo de lectura\" \/>\n\t<meta name=\"twitter:data2\" content=\"1 minuto\" \/>\n<script type=\"application\/ld+json\" class=\"yoast-schema-graph\">{\"@context\":\"https:\\\/\\\/schema.org\",\"@graph\":[{\"@type\":\"Article\",\"@id\":\"https:\\\/\\\/iraurgiberritzen.eus\\\/es\\\/iraurgi-berritzen-en-la-jornada-de-sensibilizacion-sobre-el-emprendimiento-en-urola-lanbide-eskola\\\/#article\",\"isPartOf\":{\"@id\":\"https:\\\/\\\/iraurgiberritzen.eus\\\/es\\\/iraurgi-berritzen-en-la-jornada-de-sensibilizacion-sobre-el-emprendimiento-en-urola-lanbide-eskola\\\/\"},\"author\":{\"name\":\"kudeatzailea\",\"@id\":\"https:\\\/\\\/iraurgiberritzen.eus\\\/es\\\/#\\\/schema\\\/person\\\/5ab41aaf388a9097177601ebf45738d2\"},\"headline\":\"Iraurgi Berritzen en la jornada de sensibilizaci\u00f3n sobre el emprendimiento en Urola Lanbide Eskola\",\"datePublished\":\"2017-11-27T05:27:53+00:00\",\"mainEntityOfPage\":{\"@id\":\"https:\\\/\\\/iraurgiberritzen.eus\\\/es\\\/iraurgi-berritzen-en-la-jornada-de-sensibilizacion-sobre-el-emprendimiento-en-urola-lanbide-eskola\\\/\"},\"wordCount\":146,\"publisher\":{\"@id\":\"https:\\\/\\\/iraurgiberritzen.eus\\\/es\\\/#organization\"},\"image\":{\"@id\":\"https:\\\/\\\/iraurgiberritzen.eus\\\/es\\\/iraurgi-berritzen-en-la-jornada-de-sensibilizacion-sobre-el-emprendimiento-en-urola-lanbide-eskola\\\/#primaryimage\"},\"thumbnailUrl\":\"https:\\\/\\\/iraurgiberritzen.eus\\\/wp-content\\\/uploads\\\/2023\\\/09\\\/ead47d36e50510c345eb86a3568f763f.jpg\",\"articleSection\":[\"Noticias\"],\"inLanguage\":\"es\"},{\"@type\":\"WebPage\",\"@id\":\"https:\\\/\\\/iraurgiberritzen.eus\\\/es\\\/iraurgi-berritzen-en-la-jornada-de-sensibilizacion-sobre-el-emprendimiento-en-urola-lanbide-eskola\\\/\",\"url\":\"https:\\\/\\\/iraurgiberritzen.eus\\\/es\\\/iraurgi-berritzen-en-la-jornada-de-sensibilizacion-sobre-el-emprendimiento-en-urola-lanbide-eskola\\\/\",\"name\":\"Iraurgi Berritzen en la jornada de sensibilizaci\u00f3n sobre el emprendimiento en Urola Lanbide Eskola - Iraurgi Berritzen\",\"isPartOf\":{\"@id\":\"https:\\\/\\\/iraurgiberritzen.eus\\\/es\\\/#website\"},\"primaryImageOfPage\":{\"@id\":\"https:\\\/\\\/iraurgiberritzen.eus\\\/es\\\/iraurgi-berritzen-en-la-jornada-de-sensibilizacion-sobre-el-emprendimiento-en-urola-lanbide-eskola\\\/#primaryimage\"},\"image\":{\"@id\":\"https:\\\/\\\/iraurgiberritzen.eus\\\/es\\\/iraurgi-berritzen-en-la-jornada-de-sensibilizacion-sobre-el-emprendimiento-en-urola-lanbide-eskola\\\/#primaryimage\"},\"thumbnailUrl\":\"https:\\\/\\\/iraurgiberritzen.eus\\\/wp-content\\\/uploads\\\/2023\\\/09\\\/ead47d36e50510c345eb86a3568f763f.jpg\",\"datePublished\":\"2017-11-27T05:27:53+00:00\",\"breadcrumb\":{\"@id\":\"https:\\\/\\\/iraurgiberritzen.eus\\\/es\\\/iraurgi-berritzen-en-la-jornada-de-sensibilizacion-sobre-el-emprendimiento-en-urola-lanbide-eskola\\\/#breadcrumb\"},\"inLanguage\":\"es\",\"potentialAction\":[{\"@type\":\"ReadAction\",\"target\":[\"https:\\\/\\\/iraurgiberritzen.eus\\\/es\\\/iraurgi-berritzen-en-la-jornada-de-sensibilizacion-sobre-el-emprendimiento-en-urola-lanbide-eskola\\\/\"]}]},{\"@type\":\"ImageObject\",\"inLanguage\":\"es\",\"@id\":\"https:\\\/\\\/iraurgiberritzen.eus\\\/es\\\/iraurgi-berritzen-en-la-jornada-de-sensibilizacion-sobre-el-emprendimiento-en-urola-lanbide-eskola\\\/#primaryimage\",\"url\":\"https:\\\/\\\/iraurgiberritzen.eus\\\/wp-content\\\/uploads\\\/2023\\\/09\\\/ead47d36e50510c345eb86a3568f763f.jpg\",\"contentUrl\":\"https:\\\/\\\/iraurgiberritzen.eus\\\/wp-content\\\/uploads\\\/2023\\\/09\\\/ead47d36e50510c345eb86a3568f763f.jpg\",\"width\":600,\"height\":386},{\"@type\":\"BreadcrumbList\",\"@id\":\"https:\\\/\\\/iraurgiberritzen.eus\\\/es\\\/iraurgi-berritzen-en-la-jornada-de-sensibilizacion-sobre-el-emprendimiento-en-urola-lanbide-eskola\\\/#breadcrumb\",\"itemListElement\":[{\"@type\":\"ListItem\",\"position\":1,\"name\":\"Home\",\"item\":\"https:\\\/\\\/iraurgiberritzen.eus\\\/es\\\/\"},{\"@type\":\"ListItem\",\"position\":2,\"name\":\"Iraurgi Berritzen en la jornada de sensibilizaci\u00f3n sobre el emprendimiento en Urola Lanbide Eskola\"}]},{\"@type\":\"WebSite\",\"@id\":\"https:\\\/\\\/iraurgiberritzen.eus\\\/es\\\/#website\",\"url\":\"https:\\\/\\\/iraurgiberritzen.eus\\\/es\\\/\",\"name\":\"Iraurgi Berritzen\",\"description\":\"Urola Erdiko Garapen Agentzia\",\"publisher\":{\"@id\":\"https:\\\/\\\/iraurgiberritzen.eus\\\/es\\\/#organization\"},\"potentialAction\":[{\"@type\":\"SearchAction\",\"target\":{\"@type\":\"EntryPoint\",\"urlTemplate\":\"https:\\\/\\\/iraurgiberritzen.eus\\\/es\\\/?s={search_term_string}\"},\"query-input\":{\"@type\":\"PropertyValueSpecification\",\"valueRequired\":true,\"valueName\":\"search_term_string\"}}],\"inLanguage\":\"es\"},{\"@type\":\"Organization\",\"@id\":\"https:\\\/\\\/iraurgiberritzen.eus\\\/es\\\/#organization\",\"name\":\"Iraurgi Berritzen\",\"url\":\"https:\\\/\\\/iraurgiberritzen.eus\\\/es\\\/\",\"logo\":{\"@type\":\"ImageObject\",\"inLanguage\":\"es\",\"@id\":\"https:\\\/\\\/iraurgiberritzen.eus\\\/es\\\/#\\\/schema\\\/logo\\\/image\\\/\",\"url\":\"https:\\\/\\\/iraurgiberritzen.eus\\\/wp-content\\\/uploads\\\/2024\\\/02\\\/IRAURGI-BERRITZEN-logotipoa_2.png\",\"contentUrl\":\"https:\\\/\\\/iraurgiberritzen.eus\\\/wp-content\\\/uploads\\\/2024\\\/02\\\/IRAURGI-BERRITZEN-logotipoa_2.png\",\"width\":496,\"height\":190,\"caption\":\"Iraurgi Berritzen\"},\"image\":{\"@id\":\"https:\\\/\\\/iraurgiberritzen.eus\\\/es\\\/#\\\/schema\\\/logo\\\/image\\\/\"}},{\"@type\":\"Person\",\"@id\":\"https:\\\/\\\/iraurgiberritzen.eus\\\/es\\\/#\\\/schema\\\/person\\\/5ab41aaf388a9097177601ebf45738d2\",\"name\":\"kudeatzailea\",\"sameAs\":[\"https:\\\/\\\/iraurgiberritzen.eus\"]}]}<\/script>\n<!-- \/ Yoast SEO plugin. -->","yoast_head_json":{"title":"Iraurgi Berritzen en la jornada de sensibilizaci\u00f3n sobre el emprendimiento en Urola Lanbide Eskola - Iraurgi Berritzen","robots":{"index":"index","follow":"follow","max-snippet":"max-snippet:-1","max-image-preview":"max-image-preview:large","max-video-preview":"max-video-preview:-1"},"canonical":"https:\/\/iraurgiberritzen.eus\/es\/iraurgi-berritzen-en-la-jornada-de-sensibilizacion-sobre-el-emprendimiento-en-urola-lanbide-eskola\/","og_locale":"es_ES","og_type":"article","og_title":"Iraurgi Berritzen en la jornada de sensibilizaci\u00f3n sobre el emprendimiento en Urola Lanbide Eskola - Iraurgi Berritzen","og_description":"Iraurgi Berritzen ha participado en la jornada de sensibilizaci\u00f3n sobre el emprendimiento que ha organizado Urola Lanbide Eskola, dentro del programa Urratsbat. Urratsbat es un programa promovido por la Viceconsejer\u00eda de la Formaci\u00f3n Profesional del Departamento de Educaci\u00f3n, Pol\u00edtica Ling\u00fc\u00edstica y Cultura del Gobierno Vasco y coordinado por TKNIKA para ayudar al alumnado de FP [&hellip;]","og_url":"https:\/\/iraurgiberritzen.eus\/es\/iraurgi-berritzen-en-la-jornada-de-sensibilizacion-sobre-el-emprendimiento-en-urola-lanbide-eskola\/","og_site_name":"Iraurgi Berritzen","article_published_time":"2017-11-27T05:27:53+00:00","author":"kudeatzailea","twitter_card":"summary_large_image","twitter_misc":{"Escrito por":"kudeatzailea","Tiempo de lectura":"1 minuto"},"schema":{"@context":"https:\/\/schema.org","@graph":[{"@type":"Article","@id":"https:\/\/iraurgiberritzen.eus\/es\/iraurgi-berritzen-en-la-jornada-de-sensibilizacion-sobre-el-emprendimiento-en-urola-lanbide-eskola\/#article","isPartOf":{"@id":"https:\/\/iraurgiberritzen.eus\/es\/iraurgi-berritzen-en-la-jornada-de-sensibilizacion-sobre-el-emprendimiento-en-urola-lanbide-eskola\/"},"author":{"name":"kudeatzailea","@id":"https:\/\/iraurgiberritzen.eus\/es\/#\/schema\/person\/5ab41aaf388a9097177601ebf45738d2"},"headline":"Iraurgi Berritzen en la jornada de sensibilizaci\u00f3n sobre el emprendimiento en Urola Lanbide Eskola","datePublished":"2017-11-27T05:27:53+00:00","mainEntityOfPage":{"@id":"https:\/\/iraurgiberritzen.eus\/es\/iraurgi-berritzen-en-la-jornada-de-sensibilizacion-sobre-el-emprendimiento-en-urola-lanbide-eskola\/"},"wordCount":146,"publisher":{"@id":"https:\/\/iraurgiberritzen.eus\/es\/#organization"},"image":{"@id":"https:\/\/iraurgiberritzen.eus\/es\/iraurgi-berritzen-en-la-jornada-de-sensibilizacion-sobre-el-emprendimiento-en-urola-lanbide-eskola\/#primaryimage"},"thumbnailUrl":"https:\/\/iraurgiberritzen.eus\/wp-content\/uploads\/2023\/09\/ead47d36e50510c345eb86a3568f763f.jpg","articleSection":["Noticias"],"inLanguage":"es"},{"@type":"WebPage","@id":"https:\/\/iraurgiberritzen.eus\/es\/iraurgi-berritzen-en-la-jornada-de-sensibilizacion-sobre-el-emprendimiento-en-urola-lanbide-eskola\/","url":"https:\/\/iraurgiberritzen.eus\/es\/iraurgi-berritzen-en-la-jornada-de-sensibilizacion-sobre-el-emprendimiento-en-urola-lanbide-eskola\/","name":"Iraurgi Berritzen en la jornada de sensibilizaci\u00f3n sobre el emprendimiento en Urola Lanbide Eskola - Iraurgi Berritzen","isPartOf":{"@id":"https:\/\/iraurgiberritzen.eus\/es\/#website"},"primaryImageOfPage":{"@id":"https:\/\/iraurgiberritzen.eus\/es\/iraurgi-berritzen-en-la-jornada-de-sensibilizacion-sobre-el-emprendimiento-en-urola-lanbide-eskola\/#primaryimage"},"image":{"@id":"https:\/\/iraurgiberritzen.eus\/es\/iraurgi-berritzen-en-la-jornada-de-sensibilizacion-sobre-el-emprendimiento-en-urola-lanbide-eskola\/#primaryimage"},"thumbnailUrl":"https:\/\/iraurgiberritzen.eus\/wp-content\/uploads\/2023\/09\/ead47d36e50510c345eb86a3568f763f.jpg","datePublished":"2017-11-27T05:27:53+00:00","breadcrumb":{"@id":"https:\/\/iraurgiberritzen.eus\/es\/iraurgi-berritzen-en-la-jornada-de-sensibilizacion-sobre-el-emprendimiento-en-urola-lanbide-eskola\/#breadcrumb"},"inLanguage":"es","potentialAction":[{"@type":"ReadAction","target":["https:\/\/iraurgiberritzen.eus\/es\/iraurgi-berritzen-en-la-jornada-de-sensibilizacion-sobre-el-emprendimiento-en-urola-lanbide-eskola\/"]}]},{"@type":"ImageObject","inLanguage":"es","@id":"https:\/\/iraurgiberritzen.eus\/es\/iraurgi-berritzen-en-la-jornada-de-sensibilizacion-sobre-el-emprendimiento-en-urola-lanbide-eskola\/#primaryimage","url":"https:\/\/iraurgiberritzen.eus\/wp-content\/uploads\/2023\/09\/ead47d36e50510c345eb86a3568f763f.jpg","contentUrl":"https:\/\/iraurgiberritzen.eus\/wp-content\/uploads\/2023\/09\/ead47d36e50510c345eb86a3568f763f.jpg","width":600,"height":386},{"@type":"BreadcrumbList","@id":"https:\/\/iraurgiberritzen.eus\/es\/iraurgi-berritzen-en-la-jornada-de-sensibilizacion-sobre-el-emprendimiento-en-urola-lanbide-eskola\/#breadcrumb","itemListElement":[{"@type":"ListItem","position":1,"name":"Home","item":"https:\/\/iraurgiberritzen.eus\/es\/"},{"@type":"ListItem","position":2,"name":"Iraurgi Berritzen en la jornada de sensibilizaci\u00f3n sobre el emprendimiento en Urola Lanbide Eskola"}]},{"@type":"WebSite","@id":"https:\/\/iraurgiberritzen.eus\/es\/#website","url":"https:\/\/iraurgiberritzen.eus\/es\/","name":"Iraurgi Berritzen","description":"Urola Erdiko Garapen Agentzia","publisher":{"@id":"https:\/\/iraurgiberritzen.eus\/es\/#organization"},"potentialAction":[{"@type":"SearchAction","target":{"@type":"EntryPoint","urlTemplate":"https:\/\/iraurgiberritzen.eus\/es\/?s={search_term_string}"},"query-input":{"@type":"PropertyValueSpecification","valueRequired":true,"valueName":"search_term_string"}}],"inLanguage":"es"},{"@type":"Organization","@id":"https:\/\/iraurgiberritzen.eus\/es\/#organization","name":"Iraurgi Berritzen","url":"https:\/\/iraurgiberritzen.eus\/es\/","logo":{"@type":"ImageObject","inLanguage":"es","@id":"https:\/\/iraurgiberritzen.eus\/es\/#\/schema\/logo\/image\/","url":"https:\/\/iraurgiberritzen.eus\/wp-content\/uploads\/2024\/02\/IRAURGI-BERRITZEN-logotipoa_2.png","contentUrl":"https:\/\/iraurgiberritzen.eus\/wp-content\/uploads\/2024\/02\/IRAURGI-BERRITZEN-logotipoa_2.png","width":496,"height":190,"caption":"Iraurgi Berritzen"},"image":{"@id":"https:\/\/iraurgiberritzen.eus\/es\/#\/schema\/logo\/image\/"}},{"@type":"Person","@id":"https:\/\/iraurgiberritzen.eus\/es\/#\/schema\/person\/5ab41aaf388a9097177601ebf45738d2","name":"kudeatzailea","sameAs":["https:\/\/iraurgiberritzen.eus"]}]}},"_links":{"self":[{"href":"https:\/\/iraurgiberritzen.eus\/es\/wp-json\/wp\/v2\/posts\/12277","targetHints":{"allow":["GET"]}}],"collection":[{"href":"https:\/\/iraurgiberritzen.eus\/es\/wp-json\/wp\/v2\/posts"}],"about":[{"href":"https:\/\/iraurgiberritzen.eus\/es\/wp-json\/wp\/v2\/types\/post"}],"author":[{"embeddable":true,"href":"https:\/\/iraurgiberritzen.eus\/es\/wp-json\/wp\/v2\/users\/1"}],"replies":[{"embeddable":true,"href":"https:\/\/iraurgiberritzen.eus\/es\/wp-json\/wp\/v2\/comments?post=12277"}],"version-history":[{"count":0,"href":"https:\/\/iraurgiberritzen.eus\/es\/wp-json\/wp\/v2\/posts\/12277\/revisions"}],"wp:featuredmedia":[{"embeddable":true,"href":"https:\/\/iraurgiberritzen.eus\/es\/wp-json\/wp\/v2\/media\/17915"}],"wp:attachment":[{"href":"https:\/\/iraurgiberritzen.eus\/es\/wp-json\/wp\/v2\/media?parent=12277"}],"wp:term":[{"taxonomy":"category","embeddable":true,"href":"https:\/\/iraurgiberritzen.eus\/es\/wp-json\/wp\/v2\/categories?post=12277"},{"taxonomy":"post_tag","embeddable":true,"href":"https:\/\/iraurgiberritzen.eus\/es\/wp-json\/wp\/v2\/tags?post=12277"}],"curies":[{"name":"wp","href":"https:\/\/api.w.org\/{rel}","templated":true}]}}