{"id":12291,"date":"2017-12-20T11:31:53","date_gmt":"2017-12-20T09:31:53","guid":{"rendered":"https:\/\/iraurgiberritzen.eus\/tierra-ignaciana-ganador-del-premio-eden-que-otorga-la-comision-europea\/"},"modified":"2017-12-20T11:31:53","modified_gmt":"2017-12-20T09:31:53","slug":"tierra-ignaciana-ganador-del-premio-eden-que-otorga-la-comision-europea","status":"publish","type":"post","link":"https:\/\/iraurgiberritzen.eus\/es\/tierra-ignaciana-ganador-del-premio-eden-que-otorga-la-comision-europea\/","title":{"rendered":"TIERRA IGNACIANA, ganador del premio EDEN que otorga la Comisi\u00f3n Europea"},"content":{"rendered":"<p>El proyecto de turismo cultural y religioso Tierra Ignaciana, de las comarcas de Urola Erdia, Urola Garaia y Debagoiena ha sido seleccionado como ganador de los premios EDEN,<\/p>\n<p>destinos Europeos de Excelencia de la Comisi\u00f3n Europea para el bienio 2017-2018.<\/p>\n<p>EDEN fue lanzada bajo el lema Turismo Cultural. Se ha valorado la ordenaci\u00f3n y presentaci\u00f3n del rico y diverso patrimonio cultural de los municipios de las tres comarcas bajo un mismo proyecto y marca.<\/p>\n<p>Tierra Ignaciana es un proyecto que recrea un espacio vivo d\u00f3nde interact\u00faan recursos como el Camino Ignaciano, los Tres Templos (Loyola, La Antigua y Arantzazu) y los recursos hist\u00f3rico art\u00edsticos y culturales de los municipios<\/p>\n<p>La resoluci\u00f3n se comunicar\u00e1 de forma oficial pr\u00f3ximamente. Nuestro agradecimiento a todos los compa\u00f1eros de viaje en el desarrollo de este proyecto, instituciones p\u00fablicas y dem\u00e1s agentes del sector.<\/p>\n","protected":false},"excerpt":{"rendered":"<p>El proyecto de turismo cultural y religioso Tierra Ignaciana, de las comarcas de Urola Erdia, Urola Garaia y Debagoiena ha sido seleccionado como ganador de los premios EDEN, destinos Europeos de Excelencia de la Comisi\u00f3n Europea para el bienio 2017-2018. EDEN fue lanzada bajo el lema Turismo Cultural. Se ha valorado la ordenaci\u00f3n y presentaci\u00f3n [&hellip;]<\/p>\n","protected":false},"author":1,"featured_media":17917,"comment_status":"","ping_status":"closed","sticky":false,"template":"","format":"standard","meta":{"_acf_changed":false,"footnotes":""},"categories":[4],"tags":[],"class_list":["post-12291","post","type-post","status-publish","format-standard","has-post-thumbnail","hentry","category-noticias"],"acf":[],"yoast_head":"<!-- This site is optimized with the Yoast SEO plugin v27.4 - https:\/\/yoast.com\/product\/yoast-seo-wordpress\/ -->\n<title>TIERRA IGNACIANA, ganador del premio EDEN que otorga la Comisi\u00f3n Europea - Iraurgi Berritzen<\/title>\n<meta name=\"robots\" content=\"index, follow, max-snippet:-1, max-image-preview:large, max-video-preview:-1\" \/>\n<link rel=\"canonical\" href=\"https:\/\/iraurgiberritzen.eus\/es\/tierra-ignaciana-ganador-del-premio-eden-que-otorga-la-comision-europea\/\" \/>\n<meta property=\"og:locale\" content=\"es_ES\" \/>\n<meta property=\"og:type\" content=\"article\" \/>\n<meta property=\"og:title\" content=\"TIERRA IGNACIANA, ganador del premio EDEN que otorga la Comisi\u00f3n Europea - Iraurgi Berritzen\" \/>\n<meta property=\"og:description\" content=\"El proyecto de turismo cultural y religioso Tierra Ignaciana, de las comarcas de Urola Erdia, Urola Garaia y Debagoiena ha sido seleccionado como ganador de los premios EDEN, destinos Europeos de Excelencia de la Comisi\u00f3n Europea para el bienio 2017-2018. EDEN fue lanzada bajo el lema Turismo Cultural. Se ha valorado la ordenaci\u00f3n y presentaci\u00f3n [&hellip;]\" \/>\n<meta property=\"og:url\" content=\"https:\/\/iraurgiberritzen.eus\/es\/tierra-ignaciana-ganador-del-premio-eden-que-otorga-la-comision-europea\/\" \/>\n<meta property=\"og:site_name\" content=\"Iraurgi Berritzen\" \/>\n<meta property=\"article:published_time\" content=\"2017-12-20T09:31:53+00:00\" \/>\n<meta name=\"author\" content=\"kudeatzailea\" \/>\n<meta name=\"twitter:card\" content=\"summary_large_image\" \/>\n<meta name=\"twitter:label1\" content=\"Escrito por\" \/>\n\t<meta name=\"twitter:data1\" content=\"kudeatzailea\" \/>\n\t<meta name=\"twitter:label2\" content=\"Tiempo de lectura\" \/>\n\t<meta name=\"twitter:data2\" content=\"1 minuto\" \/>\n<script type=\"application\/ld+json\" class=\"yoast-schema-graph\">{\"@context\":\"https:\\\/\\\/schema.org\",\"@graph\":[{\"@type\":\"Article\",\"@id\":\"https:\\\/\\\/iraurgiberritzen.eus\\\/es\\\/tierra-ignaciana-ganador-del-premio-eden-que-otorga-la-comision-europea\\\/#article\",\"isPartOf\":{\"@id\":\"https:\\\/\\\/iraurgiberritzen.eus\\\/es\\\/tierra-ignaciana-ganador-del-premio-eden-que-otorga-la-comision-europea\\\/\"},\"author\":{\"name\":\"kudeatzailea\",\"@id\":\"https:\\\/\\\/iraurgiberritzen.eus\\\/es\\\/#\\\/schema\\\/person\\\/5ab41aaf388a9097177601ebf45738d2\"},\"headline\":\"TIERRA IGNACIANA, ganador del premio EDEN que otorga la Comisi\u00f3n Europea\",\"datePublished\":\"2017-12-20T09:31:53+00:00\",\"mainEntityOfPage\":{\"@id\":\"https:\\\/\\\/iraurgiberritzen.eus\\\/es\\\/tierra-ignaciana-ganador-del-premio-eden-que-otorga-la-comision-europea\\\/\"},\"wordCount\":162,\"publisher\":{\"@id\":\"https:\\\/\\\/iraurgiberritzen.eus\\\/es\\\/#organization\"},\"image\":{\"@id\":\"https:\\\/\\\/iraurgiberritzen.eus\\\/es\\\/tierra-ignaciana-ganador-del-premio-eden-que-otorga-la-comision-europea\\\/#primaryimage\"},\"thumbnailUrl\":\"https:\\\/\\\/iraurgiberritzen.eus\\\/wp-content\\\/uploads\\\/2023\\\/09\\\/a955a3de9afa2794fbaf8cc2473586cb.jpg\",\"articleSection\":[\"Noticias\"],\"inLanguage\":\"es\"},{\"@type\":\"WebPage\",\"@id\":\"https:\\\/\\\/iraurgiberritzen.eus\\\/es\\\/tierra-ignaciana-ganador-del-premio-eden-que-otorga-la-comision-europea\\\/\",\"url\":\"https:\\\/\\\/iraurgiberritzen.eus\\\/es\\\/tierra-ignaciana-ganador-del-premio-eden-que-otorga-la-comision-europea\\\/\",\"name\":\"TIERRA IGNACIANA, ganador del premio EDEN que otorga la Comisi\u00f3n Europea - Iraurgi Berritzen\",\"isPartOf\":{\"@id\":\"https:\\\/\\\/iraurgiberritzen.eus\\\/es\\\/#website\"},\"primaryImageOfPage\":{\"@id\":\"https:\\\/\\\/iraurgiberritzen.eus\\\/es\\\/tierra-ignaciana-ganador-del-premio-eden-que-otorga-la-comision-europea\\\/#primaryimage\"},\"image\":{\"@id\":\"https:\\\/\\\/iraurgiberritzen.eus\\\/es\\\/tierra-ignaciana-ganador-del-premio-eden-que-otorga-la-comision-europea\\\/#primaryimage\"},\"thumbnailUrl\":\"https:\\\/\\\/iraurgiberritzen.eus\\\/wp-content\\\/uploads\\\/2023\\\/09\\\/a955a3de9afa2794fbaf8cc2473586cb.jpg\",\"datePublished\":\"2017-12-20T09:31:53+00:00\",\"breadcrumb\":{\"@id\":\"https:\\\/\\\/iraurgiberritzen.eus\\\/es\\\/tierra-ignaciana-ganador-del-premio-eden-que-otorga-la-comision-europea\\\/#breadcrumb\"},\"inLanguage\":\"es\",\"potentialAction\":[{\"@type\":\"ReadAction\",\"target\":[\"https:\\\/\\\/iraurgiberritzen.eus\\\/es\\\/tierra-ignaciana-ganador-del-premio-eden-que-otorga-la-comision-europea\\\/\"]}]},{\"@type\":\"ImageObject\",\"inLanguage\":\"es\",\"@id\":\"https:\\\/\\\/iraurgiberritzen.eus\\\/es\\\/tierra-ignaciana-ganador-del-premio-eden-que-otorga-la-comision-europea\\\/#primaryimage\",\"url\":\"https:\\\/\\\/iraurgiberritzen.eus\\\/wp-content\\\/uploads\\\/2023\\\/09\\\/a955a3de9afa2794fbaf8cc2473586cb.jpg\",\"contentUrl\":\"https:\\\/\\\/iraurgiberritzen.eus\\\/wp-content\\\/uploads\\\/2023\\\/09\\\/a955a3de9afa2794fbaf8cc2473586cb.jpg\",\"width\":600,\"height\":386},{\"@type\":\"BreadcrumbList\",\"@id\":\"https:\\\/\\\/iraurgiberritzen.eus\\\/es\\\/tierra-ignaciana-ganador-del-premio-eden-que-otorga-la-comision-europea\\\/#breadcrumb\",\"itemListElement\":[{\"@type\":\"ListItem\",\"position\":1,\"name\":\"Home\",\"item\":\"https:\\\/\\\/iraurgiberritzen.eus\\\/es\\\/\"},{\"@type\":\"ListItem\",\"position\":2,\"name\":\"TIERRA IGNACIANA, ganador del premio EDEN que otorga la Comisi\u00f3n Europea\"}]},{\"@type\":\"WebSite\",\"@id\":\"https:\\\/\\\/iraurgiberritzen.eus\\\/es\\\/#website\",\"url\":\"https:\\\/\\\/iraurgiberritzen.eus\\\/es\\\/\",\"name\":\"Iraurgi Berritzen\",\"description\":\"Urola Erdiko Garapen Agentzia\",\"publisher\":{\"@id\":\"https:\\\/\\\/iraurgiberritzen.eus\\\/es\\\/#organization\"},\"potentialAction\":[{\"@type\":\"SearchAction\",\"target\":{\"@type\":\"EntryPoint\",\"urlTemplate\":\"https:\\\/\\\/iraurgiberritzen.eus\\\/es\\\/?s={search_term_string}\"},\"query-input\":{\"@type\":\"PropertyValueSpecification\",\"valueRequired\":true,\"valueName\":\"search_term_string\"}}],\"inLanguage\":\"es\"},{\"@type\":\"Organization\",\"@id\":\"https:\\\/\\\/iraurgiberritzen.eus\\\/es\\\/#organization\",\"name\":\"Iraurgi Berritzen\",\"url\":\"https:\\\/\\\/iraurgiberritzen.eus\\\/es\\\/\",\"logo\":{\"@type\":\"ImageObject\",\"inLanguage\":\"es\",\"@id\":\"https:\\\/\\\/iraurgiberritzen.eus\\\/es\\\/#\\\/schema\\\/logo\\\/image\\\/\",\"url\":\"https:\\\/\\\/iraurgiberritzen.eus\\\/wp-content\\\/uploads\\\/2024\\\/02\\\/IRAURGI-BERRITZEN-logotipoa_2.png\",\"contentUrl\":\"https:\\\/\\\/iraurgiberritzen.eus\\\/wp-content\\\/uploads\\\/2024\\\/02\\\/IRAURGI-BERRITZEN-logotipoa_2.png\",\"width\":496,\"height\":190,\"caption\":\"Iraurgi Berritzen\"},\"image\":{\"@id\":\"https:\\\/\\\/iraurgiberritzen.eus\\\/es\\\/#\\\/schema\\\/logo\\\/image\\\/\"}},{\"@type\":\"Person\",\"@id\":\"https:\\\/\\\/iraurgiberritzen.eus\\\/es\\\/#\\\/schema\\\/person\\\/5ab41aaf388a9097177601ebf45738d2\",\"name\":\"kudeatzailea\",\"sameAs\":[\"https:\\\/\\\/iraurgiberritzen.eus\"]}]}<\/script>\n<!-- \/ Yoast SEO plugin. -->","yoast_head_json":{"title":"TIERRA IGNACIANA, ganador del premio EDEN que otorga la Comisi\u00f3n Europea - Iraurgi Berritzen","robots":{"index":"index","follow":"follow","max-snippet":"max-snippet:-1","max-image-preview":"max-image-preview:large","max-video-preview":"max-video-preview:-1"},"canonical":"https:\/\/iraurgiberritzen.eus\/es\/tierra-ignaciana-ganador-del-premio-eden-que-otorga-la-comision-europea\/","og_locale":"es_ES","og_type":"article","og_title":"TIERRA IGNACIANA, ganador del premio EDEN que otorga la Comisi\u00f3n Europea - Iraurgi Berritzen","og_description":"El proyecto de turismo cultural y religioso Tierra Ignaciana, de las comarcas de Urola Erdia, Urola Garaia y Debagoiena ha sido seleccionado como ganador de los premios EDEN, destinos Europeos de Excelencia de la Comisi\u00f3n Europea para el bienio 2017-2018. EDEN fue lanzada bajo el lema Turismo Cultural. Se ha valorado la ordenaci\u00f3n y presentaci\u00f3n [&hellip;]","og_url":"https:\/\/iraurgiberritzen.eus\/es\/tierra-ignaciana-ganador-del-premio-eden-que-otorga-la-comision-europea\/","og_site_name":"Iraurgi Berritzen","article_published_time":"2017-12-20T09:31:53+00:00","author":"kudeatzailea","twitter_card":"summary_large_image","twitter_misc":{"Escrito por":"kudeatzailea","Tiempo de lectura":"1 minuto"},"schema":{"@context":"https:\/\/schema.org","@graph":[{"@type":"Article","@id":"https:\/\/iraurgiberritzen.eus\/es\/tierra-ignaciana-ganador-del-premio-eden-que-otorga-la-comision-europea\/#article","isPartOf":{"@id":"https:\/\/iraurgiberritzen.eus\/es\/tierra-ignaciana-ganador-del-premio-eden-que-otorga-la-comision-europea\/"},"author":{"name":"kudeatzailea","@id":"https:\/\/iraurgiberritzen.eus\/es\/#\/schema\/person\/5ab41aaf388a9097177601ebf45738d2"},"headline":"TIERRA IGNACIANA, ganador del premio EDEN que otorga la Comisi\u00f3n Europea","datePublished":"2017-12-20T09:31:53+00:00","mainEntityOfPage":{"@id":"https:\/\/iraurgiberritzen.eus\/es\/tierra-ignaciana-ganador-del-premio-eden-que-otorga-la-comision-europea\/"},"wordCount":162,"publisher":{"@id":"https:\/\/iraurgiberritzen.eus\/es\/#organization"},"image":{"@id":"https:\/\/iraurgiberritzen.eus\/es\/tierra-ignaciana-ganador-del-premio-eden-que-otorga-la-comision-europea\/#primaryimage"},"thumbnailUrl":"https:\/\/iraurgiberritzen.eus\/wp-content\/uploads\/2023\/09\/a955a3de9afa2794fbaf8cc2473586cb.jpg","articleSection":["Noticias"],"inLanguage":"es"},{"@type":"WebPage","@id":"https:\/\/iraurgiberritzen.eus\/es\/tierra-ignaciana-ganador-del-premio-eden-que-otorga-la-comision-europea\/","url":"https:\/\/iraurgiberritzen.eus\/es\/tierra-ignaciana-ganador-del-premio-eden-que-otorga-la-comision-europea\/","name":"TIERRA IGNACIANA, ganador del premio EDEN que otorga la Comisi\u00f3n Europea - Iraurgi Berritzen","isPartOf":{"@id":"https:\/\/iraurgiberritzen.eus\/es\/#website"},"primaryImageOfPage":{"@id":"https:\/\/iraurgiberritzen.eus\/es\/tierra-ignaciana-ganador-del-premio-eden-que-otorga-la-comision-europea\/#primaryimage"},"image":{"@id":"https:\/\/iraurgiberritzen.eus\/es\/tierra-ignaciana-ganador-del-premio-eden-que-otorga-la-comision-europea\/#primaryimage"},"thumbnailUrl":"https:\/\/iraurgiberritzen.eus\/wp-content\/uploads\/2023\/09\/a955a3de9afa2794fbaf8cc2473586cb.jpg","datePublished":"2017-12-20T09:31:53+00:00","breadcrumb":{"@id":"https:\/\/iraurgiberritzen.eus\/es\/tierra-ignaciana-ganador-del-premio-eden-que-otorga-la-comision-europea\/#breadcrumb"},"inLanguage":"es","potentialAction":[{"@type":"ReadAction","target":["https:\/\/iraurgiberritzen.eus\/es\/tierra-ignaciana-ganador-del-premio-eden-que-otorga-la-comision-europea\/"]}]},{"@type":"ImageObject","inLanguage":"es","@id":"https:\/\/iraurgiberritzen.eus\/es\/tierra-ignaciana-ganador-del-premio-eden-que-otorga-la-comision-europea\/#primaryimage","url":"https:\/\/iraurgiberritzen.eus\/wp-content\/uploads\/2023\/09\/a955a3de9afa2794fbaf8cc2473586cb.jpg","contentUrl":"https:\/\/iraurgiberritzen.eus\/wp-content\/uploads\/2023\/09\/a955a3de9afa2794fbaf8cc2473586cb.jpg","width":600,"height":386},{"@type":"BreadcrumbList","@id":"https:\/\/iraurgiberritzen.eus\/es\/tierra-ignaciana-ganador-del-premio-eden-que-otorga-la-comision-europea\/#breadcrumb","itemListElement":[{"@type":"ListItem","position":1,"name":"Home","item":"https:\/\/iraurgiberritzen.eus\/es\/"},{"@type":"ListItem","position":2,"name":"TIERRA IGNACIANA, ganador del premio EDEN que otorga la Comisi\u00f3n Europea"}]},{"@type":"WebSite","@id":"https:\/\/iraurgiberritzen.eus\/es\/#website","url":"https:\/\/iraurgiberritzen.eus\/es\/","name":"Iraurgi Berritzen","description":"Urola Erdiko Garapen Agentzia","publisher":{"@id":"https:\/\/iraurgiberritzen.eus\/es\/#organization"},"potentialAction":[{"@type":"SearchAction","target":{"@type":"EntryPoint","urlTemplate":"https:\/\/iraurgiberritzen.eus\/es\/?s={search_term_string}"},"query-input":{"@type":"PropertyValueSpecification","valueRequired":true,"valueName":"search_term_string"}}],"inLanguage":"es"},{"@type":"Organization","@id":"https:\/\/iraurgiberritzen.eus\/es\/#organization","name":"Iraurgi Berritzen","url":"https:\/\/iraurgiberritzen.eus\/es\/","logo":{"@type":"ImageObject","inLanguage":"es","@id":"https:\/\/iraurgiberritzen.eus\/es\/#\/schema\/logo\/image\/","url":"https:\/\/iraurgiberritzen.eus\/wp-content\/uploads\/2024\/02\/IRAURGI-BERRITZEN-logotipoa_2.png","contentUrl":"https:\/\/iraurgiberritzen.eus\/wp-content\/uploads\/2024\/02\/IRAURGI-BERRITZEN-logotipoa_2.png","width":496,"height":190,"caption":"Iraurgi Berritzen"},"image":{"@id":"https:\/\/iraurgiberritzen.eus\/es\/#\/schema\/logo\/image\/"}},{"@type":"Person","@id":"https:\/\/iraurgiberritzen.eus\/es\/#\/schema\/person\/5ab41aaf388a9097177601ebf45738d2","name":"kudeatzailea","sameAs":["https:\/\/iraurgiberritzen.eus"]}]}},"_links":{"self":[{"href":"https:\/\/iraurgiberritzen.eus\/es\/wp-json\/wp\/v2\/posts\/12291","targetHints":{"allow":["GET"]}}],"collection":[{"href":"https:\/\/iraurgiberritzen.eus\/es\/wp-json\/wp\/v2\/posts"}],"about":[{"href":"https:\/\/iraurgiberritzen.eus\/es\/wp-json\/wp\/v2\/types\/post"}],"author":[{"embeddable":true,"href":"https:\/\/iraurgiberritzen.eus\/es\/wp-json\/wp\/v2\/users\/1"}],"replies":[{"embeddable":true,"href":"https:\/\/iraurgiberritzen.eus\/es\/wp-json\/wp\/v2\/comments?post=12291"}],"version-history":[{"count":0,"href":"https:\/\/iraurgiberritzen.eus\/es\/wp-json\/wp\/v2\/posts\/12291\/revisions"}],"wp:featuredmedia":[{"embeddable":true,"href":"https:\/\/iraurgiberritzen.eus\/es\/wp-json\/wp\/v2\/media\/17917"}],"wp:attachment":[{"href":"https:\/\/iraurgiberritzen.eus\/es\/wp-json\/wp\/v2\/media?parent=12291"}],"wp:term":[{"taxonomy":"category","embeddable":true,"href":"https:\/\/iraurgiberritzen.eus\/es\/wp-json\/wp\/v2\/categories?post=12291"},{"taxonomy":"post_tag","embeddable":true,"href":"https:\/\/iraurgiberritzen.eus\/es\/wp-json\/wp\/v2\/tags?post=12291"}],"curies":[{"name":"wp","href":"https:\/\/api.w.org\/{rel}","templated":true}]}}