{"id":12301,"date":"2018-01-02T09:57:03","date_gmt":"2018-01-02T07:57:03","guid":{"rendered":"https:\/\/iraurgiberritzen.eus\/consejo-de-ib-sarea\/"},"modified":"2018-01-02T09:57:03","modified_gmt":"2018-01-02T07:57:03","slug":"consejo-de-ib-sarea","status":"publish","type":"post","link":"https:\/\/iraurgiberritzen.eus\/es\/consejo-de-ib-sarea\/","title":{"rendered":"Consejo de IB Sarea"},"content":{"rendered":"<p style=\"text-align: justify;\">El 15 de diciembre se reuni\u00f3 el Consejo de IB Sarea, formada por representantes de empresas, centros educativos y ayuntamientos de la comarca, donde realizaron una valoraci\u00f3n positiva de las acciones desarrolladas durante el 2017, y aprobaron las l\u00edneas de trabajo del plan de acci\u00f3n del pr\u00f3ximo a\u00f1o.<\/p>\n<p style=\"text-align: justify;\">En el 2017, con el fin de promover el empleo, se han puesto en marcha varias iniciativas en colaboraci\u00f3n con diferentes agentes. Algunas de ellas ya han comenzado a dar los primeros resultados, mientras que otras han sentado las bases para garantizar el empleo en el futuro.<\/p>\n<p style=\"text-align: justify;\">Estas son algunas de las acciones que se han realizado:<\/p>\n<p style=\"text-align: justify;\"><strong>Empresa y educaci\u00f3n:<\/strong><\/p>\n<p style=\"text-align: justify;\">1. Se ha comenzado a organizar visitas a empresas para estudiantes, con el fin de informar a los j\u00f3venes sobre las diferentes \u00e1reas de la empresa, apoy\u00e1ndoles as\u00ed en la elecci\u00f3n de sus futuros estudios.<\/p>\n<p style=\"text-align: justify;\"><strong>Empresa y empleo:<\/strong><\/p>\n<p style=\"text-align: justify;\">2. Representantes de empresas de diferentes sectores han comenzado a participar en los programas de orientaci\u00f3n, inform\u00e1ndoles directamente a los desempleados sobre las oportunidades de trabajo y las necesidades de capacitaci\u00f3n actuales.<br \/>3. Gracias a la intermediaci\u00f3n realizada entre los desempleados y las vacantes laborales de la comarca, han comenzado a trabajar 60 personas.<br \/>4. Las empresas han comenzado a recibir comunicaciones desde el centro de empleo de la agencia. Entre otras cuestiones, las empresas reciben informaci\u00f3n de perfiles que a d\u00eda de hoy se encuentran en situaci\u00f3n de desempleo.<\/p>\n<p style=\"text-align: justify;\"><strong>Educaci\u00f3n y empleo:<\/strong><\/p>\n<p style=\"text-align: justify;\">5. Teniendo en cuenta los resultados obtenidos en el estudio de empleo, han comenzado a preparar nuevas propuestas de acci\u00f3n junto con los orientadores de los centros educativos. Mediante esta acci\u00f3n se pretende reforzar la orientaci\u00f3n laboral y acad\u00e9mica de los j\u00f3venes y en consecuencia minimizar el desequilibrio existente entre la oferta y la demanda del mercado laboral.<\/p>\n<p style=\"text-align: justify;\">6. Durante el a\u00f1o escolar 2016\/17, las escuelas han comenzado a monitorizar y analizar las selecciones acad\u00e9micas realizadas por los estudiantes.<\/p>\n<p style=\"text-align: justify;\">7. Se ha fortalecido la colaboraci\u00f3n entre Urola Lanbide Eskola y el \u00e1mbito del empleo, con el objetivo de dirigir a los desempleados a la Formaci\u00f3n Profesional y crear una nueva oferta de formaci\u00f3n adaptada a las necesidades de las empresas en la comarca.<\/p>\n<p style=\"text-align: justify;\">En el 2018, el Consejo de IB Sarea continuar\u00e1 consolidando la colaboraci\u00f3n entre los ayuntamientos, empresas y centros educativos de la comarca. Siendo su objetivo principal la promoci\u00f3n del empleo, adem\u00e1s de seguir desarrollando las acciones puestas ya en marcha, se esperan identificar nuevas l\u00edneas de trabajo durante el pr\u00f3ximo a\u00f1o.<\/p>\n","protected":false},"excerpt":{"rendered":"<p>El 15 de diciembre se reuni\u00f3 el Consejo de IB Sarea, formada por representantes de empresas, centros educativos y ayuntamientos de la comarca, donde realizaron una valoraci\u00f3n positiva de las acciones desarrolladas durante el 2017, y aprobaron las l\u00edneas de trabajo del plan de acci\u00f3n del pr\u00f3ximo a\u00f1o. En el 2017, con el fin de [&hellip;]<\/p>\n","protected":false},"author":1,"featured_media":17905,"comment_status":"","ping_status":"closed","sticky":false,"template":"","format":"standard","meta":{"_acf_changed":false,"footnotes":""},"categories":[4],"tags":[],"class_list":["post-12301","post","type-post","status-publish","format-standard","has-post-thumbnail","hentry","category-noticias"],"acf":[],"yoast_head":"<!-- This site is optimized with the Yoast SEO plugin v27.4 - https:\/\/yoast.com\/product\/yoast-seo-wordpress\/ -->\n<title>Consejo de IB Sarea - Iraurgi Berritzen<\/title>\n<meta name=\"robots\" content=\"index, follow, max-snippet:-1, max-image-preview:large, max-video-preview:-1\" \/>\n<link rel=\"canonical\" href=\"https:\/\/iraurgiberritzen.eus\/es\/consejo-de-ib-sarea\/\" \/>\n<meta property=\"og:locale\" content=\"es_ES\" \/>\n<meta property=\"og:type\" content=\"article\" \/>\n<meta property=\"og:title\" content=\"Consejo de IB Sarea - Iraurgi Berritzen\" \/>\n<meta property=\"og:description\" content=\"El 15 de diciembre se reuni\u00f3 el Consejo de IB Sarea, formada por representantes de empresas, centros educativos y ayuntamientos de la comarca, donde realizaron una valoraci\u00f3n positiva de las acciones desarrolladas durante el 2017, y aprobaron las l\u00edneas de trabajo del plan de acci\u00f3n del pr\u00f3ximo a\u00f1o. En el 2017, con el fin de [&hellip;]\" \/>\n<meta property=\"og:url\" content=\"https:\/\/iraurgiberritzen.eus\/es\/consejo-de-ib-sarea\/\" \/>\n<meta property=\"og:site_name\" content=\"Iraurgi Berritzen\" \/>\n<meta property=\"article:published_time\" content=\"2018-01-02T07:57:03+00:00\" \/>\n<meta name=\"author\" content=\"kudeatzailea\" \/>\n<meta name=\"twitter:card\" content=\"summary_large_image\" \/>\n<meta name=\"twitter:label1\" content=\"Escrito por\" \/>\n\t<meta name=\"twitter:data1\" content=\"kudeatzailea\" \/>\n\t<meta name=\"twitter:label2\" content=\"Tiempo de lectura\" \/>\n\t<meta name=\"twitter:data2\" content=\"2 minutos\" \/>\n<script type=\"application\/ld+json\" class=\"yoast-schema-graph\">{\"@context\":\"https:\\\/\\\/schema.org\",\"@graph\":[{\"@type\":\"Article\",\"@id\":\"https:\\\/\\\/iraurgiberritzen.eus\\\/es\\\/consejo-de-ib-sarea\\\/#article\",\"isPartOf\":{\"@id\":\"https:\\\/\\\/iraurgiberritzen.eus\\\/es\\\/consejo-de-ib-sarea\\\/\"},\"author\":{\"name\":\"kudeatzailea\",\"@id\":\"https:\\\/\\\/iraurgiberritzen.eus\\\/es\\\/#\\\/schema\\\/person\\\/5ab41aaf388a9097177601ebf45738d2\"},\"headline\":\"Consejo de IB Sarea\",\"datePublished\":\"2018-01-02T07:57:03+00:00\",\"mainEntityOfPage\":{\"@id\":\"https:\\\/\\\/iraurgiberritzen.eus\\\/es\\\/consejo-de-ib-sarea\\\/\"},\"wordCount\":438,\"publisher\":{\"@id\":\"https:\\\/\\\/iraurgiberritzen.eus\\\/es\\\/#organization\"},\"image\":{\"@id\":\"https:\\\/\\\/iraurgiberritzen.eus\\\/es\\\/consejo-de-ib-sarea\\\/#primaryimage\"},\"thumbnailUrl\":\"https:\\\/\\\/iraurgiberritzen.eus\\\/wp-content\\\/uploads\\\/2023\\\/09\\\/99b262cbe486d2d63784c37b0d4354d9.jpg\",\"articleSection\":[\"Noticias\"],\"inLanguage\":\"es\"},{\"@type\":\"WebPage\",\"@id\":\"https:\\\/\\\/iraurgiberritzen.eus\\\/es\\\/consejo-de-ib-sarea\\\/\",\"url\":\"https:\\\/\\\/iraurgiberritzen.eus\\\/es\\\/consejo-de-ib-sarea\\\/\",\"name\":\"Consejo de IB Sarea - Iraurgi Berritzen\",\"isPartOf\":{\"@id\":\"https:\\\/\\\/iraurgiberritzen.eus\\\/es\\\/#website\"},\"primaryImageOfPage\":{\"@id\":\"https:\\\/\\\/iraurgiberritzen.eus\\\/es\\\/consejo-de-ib-sarea\\\/#primaryimage\"},\"image\":{\"@id\":\"https:\\\/\\\/iraurgiberritzen.eus\\\/es\\\/consejo-de-ib-sarea\\\/#primaryimage\"},\"thumbnailUrl\":\"https:\\\/\\\/iraurgiberritzen.eus\\\/wp-content\\\/uploads\\\/2023\\\/09\\\/99b262cbe486d2d63784c37b0d4354d9.jpg\",\"datePublished\":\"2018-01-02T07:57:03+00:00\",\"breadcrumb\":{\"@id\":\"https:\\\/\\\/iraurgiberritzen.eus\\\/es\\\/consejo-de-ib-sarea\\\/#breadcrumb\"},\"inLanguage\":\"es\",\"potentialAction\":[{\"@type\":\"ReadAction\",\"target\":[\"https:\\\/\\\/iraurgiberritzen.eus\\\/es\\\/consejo-de-ib-sarea\\\/\"]}]},{\"@type\":\"ImageObject\",\"inLanguage\":\"es\",\"@id\":\"https:\\\/\\\/iraurgiberritzen.eus\\\/es\\\/consejo-de-ib-sarea\\\/#primaryimage\",\"url\":\"https:\\\/\\\/iraurgiberritzen.eus\\\/wp-content\\\/uploads\\\/2023\\\/09\\\/99b262cbe486d2d63784c37b0d4354d9.jpg\",\"contentUrl\":\"https:\\\/\\\/iraurgiberritzen.eus\\\/wp-content\\\/uploads\\\/2023\\\/09\\\/99b262cbe486d2d63784c37b0d4354d9.jpg\",\"width\":600,\"height\":386},{\"@type\":\"BreadcrumbList\",\"@id\":\"https:\\\/\\\/iraurgiberritzen.eus\\\/es\\\/consejo-de-ib-sarea\\\/#breadcrumb\",\"itemListElement\":[{\"@type\":\"ListItem\",\"position\":1,\"name\":\"Home\",\"item\":\"https:\\\/\\\/iraurgiberritzen.eus\\\/es\\\/\"},{\"@type\":\"ListItem\",\"position\":2,\"name\":\"Consejo de IB Sarea\"}]},{\"@type\":\"WebSite\",\"@id\":\"https:\\\/\\\/iraurgiberritzen.eus\\\/es\\\/#website\",\"url\":\"https:\\\/\\\/iraurgiberritzen.eus\\\/es\\\/\",\"name\":\"Iraurgi Berritzen\",\"description\":\"Urola Erdiko Garapen Agentzia\",\"publisher\":{\"@id\":\"https:\\\/\\\/iraurgiberritzen.eus\\\/es\\\/#organization\"},\"potentialAction\":[{\"@type\":\"SearchAction\",\"target\":{\"@type\":\"EntryPoint\",\"urlTemplate\":\"https:\\\/\\\/iraurgiberritzen.eus\\\/es\\\/?s={search_term_string}\"},\"query-input\":{\"@type\":\"PropertyValueSpecification\",\"valueRequired\":true,\"valueName\":\"search_term_string\"}}],\"inLanguage\":\"es\"},{\"@type\":\"Organization\",\"@id\":\"https:\\\/\\\/iraurgiberritzen.eus\\\/es\\\/#organization\",\"name\":\"Iraurgi Berritzen\",\"url\":\"https:\\\/\\\/iraurgiberritzen.eus\\\/es\\\/\",\"logo\":{\"@type\":\"ImageObject\",\"inLanguage\":\"es\",\"@id\":\"https:\\\/\\\/iraurgiberritzen.eus\\\/es\\\/#\\\/schema\\\/logo\\\/image\\\/\",\"url\":\"https:\\\/\\\/iraurgiberritzen.eus\\\/wp-content\\\/uploads\\\/2024\\\/02\\\/IRAURGI-BERRITZEN-logotipoa_2.png\",\"contentUrl\":\"https:\\\/\\\/iraurgiberritzen.eus\\\/wp-content\\\/uploads\\\/2024\\\/02\\\/IRAURGI-BERRITZEN-logotipoa_2.png\",\"width\":496,\"height\":190,\"caption\":\"Iraurgi Berritzen\"},\"image\":{\"@id\":\"https:\\\/\\\/iraurgiberritzen.eus\\\/es\\\/#\\\/schema\\\/logo\\\/image\\\/\"}},{\"@type\":\"Person\",\"@id\":\"https:\\\/\\\/iraurgiberritzen.eus\\\/es\\\/#\\\/schema\\\/person\\\/5ab41aaf388a9097177601ebf45738d2\",\"name\":\"kudeatzailea\",\"sameAs\":[\"https:\\\/\\\/iraurgiberritzen.eus\"]}]}<\/script>\n<!-- \/ Yoast SEO plugin. -->","yoast_head_json":{"title":"Consejo de IB Sarea - Iraurgi Berritzen","robots":{"index":"index","follow":"follow","max-snippet":"max-snippet:-1","max-image-preview":"max-image-preview:large","max-video-preview":"max-video-preview:-1"},"canonical":"https:\/\/iraurgiberritzen.eus\/es\/consejo-de-ib-sarea\/","og_locale":"es_ES","og_type":"article","og_title":"Consejo de IB Sarea - Iraurgi Berritzen","og_description":"El 15 de diciembre se reuni\u00f3 el Consejo de IB Sarea, formada por representantes de empresas, centros educativos y ayuntamientos de la comarca, donde realizaron una valoraci\u00f3n positiva de las acciones desarrolladas durante el 2017, y aprobaron las l\u00edneas de trabajo del plan de acci\u00f3n del pr\u00f3ximo a\u00f1o. En el 2017, con el fin de [&hellip;]","og_url":"https:\/\/iraurgiberritzen.eus\/es\/consejo-de-ib-sarea\/","og_site_name":"Iraurgi Berritzen","article_published_time":"2018-01-02T07:57:03+00:00","author":"kudeatzailea","twitter_card":"summary_large_image","twitter_misc":{"Escrito por":"kudeatzailea","Tiempo de lectura":"2 minutos"},"schema":{"@context":"https:\/\/schema.org","@graph":[{"@type":"Article","@id":"https:\/\/iraurgiberritzen.eus\/es\/consejo-de-ib-sarea\/#article","isPartOf":{"@id":"https:\/\/iraurgiberritzen.eus\/es\/consejo-de-ib-sarea\/"},"author":{"name":"kudeatzailea","@id":"https:\/\/iraurgiberritzen.eus\/es\/#\/schema\/person\/5ab41aaf388a9097177601ebf45738d2"},"headline":"Consejo de IB Sarea","datePublished":"2018-01-02T07:57:03+00:00","mainEntityOfPage":{"@id":"https:\/\/iraurgiberritzen.eus\/es\/consejo-de-ib-sarea\/"},"wordCount":438,"publisher":{"@id":"https:\/\/iraurgiberritzen.eus\/es\/#organization"},"image":{"@id":"https:\/\/iraurgiberritzen.eus\/es\/consejo-de-ib-sarea\/#primaryimage"},"thumbnailUrl":"https:\/\/iraurgiberritzen.eus\/wp-content\/uploads\/2023\/09\/99b262cbe486d2d63784c37b0d4354d9.jpg","articleSection":["Noticias"],"inLanguage":"es"},{"@type":"WebPage","@id":"https:\/\/iraurgiberritzen.eus\/es\/consejo-de-ib-sarea\/","url":"https:\/\/iraurgiberritzen.eus\/es\/consejo-de-ib-sarea\/","name":"Consejo de IB Sarea - Iraurgi Berritzen","isPartOf":{"@id":"https:\/\/iraurgiberritzen.eus\/es\/#website"},"primaryImageOfPage":{"@id":"https:\/\/iraurgiberritzen.eus\/es\/consejo-de-ib-sarea\/#primaryimage"},"image":{"@id":"https:\/\/iraurgiberritzen.eus\/es\/consejo-de-ib-sarea\/#primaryimage"},"thumbnailUrl":"https:\/\/iraurgiberritzen.eus\/wp-content\/uploads\/2023\/09\/99b262cbe486d2d63784c37b0d4354d9.jpg","datePublished":"2018-01-02T07:57:03+00:00","breadcrumb":{"@id":"https:\/\/iraurgiberritzen.eus\/es\/consejo-de-ib-sarea\/#breadcrumb"},"inLanguage":"es","potentialAction":[{"@type":"ReadAction","target":["https:\/\/iraurgiberritzen.eus\/es\/consejo-de-ib-sarea\/"]}]},{"@type":"ImageObject","inLanguage":"es","@id":"https:\/\/iraurgiberritzen.eus\/es\/consejo-de-ib-sarea\/#primaryimage","url":"https:\/\/iraurgiberritzen.eus\/wp-content\/uploads\/2023\/09\/99b262cbe486d2d63784c37b0d4354d9.jpg","contentUrl":"https:\/\/iraurgiberritzen.eus\/wp-content\/uploads\/2023\/09\/99b262cbe486d2d63784c37b0d4354d9.jpg","width":600,"height":386},{"@type":"BreadcrumbList","@id":"https:\/\/iraurgiberritzen.eus\/es\/consejo-de-ib-sarea\/#breadcrumb","itemListElement":[{"@type":"ListItem","position":1,"name":"Home","item":"https:\/\/iraurgiberritzen.eus\/es\/"},{"@type":"ListItem","position":2,"name":"Consejo de IB Sarea"}]},{"@type":"WebSite","@id":"https:\/\/iraurgiberritzen.eus\/es\/#website","url":"https:\/\/iraurgiberritzen.eus\/es\/","name":"Iraurgi Berritzen","description":"Urola Erdiko Garapen Agentzia","publisher":{"@id":"https:\/\/iraurgiberritzen.eus\/es\/#organization"},"potentialAction":[{"@type":"SearchAction","target":{"@type":"EntryPoint","urlTemplate":"https:\/\/iraurgiberritzen.eus\/es\/?s={search_term_string}"},"query-input":{"@type":"PropertyValueSpecification","valueRequired":true,"valueName":"search_term_string"}}],"inLanguage":"es"},{"@type":"Organization","@id":"https:\/\/iraurgiberritzen.eus\/es\/#organization","name":"Iraurgi Berritzen","url":"https:\/\/iraurgiberritzen.eus\/es\/","logo":{"@type":"ImageObject","inLanguage":"es","@id":"https:\/\/iraurgiberritzen.eus\/es\/#\/schema\/logo\/image\/","url":"https:\/\/iraurgiberritzen.eus\/wp-content\/uploads\/2024\/02\/IRAURGI-BERRITZEN-logotipoa_2.png","contentUrl":"https:\/\/iraurgiberritzen.eus\/wp-content\/uploads\/2024\/02\/IRAURGI-BERRITZEN-logotipoa_2.png","width":496,"height":190,"caption":"Iraurgi Berritzen"},"image":{"@id":"https:\/\/iraurgiberritzen.eus\/es\/#\/schema\/logo\/image\/"}},{"@type":"Person","@id":"https:\/\/iraurgiberritzen.eus\/es\/#\/schema\/person\/5ab41aaf388a9097177601ebf45738d2","name":"kudeatzailea","sameAs":["https:\/\/iraurgiberritzen.eus"]}]}},"_links":{"self":[{"href":"https:\/\/iraurgiberritzen.eus\/es\/wp-json\/wp\/v2\/posts\/12301","targetHints":{"allow":["GET"]}}],"collection":[{"href":"https:\/\/iraurgiberritzen.eus\/es\/wp-json\/wp\/v2\/posts"}],"about":[{"href":"https:\/\/iraurgiberritzen.eus\/es\/wp-json\/wp\/v2\/types\/post"}],"author":[{"embeddable":true,"href":"https:\/\/iraurgiberritzen.eus\/es\/wp-json\/wp\/v2\/users\/1"}],"replies":[{"embeddable":true,"href":"https:\/\/iraurgiberritzen.eus\/es\/wp-json\/wp\/v2\/comments?post=12301"}],"version-history":[{"count":0,"href":"https:\/\/iraurgiberritzen.eus\/es\/wp-json\/wp\/v2\/posts\/12301\/revisions"}],"wp:featuredmedia":[{"embeddable":true,"href":"https:\/\/iraurgiberritzen.eus\/es\/wp-json\/wp\/v2\/media\/17905"}],"wp:attachment":[{"href":"https:\/\/iraurgiberritzen.eus\/es\/wp-json\/wp\/v2\/media?parent=12301"}],"wp:term":[{"taxonomy":"category","embeddable":true,"href":"https:\/\/iraurgiberritzen.eus\/es\/wp-json\/wp\/v2\/categories?post=12301"},{"taxonomy":"post_tag","embeddable":true,"href":"https:\/\/iraurgiberritzen.eus\/es\/wp-json\/wp\/v2\/tags?post=12301"}],"curies":[{"name":"wp","href":"https:\/\/api.w.org\/{rel}","templated":true}]}}