{"id":12304,"date":"2018-01-12T07:35:25","date_gmt":"2018-01-12T05:35:25","guid":{"rendered":"https:\/\/iraurgiberritzen.eus\/bisita-a-la-empresa-biele-group-con-los-alumnos-de-iraurgi-ikastetxea\/"},"modified":"2018-01-12T07:35:25","modified_gmt":"2018-01-12T05:35:25","slug":"bisita-a-la-empresa-biele-group-con-los-alumnos-de-iraurgi-ikastetxea","status":"publish","type":"post","link":"https:\/\/iraurgiberritzen.eus\/es\/bisita-a-la-empresa-biele-group-con-los-alumnos-de-iraurgi-ikastetxea\/","title":{"rendered":"Bisita a la empresa Biele Group con los alumnos de Iraurgi Ikastetxea"},"content":{"rendered":"<p style=\"text-align: justify;\">El pasado 29 de noviembre alumnos de Iraurgi Ikastetxea visitaron la empresa BIELE GROUP bajo la coordinaci\u00f3n de la agencia de Iraurgi Berritzen.<\/p>\n<p style=\"text-align: justify;\">El objetivo de esta visita ha sido por un lado ofrecer a los alumnos la oportunidad de conocer experiencias reales desde la perspectiva de la orientaci\u00f3n, y por otro, que las empresa conozca el n\u00famero de alumnos de la comarca dispuestos a realizar estudios relacionados con el \u00e1mbito empresarial.<\/p>\n<p style=\"text-align: justify;\">En esta reuni\u00f3n se desarrollaron dos perspectivas, y tras realizar una presentaci\u00f3n general de la empresa, los 27 alumnos se dividieron en dos grupos. Los dos grupos de trabajo se enfocaron seg\u00fan los intereses de cada alumno a la hora de la selecci\u00f3n de sus estudios futuros. Uno de los grupos conoci\u00f3 la realidad de la empresa desde el \u00e1mbito de la administraci\u00f3n, y el otro, desde el \u00e1mbito de la ingenier\u00eda, dise\u00f1o de m\u00e1quinas y fabricaci\u00f3n.<\/p>\n<p style=\"text-align: justify;\">Para dar una respuesta adecuada a los retos de futuro, es imprescindible crear espacios para estrechar relaciones y unificar estos dos mundos que est\u00e1n tan juntos, pero que a su vez son tan distintos.<\/p>\n<p style=\"text-align: justify;\">Tanto alumnos como profesores y representantes de empresa valoraron positivamente esta visita.<\/p>\n","protected":false},"excerpt":{"rendered":"<p>El pasado 29 de noviembre alumnos de Iraurgi Ikastetxea visitaron la empresa BIELE GROUP bajo la coordinaci\u00f3n de la agencia de Iraurgi Berritzen. El objetivo de esta visita ha sido por un lado ofrecer a los alumnos la oportunidad de conocer experiencias reales desde la perspectiva de la orientaci\u00f3n, y por otro, que las empresa [&hellip;]<\/p>\n","protected":false},"author":1,"featured_media":17906,"comment_status":"","ping_status":"closed","sticky":false,"template":"","format":"standard","meta":{"_acf_changed":false,"footnotes":""},"categories":[4],"tags":[],"class_list":["post-12304","post","type-post","status-publish","format-standard","has-post-thumbnail","hentry","category-noticias"],"acf":[],"yoast_head":"<!-- This site is optimized with the Yoast SEO plugin v27.4 - https:\/\/yoast.com\/product\/yoast-seo-wordpress\/ -->\n<title>Bisita a la empresa Biele Group con los alumnos de Iraurgi Ikastetxea - Iraurgi Berritzen<\/title>\n<meta name=\"robots\" content=\"index, follow, max-snippet:-1, max-image-preview:large, max-video-preview:-1\" \/>\n<link rel=\"canonical\" href=\"https:\/\/iraurgiberritzen.eus\/es\/bisita-a-la-empresa-biele-group-con-los-alumnos-de-iraurgi-ikastetxea\/\" \/>\n<meta property=\"og:locale\" content=\"es_ES\" \/>\n<meta property=\"og:type\" content=\"article\" \/>\n<meta property=\"og:title\" content=\"Bisita a la empresa Biele Group con los alumnos de Iraurgi Ikastetxea - Iraurgi Berritzen\" \/>\n<meta property=\"og:description\" content=\"El pasado 29 de noviembre alumnos de Iraurgi Ikastetxea visitaron la empresa BIELE GROUP bajo la coordinaci\u00f3n de la agencia de Iraurgi Berritzen. El objetivo de esta visita ha sido por un lado ofrecer a los alumnos la oportunidad de conocer experiencias reales desde la perspectiva de la orientaci\u00f3n, y por otro, que las empresa [&hellip;]\" \/>\n<meta property=\"og:url\" content=\"https:\/\/iraurgiberritzen.eus\/es\/bisita-a-la-empresa-biele-group-con-los-alumnos-de-iraurgi-ikastetxea\/\" \/>\n<meta property=\"og:site_name\" content=\"Iraurgi Berritzen\" \/>\n<meta property=\"article:published_time\" content=\"2018-01-12T05:35:25+00:00\" \/>\n<meta name=\"author\" content=\"kudeatzailea\" \/>\n<meta name=\"twitter:card\" content=\"summary_large_image\" \/>\n<meta name=\"twitter:label1\" content=\"Escrito por\" \/>\n\t<meta name=\"twitter:data1\" content=\"kudeatzailea\" \/>\n\t<meta name=\"twitter:label2\" content=\"Tiempo de lectura\" \/>\n\t<meta name=\"twitter:data2\" content=\"1 minuto\" \/>\n<script type=\"application\/ld+json\" class=\"yoast-schema-graph\">{\"@context\":\"https:\\\/\\\/schema.org\",\"@graph\":[{\"@type\":\"Article\",\"@id\":\"https:\\\/\\\/iraurgiberritzen.eus\\\/es\\\/bisita-a-la-empresa-biele-group-con-los-alumnos-de-iraurgi-ikastetxea\\\/#article\",\"isPartOf\":{\"@id\":\"https:\\\/\\\/iraurgiberritzen.eus\\\/es\\\/bisita-a-la-empresa-biele-group-con-los-alumnos-de-iraurgi-ikastetxea\\\/\"},\"author\":{\"name\":\"kudeatzailea\",\"@id\":\"https:\\\/\\\/iraurgiberritzen.eus\\\/es\\\/#\\\/schema\\\/person\\\/5ab41aaf388a9097177601ebf45738d2\"},\"headline\":\"Bisita a la empresa Biele Group con los alumnos de Iraurgi Ikastetxea\",\"datePublished\":\"2018-01-12T05:35:25+00:00\",\"mainEntityOfPage\":{\"@id\":\"https:\\\/\\\/iraurgiberritzen.eus\\\/es\\\/bisita-a-la-empresa-biele-group-con-los-alumnos-de-iraurgi-ikastetxea\\\/\"},\"wordCount\":218,\"publisher\":{\"@id\":\"https:\\\/\\\/iraurgiberritzen.eus\\\/es\\\/#organization\"},\"image\":{\"@id\":\"https:\\\/\\\/iraurgiberritzen.eus\\\/es\\\/bisita-a-la-empresa-biele-group-con-los-alumnos-de-iraurgi-ikastetxea\\\/#primaryimage\"},\"thumbnailUrl\":\"https:\\\/\\\/iraurgiberritzen.eus\\\/wp-content\\\/uploads\\\/2023\\\/09\\\/e1ef6b1511175103949b82a229ea0710.jpg\",\"articleSection\":[\"Noticias\"],\"inLanguage\":\"es\"},{\"@type\":\"WebPage\",\"@id\":\"https:\\\/\\\/iraurgiberritzen.eus\\\/es\\\/bisita-a-la-empresa-biele-group-con-los-alumnos-de-iraurgi-ikastetxea\\\/\",\"url\":\"https:\\\/\\\/iraurgiberritzen.eus\\\/es\\\/bisita-a-la-empresa-biele-group-con-los-alumnos-de-iraurgi-ikastetxea\\\/\",\"name\":\"Bisita a la empresa Biele Group con los alumnos de Iraurgi Ikastetxea - Iraurgi Berritzen\",\"isPartOf\":{\"@id\":\"https:\\\/\\\/iraurgiberritzen.eus\\\/es\\\/#website\"},\"primaryImageOfPage\":{\"@id\":\"https:\\\/\\\/iraurgiberritzen.eus\\\/es\\\/bisita-a-la-empresa-biele-group-con-los-alumnos-de-iraurgi-ikastetxea\\\/#primaryimage\"},\"image\":{\"@id\":\"https:\\\/\\\/iraurgiberritzen.eus\\\/es\\\/bisita-a-la-empresa-biele-group-con-los-alumnos-de-iraurgi-ikastetxea\\\/#primaryimage\"},\"thumbnailUrl\":\"https:\\\/\\\/iraurgiberritzen.eus\\\/wp-content\\\/uploads\\\/2023\\\/09\\\/e1ef6b1511175103949b82a229ea0710.jpg\",\"datePublished\":\"2018-01-12T05:35:25+00:00\",\"breadcrumb\":{\"@id\":\"https:\\\/\\\/iraurgiberritzen.eus\\\/es\\\/bisita-a-la-empresa-biele-group-con-los-alumnos-de-iraurgi-ikastetxea\\\/#breadcrumb\"},\"inLanguage\":\"es\",\"potentialAction\":[{\"@type\":\"ReadAction\",\"target\":[\"https:\\\/\\\/iraurgiberritzen.eus\\\/es\\\/bisita-a-la-empresa-biele-group-con-los-alumnos-de-iraurgi-ikastetxea\\\/\"]}]},{\"@type\":\"ImageObject\",\"inLanguage\":\"es\",\"@id\":\"https:\\\/\\\/iraurgiberritzen.eus\\\/es\\\/bisita-a-la-empresa-biele-group-con-los-alumnos-de-iraurgi-ikastetxea\\\/#primaryimage\",\"url\":\"https:\\\/\\\/iraurgiberritzen.eus\\\/wp-content\\\/uploads\\\/2023\\\/09\\\/e1ef6b1511175103949b82a229ea0710.jpg\",\"contentUrl\":\"https:\\\/\\\/iraurgiberritzen.eus\\\/wp-content\\\/uploads\\\/2023\\\/09\\\/e1ef6b1511175103949b82a229ea0710.jpg\",\"width\":600,\"height\":386},{\"@type\":\"BreadcrumbList\",\"@id\":\"https:\\\/\\\/iraurgiberritzen.eus\\\/es\\\/bisita-a-la-empresa-biele-group-con-los-alumnos-de-iraurgi-ikastetxea\\\/#breadcrumb\",\"itemListElement\":[{\"@type\":\"ListItem\",\"position\":1,\"name\":\"Home\",\"item\":\"https:\\\/\\\/iraurgiberritzen.eus\\\/es\\\/\"},{\"@type\":\"ListItem\",\"position\":2,\"name\":\"Bisita a la empresa Biele Group con los alumnos de Iraurgi Ikastetxea\"}]},{\"@type\":\"WebSite\",\"@id\":\"https:\\\/\\\/iraurgiberritzen.eus\\\/es\\\/#website\",\"url\":\"https:\\\/\\\/iraurgiberritzen.eus\\\/es\\\/\",\"name\":\"Iraurgi Berritzen\",\"description\":\"Urola Erdiko Garapen Agentzia\",\"publisher\":{\"@id\":\"https:\\\/\\\/iraurgiberritzen.eus\\\/es\\\/#organization\"},\"potentialAction\":[{\"@type\":\"SearchAction\",\"target\":{\"@type\":\"EntryPoint\",\"urlTemplate\":\"https:\\\/\\\/iraurgiberritzen.eus\\\/es\\\/?s={search_term_string}\"},\"query-input\":{\"@type\":\"PropertyValueSpecification\",\"valueRequired\":true,\"valueName\":\"search_term_string\"}}],\"inLanguage\":\"es\"},{\"@type\":\"Organization\",\"@id\":\"https:\\\/\\\/iraurgiberritzen.eus\\\/es\\\/#organization\",\"name\":\"Iraurgi Berritzen\",\"url\":\"https:\\\/\\\/iraurgiberritzen.eus\\\/es\\\/\",\"logo\":{\"@type\":\"ImageObject\",\"inLanguage\":\"es\",\"@id\":\"https:\\\/\\\/iraurgiberritzen.eus\\\/es\\\/#\\\/schema\\\/logo\\\/image\\\/\",\"url\":\"https:\\\/\\\/iraurgiberritzen.eus\\\/wp-content\\\/uploads\\\/2024\\\/02\\\/IRAURGI-BERRITZEN-logotipoa_2.png\",\"contentUrl\":\"https:\\\/\\\/iraurgiberritzen.eus\\\/wp-content\\\/uploads\\\/2024\\\/02\\\/IRAURGI-BERRITZEN-logotipoa_2.png\",\"width\":496,\"height\":190,\"caption\":\"Iraurgi Berritzen\"},\"image\":{\"@id\":\"https:\\\/\\\/iraurgiberritzen.eus\\\/es\\\/#\\\/schema\\\/logo\\\/image\\\/\"}},{\"@type\":\"Person\",\"@id\":\"https:\\\/\\\/iraurgiberritzen.eus\\\/es\\\/#\\\/schema\\\/person\\\/5ab41aaf388a9097177601ebf45738d2\",\"name\":\"kudeatzailea\",\"sameAs\":[\"https:\\\/\\\/iraurgiberritzen.eus\"]}]}<\/script>\n<!-- \/ Yoast SEO plugin. -->","yoast_head_json":{"title":"Bisita a la empresa Biele Group con los alumnos de Iraurgi Ikastetxea - Iraurgi Berritzen","robots":{"index":"index","follow":"follow","max-snippet":"max-snippet:-1","max-image-preview":"max-image-preview:large","max-video-preview":"max-video-preview:-1"},"canonical":"https:\/\/iraurgiberritzen.eus\/es\/bisita-a-la-empresa-biele-group-con-los-alumnos-de-iraurgi-ikastetxea\/","og_locale":"es_ES","og_type":"article","og_title":"Bisita a la empresa Biele Group con los alumnos de Iraurgi Ikastetxea - Iraurgi Berritzen","og_description":"El pasado 29 de noviembre alumnos de Iraurgi Ikastetxea visitaron la empresa BIELE GROUP bajo la coordinaci\u00f3n de la agencia de Iraurgi Berritzen. El objetivo de esta visita ha sido por un lado ofrecer a los alumnos la oportunidad de conocer experiencias reales desde la perspectiva de la orientaci\u00f3n, y por otro, que las empresa [&hellip;]","og_url":"https:\/\/iraurgiberritzen.eus\/es\/bisita-a-la-empresa-biele-group-con-los-alumnos-de-iraurgi-ikastetxea\/","og_site_name":"Iraurgi Berritzen","article_published_time":"2018-01-12T05:35:25+00:00","author":"kudeatzailea","twitter_card":"summary_large_image","twitter_misc":{"Escrito por":"kudeatzailea","Tiempo de lectura":"1 minuto"},"schema":{"@context":"https:\/\/schema.org","@graph":[{"@type":"Article","@id":"https:\/\/iraurgiberritzen.eus\/es\/bisita-a-la-empresa-biele-group-con-los-alumnos-de-iraurgi-ikastetxea\/#article","isPartOf":{"@id":"https:\/\/iraurgiberritzen.eus\/es\/bisita-a-la-empresa-biele-group-con-los-alumnos-de-iraurgi-ikastetxea\/"},"author":{"name":"kudeatzailea","@id":"https:\/\/iraurgiberritzen.eus\/es\/#\/schema\/person\/5ab41aaf388a9097177601ebf45738d2"},"headline":"Bisita a la empresa Biele Group con los alumnos de Iraurgi Ikastetxea","datePublished":"2018-01-12T05:35:25+00:00","mainEntityOfPage":{"@id":"https:\/\/iraurgiberritzen.eus\/es\/bisita-a-la-empresa-biele-group-con-los-alumnos-de-iraurgi-ikastetxea\/"},"wordCount":218,"publisher":{"@id":"https:\/\/iraurgiberritzen.eus\/es\/#organization"},"image":{"@id":"https:\/\/iraurgiberritzen.eus\/es\/bisita-a-la-empresa-biele-group-con-los-alumnos-de-iraurgi-ikastetxea\/#primaryimage"},"thumbnailUrl":"https:\/\/iraurgiberritzen.eus\/wp-content\/uploads\/2023\/09\/e1ef6b1511175103949b82a229ea0710.jpg","articleSection":["Noticias"],"inLanguage":"es"},{"@type":"WebPage","@id":"https:\/\/iraurgiberritzen.eus\/es\/bisita-a-la-empresa-biele-group-con-los-alumnos-de-iraurgi-ikastetxea\/","url":"https:\/\/iraurgiberritzen.eus\/es\/bisita-a-la-empresa-biele-group-con-los-alumnos-de-iraurgi-ikastetxea\/","name":"Bisita a la empresa Biele Group con los alumnos de Iraurgi Ikastetxea - Iraurgi Berritzen","isPartOf":{"@id":"https:\/\/iraurgiberritzen.eus\/es\/#website"},"primaryImageOfPage":{"@id":"https:\/\/iraurgiberritzen.eus\/es\/bisita-a-la-empresa-biele-group-con-los-alumnos-de-iraurgi-ikastetxea\/#primaryimage"},"image":{"@id":"https:\/\/iraurgiberritzen.eus\/es\/bisita-a-la-empresa-biele-group-con-los-alumnos-de-iraurgi-ikastetxea\/#primaryimage"},"thumbnailUrl":"https:\/\/iraurgiberritzen.eus\/wp-content\/uploads\/2023\/09\/e1ef6b1511175103949b82a229ea0710.jpg","datePublished":"2018-01-12T05:35:25+00:00","breadcrumb":{"@id":"https:\/\/iraurgiberritzen.eus\/es\/bisita-a-la-empresa-biele-group-con-los-alumnos-de-iraurgi-ikastetxea\/#breadcrumb"},"inLanguage":"es","potentialAction":[{"@type":"ReadAction","target":["https:\/\/iraurgiberritzen.eus\/es\/bisita-a-la-empresa-biele-group-con-los-alumnos-de-iraurgi-ikastetxea\/"]}]},{"@type":"ImageObject","inLanguage":"es","@id":"https:\/\/iraurgiberritzen.eus\/es\/bisita-a-la-empresa-biele-group-con-los-alumnos-de-iraurgi-ikastetxea\/#primaryimage","url":"https:\/\/iraurgiberritzen.eus\/wp-content\/uploads\/2023\/09\/e1ef6b1511175103949b82a229ea0710.jpg","contentUrl":"https:\/\/iraurgiberritzen.eus\/wp-content\/uploads\/2023\/09\/e1ef6b1511175103949b82a229ea0710.jpg","width":600,"height":386},{"@type":"BreadcrumbList","@id":"https:\/\/iraurgiberritzen.eus\/es\/bisita-a-la-empresa-biele-group-con-los-alumnos-de-iraurgi-ikastetxea\/#breadcrumb","itemListElement":[{"@type":"ListItem","position":1,"name":"Home","item":"https:\/\/iraurgiberritzen.eus\/es\/"},{"@type":"ListItem","position":2,"name":"Bisita a la empresa Biele Group con los alumnos de Iraurgi Ikastetxea"}]},{"@type":"WebSite","@id":"https:\/\/iraurgiberritzen.eus\/es\/#website","url":"https:\/\/iraurgiberritzen.eus\/es\/","name":"Iraurgi Berritzen","description":"Urola Erdiko Garapen Agentzia","publisher":{"@id":"https:\/\/iraurgiberritzen.eus\/es\/#organization"},"potentialAction":[{"@type":"SearchAction","target":{"@type":"EntryPoint","urlTemplate":"https:\/\/iraurgiberritzen.eus\/es\/?s={search_term_string}"},"query-input":{"@type":"PropertyValueSpecification","valueRequired":true,"valueName":"search_term_string"}}],"inLanguage":"es"},{"@type":"Organization","@id":"https:\/\/iraurgiberritzen.eus\/es\/#organization","name":"Iraurgi Berritzen","url":"https:\/\/iraurgiberritzen.eus\/es\/","logo":{"@type":"ImageObject","inLanguage":"es","@id":"https:\/\/iraurgiberritzen.eus\/es\/#\/schema\/logo\/image\/","url":"https:\/\/iraurgiberritzen.eus\/wp-content\/uploads\/2024\/02\/IRAURGI-BERRITZEN-logotipoa_2.png","contentUrl":"https:\/\/iraurgiberritzen.eus\/wp-content\/uploads\/2024\/02\/IRAURGI-BERRITZEN-logotipoa_2.png","width":496,"height":190,"caption":"Iraurgi Berritzen"},"image":{"@id":"https:\/\/iraurgiberritzen.eus\/es\/#\/schema\/logo\/image\/"}},{"@type":"Person","@id":"https:\/\/iraurgiberritzen.eus\/es\/#\/schema\/person\/5ab41aaf388a9097177601ebf45738d2","name":"kudeatzailea","sameAs":["https:\/\/iraurgiberritzen.eus"]}]}},"_links":{"self":[{"href":"https:\/\/iraurgiberritzen.eus\/es\/wp-json\/wp\/v2\/posts\/12304","targetHints":{"allow":["GET"]}}],"collection":[{"href":"https:\/\/iraurgiberritzen.eus\/es\/wp-json\/wp\/v2\/posts"}],"about":[{"href":"https:\/\/iraurgiberritzen.eus\/es\/wp-json\/wp\/v2\/types\/post"}],"author":[{"embeddable":true,"href":"https:\/\/iraurgiberritzen.eus\/es\/wp-json\/wp\/v2\/users\/1"}],"replies":[{"embeddable":true,"href":"https:\/\/iraurgiberritzen.eus\/es\/wp-json\/wp\/v2\/comments?post=12304"}],"version-history":[{"count":0,"href":"https:\/\/iraurgiberritzen.eus\/es\/wp-json\/wp\/v2\/posts\/12304\/revisions"}],"wp:featuredmedia":[{"embeddable":true,"href":"https:\/\/iraurgiberritzen.eus\/es\/wp-json\/wp\/v2\/media\/17906"}],"wp:attachment":[{"href":"https:\/\/iraurgiberritzen.eus\/es\/wp-json\/wp\/v2\/media?parent=12304"}],"wp:term":[{"taxonomy":"category","embeddable":true,"href":"https:\/\/iraurgiberritzen.eus\/es\/wp-json\/wp\/v2\/categories?post=12304"},{"taxonomy":"post_tag","embeddable":true,"href":"https:\/\/iraurgiberritzen.eus\/es\/wp-json\/wp\/v2\/tags?post=12304"}],"curies":[{"name":"wp","href":"https:\/\/api.w.org\/{rel}","templated":true}]}}