{"id":12307,"date":"2018-01-25T11:53:52","date_gmt":"2018-01-25T09:53:52","guid":{"rendered":"https:\/\/iraurgiberritzen.eus\/si-estas-en-desempleo-tienes-de-17-a-30-anos-y-posees-estudios-basicos-txertatu-merkatuan-es-tu-oportunidad\/"},"modified":"2018-01-25T11:53:52","modified_gmt":"2018-01-25T09:53:52","slug":"si-estas-en-desempleo-tienes-de-17-a-30-anos-y-posees-estudios-basicos-txertatu-merkatuan-es-tu-oportunidad","status":"publish","type":"post","link":"https:\/\/iraurgiberritzen.eus\/es\/si-estas-en-desempleo-tienes-de-17-a-30-anos-y-posees-estudios-basicos-txertatu-merkatuan-es-tu-oportunidad\/","title":{"rendered":"Si est\u00e1s en desempleo, tienes de 17 a 30 a\u00f1os y posees Estudios B\u00e1sicos TXERTATU MERKATUAN es tu OPORTUNIDAD"},"content":{"rendered":"<p>Hacia Febrero, Iraurgi Berritzen pondr\u00e1 en marcha la 3\u00aa edici\u00f3n del Proyecto<strong> Txertatu Merkatuan<\/strong>.<\/p>\n<p style=\"text-align: justify;\">Este es un proyecto dirigido a personas j\u00f3venes, de 17 a 30 a\u00f1os, con nivel de formaci\u00f3n b\u00e1sica y que se encuentren en situaci\u00f3n de desempleo. Desde Iraurgi Berritzen queremos comunicar que el plazo de inscripci\u00f3n de este proyecto est\u00e1 abierto. En caso de estar interesado puedes ponerte en contacto con <strong>Sandra Fern\u00e1ndez<\/strong> escribiendo al email <a href=\"mailto:sfernandez@iraurgiberritzen.eus\">sfernandez@iraurgiberritzen.eus<\/a>&nbsp;o llamando al <strong>943851100<\/strong>.<\/p>\n","protected":false},"excerpt":{"rendered":"<p>Hacia Febrero, Iraurgi Berritzen pondr\u00e1 en marcha la 3\u00aa edici\u00f3n del Proyecto Txertatu Merkatuan. Este es un proyecto dirigido a personas j\u00f3venes, de 17 a 30 a\u00f1os, con nivel de formaci\u00f3n b\u00e1sica y que se encuentren en situaci\u00f3n de desempleo. Desde Iraurgi Berritzen queremos comunicar que el plazo de inscripci\u00f3n de este proyecto est\u00e1 abierto. [&hellip;]<\/p>\n","protected":false},"author":1,"featured_media":17907,"comment_status":"","ping_status":"closed","sticky":false,"template":"","format":"standard","meta":{"_acf_changed":false,"footnotes":""},"categories":[4],"tags":[],"class_list":["post-12307","post","type-post","status-publish","format-standard","has-post-thumbnail","hentry","category-noticias"],"acf":[],"yoast_head":"<!-- This site is optimized with the Yoast SEO plugin v27.4 - https:\/\/yoast.com\/product\/yoast-seo-wordpress\/ -->\n<title>Si est\u00e1s en desempleo, tienes de 17 a 30 a\u00f1os y posees Estudios B\u00e1sicos TXERTATU MERKATUAN es tu OPORTUNIDAD - Iraurgi Berritzen<\/title>\n<meta name=\"robots\" content=\"index, follow, max-snippet:-1, max-image-preview:large, max-video-preview:-1\" \/>\n<link rel=\"canonical\" href=\"https:\/\/iraurgiberritzen.eus\/es\/si-estas-en-desempleo-tienes-de-17-a-30-anos-y-posees-estudios-basicos-txertatu-merkatuan-es-tu-oportunidad\/\" \/>\n<meta property=\"og:locale\" content=\"es_ES\" \/>\n<meta property=\"og:type\" content=\"article\" \/>\n<meta property=\"og:title\" content=\"Si est\u00e1s en desempleo, tienes de 17 a 30 a\u00f1os y posees Estudios B\u00e1sicos TXERTATU MERKATUAN es tu OPORTUNIDAD - Iraurgi Berritzen\" \/>\n<meta property=\"og:description\" content=\"Hacia Febrero, Iraurgi Berritzen pondr\u00e1 en marcha la 3\u00aa edici\u00f3n del Proyecto Txertatu Merkatuan. Este es un proyecto dirigido a personas j\u00f3venes, de 17 a 30 a\u00f1os, con nivel de formaci\u00f3n b\u00e1sica y que se encuentren en situaci\u00f3n de desempleo. Desde Iraurgi Berritzen queremos comunicar que el plazo de inscripci\u00f3n de este proyecto est\u00e1 abierto. [&hellip;]\" \/>\n<meta property=\"og:url\" content=\"https:\/\/iraurgiberritzen.eus\/es\/si-estas-en-desempleo-tienes-de-17-a-30-anos-y-posees-estudios-basicos-txertatu-merkatuan-es-tu-oportunidad\/\" \/>\n<meta property=\"og:site_name\" content=\"Iraurgi Berritzen\" \/>\n<meta property=\"article:published_time\" content=\"2018-01-25T09:53:52+00:00\" \/>\n<meta name=\"author\" content=\"kudeatzailea\" \/>\n<meta name=\"twitter:card\" content=\"summary_large_image\" \/>\n<meta name=\"twitter:label1\" content=\"Escrito por\" \/>\n\t<meta name=\"twitter:data1\" content=\"kudeatzailea\" \/>\n<script type=\"application\/ld+json\" class=\"yoast-schema-graph\">{\"@context\":\"https:\\\/\\\/schema.org\",\"@graph\":[{\"@type\":\"Article\",\"@id\":\"https:\\\/\\\/iraurgiberritzen.eus\\\/es\\\/si-estas-en-desempleo-tienes-de-17-a-30-anos-y-posees-estudios-basicos-txertatu-merkatuan-es-tu-oportunidad\\\/#article\",\"isPartOf\":{\"@id\":\"https:\\\/\\\/iraurgiberritzen.eus\\\/es\\\/si-estas-en-desempleo-tienes-de-17-a-30-anos-y-posees-estudios-basicos-txertatu-merkatuan-es-tu-oportunidad\\\/\"},\"author\":{\"name\":\"kudeatzailea\",\"@id\":\"https:\\\/\\\/iraurgiberritzen.eus\\\/es\\\/#\\\/schema\\\/person\\\/5ab41aaf388a9097177601ebf45738d2\"},\"headline\":\"Si est\u00e1s en desempleo, tienes de 17 a 30 a\u00f1os y posees Estudios B\u00e1sicos TXERTATU MERKATUAN es tu OPORTUNIDAD\",\"datePublished\":\"2018-01-25T09:53:52+00:00\",\"mainEntityOfPage\":{\"@id\":\"https:\\\/\\\/iraurgiberritzen.eus\\\/es\\\/si-estas-en-desempleo-tienes-de-17-a-30-anos-y-posees-estudios-basicos-txertatu-merkatuan-es-tu-oportunidad\\\/\"},\"wordCount\":102,\"publisher\":{\"@id\":\"https:\\\/\\\/iraurgiberritzen.eus\\\/es\\\/#organization\"},\"image\":{\"@id\":\"https:\\\/\\\/iraurgiberritzen.eus\\\/es\\\/si-estas-en-desempleo-tienes-de-17-a-30-anos-y-posees-estudios-basicos-txertatu-merkatuan-es-tu-oportunidad\\\/#primaryimage\"},\"thumbnailUrl\":\"https:\\\/\\\/iraurgiberritzen.eus\\\/wp-content\\\/uploads\\\/2023\\\/09\\\/f59fd3a46f2adbbd9dd6269010353971.jpg\",\"articleSection\":[\"Noticias\"],\"inLanguage\":\"es\"},{\"@type\":\"WebPage\",\"@id\":\"https:\\\/\\\/iraurgiberritzen.eus\\\/es\\\/si-estas-en-desempleo-tienes-de-17-a-30-anos-y-posees-estudios-basicos-txertatu-merkatuan-es-tu-oportunidad\\\/\",\"url\":\"https:\\\/\\\/iraurgiberritzen.eus\\\/es\\\/si-estas-en-desempleo-tienes-de-17-a-30-anos-y-posees-estudios-basicos-txertatu-merkatuan-es-tu-oportunidad\\\/\",\"name\":\"Si est\u00e1s en desempleo, tienes de 17 a 30 a\u00f1os y posees Estudios B\u00e1sicos TXERTATU MERKATUAN es tu OPORTUNIDAD - Iraurgi Berritzen\",\"isPartOf\":{\"@id\":\"https:\\\/\\\/iraurgiberritzen.eus\\\/es\\\/#website\"},\"primaryImageOfPage\":{\"@id\":\"https:\\\/\\\/iraurgiberritzen.eus\\\/es\\\/si-estas-en-desempleo-tienes-de-17-a-30-anos-y-posees-estudios-basicos-txertatu-merkatuan-es-tu-oportunidad\\\/#primaryimage\"},\"image\":{\"@id\":\"https:\\\/\\\/iraurgiberritzen.eus\\\/es\\\/si-estas-en-desempleo-tienes-de-17-a-30-anos-y-posees-estudios-basicos-txertatu-merkatuan-es-tu-oportunidad\\\/#primaryimage\"},\"thumbnailUrl\":\"https:\\\/\\\/iraurgiberritzen.eus\\\/wp-content\\\/uploads\\\/2023\\\/09\\\/f59fd3a46f2adbbd9dd6269010353971.jpg\",\"datePublished\":\"2018-01-25T09:53:52+00:00\",\"breadcrumb\":{\"@id\":\"https:\\\/\\\/iraurgiberritzen.eus\\\/es\\\/si-estas-en-desempleo-tienes-de-17-a-30-anos-y-posees-estudios-basicos-txertatu-merkatuan-es-tu-oportunidad\\\/#breadcrumb\"},\"inLanguage\":\"es\",\"potentialAction\":[{\"@type\":\"ReadAction\",\"target\":[\"https:\\\/\\\/iraurgiberritzen.eus\\\/es\\\/si-estas-en-desempleo-tienes-de-17-a-30-anos-y-posees-estudios-basicos-txertatu-merkatuan-es-tu-oportunidad\\\/\"]}]},{\"@type\":\"ImageObject\",\"inLanguage\":\"es\",\"@id\":\"https:\\\/\\\/iraurgiberritzen.eus\\\/es\\\/si-estas-en-desempleo-tienes-de-17-a-30-anos-y-posees-estudios-basicos-txertatu-merkatuan-es-tu-oportunidad\\\/#primaryimage\",\"url\":\"https:\\\/\\\/iraurgiberritzen.eus\\\/wp-content\\\/uploads\\\/2023\\\/09\\\/f59fd3a46f2adbbd9dd6269010353971.jpg\",\"contentUrl\":\"https:\\\/\\\/iraurgiberritzen.eus\\\/wp-content\\\/uploads\\\/2023\\\/09\\\/f59fd3a46f2adbbd9dd6269010353971.jpg\",\"width\":600,\"height\":386},{\"@type\":\"BreadcrumbList\",\"@id\":\"https:\\\/\\\/iraurgiberritzen.eus\\\/es\\\/si-estas-en-desempleo-tienes-de-17-a-30-anos-y-posees-estudios-basicos-txertatu-merkatuan-es-tu-oportunidad\\\/#breadcrumb\",\"itemListElement\":[{\"@type\":\"ListItem\",\"position\":1,\"name\":\"Home\",\"item\":\"https:\\\/\\\/iraurgiberritzen.eus\\\/es\\\/\"},{\"@type\":\"ListItem\",\"position\":2,\"name\":\"Si est\u00e1s en desempleo, tienes de 17 a 30 a\u00f1os y posees Estudios B\u00e1sicos TXERTATU MERKATUAN es tu OPORTUNIDAD\"}]},{\"@type\":\"WebSite\",\"@id\":\"https:\\\/\\\/iraurgiberritzen.eus\\\/es\\\/#website\",\"url\":\"https:\\\/\\\/iraurgiberritzen.eus\\\/es\\\/\",\"name\":\"Iraurgi Berritzen\",\"description\":\"Urola Erdiko Garapen Agentzia\",\"publisher\":{\"@id\":\"https:\\\/\\\/iraurgiberritzen.eus\\\/es\\\/#organization\"},\"potentialAction\":[{\"@type\":\"SearchAction\",\"target\":{\"@type\":\"EntryPoint\",\"urlTemplate\":\"https:\\\/\\\/iraurgiberritzen.eus\\\/es\\\/?s={search_term_string}\"},\"query-input\":{\"@type\":\"PropertyValueSpecification\",\"valueRequired\":true,\"valueName\":\"search_term_string\"}}],\"inLanguage\":\"es\"},{\"@type\":\"Organization\",\"@id\":\"https:\\\/\\\/iraurgiberritzen.eus\\\/es\\\/#organization\",\"name\":\"Iraurgi Berritzen\",\"url\":\"https:\\\/\\\/iraurgiberritzen.eus\\\/es\\\/\",\"logo\":{\"@type\":\"ImageObject\",\"inLanguage\":\"es\",\"@id\":\"https:\\\/\\\/iraurgiberritzen.eus\\\/es\\\/#\\\/schema\\\/logo\\\/image\\\/\",\"url\":\"https:\\\/\\\/iraurgiberritzen.eus\\\/wp-content\\\/uploads\\\/2024\\\/02\\\/IRAURGI-BERRITZEN-logotipoa_2.png\",\"contentUrl\":\"https:\\\/\\\/iraurgiberritzen.eus\\\/wp-content\\\/uploads\\\/2024\\\/02\\\/IRAURGI-BERRITZEN-logotipoa_2.png\",\"width\":496,\"height\":190,\"caption\":\"Iraurgi Berritzen\"},\"image\":{\"@id\":\"https:\\\/\\\/iraurgiberritzen.eus\\\/es\\\/#\\\/schema\\\/logo\\\/image\\\/\"}},{\"@type\":\"Person\",\"@id\":\"https:\\\/\\\/iraurgiberritzen.eus\\\/es\\\/#\\\/schema\\\/person\\\/5ab41aaf388a9097177601ebf45738d2\",\"name\":\"kudeatzailea\",\"sameAs\":[\"https:\\\/\\\/iraurgiberritzen.eus\"]}]}<\/script>\n<!-- \/ Yoast SEO plugin. -->","yoast_head_json":{"title":"Si est\u00e1s en desempleo, tienes de 17 a 30 a\u00f1os y posees Estudios B\u00e1sicos TXERTATU MERKATUAN es tu OPORTUNIDAD - Iraurgi Berritzen","robots":{"index":"index","follow":"follow","max-snippet":"max-snippet:-1","max-image-preview":"max-image-preview:large","max-video-preview":"max-video-preview:-1"},"canonical":"https:\/\/iraurgiberritzen.eus\/es\/si-estas-en-desempleo-tienes-de-17-a-30-anos-y-posees-estudios-basicos-txertatu-merkatuan-es-tu-oportunidad\/","og_locale":"es_ES","og_type":"article","og_title":"Si est\u00e1s en desempleo, tienes de 17 a 30 a\u00f1os y posees Estudios B\u00e1sicos TXERTATU MERKATUAN es tu OPORTUNIDAD - Iraurgi Berritzen","og_description":"Hacia Febrero, Iraurgi Berritzen pondr\u00e1 en marcha la 3\u00aa edici\u00f3n del Proyecto Txertatu Merkatuan. Este es un proyecto dirigido a personas j\u00f3venes, de 17 a 30 a\u00f1os, con nivel de formaci\u00f3n b\u00e1sica y que se encuentren en situaci\u00f3n de desempleo. Desde Iraurgi Berritzen queremos comunicar que el plazo de inscripci\u00f3n de este proyecto est\u00e1 abierto. [&hellip;]","og_url":"https:\/\/iraurgiberritzen.eus\/es\/si-estas-en-desempleo-tienes-de-17-a-30-anos-y-posees-estudios-basicos-txertatu-merkatuan-es-tu-oportunidad\/","og_site_name":"Iraurgi Berritzen","article_published_time":"2018-01-25T09:53:52+00:00","author":"kudeatzailea","twitter_card":"summary_large_image","twitter_misc":{"Escrito por":"kudeatzailea"},"schema":{"@context":"https:\/\/schema.org","@graph":[{"@type":"Article","@id":"https:\/\/iraurgiberritzen.eus\/es\/si-estas-en-desempleo-tienes-de-17-a-30-anos-y-posees-estudios-basicos-txertatu-merkatuan-es-tu-oportunidad\/#article","isPartOf":{"@id":"https:\/\/iraurgiberritzen.eus\/es\/si-estas-en-desempleo-tienes-de-17-a-30-anos-y-posees-estudios-basicos-txertatu-merkatuan-es-tu-oportunidad\/"},"author":{"name":"kudeatzailea","@id":"https:\/\/iraurgiberritzen.eus\/es\/#\/schema\/person\/5ab41aaf388a9097177601ebf45738d2"},"headline":"Si est\u00e1s en desempleo, tienes de 17 a 30 a\u00f1os y posees Estudios B\u00e1sicos TXERTATU MERKATUAN es tu OPORTUNIDAD","datePublished":"2018-01-25T09:53:52+00:00","mainEntityOfPage":{"@id":"https:\/\/iraurgiberritzen.eus\/es\/si-estas-en-desempleo-tienes-de-17-a-30-anos-y-posees-estudios-basicos-txertatu-merkatuan-es-tu-oportunidad\/"},"wordCount":102,"publisher":{"@id":"https:\/\/iraurgiberritzen.eus\/es\/#organization"},"image":{"@id":"https:\/\/iraurgiberritzen.eus\/es\/si-estas-en-desempleo-tienes-de-17-a-30-anos-y-posees-estudios-basicos-txertatu-merkatuan-es-tu-oportunidad\/#primaryimage"},"thumbnailUrl":"https:\/\/iraurgiberritzen.eus\/wp-content\/uploads\/2023\/09\/f59fd3a46f2adbbd9dd6269010353971.jpg","articleSection":["Noticias"],"inLanguage":"es"},{"@type":"WebPage","@id":"https:\/\/iraurgiberritzen.eus\/es\/si-estas-en-desempleo-tienes-de-17-a-30-anos-y-posees-estudios-basicos-txertatu-merkatuan-es-tu-oportunidad\/","url":"https:\/\/iraurgiberritzen.eus\/es\/si-estas-en-desempleo-tienes-de-17-a-30-anos-y-posees-estudios-basicos-txertatu-merkatuan-es-tu-oportunidad\/","name":"Si est\u00e1s en desempleo, tienes de 17 a 30 a\u00f1os y posees Estudios B\u00e1sicos TXERTATU MERKATUAN es tu OPORTUNIDAD - Iraurgi Berritzen","isPartOf":{"@id":"https:\/\/iraurgiberritzen.eus\/es\/#website"},"primaryImageOfPage":{"@id":"https:\/\/iraurgiberritzen.eus\/es\/si-estas-en-desempleo-tienes-de-17-a-30-anos-y-posees-estudios-basicos-txertatu-merkatuan-es-tu-oportunidad\/#primaryimage"},"image":{"@id":"https:\/\/iraurgiberritzen.eus\/es\/si-estas-en-desempleo-tienes-de-17-a-30-anos-y-posees-estudios-basicos-txertatu-merkatuan-es-tu-oportunidad\/#primaryimage"},"thumbnailUrl":"https:\/\/iraurgiberritzen.eus\/wp-content\/uploads\/2023\/09\/f59fd3a46f2adbbd9dd6269010353971.jpg","datePublished":"2018-01-25T09:53:52+00:00","breadcrumb":{"@id":"https:\/\/iraurgiberritzen.eus\/es\/si-estas-en-desempleo-tienes-de-17-a-30-anos-y-posees-estudios-basicos-txertatu-merkatuan-es-tu-oportunidad\/#breadcrumb"},"inLanguage":"es","potentialAction":[{"@type":"ReadAction","target":["https:\/\/iraurgiberritzen.eus\/es\/si-estas-en-desempleo-tienes-de-17-a-30-anos-y-posees-estudios-basicos-txertatu-merkatuan-es-tu-oportunidad\/"]}]},{"@type":"ImageObject","inLanguage":"es","@id":"https:\/\/iraurgiberritzen.eus\/es\/si-estas-en-desempleo-tienes-de-17-a-30-anos-y-posees-estudios-basicos-txertatu-merkatuan-es-tu-oportunidad\/#primaryimage","url":"https:\/\/iraurgiberritzen.eus\/wp-content\/uploads\/2023\/09\/f59fd3a46f2adbbd9dd6269010353971.jpg","contentUrl":"https:\/\/iraurgiberritzen.eus\/wp-content\/uploads\/2023\/09\/f59fd3a46f2adbbd9dd6269010353971.jpg","width":600,"height":386},{"@type":"BreadcrumbList","@id":"https:\/\/iraurgiberritzen.eus\/es\/si-estas-en-desempleo-tienes-de-17-a-30-anos-y-posees-estudios-basicos-txertatu-merkatuan-es-tu-oportunidad\/#breadcrumb","itemListElement":[{"@type":"ListItem","position":1,"name":"Home","item":"https:\/\/iraurgiberritzen.eus\/es\/"},{"@type":"ListItem","position":2,"name":"Si est\u00e1s en desempleo, tienes de 17 a 30 a\u00f1os y posees Estudios B\u00e1sicos TXERTATU MERKATUAN es tu OPORTUNIDAD"}]},{"@type":"WebSite","@id":"https:\/\/iraurgiberritzen.eus\/es\/#website","url":"https:\/\/iraurgiberritzen.eus\/es\/","name":"Iraurgi Berritzen","description":"Urola Erdiko Garapen Agentzia","publisher":{"@id":"https:\/\/iraurgiberritzen.eus\/es\/#organization"},"potentialAction":[{"@type":"SearchAction","target":{"@type":"EntryPoint","urlTemplate":"https:\/\/iraurgiberritzen.eus\/es\/?s={search_term_string}"},"query-input":{"@type":"PropertyValueSpecification","valueRequired":true,"valueName":"search_term_string"}}],"inLanguage":"es"},{"@type":"Organization","@id":"https:\/\/iraurgiberritzen.eus\/es\/#organization","name":"Iraurgi Berritzen","url":"https:\/\/iraurgiberritzen.eus\/es\/","logo":{"@type":"ImageObject","inLanguage":"es","@id":"https:\/\/iraurgiberritzen.eus\/es\/#\/schema\/logo\/image\/","url":"https:\/\/iraurgiberritzen.eus\/wp-content\/uploads\/2024\/02\/IRAURGI-BERRITZEN-logotipoa_2.png","contentUrl":"https:\/\/iraurgiberritzen.eus\/wp-content\/uploads\/2024\/02\/IRAURGI-BERRITZEN-logotipoa_2.png","width":496,"height":190,"caption":"Iraurgi Berritzen"},"image":{"@id":"https:\/\/iraurgiberritzen.eus\/es\/#\/schema\/logo\/image\/"}},{"@type":"Person","@id":"https:\/\/iraurgiberritzen.eus\/es\/#\/schema\/person\/5ab41aaf388a9097177601ebf45738d2","name":"kudeatzailea","sameAs":["https:\/\/iraurgiberritzen.eus"]}]}},"_links":{"self":[{"href":"https:\/\/iraurgiberritzen.eus\/es\/wp-json\/wp\/v2\/posts\/12307","targetHints":{"allow":["GET"]}}],"collection":[{"href":"https:\/\/iraurgiberritzen.eus\/es\/wp-json\/wp\/v2\/posts"}],"about":[{"href":"https:\/\/iraurgiberritzen.eus\/es\/wp-json\/wp\/v2\/types\/post"}],"author":[{"embeddable":true,"href":"https:\/\/iraurgiberritzen.eus\/es\/wp-json\/wp\/v2\/users\/1"}],"replies":[{"embeddable":true,"href":"https:\/\/iraurgiberritzen.eus\/es\/wp-json\/wp\/v2\/comments?post=12307"}],"version-history":[{"count":0,"href":"https:\/\/iraurgiberritzen.eus\/es\/wp-json\/wp\/v2\/posts\/12307\/revisions"}],"wp:featuredmedia":[{"embeddable":true,"href":"https:\/\/iraurgiberritzen.eus\/es\/wp-json\/wp\/v2\/media\/17907"}],"wp:attachment":[{"href":"https:\/\/iraurgiberritzen.eus\/es\/wp-json\/wp\/v2\/media?parent=12307"}],"wp:term":[{"taxonomy":"category","embeddable":true,"href":"https:\/\/iraurgiberritzen.eus\/es\/wp-json\/wp\/v2\/categories?post=12307"},{"taxonomy":"post_tag","embeddable":true,"href":"https:\/\/iraurgiberritzen.eus\/es\/wp-json\/wp\/v2\/tags?post=12307"}],"curies":[{"name":"wp","href":"https:\/\/api.w.org\/{rel}","templated":true}]}}