{"id":12310,"date":"2018-01-29T09:18:50","date_gmt":"2018-01-29T07:18:50","guid":{"rendered":"https:\/\/iraurgiberritzen.eus\/agentes-y-representantes-de-ayuntamientos-de-la-comarca-han-realizado-la-reunion-de-seguimiento-sobre-el-empleo-la-formacion-y-urolanprest\/"},"modified":"2018-01-29T09:18:50","modified_gmt":"2018-01-29T07:18:50","slug":"agentes-y-representantes-de-ayuntamientos-de-la-comarca-han-realizado-la-reunion-de-seguimiento-sobre-el-empleo-la-formacion-y-urolanprest","status":"publish","type":"post","link":"https:\/\/iraurgiberritzen.eus\/es\/agentes-y-representantes-de-ayuntamientos-de-la-comarca-han-realizado-la-reunion-de-seguimiento-sobre-el-empleo-la-formacion-y-urolanprest\/","title":{"rendered":"Agentes y representantes de ayuntamientos de la comarca han realizado la reuni\u00f3n de seguimiento sobre el empleo, la formaci\u00f3n y Urolanprest"},"content":{"rendered":"<p style=\"text-align: justify;\"><span style=\"font-size: 9pt; line-height: 115%; font-family: Arial;\">El pasado jueves 24, se realiz\u00f3 la reuni\u00f3n de la iniciativa Urolanprest, a la que asistieron representantes de ayuntamientos de la comarca y agentes de empleo.<\/span><\/p>\n<p>Durante la primera parte de la reuni\u00f3n, hicieron el seguimiento de la p\u00e1gina web de Urolanprest, analizando sus datos de uso y presentando las mejoras realizadas en los \u00faltimos meses. Seguidamente se compartieron con los participantes los datos de desempleo de la comarca.<\/p>\n<p>A continuaci\u00f3n, se detallaron las ofertas de empleo gestionadas por el centro de empleo y se analizaron las futuras necesidades de las empresas industriales de la comarca.<br \/>Posteriormente, los agentes de formaci\u00f3n presentaron los cursos que se ofrecer\u00e1n en el 2018 a los desempleados.<\/p>\n<p>Durante la \u00faltima parte de la reuni\u00f3n, los agentes tuvieron la oportunidad de realizar aportaciones en cuanto a las acciones o cursos que deben promoverse en la comarca y las principales conclusiones fueron:<\/p>\n<ul>\n<li>El 72% de desempleados, teniendo estudios obligatorios, se considera necesario realizar un trabajo de concienciaci\u00f3n por parte de todos los agentes de la comarca para que \u00e9stos se formen.<\/li>\n<li>Se analizar\u00e1 la previsi\u00f3n de contrataci\u00f3n del sector de la construcci\u00f3n, para organizar un curso con compromiso de contrataci\u00f3n.<\/li>\n<li>Los Programas de Orientaci\u00f3n gestionados por IB (Hazilan, Txertatu Merkatuan, Bidelan) se vincular\u00e1n con los cursos t\u00e9cnicos seg\u00fan las oportunidades.<\/li>\n<\/ul>\n<p>Para finalizar, se acord\u00f3 reforzar la comunicaci\u00f3n entre los agentes para completar los grupos de cursos, gestionar pr\u00e1cticas, &#8230; Adem\u00e1s, los agentes hicieron una valoraci\u00f3n positiva de la din\u00e1mica y el trabajo en red y decidieron realizar la pr\u00f3xima reuni\u00f3n entre mayo y junio siguiendo la misma din\u00e1mica.<\/p>\n<p>Los asistentes de la reuni\u00f3n fueron: Imanol Iribar de Bozi, Esther Sudupe de Azkoitiko Gazte Bulegoa, Alo\u00f1a Larra\u00f1aga de Azpeitiko Gazte Bulegoa, Maialen Ituarte del Centro de Empleo de Iraurgi Berritzen, Arantxa Azpiazu y Carmen Andreu de Lanbide, I\u00f1aki Bengoetxea de Sartu Bategin, Juaina Larra\u00f1aga de Urola Lanbide Heziketa, Goretti Segurola de Urolalde, Leire Goenaga del Ayuntamiento de Azpeitia , Ana Azkoitia del Ayuntamiento de Azkoitia, el alcalde de Zestoa Josetxo Mendizabal, Mari Carman Arregi alcalde de Aizarnazabal, Oihane Ariznabarreta de Katealegaia y Berex Oritz Ardanza Coordinador de KZ y Christian Hidalgo.<\/p>\n","protected":false},"excerpt":{"rendered":"<p>El pasado jueves 24, se realiz\u00f3 la reuni\u00f3n de la iniciativa Urolanprest, a la que asistieron representantes de ayuntamientos de la comarca y agentes de empleo. Durante la primera parte de la reuni\u00f3n, hicieron el seguimiento de la p\u00e1gina web de Urolanprest, analizando sus datos de uso y presentando las mejoras realizadas en los \u00faltimos [&hellip;]<\/p>\n","protected":false},"author":1,"featured_media":17908,"comment_status":"","ping_status":"closed","sticky":false,"template":"","format":"standard","meta":{"_acf_changed":false,"footnotes":""},"categories":[4],"tags":[],"class_list":["post-12310","post","type-post","status-publish","format-standard","has-post-thumbnail","hentry","category-noticias"],"acf":[],"yoast_head":"<!-- This site is optimized with the Yoast SEO plugin v27.4 - https:\/\/yoast.com\/product\/yoast-seo-wordpress\/ -->\n<title>Agentes y representantes de ayuntamientos de la comarca han realizado la reuni\u00f3n de seguimiento sobre el empleo, la formaci\u00f3n y Urolanprest - Iraurgi Berritzen<\/title>\n<meta name=\"robots\" content=\"index, follow, max-snippet:-1, max-image-preview:large, max-video-preview:-1\" \/>\n<link rel=\"canonical\" href=\"https:\/\/iraurgiberritzen.eus\/es\/agentes-y-representantes-de-ayuntamientos-de-la-comarca-han-realizado-la-reunion-de-seguimiento-sobre-el-empleo-la-formacion-y-urolanprest\/\" \/>\n<meta property=\"og:locale\" content=\"es_ES\" \/>\n<meta property=\"og:type\" content=\"article\" \/>\n<meta property=\"og:title\" content=\"Agentes y representantes de ayuntamientos de la comarca han realizado la reuni\u00f3n de seguimiento sobre el empleo, la formaci\u00f3n y Urolanprest - Iraurgi Berritzen\" \/>\n<meta property=\"og:description\" content=\"El pasado jueves 24, se realiz\u00f3 la reuni\u00f3n de la iniciativa Urolanprest, a la que asistieron representantes de ayuntamientos de la comarca y agentes de empleo. Durante la primera parte de la reuni\u00f3n, hicieron el seguimiento de la p\u00e1gina web de Urolanprest, analizando sus datos de uso y presentando las mejoras realizadas en los \u00faltimos [&hellip;]\" \/>\n<meta property=\"og:url\" content=\"https:\/\/iraurgiberritzen.eus\/es\/agentes-y-representantes-de-ayuntamientos-de-la-comarca-han-realizado-la-reunion-de-seguimiento-sobre-el-empleo-la-formacion-y-urolanprest\/\" \/>\n<meta property=\"og:site_name\" content=\"Iraurgi Berritzen\" \/>\n<meta property=\"article:published_time\" content=\"2018-01-29T07:18:50+00:00\" \/>\n<meta name=\"author\" content=\"kudeatzailea\" \/>\n<meta name=\"twitter:card\" content=\"summary_large_image\" \/>\n<meta name=\"twitter:label1\" content=\"Escrito por\" \/>\n\t<meta name=\"twitter:data1\" content=\"kudeatzailea\" \/>\n\t<meta name=\"twitter:label2\" content=\"Tiempo de lectura\" \/>\n\t<meta name=\"twitter:data2\" content=\"2 minutos\" \/>\n<script type=\"application\/ld+json\" class=\"yoast-schema-graph\">{\"@context\":\"https:\\\/\\\/schema.org\",\"@graph\":[{\"@type\":\"Article\",\"@id\":\"https:\\\/\\\/iraurgiberritzen.eus\\\/es\\\/agentes-y-representantes-de-ayuntamientos-de-la-comarca-han-realizado-la-reunion-de-seguimiento-sobre-el-empleo-la-formacion-y-urolanprest\\\/#article\",\"isPartOf\":{\"@id\":\"https:\\\/\\\/iraurgiberritzen.eus\\\/es\\\/agentes-y-representantes-de-ayuntamientos-de-la-comarca-han-realizado-la-reunion-de-seguimiento-sobre-el-empleo-la-formacion-y-urolanprest\\\/\"},\"author\":{\"name\":\"kudeatzailea\",\"@id\":\"https:\\\/\\\/iraurgiberritzen.eus\\\/es\\\/#\\\/schema\\\/person\\\/5ab41aaf388a9097177601ebf45738d2\"},\"headline\":\"Agentes y representantes de ayuntamientos de la comarca han realizado la reuni\u00f3n de seguimiento sobre el empleo, la formaci\u00f3n y Urolanprest\",\"datePublished\":\"2018-01-29T07:18:50+00:00\",\"mainEntityOfPage\":{\"@id\":\"https:\\\/\\\/iraurgiberritzen.eus\\\/es\\\/agentes-y-representantes-de-ayuntamientos-de-la-comarca-han-realizado-la-reunion-de-seguimiento-sobre-el-empleo-la-formacion-y-urolanprest\\\/\"},\"wordCount\":401,\"publisher\":{\"@id\":\"https:\\\/\\\/iraurgiberritzen.eus\\\/es\\\/#organization\"},\"image\":{\"@id\":\"https:\\\/\\\/iraurgiberritzen.eus\\\/es\\\/agentes-y-representantes-de-ayuntamientos-de-la-comarca-han-realizado-la-reunion-de-seguimiento-sobre-el-empleo-la-formacion-y-urolanprest\\\/#primaryimage\"},\"thumbnailUrl\":\"https:\\\/\\\/iraurgiberritzen.eus\\\/wp-content\\\/uploads\\\/2023\\\/09\\\/52847945d34c24d045f4f6bfeae5a17d.jpg\",\"articleSection\":[\"Noticias\"],\"inLanguage\":\"es\"},{\"@type\":\"WebPage\",\"@id\":\"https:\\\/\\\/iraurgiberritzen.eus\\\/es\\\/agentes-y-representantes-de-ayuntamientos-de-la-comarca-han-realizado-la-reunion-de-seguimiento-sobre-el-empleo-la-formacion-y-urolanprest\\\/\",\"url\":\"https:\\\/\\\/iraurgiberritzen.eus\\\/es\\\/agentes-y-representantes-de-ayuntamientos-de-la-comarca-han-realizado-la-reunion-de-seguimiento-sobre-el-empleo-la-formacion-y-urolanprest\\\/\",\"name\":\"Agentes y representantes de ayuntamientos de la comarca han realizado la reuni\u00f3n de seguimiento sobre el empleo, la formaci\u00f3n y Urolanprest - Iraurgi Berritzen\",\"isPartOf\":{\"@id\":\"https:\\\/\\\/iraurgiberritzen.eus\\\/es\\\/#website\"},\"primaryImageOfPage\":{\"@id\":\"https:\\\/\\\/iraurgiberritzen.eus\\\/es\\\/agentes-y-representantes-de-ayuntamientos-de-la-comarca-han-realizado-la-reunion-de-seguimiento-sobre-el-empleo-la-formacion-y-urolanprest\\\/#primaryimage\"},\"image\":{\"@id\":\"https:\\\/\\\/iraurgiberritzen.eus\\\/es\\\/agentes-y-representantes-de-ayuntamientos-de-la-comarca-han-realizado-la-reunion-de-seguimiento-sobre-el-empleo-la-formacion-y-urolanprest\\\/#primaryimage\"},\"thumbnailUrl\":\"https:\\\/\\\/iraurgiberritzen.eus\\\/wp-content\\\/uploads\\\/2023\\\/09\\\/52847945d34c24d045f4f6bfeae5a17d.jpg\",\"datePublished\":\"2018-01-29T07:18:50+00:00\",\"breadcrumb\":{\"@id\":\"https:\\\/\\\/iraurgiberritzen.eus\\\/es\\\/agentes-y-representantes-de-ayuntamientos-de-la-comarca-han-realizado-la-reunion-de-seguimiento-sobre-el-empleo-la-formacion-y-urolanprest\\\/#breadcrumb\"},\"inLanguage\":\"es\",\"potentialAction\":[{\"@type\":\"ReadAction\",\"target\":[\"https:\\\/\\\/iraurgiberritzen.eus\\\/es\\\/agentes-y-representantes-de-ayuntamientos-de-la-comarca-han-realizado-la-reunion-de-seguimiento-sobre-el-empleo-la-formacion-y-urolanprest\\\/\"]}]},{\"@type\":\"ImageObject\",\"inLanguage\":\"es\",\"@id\":\"https:\\\/\\\/iraurgiberritzen.eus\\\/es\\\/agentes-y-representantes-de-ayuntamientos-de-la-comarca-han-realizado-la-reunion-de-seguimiento-sobre-el-empleo-la-formacion-y-urolanprest\\\/#primaryimage\",\"url\":\"https:\\\/\\\/iraurgiberritzen.eus\\\/wp-content\\\/uploads\\\/2023\\\/09\\\/52847945d34c24d045f4f6bfeae5a17d.jpg\",\"contentUrl\":\"https:\\\/\\\/iraurgiberritzen.eus\\\/wp-content\\\/uploads\\\/2023\\\/09\\\/52847945d34c24d045f4f6bfeae5a17d.jpg\",\"width\":600,\"height\":386},{\"@type\":\"BreadcrumbList\",\"@id\":\"https:\\\/\\\/iraurgiberritzen.eus\\\/es\\\/agentes-y-representantes-de-ayuntamientos-de-la-comarca-han-realizado-la-reunion-de-seguimiento-sobre-el-empleo-la-formacion-y-urolanprest\\\/#breadcrumb\",\"itemListElement\":[{\"@type\":\"ListItem\",\"position\":1,\"name\":\"Home\",\"item\":\"https:\\\/\\\/iraurgiberritzen.eus\\\/es\\\/\"},{\"@type\":\"ListItem\",\"position\":2,\"name\":\"Agentes y representantes de ayuntamientos de la comarca han realizado la reuni\u00f3n de seguimiento sobre el empleo, la formaci\u00f3n y Urolanprest\"}]},{\"@type\":\"WebSite\",\"@id\":\"https:\\\/\\\/iraurgiberritzen.eus\\\/es\\\/#website\",\"url\":\"https:\\\/\\\/iraurgiberritzen.eus\\\/es\\\/\",\"name\":\"Iraurgi Berritzen\",\"description\":\"Urola Erdiko Garapen Agentzia\",\"publisher\":{\"@id\":\"https:\\\/\\\/iraurgiberritzen.eus\\\/es\\\/#organization\"},\"potentialAction\":[{\"@type\":\"SearchAction\",\"target\":{\"@type\":\"EntryPoint\",\"urlTemplate\":\"https:\\\/\\\/iraurgiberritzen.eus\\\/es\\\/?s={search_term_string}\"},\"query-input\":{\"@type\":\"PropertyValueSpecification\",\"valueRequired\":true,\"valueName\":\"search_term_string\"}}],\"inLanguage\":\"es\"},{\"@type\":\"Organization\",\"@id\":\"https:\\\/\\\/iraurgiberritzen.eus\\\/es\\\/#organization\",\"name\":\"Iraurgi Berritzen\",\"url\":\"https:\\\/\\\/iraurgiberritzen.eus\\\/es\\\/\",\"logo\":{\"@type\":\"ImageObject\",\"inLanguage\":\"es\",\"@id\":\"https:\\\/\\\/iraurgiberritzen.eus\\\/es\\\/#\\\/schema\\\/logo\\\/image\\\/\",\"url\":\"https:\\\/\\\/iraurgiberritzen.eus\\\/wp-content\\\/uploads\\\/2024\\\/02\\\/IRAURGI-BERRITZEN-logotipoa_2.png\",\"contentUrl\":\"https:\\\/\\\/iraurgiberritzen.eus\\\/wp-content\\\/uploads\\\/2024\\\/02\\\/IRAURGI-BERRITZEN-logotipoa_2.png\",\"width\":496,\"height\":190,\"caption\":\"Iraurgi Berritzen\"},\"image\":{\"@id\":\"https:\\\/\\\/iraurgiberritzen.eus\\\/es\\\/#\\\/schema\\\/logo\\\/image\\\/\"}},{\"@type\":\"Person\",\"@id\":\"https:\\\/\\\/iraurgiberritzen.eus\\\/es\\\/#\\\/schema\\\/person\\\/5ab41aaf388a9097177601ebf45738d2\",\"name\":\"kudeatzailea\",\"sameAs\":[\"https:\\\/\\\/iraurgiberritzen.eus\"]}]}<\/script>\n<!-- \/ Yoast SEO plugin. -->","yoast_head_json":{"title":"Agentes y representantes de ayuntamientos de la comarca han realizado la reuni\u00f3n de seguimiento sobre el empleo, la formaci\u00f3n y Urolanprest - Iraurgi Berritzen","robots":{"index":"index","follow":"follow","max-snippet":"max-snippet:-1","max-image-preview":"max-image-preview:large","max-video-preview":"max-video-preview:-1"},"canonical":"https:\/\/iraurgiberritzen.eus\/es\/agentes-y-representantes-de-ayuntamientos-de-la-comarca-han-realizado-la-reunion-de-seguimiento-sobre-el-empleo-la-formacion-y-urolanprest\/","og_locale":"es_ES","og_type":"article","og_title":"Agentes y representantes de ayuntamientos de la comarca han realizado la reuni\u00f3n de seguimiento sobre el empleo, la formaci\u00f3n y Urolanprest - Iraurgi Berritzen","og_description":"El pasado jueves 24, se realiz\u00f3 la reuni\u00f3n de la iniciativa Urolanprest, a la que asistieron representantes de ayuntamientos de la comarca y agentes de empleo. Durante la primera parte de la reuni\u00f3n, hicieron el seguimiento de la p\u00e1gina web de Urolanprest, analizando sus datos de uso y presentando las mejoras realizadas en los \u00faltimos [&hellip;]","og_url":"https:\/\/iraurgiberritzen.eus\/es\/agentes-y-representantes-de-ayuntamientos-de-la-comarca-han-realizado-la-reunion-de-seguimiento-sobre-el-empleo-la-formacion-y-urolanprest\/","og_site_name":"Iraurgi Berritzen","article_published_time":"2018-01-29T07:18:50+00:00","author":"kudeatzailea","twitter_card":"summary_large_image","twitter_misc":{"Escrito por":"kudeatzailea","Tiempo de lectura":"2 minutos"},"schema":{"@context":"https:\/\/schema.org","@graph":[{"@type":"Article","@id":"https:\/\/iraurgiberritzen.eus\/es\/agentes-y-representantes-de-ayuntamientos-de-la-comarca-han-realizado-la-reunion-de-seguimiento-sobre-el-empleo-la-formacion-y-urolanprest\/#article","isPartOf":{"@id":"https:\/\/iraurgiberritzen.eus\/es\/agentes-y-representantes-de-ayuntamientos-de-la-comarca-han-realizado-la-reunion-de-seguimiento-sobre-el-empleo-la-formacion-y-urolanprest\/"},"author":{"name":"kudeatzailea","@id":"https:\/\/iraurgiberritzen.eus\/es\/#\/schema\/person\/5ab41aaf388a9097177601ebf45738d2"},"headline":"Agentes y representantes de ayuntamientos de la comarca han realizado la reuni\u00f3n de seguimiento sobre el empleo, la formaci\u00f3n y Urolanprest","datePublished":"2018-01-29T07:18:50+00:00","mainEntityOfPage":{"@id":"https:\/\/iraurgiberritzen.eus\/es\/agentes-y-representantes-de-ayuntamientos-de-la-comarca-han-realizado-la-reunion-de-seguimiento-sobre-el-empleo-la-formacion-y-urolanprest\/"},"wordCount":401,"publisher":{"@id":"https:\/\/iraurgiberritzen.eus\/es\/#organization"},"image":{"@id":"https:\/\/iraurgiberritzen.eus\/es\/agentes-y-representantes-de-ayuntamientos-de-la-comarca-han-realizado-la-reunion-de-seguimiento-sobre-el-empleo-la-formacion-y-urolanprest\/#primaryimage"},"thumbnailUrl":"https:\/\/iraurgiberritzen.eus\/wp-content\/uploads\/2023\/09\/52847945d34c24d045f4f6bfeae5a17d.jpg","articleSection":["Noticias"],"inLanguage":"es"},{"@type":"WebPage","@id":"https:\/\/iraurgiberritzen.eus\/es\/agentes-y-representantes-de-ayuntamientos-de-la-comarca-han-realizado-la-reunion-de-seguimiento-sobre-el-empleo-la-formacion-y-urolanprest\/","url":"https:\/\/iraurgiberritzen.eus\/es\/agentes-y-representantes-de-ayuntamientos-de-la-comarca-han-realizado-la-reunion-de-seguimiento-sobre-el-empleo-la-formacion-y-urolanprest\/","name":"Agentes y representantes de ayuntamientos de la comarca han realizado la reuni\u00f3n de seguimiento sobre el empleo, la formaci\u00f3n y Urolanprest - Iraurgi Berritzen","isPartOf":{"@id":"https:\/\/iraurgiberritzen.eus\/es\/#website"},"primaryImageOfPage":{"@id":"https:\/\/iraurgiberritzen.eus\/es\/agentes-y-representantes-de-ayuntamientos-de-la-comarca-han-realizado-la-reunion-de-seguimiento-sobre-el-empleo-la-formacion-y-urolanprest\/#primaryimage"},"image":{"@id":"https:\/\/iraurgiberritzen.eus\/es\/agentes-y-representantes-de-ayuntamientos-de-la-comarca-han-realizado-la-reunion-de-seguimiento-sobre-el-empleo-la-formacion-y-urolanprest\/#primaryimage"},"thumbnailUrl":"https:\/\/iraurgiberritzen.eus\/wp-content\/uploads\/2023\/09\/52847945d34c24d045f4f6bfeae5a17d.jpg","datePublished":"2018-01-29T07:18:50+00:00","breadcrumb":{"@id":"https:\/\/iraurgiberritzen.eus\/es\/agentes-y-representantes-de-ayuntamientos-de-la-comarca-han-realizado-la-reunion-de-seguimiento-sobre-el-empleo-la-formacion-y-urolanprest\/#breadcrumb"},"inLanguage":"es","potentialAction":[{"@type":"ReadAction","target":["https:\/\/iraurgiberritzen.eus\/es\/agentes-y-representantes-de-ayuntamientos-de-la-comarca-han-realizado-la-reunion-de-seguimiento-sobre-el-empleo-la-formacion-y-urolanprest\/"]}]},{"@type":"ImageObject","inLanguage":"es","@id":"https:\/\/iraurgiberritzen.eus\/es\/agentes-y-representantes-de-ayuntamientos-de-la-comarca-han-realizado-la-reunion-de-seguimiento-sobre-el-empleo-la-formacion-y-urolanprest\/#primaryimage","url":"https:\/\/iraurgiberritzen.eus\/wp-content\/uploads\/2023\/09\/52847945d34c24d045f4f6bfeae5a17d.jpg","contentUrl":"https:\/\/iraurgiberritzen.eus\/wp-content\/uploads\/2023\/09\/52847945d34c24d045f4f6bfeae5a17d.jpg","width":600,"height":386},{"@type":"BreadcrumbList","@id":"https:\/\/iraurgiberritzen.eus\/es\/agentes-y-representantes-de-ayuntamientos-de-la-comarca-han-realizado-la-reunion-de-seguimiento-sobre-el-empleo-la-formacion-y-urolanprest\/#breadcrumb","itemListElement":[{"@type":"ListItem","position":1,"name":"Home","item":"https:\/\/iraurgiberritzen.eus\/es\/"},{"@type":"ListItem","position":2,"name":"Agentes y representantes de ayuntamientos de la comarca han realizado la reuni\u00f3n de seguimiento sobre el empleo, la formaci\u00f3n y Urolanprest"}]},{"@type":"WebSite","@id":"https:\/\/iraurgiberritzen.eus\/es\/#website","url":"https:\/\/iraurgiberritzen.eus\/es\/","name":"Iraurgi Berritzen","description":"Urola Erdiko Garapen Agentzia","publisher":{"@id":"https:\/\/iraurgiberritzen.eus\/es\/#organization"},"potentialAction":[{"@type":"SearchAction","target":{"@type":"EntryPoint","urlTemplate":"https:\/\/iraurgiberritzen.eus\/es\/?s={search_term_string}"},"query-input":{"@type":"PropertyValueSpecification","valueRequired":true,"valueName":"search_term_string"}}],"inLanguage":"es"},{"@type":"Organization","@id":"https:\/\/iraurgiberritzen.eus\/es\/#organization","name":"Iraurgi Berritzen","url":"https:\/\/iraurgiberritzen.eus\/es\/","logo":{"@type":"ImageObject","inLanguage":"es","@id":"https:\/\/iraurgiberritzen.eus\/es\/#\/schema\/logo\/image\/","url":"https:\/\/iraurgiberritzen.eus\/wp-content\/uploads\/2024\/02\/IRAURGI-BERRITZEN-logotipoa_2.png","contentUrl":"https:\/\/iraurgiberritzen.eus\/wp-content\/uploads\/2024\/02\/IRAURGI-BERRITZEN-logotipoa_2.png","width":496,"height":190,"caption":"Iraurgi Berritzen"},"image":{"@id":"https:\/\/iraurgiberritzen.eus\/es\/#\/schema\/logo\/image\/"}},{"@type":"Person","@id":"https:\/\/iraurgiberritzen.eus\/es\/#\/schema\/person\/5ab41aaf388a9097177601ebf45738d2","name":"kudeatzailea","sameAs":["https:\/\/iraurgiberritzen.eus"]}]}},"_links":{"self":[{"href":"https:\/\/iraurgiberritzen.eus\/es\/wp-json\/wp\/v2\/posts\/12310","targetHints":{"allow":["GET"]}}],"collection":[{"href":"https:\/\/iraurgiberritzen.eus\/es\/wp-json\/wp\/v2\/posts"}],"about":[{"href":"https:\/\/iraurgiberritzen.eus\/es\/wp-json\/wp\/v2\/types\/post"}],"author":[{"embeddable":true,"href":"https:\/\/iraurgiberritzen.eus\/es\/wp-json\/wp\/v2\/users\/1"}],"replies":[{"embeddable":true,"href":"https:\/\/iraurgiberritzen.eus\/es\/wp-json\/wp\/v2\/comments?post=12310"}],"version-history":[{"count":0,"href":"https:\/\/iraurgiberritzen.eus\/es\/wp-json\/wp\/v2\/posts\/12310\/revisions"}],"wp:featuredmedia":[{"embeddable":true,"href":"https:\/\/iraurgiberritzen.eus\/es\/wp-json\/wp\/v2\/media\/17908"}],"wp:attachment":[{"href":"https:\/\/iraurgiberritzen.eus\/es\/wp-json\/wp\/v2\/media?parent=12310"}],"wp:term":[{"taxonomy":"category","embeddable":true,"href":"https:\/\/iraurgiberritzen.eus\/es\/wp-json\/wp\/v2\/categories?post=12310"},{"taxonomy":"post_tag","embeddable":true,"href":"https:\/\/iraurgiberritzen.eus\/es\/wp-json\/wp\/v2\/tags?post=12310"}],"curies":[{"name":"wp","href":"https:\/\/api.w.org\/{rel}","templated":true}]}}