{"id":12313,"date":"2018-01-31T11:22:55","date_gmt":"2018-01-31T09:22:55","guid":{"rendered":"https:\/\/iraurgiberritzen.eus\/los-participantes-de-hazilan-camino-al-emprendimiento\/"},"modified":"2018-01-31T11:22:55","modified_gmt":"2018-01-31T09:22:55","slug":"los-participantes-de-hazilan-camino-al-emprendimiento","status":"publish","type":"post","link":"https:\/\/iraurgiberritzen.eus\/es\/los-participantes-de-hazilan-camino-al-emprendimiento\/","title":{"rendered":"Los participantes de HAZILAN camino al emprendimiento"},"content":{"rendered":"<p><span style=\"font-size: 11pt; font-family: Helvetica;\">El \u00e1rea de emprendimiento de Iraurgi Berritzen ha querido promover la faceta emprendedora de los j\u00f3venes,<\/span><\/p>\n<p style=\"text-align: justify;\">dentro del programa HAZILAN que busca la inserci\u00f3n laboral de personas cualificadas<\/p>\n<p style=\"text-align: justify;\">En la jornada se ha realizado una din\u00e1mica partiendo de una investigaci\u00f3n de mercado que realiz\u00f3 la agencia EUROGAP donde los j\u00f3venes dependiendo de su perfil y analizando necesidades reales de la comarca, han propuesto y analizado diferentes ideas de negocio.<\/p>\n<p style=\"text-align: justify;\">El objetivo principal del \u00e1rea del emprendimiento es convertirse en referente en la comarca, facilitando recursos adaptados a los emprendedores y acampan\u00e1ndoles en todo su recorrido, en colaboraci\u00f3n con los agentes que tienen relaci\u00f3n directa e indirecta con el emprendimiento.<\/p>\n","protected":false},"excerpt":{"rendered":"<p>El \u00e1rea de emprendimiento de Iraurgi Berritzen ha querido promover la faceta emprendedora de los j\u00f3venes, dentro del programa HAZILAN que busca la inserci\u00f3n laboral de personas cualificadas En la jornada se ha realizado una din\u00e1mica partiendo de una investigaci\u00f3n de mercado que realiz\u00f3 la agencia EUROGAP donde los j\u00f3venes dependiendo de su perfil y [&hellip;]<\/p>\n","protected":false},"author":1,"featured_media":17909,"comment_status":"","ping_status":"closed","sticky":false,"template":"","format":"standard","meta":{"_acf_changed":false,"footnotes":""},"categories":[4],"tags":[],"class_list":["post-12313","post","type-post","status-publish","format-standard","has-post-thumbnail","hentry","category-noticias"],"acf":[],"yoast_head":"<!-- This site is optimized with the Yoast SEO plugin v27.4 - https:\/\/yoast.com\/product\/yoast-seo-wordpress\/ -->\n<title>Los participantes de HAZILAN camino al emprendimiento - Iraurgi Berritzen<\/title>\n<meta name=\"robots\" content=\"index, follow, max-snippet:-1, max-image-preview:large, max-video-preview:-1\" \/>\n<link rel=\"canonical\" href=\"https:\/\/iraurgiberritzen.eus\/es\/los-participantes-de-hazilan-camino-al-emprendimiento\/\" \/>\n<meta property=\"og:locale\" content=\"es_ES\" \/>\n<meta property=\"og:type\" content=\"article\" \/>\n<meta property=\"og:title\" content=\"Los participantes de HAZILAN camino al emprendimiento - Iraurgi Berritzen\" \/>\n<meta property=\"og:description\" content=\"El \u00e1rea de emprendimiento de Iraurgi Berritzen ha querido promover la faceta emprendedora de los j\u00f3venes, dentro del programa HAZILAN que busca la inserci\u00f3n laboral de personas cualificadas En la jornada se ha realizado una din\u00e1mica partiendo de una investigaci\u00f3n de mercado que realiz\u00f3 la agencia EUROGAP donde los j\u00f3venes dependiendo de su perfil y [&hellip;]\" \/>\n<meta property=\"og:url\" content=\"https:\/\/iraurgiberritzen.eus\/es\/los-participantes-de-hazilan-camino-al-emprendimiento\/\" \/>\n<meta property=\"og:site_name\" content=\"Iraurgi Berritzen\" \/>\n<meta property=\"article:published_time\" content=\"2018-01-31T09:22:55+00:00\" \/>\n<meta name=\"author\" content=\"kudeatzailea\" \/>\n<meta name=\"twitter:card\" content=\"summary_large_image\" \/>\n<meta name=\"twitter:label1\" content=\"Escrito por\" \/>\n\t<meta name=\"twitter:data1\" content=\"kudeatzailea\" \/>\n\t<meta name=\"twitter:label2\" content=\"Tiempo de lectura\" \/>\n\t<meta name=\"twitter:data2\" content=\"1 minuto\" \/>\n<script type=\"application\/ld+json\" class=\"yoast-schema-graph\">{\"@context\":\"https:\\\/\\\/schema.org\",\"@graph\":[{\"@type\":\"Article\",\"@id\":\"https:\\\/\\\/iraurgiberritzen.eus\\\/es\\\/los-participantes-de-hazilan-camino-al-emprendimiento\\\/#article\",\"isPartOf\":{\"@id\":\"https:\\\/\\\/iraurgiberritzen.eus\\\/es\\\/los-participantes-de-hazilan-camino-al-emprendimiento\\\/\"},\"author\":{\"name\":\"kudeatzailea\",\"@id\":\"https:\\\/\\\/iraurgiberritzen.eus\\\/es\\\/#\\\/schema\\\/person\\\/5ab41aaf388a9097177601ebf45738d2\"},\"headline\":\"Los participantes de HAZILAN camino al emprendimiento\",\"datePublished\":\"2018-01-31T09:22:55+00:00\",\"mainEntityOfPage\":{\"@id\":\"https:\\\/\\\/iraurgiberritzen.eus\\\/es\\\/los-participantes-de-hazilan-camino-al-emprendimiento\\\/\"},\"wordCount\":124,\"publisher\":{\"@id\":\"https:\\\/\\\/iraurgiberritzen.eus\\\/es\\\/#organization\"},\"image\":{\"@id\":\"https:\\\/\\\/iraurgiberritzen.eus\\\/es\\\/los-participantes-de-hazilan-camino-al-emprendimiento\\\/#primaryimage\"},\"thumbnailUrl\":\"https:\\\/\\\/iraurgiberritzen.eus\\\/wp-content\\\/uploads\\\/2023\\\/09\\\/4c704b823894e663c696fb5ee0a8793f.jpg\",\"articleSection\":[\"Noticias\"],\"inLanguage\":\"es\"},{\"@type\":\"WebPage\",\"@id\":\"https:\\\/\\\/iraurgiberritzen.eus\\\/es\\\/los-participantes-de-hazilan-camino-al-emprendimiento\\\/\",\"url\":\"https:\\\/\\\/iraurgiberritzen.eus\\\/es\\\/los-participantes-de-hazilan-camino-al-emprendimiento\\\/\",\"name\":\"Los participantes de HAZILAN camino al emprendimiento - Iraurgi Berritzen\",\"isPartOf\":{\"@id\":\"https:\\\/\\\/iraurgiberritzen.eus\\\/es\\\/#website\"},\"primaryImageOfPage\":{\"@id\":\"https:\\\/\\\/iraurgiberritzen.eus\\\/es\\\/los-participantes-de-hazilan-camino-al-emprendimiento\\\/#primaryimage\"},\"image\":{\"@id\":\"https:\\\/\\\/iraurgiberritzen.eus\\\/es\\\/los-participantes-de-hazilan-camino-al-emprendimiento\\\/#primaryimage\"},\"thumbnailUrl\":\"https:\\\/\\\/iraurgiberritzen.eus\\\/wp-content\\\/uploads\\\/2023\\\/09\\\/4c704b823894e663c696fb5ee0a8793f.jpg\",\"datePublished\":\"2018-01-31T09:22:55+00:00\",\"breadcrumb\":{\"@id\":\"https:\\\/\\\/iraurgiberritzen.eus\\\/es\\\/los-participantes-de-hazilan-camino-al-emprendimiento\\\/#breadcrumb\"},\"inLanguage\":\"es\",\"potentialAction\":[{\"@type\":\"ReadAction\",\"target\":[\"https:\\\/\\\/iraurgiberritzen.eus\\\/es\\\/los-participantes-de-hazilan-camino-al-emprendimiento\\\/\"]}]},{\"@type\":\"ImageObject\",\"inLanguage\":\"es\",\"@id\":\"https:\\\/\\\/iraurgiberritzen.eus\\\/es\\\/los-participantes-de-hazilan-camino-al-emprendimiento\\\/#primaryimage\",\"url\":\"https:\\\/\\\/iraurgiberritzen.eus\\\/wp-content\\\/uploads\\\/2023\\\/09\\\/4c704b823894e663c696fb5ee0a8793f.jpg\",\"contentUrl\":\"https:\\\/\\\/iraurgiberritzen.eus\\\/wp-content\\\/uploads\\\/2023\\\/09\\\/4c704b823894e663c696fb5ee0a8793f.jpg\",\"width\":600,\"height\":386},{\"@type\":\"BreadcrumbList\",\"@id\":\"https:\\\/\\\/iraurgiberritzen.eus\\\/es\\\/los-participantes-de-hazilan-camino-al-emprendimiento\\\/#breadcrumb\",\"itemListElement\":[{\"@type\":\"ListItem\",\"position\":1,\"name\":\"Home\",\"item\":\"https:\\\/\\\/iraurgiberritzen.eus\\\/es\\\/\"},{\"@type\":\"ListItem\",\"position\":2,\"name\":\"Los participantes de HAZILAN camino al emprendimiento\"}]},{\"@type\":\"WebSite\",\"@id\":\"https:\\\/\\\/iraurgiberritzen.eus\\\/es\\\/#website\",\"url\":\"https:\\\/\\\/iraurgiberritzen.eus\\\/es\\\/\",\"name\":\"Iraurgi Berritzen\",\"description\":\"Urola Erdiko Garapen Agentzia\",\"publisher\":{\"@id\":\"https:\\\/\\\/iraurgiberritzen.eus\\\/es\\\/#organization\"},\"potentialAction\":[{\"@type\":\"SearchAction\",\"target\":{\"@type\":\"EntryPoint\",\"urlTemplate\":\"https:\\\/\\\/iraurgiberritzen.eus\\\/es\\\/?s={search_term_string}\"},\"query-input\":{\"@type\":\"PropertyValueSpecification\",\"valueRequired\":true,\"valueName\":\"search_term_string\"}}],\"inLanguage\":\"es\"},{\"@type\":\"Organization\",\"@id\":\"https:\\\/\\\/iraurgiberritzen.eus\\\/es\\\/#organization\",\"name\":\"Iraurgi Berritzen\",\"url\":\"https:\\\/\\\/iraurgiberritzen.eus\\\/es\\\/\",\"logo\":{\"@type\":\"ImageObject\",\"inLanguage\":\"es\",\"@id\":\"https:\\\/\\\/iraurgiberritzen.eus\\\/es\\\/#\\\/schema\\\/logo\\\/image\\\/\",\"url\":\"https:\\\/\\\/iraurgiberritzen.eus\\\/wp-content\\\/uploads\\\/2024\\\/02\\\/IRAURGI-BERRITZEN-logotipoa_2.png\",\"contentUrl\":\"https:\\\/\\\/iraurgiberritzen.eus\\\/wp-content\\\/uploads\\\/2024\\\/02\\\/IRAURGI-BERRITZEN-logotipoa_2.png\",\"width\":496,\"height\":190,\"caption\":\"Iraurgi Berritzen\"},\"image\":{\"@id\":\"https:\\\/\\\/iraurgiberritzen.eus\\\/es\\\/#\\\/schema\\\/logo\\\/image\\\/\"}},{\"@type\":\"Person\",\"@id\":\"https:\\\/\\\/iraurgiberritzen.eus\\\/es\\\/#\\\/schema\\\/person\\\/5ab41aaf388a9097177601ebf45738d2\",\"name\":\"kudeatzailea\",\"sameAs\":[\"https:\\\/\\\/iraurgiberritzen.eus\"]}]}<\/script>\n<!-- \/ Yoast SEO plugin. -->","yoast_head_json":{"title":"Los participantes de HAZILAN camino al emprendimiento - Iraurgi Berritzen","robots":{"index":"index","follow":"follow","max-snippet":"max-snippet:-1","max-image-preview":"max-image-preview:large","max-video-preview":"max-video-preview:-1"},"canonical":"https:\/\/iraurgiberritzen.eus\/es\/los-participantes-de-hazilan-camino-al-emprendimiento\/","og_locale":"es_ES","og_type":"article","og_title":"Los participantes de HAZILAN camino al emprendimiento - Iraurgi Berritzen","og_description":"El \u00e1rea de emprendimiento de Iraurgi Berritzen ha querido promover la faceta emprendedora de los j\u00f3venes, dentro del programa HAZILAN que busca la inserci\u00f3n laboral de personas cualificadas En la jornada se ha realizado una din\u00e1mica partiendo de una investigaci\u00f3n de mercado que realiz\u00f3 la agencia EUROGAP donde los j\u00f3venes dependiendo de su perfil y [&hellip;]","og_url":"https:\/\/iraurgiberritzen.eus\/es\/los-participantes-de-hazilan-camino-al-emprendimiento\/","og_site_name":"Iraurgi Berritzen","article_published_time":"2018-01-31T09:22:55+00:00","author":"kudeatzailea","twitter_card":"summary_large_image","twitter_misc":{"Escrito por":"kudeatzailea","Tiempo de lectura":"1 minuto"},"schema":{"@context":"https:\/\/schema.org","@graph":[{"@type":"Article","@id":"https:\/\/iraurgiberritzen.eus\/es\/los-participantes-de-hazilan-camino-al-emprendimiento\/#article","isPartOf":{"@id":"https:\/\/iraurgiberritzen.eus\/es\/los-participantes-de-hazilan-camino-al-emprendimiento\/"},"author":{"name":"kudeatzailea","@id":"https:\/\/iraurgiberritzen.eus\/es\/#\/schema\/person\/5ab41aaf388a9097177601ebf45738d2"},"headline":"Los participantes de HAZILAN camino al emprendimiento","datePublished":"2018-01-31T09:22:55+00:00","mainEntityOfPage":{"@id":"https:\/\/iraurgiberritzen.eus\/es\/los-participantes-de-hazilan-camino-al-emprendimiento\/"},"wordCount":124,"publisher":{"@id":"https:\/\/iraurgiberritzen.eus\/es\/#organization"},"image":{"@id":"https:\/\/iraurgiberritzen.eus\/es\/los-participantes-de-hazilan-camino-al-emprendimiento\/#primaryimage"},"thumbnailUrl":"https:\/\/iraurgiberritzen.eus\/wp-content\/uploads\/2023\/09\/4c704b823894e663c696fb5ee0a8793f.jpg","articleSection":["Noticias"],"inLanguage":"es"},{"@type":"WebPage","@id":"https:\/\/iraurgiberritzen.eus\/es\/los-participantes-de-hazilan-camino-al-emprendimiento\/","url":"https:\/\/iraurgiberritzen.eus\/es\/los-participantes-de-hazilan-camino-al-emprendimiento\/","name":"Los participantes de HAZILAN camino al emprendimiento - Iraurgi Berritzen","isPartOf":{"@id":"https:\/\/iraurgiberritzen.eus\/es\/#website"},"primaryImageOfPage":{"@id":"https:\/\/iraurgiberritzen.eus\/es\/los-participantes-de-hazilan-camino-al-emprendimiento\/#primaryimage"},"image":{"@id":"https:\/\/iraurgiberritzen.eus\/es\/los-participantes-de-hazilan-camino-al-emprendimiento\/#primaryimage"},"thumbnailUrl":"https:\/\/iraurgiberritzen.eus\/wp-content\/uploads\/2023\/09\/4c704b823894e663c696fb5ee0a8793f.jpg","datePublished":"2018-01-31T09:22:55+00:00","breadcrumb":{"@id":"https:\/\/iraurgiberritzen.eus\/es\/los-participantes-de-hazilan-camino-al-emprendimiento\/#breadcrumb"},"inLanguage":"es","potentialAction":[{"@type":"ReadAction","target":["https:\/\/iraurgiberritzen.eus\/es\/los-participantes-de-hazilan-camino-al-emprendimiento\/"]}]},{"@type":"ImageObject","inLanguage":"es","@id":"https:\/\/iraurgiberritzen.eus\/es\/los-participantes-de-hazilan-camino-al-emprendimiento\/#primaryimage","url":"https:\/\/iraurgiberritzen.eus\/wp-content\/uploads\/2023\/09\/4c704b823894e663c696fb5ee0a8793f.jpg","contentUrl":"https:\/\/iraurgiberritzen.eus\/wp-content\/uploads\/2023\/09\/4c704b823894e663c696fb5ee0a8793f.jpg","width":600,"height":386},{"@type":"BreadcrumbList","@id":"https:\/\/iraurgiberritzen.eus\/es\/los-participantes-de-hazilan-camino-al-emprendimiento\/#breadcrumb","itemListElement":[{"@type":"ListItem","position":1,"name":"Home","item":"https:\/\/iraurgiberritzen.eus\/es\/"},{"@type":"ListItem","position":2,"name":"Los participantes de HAZILAN camino al emprendimiento"}]},{"@type":"WebSite","@id":"https:\/\/iraurgiberritzen.eus\/es\/#website","url":"https:\/\/iraurgiberritzen.eus\/es\/","name":"Iraurgi Berritzen","description":"Urola Erdiko Garapen Agentzia","publisher":{"@id":"https:\/\/iraurgiberritzen.eus\/es\/#organization"},"potentialAction":[{"@type":"SearchAction","target":{"@type":"EntryPoint","urlTemplate":"https:\/\/iraurgiberritzen.eus\/es\/?s={search_term_string}"},"query-input":{"@type":"PropertyValueSpecification","valueRequired":true,"valueName":"search_term_string"}}],"inLanguage":"es"},{"@type":"Organization","@id":"https:\/\/iraurgiberritzen.eus\/es\/#organization","name":"Iraurgi Berritzen","url":"https:\/\/iraurgiberritzen.eus\/es\/","logo":{"@type":"ImageObject","inLanguage":"es","@id":"https:\/\/iraurgiberritzen.eus\/es\/#\/schema\/logo\/image\/","url":"https:\/\/iraurgiberritzen.eus\/wp-content\/uploads\/2024\/02\/IRAURGI-BERRITZEN-logotipoa_2.png","contentUrl":"https:\/\/iraurgiberritzen.eus\/wp-content\/uploads\/2024\/02\/IRAURGI-BERRITZEN-logotipoa_2.png","width":496,"height":190,"caption":"Iraurgi Berritzen"},"image":{"@id":"https:\/\/iraurgiberritzen.eus\/es\/#\/schema\/logo\/image\/"}},{"@type":"Person","@id":"https:\/\/iraurgiberritzen.eus\/es\/#\/schema\/person\/5ab41aaf388a9097177601ebf45738d2","name":"kudeatzailea","sameAs":["https:\/\/iraurgiberritzen.eus"]}]}},"_links":{"self":[{"href":"https:\/\/iraurgiberritzen.eus\/es\/wp-json\/wp\/v2\/posts\/12313","targetHints":{"allow":["GET"]}}],"collection":[{"href":"https:\/\/iraurgiberritzen.eus\/es\/wp-json\/wp\/v2\/posts"}],"about":[{"href":"https:\/\/iraurgiberritzen.eus\/es\/wp-json\/wp\/v2\/types\/post"}],"author":[{"embeddable":true,"href":"https:\/\/iraurgiberritzen.eus\/es\/wp-json\/wp\/v2\/users\/1"}],"replies":[{"embeddable":true,"href":"https:\/\/iraurgiberritzen.eus\/es\/wp-json\/wp\/v2\/comments?post=12313"}],"version-history":[{"count":0,"href":"https:\/\/iraurgiberritzen.eus\/es\/wp-json\/wp\/v2\/posts\/12313\/revisions"}],"wp:featuredmedia":[{"embeddable":true,"href":"https:\/\/iraurgiberritzen.eus\/es\/wp-json\/wp\/v2\/media\/17909"}],"wp:attachment":[{"href":"https:\/\/iraurgiberritzen.eus\/es\/wp-json\/wp\/v2\/media?parent=12313"}],"wp:term":[{"taxonomy":"category","embeddable":true,"href":"https:\/\/iraurgiberritzen.eus\/es\/wp-json\/wp\/v2\/categories?post=12313"},{"taxonomy":"post_tag","embeddable":true,"href":"https:\/\/iraurgiberritzen.eus\/es\/wp-json\/wp\/v2\/tags?post=12313"}],"curies":[{"name":"wp","href":"https:\/\/api.w.org\/{rel}","templated":true}]}}