{"id":12316,"date":"2018-02-01T09:55:38","date_gmt":"2018-02-01T07:55:38","guid":{"rendered":"https:\/\/iraurgiberritzen.eus\/oferta-formativa-abierta-en-urola-erdia\/"},"modified":"2018-02-01T09:55:38","modified_gmt":"2018-02-01T07:55:38","slug":"oferta-formativa-abierta-en-urola-erdia","status":"publish","type":"post","link":"https:\/\/iraurgiberritzen.eus\/es\/oferta-formativa-abierta-en-urola-erdia\/","title":{"rendered":"Oferta formativa abierta en Urola Erdia"},"content":{"rendered":"<p>Pr\u00f3ximamente, se ofertar\u00e1n diferentes cursos formativos en la comarca dirigidos a desempleados y trabajadores en activo para ayudar a la incorporaci\u00f3n laborar y\/o mejora de competencias profesionales.<\/p>\n<p style=\"text-align: justify;\">Estos cursos han sido organizados por diferentes agentes, siendo su objetivo ofrecer la capacidad necesaria para insertase en el mercado de trabajo de la comarca. Para ello, se han tenido en cuenta las necesidades de perfiles de empresas y el perfil de personas desempleadas de la comarca. Actualmente, teniendo en cuenta que el 72% de desempleados de la comarca tienen estudios primarios, se considera necesaria la concienciaci\u00f3n por parte de todos los agentes para que \u00e9stos se formen, as\u00ed como fortalecer la oferta formativa con el fin insertar en el mundo laboral a los desempleados.<\/p>\n<p style=\"text-align: justify;\">Tanto en la actualidad como en los pr\u00f3ximos tres a\u00f1os, el sector industrial de la comarca tendr\u00e1 la necesidad de contratar a m\u00e1s de 200 personas con estudios de formaci\u00f3n profesional del \u00e1mbito de la m\u00e1quina herramienta o con certificado profesional. La industria c\u00e1rnica del primer sector y los comerciantes tambi\u00e9n ven la necesidad de contratar a trabajadores cualificados.<\/p>\n<p style=\"text-align: justify;\">Para satisfacer las necesidades de diferentes sectores a la hora de contratar personas cualificadas, se han organizado varios cursos t\u00e9cnicos que hemos resumido en la siguiente tabla. Adem\u00e1s de \u00e9stos, la oferta de TIC y otros cursos se puede ver en la web <a href=\"http:\/\/www.urolanprest.eus\">www.urolanprest.eus<\/a>&nbsp;junto con las ofertas laborales actuales de la comarca.<\/p>\n<p style=\"text-align: justify;\">La p\u00e1gina web de Urolanprest es el punto de encuentro de referencia que re\u00fane la informaci\u00f3n global de agentes de empleo, orientaci\u00f3n y formaci\u00f3n de Urola Erdia. M\u00e1s all\u00e1 de este portal, se ha creado un espacio colaborativo denominado Urolanprest para la colaboraci\u00f3n en el desarrollo de nuevas inici\u00e1ticas de promoci\u00f3n de empleo y capacitaci\u00f3n en la comarca. Los participantes en esta iniciativa son, Iraurgi Berritzen, Cepa, Bozi, Azkoitiko eta Azpeitiko Gazte Bulegoa, Lanbide, Sartu Zabaltzen, Urola Lanbide Heziketa, Katealegaia, KZ, Gureak, Urolalde, y los Ayuntamientos de Azpeitia, Azkoitia, Zestoa, Aizarnazabal y Beizama.<\/p>\n<p style=\"text-align: justify;\">En la reuni\u00f3n celebrada el pasado 24 de enero, todos los agentes presentaron la oferta formativa de los pr\u00f3ximos meses, as\u00ed como las ofertas de trabajo que est\u00e1n recibiendo desde diferentes sectores.<\/p>\n<p style=\"text-align: justify;\">Entre otros fueron estos los compromisos adoptados de cara a futuro: la concienciaci\u00f3n para la formaci\u00f3n de desempleados, la organizaci\u00f3n de diferentes cursos de distintos sectores con compromiso de contrataci\u00f3n, y la unificaci\u00f3n de estos cursos con los programas de orientaci\u00f3n para desempleados.<\/p>\n<p><a href=\"images\/iraurgiberritzen\/Enplegua\/2018\/1_IKASLAN_-_Langabetuentzat_Ikastaro_zerrenda_Urola_Erdian_2018.pdf\" target=\"_blank\" rel=\"noopener\">Listado de cursos<\/a><\/p>\n","protected":false},"excerpt":{"rendered":"<p>Pr\u00f3ximamente, se ofertar\u00e1n diferentes cursos formativos en la comarca dirigidos a desempleados y trabajadores en activo para ayudar a la incorporaci\u00f3n laborar y\/o mejora de competencias profesionales. Estos cursos han sido organizados por diferentes agentes, siendo su objetivo ofrecer la capacidad necesaria para insertase en el mercado de trabajo de la comarca. Para ello, se [&hellip;]<\/p>\n","protected":false},"author":1,"featured_media":17910,"comment_status":"","ping_status":"closed","sticky":false,"template":"","format":"standard","meta":{"_acf_changed":false,"footnotes":""},"categories":[4],"tags":[],"class_list":["post-12316","post","type-post","status-publish","format-standard","has-post-thumbnail","hentry","category-noticias"],"acf":[],"yoast_head":"<!-- This site is optimized with the Yoast SEO plugin v27.4 - https:\/\/yoast.com\/product\/yoast-seo-wordpress\/ -->\n<title>Oferta formativa abierta en Urola Erdia - Iraurgi Berritzen<\/title>\n<meta name=\"robots\" content=\"index, follow, max-snippet:-1, max-image-preview:large, max-video-preview:-1\" \/>\n<link rel=\"canonical\" href=\"https:\/\/iraurgiberritzen.eus\/es\/oferta-formativa-abierta-en-urola-erdia\/\" \/>\n<meta property=\"og:locale\" content=\"es_ES\" \/>\n<meta property=\"og:type\" content=\"article\" \/>\n<meta property=\"og:title\" content=\"Oferta formativa abierta en Urola Erdia - Iraurgi Berritzen\" \/>\n<meta property=\"og:description\" content=\"Pr\u00f3ximamente, se ofertar\u00e1n diferentes cursos formativos en la comarca dirigidos a desempleados y trabajadores en activo para ayudar a la incorporaci\u00f3n laborar y\/o mejora de competencias profesionales. Estos cursos han sido organizados por diferentes agentes, siendo su objetivo ofrecer la capacidad necesaria para insertase en el mercado de trabajo de la comarca. Para ello, se [&hellip;]\" \/>\n<meta property=\"og:url\" content=\"https:\/\/iraurgiberritzen.eus\/es\/oferta-formativa-abierta-en-urola-erdia\/\" \/>\n<meta property=\"og:site_name\" content=\"Iraurgi Berritzen\" \/>\n<meta property=\"article:published_time\" content=\"2018-02-01T07:55:38+00:00\" \/>\n<meta name=\"author\" content=\"kudeatzailea\" \/>\n<meta name=\"twitter:card\" content=\"summary_large_image\" \/>\n<meta name=\"twitter:label1\" content=\"Escrito por\" \/>\n\t<meta name=\"twitter:data1\" content=\"kudeatzailea\" \/>\n\t<meta name=\"twitter:label2\" content=\"Tiempo de lectura\" \/>\n\t<meta name=\"twitter:data2\" content=\"2 minutos\" \/>\n<script type=\"application\/ld+json\" class=\"yoast-schema-graph\">{\"@context\":\"https:\\\/\\\/schema.org\",\"@graph\":[{\"@type\":\"Article\",\"@id\":\"https:\\\/\\\/iraurgiberritzen.eus\\\/es\\\/oferta-formativa-abierta-en-urola-erdia\\\/#article\",\"isPartOf\":{\"@id\":\"https:\\\/\\\/iraurgiberritzen.eus\\\/es\\\/oferta-formativa-abierta-en-urola-erdia\\\/\"},\"author\":{\"name\":\"kudeatzailea\",\"@id\":\"https:\\\/\\\/iraurgiberritzen.eus\\\/es\\\/#\\\/schema\\\/person\\\/5ab41aaf388a9097177601ebf45738d2\"},\"headline\":\"Oferta formativa abierta en Urola Erdia\",\"datePublished\":\"2018-02-01T07:55:38+00:00\",\"mainEntityOfPage\":{\"@id\":\"https:\\\/\\\/iraurgiberritzen.eus\\\/es\\\/oferta-formativa-abierta-en-urola-erdia\\\/\"},\"wordCount\":444,\"publisher\":{\"@id\":\"https:\\\/\\\/iraurgiberritzen.eus\\\/es\\\/#organization\"},\"image\":{\"@id\":\"https:\\\/\\\/iraurgiberritzen.eus\\\/es\\\/oferta-formativa-abierta-en-urola-erdia\\\/#primaryimage\"},\"thumbnailUrl\":\"https:\\\/\\\/iraurgiberritzen.eus\\\/wp-content\\\/uploads\\\/2023\\\/09\\\/3de37b3f2de6564a2ea064ec2afe25d4.jpg\",\"articleSection\":[\"Noticias\"],\"inLanguage\":\"es\"},{\"@type\":\"WebPage\",\"@id\":\"https:\\\/\\\/iraurgiberritzen.eus\\\/es\\\/oferta-formativa-abierta-en-urola-erdia\\\/\",\"url\":\"https:\\\/\\\/iraurgiberritzen.eus\\\/es\\\/oferta-formativa-abierta-en-urola-erdia\\\/\",\"name\":\"Oferta formativa abierta en Urola Erdia - Iraurgi Berritzen\",\"isPartOf\":{\"@id\":\"https:\\\/\\\/iraurgiberritzen.eus\\\/es\\\/#website\"},\"primaryImageOfPage\":{\"@id\":\"https:\\\/\\\/iraurgiberritzen.eus\\\/es\\\/oferta-formativa-abierta-en-urola-erdia\\\/#primaryimage\"},\"image\":{\"@id\":\"https:\\\/\\\/iraurgiberritzen.eus\\\/es\\\/oferta-formativa-abierta-en-urola-erdia\\\/#primaryimage\"},\"thumbnailUrl\":\"https:\\\/\\\/iraurgiberritzen.eus\\\/wp-content\\\/uploads\\\/2023\\\/09\\\/3de37b3f2de6564a2ea064ec2afe25d4.jpg\",\"datePublished\":\"2018-02-01T07:55:38+00:00\",\"breadcrumb\":{\"@id\":\"https:\\\/\\\/iraurgiberritzen.eus\\\/es\\\/oferta-formativa-abierta-en-urola-erdia\\\/#breadcrumb\"},\"inLanguage\":\"es\",\"potentialAction\":[{\"@type\":\"ReadAction\",\"target\":[\"https:\\\/\\\/iraurgiberritzen.eus\\\/es\\\/oferta-formativa-abierta-en-urola-erdia\\\/\"]}]},{\"@type\":\"ImageObject\",\"inLanguage\":\"es\",\"@id\":\"https:\\\/\\\/iraurgiberritzen.eus\\\/es\\\/oferta-formativa-abierta-en-urola-erdia\\\/#primaryimage\",\"url\":\"https:\\\/\\\/iraurgiberritzen.eus\\\/wp-content\\\/uploads\\\/2023\\\/09\\\/3de37b3f2de6564a2ea064ec2afe25d4.jpg\",\"contentUrl\":\"https:\\\/\\\/iraurgiberritzen.eus\\\/wp-content\\\/uploads\\\/2023\\\/09\\\/3de37b3f2de6564a2ea064ec2afe25d4.jpg\",\"width\":600,\"height\":386},{\"@type\":\"BreadcrumbList\",\"@id\":\"https:\\\/\\\/iraurgiberritzen.eus\\\/es\\\/oferta-formativa-abierta-en-urola-erdia\\\/#breadcrumb\",\"itemListElement\":[{\"@type\":\"ListItem\",\"position\":1,\"name\":\"Home\",\"item\":\"https:\\\/\\\/iraurgiberritzen.eus\\\/es\\\/\"},{\"@type\":\"ListItem\",\"position\":2,\"name\":\"Oferta formativa abierta en Urola Erdia\"}]},{\"@type\":\"WebSite\",\"@id\":\"https:\\\/\\\/iraurgiberritzen.eus\\\/es\\\/#website\",\"url\":\"https:\\\/\\\/iraurgiberritzen.eus\\\/es\\\/\",\"name\":\"Iraurgi Berritzen\",\"description\":\"Urola Erdiko Garapen Agentzia\",\"publisher\":{\"@id\":\"https:\\\/\\\/iraurgiberritzen.eus\\\/es\\\/#organization\"},\"potentialAction\":[{\"@type\":\"SearchAction\",\"target\":{\"@type\":\"EntryPoint\",\"urlTemplate\":\"https:\\\/\\\/iraurgiberritzen.eus\\\/es\\\/?s={search_term_string}\"},\"query-input\":{\"@type\":\"PropertyValueSpecification\",\"valueRequired\":true,\"valueName\":\"search_term_string\"}}],\"inLanguage\":\"es\"},{\"@type\":\"Organization\",\"@id\":\"https:\\\/\\\/iraurgiberritzen.eus\\\/es\\\/#organization\",\"name\":\"Iraurgi Berritzen\",\"url\":\"https:\\\/\\\/iraurgiberritzen.eus\\\/es\\\/\",\"logo\":{\"@type\":\"ImageObject\",\"inLanguage\":\"es\",\"@id\":\"https:\\\/\\\/iraurgiberritzen.eus\\\/es\\\/#\\\/schema\\\/logo\\\/image\\\/\",\"url\":\"https:\\\/\\\/iraurgiberritzen.eus\\\/wp-content\\\/uploads\\\/2024\\\/02\\\/IRAURGI-BERRITZEN-logotipoa_2.png\",\"contentUrl\":\"https:\\\/\\\/iraurgiberritzen.eus\\\/wp-content\\\/uploads\\\/2024\\\/02\\\/IRAURGI-BERRITZEN-logotipoa_2.png\",\"width\":496,\"height\":190,\"caption\":\"Iraurgi Berritzen\"},\"image\":{\"@id\":\"https:\\\/\\\/iraurgiberritzen.eus\\\/es\\\/#\\\/schema\\\/logo\\\/image\\\/\"}},{\"@type\":\"Person\",\"@id\":\"https:\\\/\\\/iraurgiberritzen.eus\\\/es\\\/#\\\/schema\\\/person\\\/5ab41aaf388a9097177601ebf45738d2\",\"name\":\"kudeatzailea\",\"sameAs\":[\"https:\\\/\\\/iraurgiberritzen.eus\"]}]}<\/script>\n<!-- \/ Yoast SEO plugin. -->","yoast_head_json":{"title":"Oferta formativa abierta en Urola Erdia - Iraurgi Berritzen","robots":{"index":"index","follow":"follow","max-snippet":"max-snippet:-1","max-image-preview":"max-image-preview:large","max-video-preview":"max-video-preview:-1"},"canonical":"https:\/\/iraurgiberritzen.eus\/es\/oferta-formativa-abierta-en-urola-erdia\/","og_locale":"es_ES","og_type":"article","og_title":"Oferta formativa abierta en Urola Erdia - Iraurgi Berritzen","og_description":"Pr\u00f3ximamente, se ofertar\u00e1n diferentes cursos formativos en la comarca dirigidos a desempleados y trabajadores en activo para ayudar a la incorporaci\u00f3n laborar y\/o mejora de competencias profesionales. Estos cursos han sido organizados por diferentes agentes, siendo su objetivo ofrecer la capacidad necesaria para insertase en el mercado de trabajo de la comarca. Para ello, se [&hellip;]","og_url":"https:\/\/iraurgiberritzen.eus\/es\/oferta-formativa-abierta-en-urola-erdia\/","og_site_name":"Iraurgi Berritzen","article_published_time":"2018-02-01T07:55:38+00:00","author":"kudeatzailea","twitter_card":"summary_large_image","twitter_misc":{"Escrito por":"kudeatzailea","Tiempo de lectura":"2 minutos"},"schema":{"@context":"https:\/\/schema.org","@graph":[{"@type":"Article","@id":"https:\/\/iraurgiberritzen.eus\/es\/oferta-formativa-abierta-en-urola-erdia\/#article","isPartOf":{"@id":"https:\/\/iraurgiberritzen.eus\/es\/oferta-formativa-abierta-en-urola-erdia\/"},"author":{"name":"kudeatzailea","@id":"https:\/\/iraurgiberritzen.eus\/es\/#\/schema\/person\/5ab41aaf388a9097177601ebf45738d2"},"headline":"Oferta formativa abierta en Urola Erdia","datePublished":"2018-02-01T07:55:38+00:00","mainEntityOfPage":{"@id":"https:\/\/iraurgiberritzen.eus\/es\/oferta-formativa-abierta-en-urola-erdia\/"},"wordCount":444,"publisher":{"@id":"https:\/\/iraurgiberritzen.eus\/es\/#organization"},"image":{"@id":"https:\/\/iraurgiberritzen.eus\/es\/oferta-formativa-abierta-en-urola-erdia\/#primaryimage"},"thumbnailUrl":"https:\/\/iraurgiberritzen.eus\/wp-content\/uploads\/2023\/09\/3de37b3f2de6564a2ea064ec2afe25d4.jpg","articleSection":["Noticias"],"inLanguage":"es"},{"@type":"WebPage","@id":"https:\/\/iraurgiberritzen.eus\/es\/oferta-formativa-abierta-en-urola-erdia\/","url":"https:\/\/iraurgiberritzen.eus\/es\/oferta-formativa-abierta-en-urola-erdia\/","name":"Oferta formativa abierta en Urola Erdia - Iraurgi Berritzen","isPartOf":{"@id":"https:\/\/iraurgiberritzen.eus\/es\/#website"},"primaryImageOfPage":{"@id":"https:\/\/iraurgiberritzen.eus\/es\/oferta-formativa-abierta-en-urola-erdia\/#primaryimage"},"image":{"@id":"https:\/\/iraurgiberritzen.eus\/es\/oferta-formativa-abierta-en-urola-erdia\/#primaryimage"},"thumbnailUrl":"https:\/\/iraurgiberritzen.eus\/wp-content\/uploads\/2023\/09\/3de37b3f2de6564a2ea064ec2afe25d4.jpg","datePublished":"2018-02-01T07:55:38+00:00","breadcrumb":{"@id":"https:\/\/iraurgiberritzen.eus\/es\/oferta-formativa-abierta-en-urola-erdia\/#breadcrumb"},"inLanguage":"es","potentialAction":[{"@type":"ReadAction","target":["https:\/\/iraurgiberritzen.eus\/es\/oferta-formativa-abierta-en-urola-erdia\/"]}]},{"@type":"ImageObject","inLanguage":"es","@id":"https:\/\/iraurgiberritzen.eus\/es\/oferta-formativa-abierta-en-urola-erdia\/#primaryimage","url":"https:\/\/iraurgiberritzen.eus\/wp-content\/uploads\/2023\/09\/3de37b3f2de6564a2ea064ec2afe25d4.jpg","contentUrl":"https:\/\/iraurgiberritzen.eus\/wp-content\/uploads\/2023\/09\/3de37b3f2de6564a2ea064ec2afe25d4.jpg","width":600,"height":386},{"@type":"BreadcrumbList","@id":"https:\/\/iraurgiberritzen.eus\/es\/oferta-formativa-abierta-en-urola-erdia\/#breadcrumb","itemListElement":[{"@type":"ListItem","position":1,"name":"Home","item":"https:\/\/iraurgiberritzen.eus\/es\/"},{"@type":"ListItem","position":2,"name":"Oferta formativa abierta en Urola Erdia"}]},{"@type":"WebSite","@id":"https:\/\/iraurgiberritzen.eus\/es\/#website","url":"https:\/\/iraurgiberritzen.eus\/es\/","name":"Iraurgi Berritzen","description":"Urola Erdiko Garapen Agentzia","publisher":{"@id":"https:\/\/iraurgiberritzen.eus\/es\/#organization"},"potentialAction":[{"@type":"SearchAction","target":{"@type":"EntryPoint","urlTemplate":"https:\/\/iraurgiberritzen.eus\/es\/?s={search_term_string}"},"query-input":{"@type":"PropertyValueSpecification","valueRequired":true,"valueName":"search_term_string"}}],"inLanguage":"es"},{"@type":"Organization","@id":"https:\/\/iraurgiberritzen.eus\/es\/#organization","name":"Iraurgi Berritzen","url":"https:\/\/iraurgiberritzen.eus\/es\/","logo":{"@type":"ImageObject","inLanguage":"es","@id":"https:\/\/iraurgiberritzen.eus\/es\/#\/schema\/logo\/image\/","url":"https:\/\/iraurgiberritzen.eus\/wp-content\/uploads\/2024\/02\/IRAURGI-BERRITZEN-logotipoa_2.png","contentUrl":"https:\/\/iraurgiberritzen.eus\/wp-content\/uploads\/2024\/02\/IRAURGI-BERRITZEN-logotipoa_2.png","width":496,"height":190,"caption":"Iraurgi Berritzen"},"image":{"@id":"https:\/\/iraurgiberritzen.eus\/es\/#\/schema\/logo\/image\/"}},{"@type":"Person","@id":"https:\/\/iraurgiberritzen.eus\/es\/#\/schema\/person\/5ab41aaf388a9097177601ebf45738d2","name":"kudeatzailea","sameAs":["https:\/\/iraurgiberritzen.eus"]}]}},"_links":{"self":[{"href":"https:\/\/iraurgiberritzen.eus\/es\/wp-json\/wp\/v2\/posts\/12316","targetHints":{"allow":["GET"]}}],"collection":[{"href":"https:\/\/iraurgiberritzen.eus\/es\/wp-json\/wp\/v2\/posts"}],"about":[{"href":"https:\/\/iraurgiberritzen.eus\/es\/wp-json\/wp\/v2\/types\/post"}],"author":[{"embeddable":true,"href":"https:\/\/iraurgiberritzen.eus\/es\/wp-json\/wp\/v2\/users\/1"}],"replies":[{"embeddable":true,"href":"https:\/\/iraurgiberritzen.eus\/es\/wp-json\/wp\/v2\/comments?post=12316"}],"version-history":[{"count":0,"href":"https:\/\/iraurgiberritzen.eus\/es\/wp-json\/wp\/v2\/posts\/12316\/revisions"}],"wp:featuredmedia":[{"embeddable":true,"href":"https:\/\/iraurgiberritzen.eus\/es\/wp-json\/wp\/v2\/media\/17910"}],"wp:attachment":[{"href":"https:\/\/iraurgiberritzen.eus\/es\/wp-json\/wp\/v2\/media?parent=12316"}],"wp:term":[{"taxonomy":"category","embeddable":true,"href":"https:\/\/iraurgiberritzen.eus\/es\/wp-json\/wp\/v2\/categories?post=12316"},{"taxonomy":"post_tag","embeddable":true,"href":"https:\/\/iraurgiberritzen.eus\/es\/wp-json\/wp\/v2\/tags?post=12316"}],"curies":[{"name":"wp","href":"https:\/\/api.w.org\/{rel}","templated":true}]}}