{"id":12319,"date":"2018-02-07T07:58:05","date_gmt":"2018-02-07T05:58:05","guid":{"rendered":"https:\/\/iraurgiberritzen.eus\/la-mesa-de-comerciantes-de-urola-erdia-ha-lanzado-una-campana-de-sensibilizacion-para-promover-el-pequeno-comercio\/"},"modified":"2018-02-07T07:58:05","modified_gmt":"2018-02-07T05:58:05","slug":"la-mesa-de-comerciantes-de-urola-erdia-ha-lanzado-una-campana-de-sensibilizacion-para-promover-el-pequeno-comercio","status":"publish","type":"post","link":"https:\/\/iraurgiberritzen.eus\/es\/la-mesa-de-comerciantes-de-urola-erdia-ha-lanzado-una-campana-de-sensibilizacion-para-promover-el-pequeno-comercio\/","title":{"rendered":"La mesa de comerciantes de Urola Erdia ha lanzado una campa\u00f1a de sensibilizaci\u00f3n para promover el peque\u00f1o comercio"},"content":{"rendered":"<p><span style=\"font-size: 10pt; font-family: 'Helvetica Light'; color: #212121; background-image: initial; background-attachment: initial; background-position: initial; background-repeat: initial;\">El martes 6 de febrero, se present\u00f3 en el Palacio Lili de Zestoa la campa\u00f1a de sensibilizaci\u00f3n trabajada de antemano por la mesa de comerciantes de Urola Erdia.&nbsp;<\/span><\/p>\n<p style=\"text-align: justify;\">La iniciativa ha sido promovida por la citada mesa de comerciantes, y dicho espacio de colaboraci\u00f3n tiene como objetivo promover el peque\u00f1o comercio de la comarca. Actualmente los participantes de esta mesa son los Ayuntamiento de Azkoitia, Azpeitia y Zestoa, Dendartean -Gipuzkoako merkatari, ostalari, zerbitzu enpresa eta autonomo elkarteen bilkura-, Herrixen -Azkoitiko Merkatarien Elkartea-, Bertan -Azpeitiko Merkatarien Elkartea-, Zestoan \u2013Zestoako Merkatarien Elkartea- e Iraurgi Berritzen \u2013Urola Erdiko Garapen eta Berrikuntza Agentzia-.<\/p>\n<p style=\"text-align: justify;\">A lo largo de la jornada, los comerciantes de las Asociaciones Karmele Zabaleta, Uxoa Aizpuru, Itziar Ezenarro y Xanti Ugarte se encargaron de presentar las acciones de comunicaci\u00f3n. En una hora, se presentaron los or\u00edgenes y objetivos que se quieren lograr con la iniciativa.<\/p>\n<p style=\"text-align: justify;\">La campa\u00f1a de sensibilizaci\u00f3n se basa en el estudio que se llev\u00f3 a cabo el a\u00f1o pasado para conocer las costumbres de consumo en la comarca. De hecho, el an\u00e1lisis ayud\u00f3 a identificar las fortalezas y debilidades del comercio de la comarca. En general, las principales conclusiones del estudio se detallan a continuaci\u00f3n:<\/p>\n<ul>\n<li style=\"text-align: justify;\">Aunque es diferente el impacto, seg\u00fan el producto y\/o servicio, la tendencia hacia la compra en centros comerciales, ciudades y compras on-line est\u00e1 tomando fuerza en los \u00faltimos a\u00f1os.<\/li>\n<li style=\"text-align: justify;\">En general, en t\u00e9rminos de compras diarias, m\u00e1s del 75% de las compras se realizan en el mismo n\u00facleo urbano. En el caso del pescado, carne, pan, embutido y fruta, este porcentaje es a\u00fan mayor. En estas categor\u00edas de productos, el consumidor tiene m\u00e1s confianza en las tiendas tradicionales y es la primera opci\u00f3n para comprar.<\/li>\n<li style=\"text-align: justify;\">En el caso de compras ocasionales, el impacto de los centros comerciales y ciudades es notable. Por ejemplo, en el caso de zapatos y ropa, el 50% de las compras no se realizan en el n\u00facleo urbano. Adem\u00e1s, Internet, m\u00e1s all\u00e1 de ser un canal de compras, se ha convertido en una herramienta para buscar informaci\u00f3n y comparar diferentes productos para el consumidor actual.<\/li>\n<li style=\"text-align: justify;\">En general, el 90.01% de los participantes en el estudio est\u00e1n encantados con la oferta de comercio local. As\u00ed, hay dos factores que son los m\u00e1s valorados por el comercio local. Por un lado, la cercan\u00eda y el trato personalizado que ofrece el comerciante al cliente. Por otro lado, el ciudadano valora la comodidad y cercan\u00eda a la hora de satisfacer sus necesidades.<\/li>\n<\/ul>\n<p style=\"text-align: justify;\">Por este motivo, mediante esta campa\u00f1a se pretende presentar las ventajas de comprar en el peque\u00f1o comercio comarcal, as\u00ed como concienciar sobre la importancia del comercio tradicional en la econom\u00eda de la comarca y en la vida de los n\u00facleos urbanos. Entre las ventajas que ofrece, el an\u00e1lisis muestra entre otras cosas la proximidad y la comodidad que ofrece el peque\u00f1o comercio al comprador.<\/p>\n<p style=\"text-align: justify;\">Dentro de la campa\u00f1a de concientizaci\u00f3n, en los pr\u00f3ximos d\u00edas, 14, 16 y 21 de febrero, se presentar\u00e1n en l\u00ednea tres videos cortos formados por diferentes im\u00e1genes y mensajes en los medios locales y salas de cine comarcales.<\/p>\n<p style=\"text-align: justify;\">Una vez presentada la campa\u00f1a de sensibilizaci\u00f3n que se llevar\u00e1 a cabo durante el mes de febrero, el equipo de trabajo, basado en la colaboraci\u00f3n entre diferentes agentes, planea comenzar nuevas iniciativas en los pr\u00f3ximos meses.<\/p>\n<ul>\n<li style=\"text-align: justify;\"><a href=\"https:\/\/vimeo.com\/255712194\" target=\"_blank\" rel=\"noopener\">El peque\u00f1o comercio cerca de ti<\/a><\/li>\n<li style=\"text-align: justify;\"><a href=\"https:\/\/vimeo.com\/256030915\" target=\"_blank\" rel=\"noopener\">Comprar en el peque\u00f1o comercio es c\u00f3modo<\/a><\/li>\n<li style=\"text-align: justify;\"><a href=\"https:\/\/vimeo.com\/256729135\" target=\"_blank\" rel=\"noopener\">El peque\u00f1o comercio de Urola Erdia mantiene vivas sus calles gracias a sus clientes<\/a><\/li>\n<\/ul>\n","protected":false},"excerpt":{"rendered":"<p>El martes 6 de febrero, se present\u00f3 en el Palacio Lili de Zestoa la campa\u00f1a de sensibilizaci\u00f3n trabajada de antemano por la mesa de comerciantes de Urola Erdia.&nbsp; La iniciativa ha sido promovida por la citada mesa de comerciantes, y dicho espacio de colaboraci\u00f3n tiene como objetivo promover el peque\u00f1o comercio de la comarca. Actualmente [&hellip;]<\/p>\n","protected":false},"author":1,"featured_media":17911,"comment_status":"","ping_status":"closed","sticky":false,"template":"","format":"standard","meta":{"_acf_changed":false,"footnotes":""},"categories":[4],"tags":[],"class_list":["post-12319","post","type-post","status-publish","format-standard","has-post-thumbnail","hentry","category-noticias"],"acf":[],"yoast_head":"<!-- This site is optimized with the Yoast SEO plugin v27.4 - https:\/\/yoast.com\/product\/yoast-seo-wordpress\/ -->\n<title>La mesa de comerciantes de Urola Erdia ha lanzado una campa\u00f1a de sensibilizaci\u00f3n para promover el peque\u00f1o comercio - Iraurgi Berritzen<\/title>\n<meta name=\"robots\" content=\"index, follow, max-snippet:-1, max-image-preview:large, max-video-preview:-1\" \/>\n<link rel=\"canonical\" href=\"https:\/\/iraurgiberritzen.eus\/es\/la-mesa-de-comerciantes-de-urola-erdia-ha-lanzado-una-campana-de-sensibilizacion-para-promover-el-pequeno-comercio\/\" \/>\n<meta property=\"og:locale\" content=\"es_ES\" \/>\n<meta property=\"og:type\" content=\"article\" \/>\n<meta property=\"og:title\" content=\"La mesa de comerciantes de Urola Erdia ha lanzado una campa\u00f1a de sensibilizaci\u00f3n para promover el peque\u00f1o comercio - Iraurgi Berritzen\" \/>\n<meta property=\"og:description\" content=\"El martes 6 de febrero, se present\u00f3 en el Palacio Lili de Zestoa la campa\u00f1a de sensibilizaci\u00f3n trabajada de antemano por la mesa de comerciantes de Urola Erdia.&nbsp; La iniciativa ha sido promovida por la citada mesa de comerciantes, y dicho espacio de colaboraci\u00f3n tiene como objetivo promover el peque\u00f1o comercio de la comarca. Actualmente [&hellip;]\" \/>\n<meta property=\"og:url\" content=\"https:\/\/iraurgiberritzen.eus\/es\/la-mesa-de-comerciantes-de-urola-erdia-ha-lanzado-una-campana-de-sensibilizacion-para-promover-el-pequeno-comercio\/\" \/>\n<meta property=\"og:site_name\" content=\"Iraurgi Berritzen\" \/>\n<meta property=\"article:published_time\" content=\"2018-02-07T05:58:05+00:00\" \/>\n<meta name=\"author\" content=\"kudeatzailea\" \/>\n<meta name=\"twitter:card\" content=\"summary_large_image\" \/>\n<meta name=\"twitter:label1\" content=\"Escrito por\" \/>\n\t<meta name=\"twitter:data1\" content=\"kudeatzailea\" \/>\n\t<meta name=\"twitter:label2\" content=\"Tiempo de lectura\" \/>\n\t<meta name=\"twitter:data2\" content=\"3 minutos\" \/>\n<script type=\"application\/ld+json\" class=\"yoast-schema-graph\">{\"@context\":\"https:\\\/\\\/schema.org\",\"@graph\":[{\"@type\":\"Article\",\"@id\":\"https:\\\/\\\/iraurgiberritzen.eus\\\/es\\\/la-mesa-de-comerciantes-de-urola-erdia-ha-lanzado-una-campana-de-sensibilizacion-para-promover-el-pequeno-comercio\\\/#article\",\"isPartOf\":{\"@id\":\"https:\\\/\\\/iraurgiberritzen.eus\\\/es\\\/la-mesa-de-comerciantes-de-urola-erdia-ha-lanzado-una-campana-de-sensibilizacion-para-promover-el-pequeno-comercio\\\/\"},\"author\":{\"name\":\"kudeatzailea\",\"@id\":\"https:\\\/\\\/iraurgiberritzen.eus\\\/es\\\/#\\\/schema\\\/person\\\/5ab41aaf388a9097177601ebf45738d2\"},\"headline\":\"La mesa de comerciantes de Urola Erdia ha lanzado una campa\u00f1a de sensibilizaci\u00f3n para promover el peque\u00f1o comercio\",\"datePublished\":\"2018-02-07T05:58:05+00:00\",\"mainEntityOfPage\":{\"@id\":\"https:\\\/\\\/iraurgiberritzen.eus\\\/es\\\/la-mesa-de-comerciantes-de-urola-erdia-ha-lanzado-una-campana-de-sensibilizacion-para-promover-el-pequeno-comercio\\\/\"},\"wordCount\":638,\"publisher\":{\"@id\":\"https:\\\/\\\/iraurgiberritzen.eus\\\/es\\\/#organization\"},\"image\":{\"@id\":\"https:\\\/\\\/iraurgiberritzen.eus\\\/es\\\/la-mesa-de-comerciantes-de-urola-erdia-ha-lanzado-una-campana-de-sensibilizacion-para-promover-el-pequeno-comercio\\\/#primaryimage\"},\"thumbnailUrl\":\"https:\\\/\\\/iraurgiberritzen.eus\\\/wp-content\\\/uploads\\\/2023\\\/09\\\/ae252c0654e8edaca099dba64773f3f2.jpg\",\"articleSection\":[\"Noticias\"],\"inLanguage\":\"es\"},{\"@type\":\"WebPage\",\"@id\":\"https:\\\/\\\/iraurgiberritzen.eus\\\/es\\\/la-mesa-de-comerciantes-de-urola-erdia-ha-lanzado-una-campana-de-sensibilizacion-para-promover-el-pequeno-comercio\\\/\",\"url\":\"https:\\\/\\\/iraurgiberritzen.eus\\\/es\\\/la-mesa-de-comerciantes-de-urola-erdia-ha-lanzado-una-campana-de-sensibilizacion-para-promover-el-pequeno-comercio\\\/\",\"name\":\"La mesa de comerciantes de Urola Erdia ha lanzado una campa\u00f1a de sensibilizaci\u00f3n para promover el peque\u00f1o comercio - Iraurgi Berritzen\",\"isPartOf\":{\"@id\":\"https:\\\/\\\/iraurgiberritzen.eus\\\/es\\\/#website\"},\"primaryImageOfPage\":{\"@id\":\"https:\\\/\\\/iraurgiberritzen.eus\\\/es\\\/la-mesa-de-comerciantes-de-urola-erdia-ha-lanzado-una-campana-de-sensibilizacion-para-promover-el-pequeno-comercio\\\/#primaryimage\"},\"image\":{\"@id\":\"https:\\\/\\\/iraurgiberritzen.eus\\\/es\\\/la-mesa-de-comerciantes-de-urola-erdia-ha-lanzado-una-campana-de-sensibilizacion-para-promover-el-pequeno-comercio\\\/#primaryimage\"},\"thumbnailUrl\":\"https:\\\/\\\/iraurgiberritzen.eus\\\/wp-content\\\/uploads\\\/2023\\\/09\\\/ae252c0654e8edaca099dba64773f3f2.jpg\",\"datePublished\":\"2018-02-07T05:58:05+00:00\",\"breadcrumb\":{\"@id\":\"https:\\\/\\\/iraurgiberritzen.eus\\\/es\\\/la-mesa-de-comerciantes-de-urola-erdia-ha-lanzado-una-campana-de-sensibilizacion-para-promover-el-pequeno-comercio\\\/#breadcrumb\"},\"inLanguage\":\"es\",\"potentialAction\":[{\"@type\":\"ReadAction\",\"target\":[\"https:\\\/\\\/iraurgiberritzen.eus\\\/es\\\/la-mesa-de-comerciantes-de-urola-erdia-ha-lanzado-una-campana-de-sensibilizacion-para-promover-el-pequeno-comercio\\\/\"]}]},{\"@type\":\"ImageObject\",\"inLanguage\":\"es\",\"@id\":\"https:\\\/\\\/iraurgiberritzen.eus\\\/es\\\/la-mesa-de-comerciantes-de-urola-erdia-ha-lanzado-una-campana-de-sensibilizacion-para-promover-el-pequeno-comercio\\\/#primaryimage\",\"url\":\"https:\\\/\\\/iraurgiberritzen.eus\\\/wp-content\\\/uploads\\\/2023\\\/09\\\/ae252c0654e8edaca099dba64773f3f2.jpg\",\"contentUrl\":\"https:\\\/\\\/iraurgiberritzen.eus\\\/wp-content\\\/uploads\\\/2023\\\/09\\\/ae252c0654e8edaca099dba64773f3f2.jpg\",\"width\":600,\"height\":386},{\"@type\":\"BreadcrumbList\",\"@id\":\"https:\\\/\\\/iraurgiberritzen.eus\\\/es\\\/la-mesa-de-comerciantes-de-urola-erdia-ha-lanzado-una-campana-de-sensibilizacion-para-promover-el-pequeno-comercio\\\/#breadcrumb\",\"itemListElement\":[{\"@type\":\"ListItem\",\"position\":1,\"name\":\"Home\",\"item\":\"https:\\\/\\\/iraurgiberritzen.eus\\\/es\\\/\"},{\"@type\":\"ListItem\",\"position\":2,\"name\":\"La mesa de comerciantes de Urola Erdia ha lanzado una campa\u00f1a de sensibilizaci\u00f3n para promover el peque\u00f1o comercio\"}]},{\"@type\":\"WebSite\",\"@id\":\"https:\\\/\\\/iraurgiberritzen.eus\\\/es\\\/#website\",\"url\":\"https:\\\/\\\/iraurgiberritzen.eus\\\/es\\\/\",\"name\":\"Iraurgi Berritzen\",\"description\":\"Urola Erdiko Garapen Agentzia\",\"publisher\":{\"@id\":\"https:\\\/\\\/iraurgiberritzen.eus\\\/es\\\/#organization\"},\"potentialAction\":[{\"@type\":\"SearchAction\",\"target\":{\"@type\":\"EntryPoint\",\"urlTemplate\":\"https:\\\/\\\/iraurgiberritzen.eus\\\/es\\\/?s={search_term_string}\"},\"query-input\":{\"@type\":\"PropertyValueSpecification\",\"valueRequired\":true,\"valueName\":\"search_term_string\"}}],\"inLanguage\":\"es\"},{\"@type\":\"Organization\",\"@id\":\"https:\\\/\\\/iraurgiberritzen.eus\\\/es\\\/#organization\",\"name\":\"Iraurgi Berritzen\",\"url\":\"https:\\\/\\\/iraurgiberritzen.eus\\\/es\\\/\",\"logo\":{\"@type\":\"ImageObject\",\"inLanguage\":\"es\",\"@id\":\"https:\\\/\\\/iraurgiberritzen.eus\\\/es\\\/#\\\/schema\\\/logo\\\/image\\\/\",\"url\":\"https:\\\/\\\/iraurgiberritzen.eus\\\/wp-content\\\/uploads\\\/2024\\\/02\\\/IRAURGI-BERRITZEN-logotipoa_2.png\",\"contentUrl\":\"https:\\\/\\\/iraurgiberritzen.eus\\\/wp-content\\\/uploads\\\/2024\\\/02\\\/IRAURGI-BERRITZEN-logotipoa_2.png\",\"width\":496,\"height\":190,\"caption\":\"Iraurgi Berritzen\"},\"image\":{\"@id\":\"https:\\\/\\\/iraurgiberritzen.eus\\\/es\\\/#\\\/schema\\\/logo\\\/image\\\/\"}},{\"@type\":\"Person\",\"@id\":\"https:\\\/\\\/iraurgiberritzen.eus\\\/es\\\/#\\\/schema\\\/person\\\/5ab41aaf388a9097177601ebf45738d2\",\"name\":\"kudeatzailea\",\"sameAs\":[\"https:\\\/\\\/iraurgiberritzen.eus\"]}]}<\/script>\n<!-- \/ Yoast SEO plugin. -->","yoast_head_json":{"title":"La mesa de comerciantes de Urola Erdia ha lanzado una campa\u00f1a de sensibilizaci\u00f3n para promover el peque\u00f1o comercio - Iraurgi Berritzen","robots":{"index":"index","follow":"follow","max-snippet":"max-snippet:-1","max-image-preview":"max-image-preview:large","max-video-preview":"max-video-preview:-1"},"canonical":"https:\/\/iraurgiberritzen.eus\/es\/la-mesa-de-comerciantes-de-urola-erdia-ha-lanzado-una-campana-de-sensibilizacion-para-promover-el-pequeno-comercio\/","og_locale":"es_ES","og_type":"article","og_title":"La mesa de comerciantes de Urola Erdia ha lanzado una campa\u00f1a de sensibilizaci\u00f3n para promover el peque\u00f1o comercio - Iraurgi Berritzen","og_description":"El martes 6 de febrero, se present\u00f3 en el Palacio Lili de Zestoa la campa\u00f1a de sensibilizaci\u00f3n trabajada de antemano por la mesa de comerciantes de Urola Erdia.&nbsp; La iniciativa ha sido promovida por la citada mesa de comerciantes, y dicho espacio de colaboraci\u00f3n tiene como objetivo promover el peque\u00f1o comercio de la comarca. Actualmente [&hellip;]","og_url":"https:\/\/iraurgiberritzen.eus\/es\/la-mesa-de-comerciantes-de-urola-erdia-ha-lanzado-una-campana-de-sensibilizacion-para-promover-el-pequeno-comercio\/","og_site_name":"Iraurgi Berritzen","article_published_time":"2018-02-07T05:58:05+00:00","author":"kudeatzailea","twitter_card":"summary_large_image","twitter_misc":{"Escrito por":"kudeatzailea","Tiempo de lectura":"3 minutos"},"schema":{"@context":"https:\/\/schema.org","@graph":[{"@type":"Article","@id":"https:\/\/iraurgiberritzen.eus\/es\/la-mesa-de-comerciantes-de-urola-erdia-ha-lanzado-una-campana-de-sensibilizacion-para-promover-el-pequeno-comercio\/#article","isPartOf":{"@id":"https:\/\/iraurgiberritzen.eus\/es\/la-mesa-de-comerciantes-de-urola-erdia-ha-lanzado-una-campana-de-sensibilizacion-para-promover-el-pequeno-comercio\/"},"author":{"name":"kudeatzailea","@id":"https:\/\/iraurgiberritzen.eus\/es\/#\/schema\/person\/5ab41aaf388a9097177601ebf45738d2"},"headline":"La mesa de comerciantes de Urola Erdia ha lanzado una campa\u00f1a de sensibilizaci\u00f3n para promover el peque\u00f1o comercio","datePublished":"2018-02-07T05:58:05+00:00","mainEntityOfPage":{"@id":"https:\/\/iraurgiberritzen.eus\/es\/la-mesa-de-comerciantes-de-urola-erdia-ha-lanzado-una-campana-de-sensibilizacion-para-promover-el-pequeno-comercio\/"},"wordCount":638,"publisher":{"@id":"https:\/\/iraurgiberritzen.eus\/es\/#organization"},"image":{"@id":"https:\/\/iraurgiberritzen.eus\/es\/la-mesa-de-comerciantes-de-urola-erdia-ha-lanzado-una-campana-de-sensibilizacion-para-promover-el-pequeno-comercio\/#primaryimage"},"thumbnailUrl":"https:\/\/iraurgiberritzen.eus\/wp-content\/uploads\/2023\/09\/ae252c0654e8edaca099dba64773f3f2.jpg","articleSection":["Noticias"],"inLanguage":"es"},{"@type":"WebPage","@id":"https:\/\/iraurgiberritzen.eus\/es\/la-mesa-de-comerciantes-de-urola-erdia-ha-lanzado-una-campana-de-sensibilizacion-para-promover-el-pequeno-comercio\/","url":"https:\/\/iraurgiberritzen.eus\/es\/la-mesa-de-comerciantes-de-urola-erdia-ha-lanzado-una-campana-de-sensibilizacion-para-promover-el-pequeno-comercio\/","name":"La mesa de comerciantes de Urola Erdia ha lanzado una campa\u00f1a de sensibilizaci\u00f3n para promover el peque\u00f1o comercio - Iraurgi Berritzen","isPartOf":{"@id":"https:\/\/iraurgiberritzen.eus\/es\/#website"},"primaryImageOfPage":{"@id":"https:\/\/iraurgiberritzen.eus\/es\/la-mesa-de-comerciantes-de-urola-erdia-ha-lanzado-una-campana-de-sensibilizacion-para-promover-el-pequeno-comercio\/#primaryimage"},"image":{"@id":"https:\/\/iraurgiberritzen.eus\/es\/la-mesa-de-comerciantes-de-urola-erdia-ha-lanzado-una-campana-de-sensibilizacion-para-promover-el-pequeno-comercio\/#primaryimage"},"thumbnailUrl":"https:\/\/iraurgiberritzen.eus\/wp-content\/uploads\/2023\/09\/ae252c0654e8edaca099dba64773f3f2.jpg","datePublished":"2018-02-07T05:58:05+00:00","breadcrumb":{"@id":"https:\/\/iraurgiberritzen.eus\/es\/la-mesa-de-comerciantes-de-urola-erdia-ha-lanzado-una-campana-de-sensibilizacion-para-promover-el-pequeno-comercio\/#breadcrumb"},"inLanguage":"es","potentialAction":[{"@type":"ReadAction","target":["https:\/\/iraurgiberritzen.eus\/es\/la-mesa-de-comerciantes-de-urola-erdia-ha-lanzado-una-campana-de-sensibilizacion-para-promover-el-pequeno-comercio\/"]}]},{"@type":"ImageObject","inLanguage":"es","@id":"https:\/\/iraurgiberritzen.eus\/es\/la-mesa-de-comerciantes-de-urola-erdia-ha-lanzado-una-campana-de-sensibilizacion-para-promover-el-pequeno-comercio\/#primaryimage","url":"https:\/\/iraurgiberritzen.eus\/wp-content\/uploads\/2023\/09\/ae252c0654e8edaca099dba64773f3f2.jpg","contentUrl":"https:\/\/iraurgiberritzen.eus\/wp-content\/uploads\/2023\/09\/ae252c0654e8edaca099dba64773f3f2.jpg","width":600,"height":386},{"@type":"BreadcrumbList","@id":"https:\/\/iraurgiberritzen.eus\/es\/la-mesa-de-comerciantes-de-urola-erdia-ha-lanzado-una-campana-de-sensibilizacion-para-promover-el-pequeno-comercio\/#breadcrumb","itemListElement":[{"@type":"ListItem","position":1,"name":"Home","item":"https:\/\/iraurgiberritzen.eus\/es\/"},{"@type":"ListItem","position":2,"name":"La mesa de comerciantes de Urola Erdia ha lanzado una campa\u00f1a de sensibilizaci\u00f3n para promover el peque\u00f1o comercio"}]},{"@type":"WebSite","@id":"https:\/\/iraurgiberritzen.eus\/es\/#website","url":"https:\/\/iraurgiberritzen.eus\/es\/","name":"Iraurgi Berritzen","description":"Urola Erdiko Garapen Agentzia","publisher":{"@id":"https:\/\/iraurgiberritzen.eus\/es\/#organization"},"potentialAction":[{"@type":"SearchAction","target":{"@type":"EntryPoint","urlTemplate":"https:\/\/iraurgiberritzen.eus\/es\/?s={search_term_string}"},"query-input":{"@type":"PropertyValueSpecification","valueRequired":true,"valueName":"search_term_string"}}],"inLanguage":"es"},{"@type":"Organization","@id":"https:\/\/iraurgiberritzen.eus\/es\/#organization","name":"Iraurgi Berritzen","url":"https:\/\/iraurgiberritzen.eus\/es\/","logo":{"@type":"ImageObject","inLanguage":"es","@id":"https:\/\/iraurgiberritzen.eus\/es\/#\/schema\/logo\/image\/","url":"https:\/\/iraurgiberritzen.eus\/wp-content\/uploads\/2024\/02\/IRAURGI-BERRITZEN-logotipoa_2.png","contentUrl":"https:\/\/iraurgiberritzen.eus\/wp-content\/uploads\/2024\/02\/IRAURGI-BERRITZEN-logotipoa_2.png","width":496,"height":190,"caption":"Iraurgi Berritzen"},"image":{"@id":"https:\/\/iraurgiberritzen.eus\/es\/#\/schema\/logo\/image\/"}},{"@type":"Person","@id":"https:\/\/iraurgiberritzen.eus\/es\/#\/schema\/person\/5ab41aaf388a9097177601ebf45738d2","name":"kudeatzailea","sameAs":["https:\/\/iraurgiberritzen.eus"]}]}},"_links":{"self":[{"href":"https:\/\/iraurgiberritzen.eus\/es\/wp-json\/wp\/v2\/posts\/12319","targetHints":{"allow":["GET"]}}],"collection":[{"href":"https:\/\/iraurgiberritzen.eus\/es\/wp-json\/wp\/v2\/posts"}],"about":[{"href":"https:\/\/iraurgiberritzen.eus\/es\/wp-json\/wp\/v2\/types\/post"}],"author":[{"embeddable":true,"href":"https:\/\/iraurgiberritzen.eus\/es\/wp-json\/wp\/v2\/users\/1"}],"replies":[{"embeddable":true,"href":"https:\/\/iraurgiberritzen.eus\/es\/wp-json\/wp\/v2\/comments?post=12319"}],"version-history":[{"count":0,"href":"https:\/\/iraurgiberritzen.eus\/es\/wp-json\/wp\/v2\/posts\/12319\/revisions"}],"wp:featuredmedia":[{"embeddable":true,"href":"https:\/\/iraurgiberritzen.eus\/es\/wp-json\/wp\/v2\/media\/17911"}],"wp:attachment":[{"href":"https:\/\/iraurgiberritzen.eus\/es\/wp-json\/wp\/v2\/media?parent=12319"}],"wp:term":[{"taxonomy":"category","embeddable":true,"href":"https:\/\/iraurgiberritzen.eus\/es\/wp-json\/wp\/v2\/categories?post=12319"},{"taxonomy":"post_tag","embeddable":true,"href":"https:\/\/iraurgiberritzen.eus\/es\/wp-json\/wp\/v2\/tags?post=12319"}],"curies":[{"name":"wp","href":"https:\/\/api.w.org\/{rel}","templated":true}]}}