{"id":12337,"date":"2018-03-13T08:43:16","date_gmt":"2018-03-13T06:43:16","guid":{"rendered":"https:\/\/iraurgiberritzen.eus\/promoviendo-el-espiritu-emprendedor-en-urola-ikastetxea\/"},"modified":"2018-03-13T08:43:16","modified_gmt":"2018-03-13T06:43:16","slug":"promoviendo-el-espiritu-emprendedor-en-urola-ikastetxea","status":"publish","type":"post","link":"https:\/\/iraurgiberritzen.eus\/es\/promoviendo-el-espiritu-emprendedor-en-urola-ikastetxea\/","title":{"rendered":"Promoviendo el esp\u00edritu emprendedor en Urola Ikastetxea"},"content":{"rendered":"<p style=\"text-align: justify;\">El pasado 19 de febrero los t\u00e9cnicos de Iraurgi Berritzen estuvieron en Urola Ikastola tratando de promover el esp\u00edritu emprendedor entre los alumnos de bachiller dentro del programa IZAN EKINTZAILE.<\/p>\n<p style=\"text-align: justify;\">En la jornada los alumnos tuvieron que proponer diferentes ideas de negocio para responder a las necesidades y oportunidades reales que hay hoy en d\u00eda en la comarca.<\/p>\n<p style=\"text-align: justify;\">El proyecto IZAN EKINTZAILE se enmarca dentro del \u00e1rea de Educaci\u00f3n y trata de promover el esp\u00edritu emprendedor entre los alumnos, llevando a cabo din\u00e1micas para trabajar las capacidades emprendedoras y trasladando al aula experiencias reales de gente emprendedora de la comarca.<\/p>\n<p style=\"text-align: justify;\">El objetivo del \u00e1rea de Educaci\u00f3n, es la de ir generando un entorno adecuado para as\u00ed poder dar respuesta a los retos que desde la sociedad se nos est\u00e1n planteando. Todo ello mediante el desarrollo de proyectos orientados a provocar el cambio, proyectos concretos dirigidos a satisfacer las necesidades de los propios centros formativos.<\/p>\n","protected":false},"excerpt":{"rendered":"<p>El pasado 19 de febrero los t\u00e9cnicos de Iraurgi Berritzen estuvieron en Urola Ikastola tratando de promover el esp\u00edritu emprendedor entre los alumnos de bachiller dentro del programa IZAN EKINTZAILE. En la jornada los alumnos tuvieron que proponer diferentes ideas de negocio para responder a las necesidades y oportunidades reales que hay hoy en d\u00eda [&hellip;]<\/p>\n","protected":false},"author":1,"featured_media":17897,"comment_status":"","ping_status":"closed","sticky":false,"template":"","format":"standard","meta":{"_acf_changed":false,"footnotes":""},"categories":[4],"tags":[],"class_list":["post-12337","post","type-post","status-publish","format-standard","has-post-thumbnail","hentry","category-noticias"],"acf":[],"yoast_head":"<!-- This site is optimized with the Yoast SEO plugin v27.4 - https:\/\/yoast.com\/product\/yoast-seo-wordpress\/ -->\n<title>Promoviendo el esp\u00edritu emprendedor en Urola Ikastetxea - Iraurgi Berritzen<\/title>\n<meta name=\"robots\" content=\"index, follow, max-snippet:-1, max-image-preview:large, max-video-preview:-1\" \/>\n<link rel=\"canonical\" href=\"https:\/\/iraurgiberritzen.eus\/es\/promoviendo-el-espiritu-emprendedor-en-urola-ikastetxea\/\" \/>\n<meta property=\"og:locale\" content=\"es_ES\" \/>\n<meta property=\"og:type\" content=\"article\" \/>\n<meta property=\"og:title\" content=\"Promoviendo el esp\u00edritu emprendedor en Urola Ikastetxea - Iraurgi Berritzen\" \/>\n<meta property=\"og:description\" content=\"El pasado 19 de febrero los t\u00e9cnicos de Iraurgi Berritzen estuvieron en Urola Ikastola tratando de promover el esp\u00edritu emprendedor entre los alumnos de bachiller dentro del programa IZAN EKINTZAILE. En la jornada los alumnos tuvieron que proponer diferentes ideas de negocio para responder a las necesidades y oportunidades reales que hay hoy en d\u00eda [&hellip;]\" \/>\n<meta property=\"og:url\" content=\"https:\/\/iraurgiberritzen.eus\/es\/promoviendo-el-espiritu-emprendedor-en-urola-ikastetxea\/\" \/>\n<meta property=\"og:site_name\" content=\"Iraurgi Berritzen\" \/>\n<meta property=\"article:published_time\" content=\"2018-03-13T06:43:16+00:00\" \/>\n<meta name=\"author\" content=\"kudeatzailea\" \/>\n<meta name=\"twitter:card\" content=\"summary_large_image\" \/>\n<meta name=\"twitter:label1\" content=\"Escrito por\" \/>\n\t<meta name=\"twitter:data1\" content=\"kudeatzailea\" \/>\n\t<meta name=\"twitter:label2\" content=\"Tiempo de lectura\" \/>\n\t<meta name=\"twitter:data2\" content=\"1 minuto\" \/>\n<script type=\"application\/ld+json\" class=\"yoast-schema-graph\">{\"@context\":\"https:\\\/\\\/schema.org\",\"@graph\":[{\"@type\":\"Article\",\"@id\":\"https:\\\/\\\/iraurgiberritzen.eus\\\/es\\\/promoviendo-el-espiritu-emprendedor-en-urola-ikastetxea\\\/#article\",\"isPartOf\":{\"@id\":\"https:\\\/\\\/iraurgiberritzen.eus\\\/es\\\/promoviendo-el-espiritu-emprendedor-en-urola-ikastetxea\\\/\"},\"author\":{\"name\":\"kudeatzailea\",\"@id\":\"https:\\\/\\\/iraurgiberritzen.eus\\\/es\\\/#\\\/schema\\\/person\\\/5ab41aaf388a9097177601ebf45738d2\"},\"headline\":\"Promoviendo el esp\u00edritu emprendedor en Urola Ikastetxea\",\"datePublished\":\"2018-03-13T06:43:16+00:00\",\"mainEntityOfPage\":{\"@id\":\"https:\\\/\\\/iraurgiberritzen.eus\\\/es\\\/promoviendo-el-espiritu-emprendedor-en-urola-ikastetxea\\\/\"},\"wordCount\":169,\"publisher\":{\"@id\":\"https:\\\/\\\/iraurgiberritzen.eus\\\/es\\\/#organization\"},\"image\":{\"@id\":\"https:\\\/\\\/iraurgiberritzen.eus\\\/es\\\/promoviendo-el-espiritu-emprendedor-en-urola-ikastetxea\\\/#primaryimage\"},\"thumbnailUrl\":\"https:\\\/\\\/iraurgiberritzen.eus\\\/wp-content\\\/uploads\\\/2023\\\/09\\\/6febd4c4384e8f172d72aaeb470b230f.jpg\",\"articleSection\":[\"Noticias\"],\"inLanguage\":\"es\"},{\"@type\":\"WebPage\",\"@id\":\"https:\\\/\\\/iraurgiberritzen.eus\\\/es\\\/promoviendo-el-espiritu-emprendedor-en-urola-ikastetxea\\\/\",\"url\":\"https:\\\/\\\/iraurgiberritzen.eus\\\/es\\\/promoviendo-el-espiritu-emprendedor-en-urola-ikastetxea\\\/\",\"name\":\"Promoviendo el esp\u00edritu emprendedor en Urola Ikastetxea - Iraurgi Berritzen\",\"isPartOf\":{\"@id\":\"https:\\\/\\\/iraurgiberritzen.eus\\\/es\\\/#website\"},\"primaryImageOfPage\":{\"@id\":\"https:\\\/\\\/iraurgiberritzen.eus\\\/es\\\/promoviendo-el-espiritu-emprendedor-en-urola-ikastetxea\\\/#primaryimage\"},\"image\":{\"@id\":\"https:\\\/\\\/iraurgiberritzen.eus\\\/es\\\/promoviendo-el-espiritu-emprendedor-en-urola-ikastetxea\\\/#primaryimage\"},\"thumbnailUrl\":\"https:\\\/\\\/iraurgiberritzen.eus\\\/wp-content\\\/uploads\\\/2023\\\/09\\\/6febd4c4384e8f172d72aaeb470b230f.jpg\",\"datePublished\":\"2018-03-13T06:43:16+00:00\",\"breadcrumb\":{\"@id\":\"https:\\\/\\\/iraurgiberritzen.eus\\\/es\\\/promoviendo-el-espiritu-emprendedor-en-urola-ikastetxea\\\/#breadcrumb\"},\"inLanguage\":\"es\",\"potentialAction\":[{\"@type\":\"ReadAction\",\"target\":[\"https:\\\/\\\/iraurgiberritzen.eus\\\/es\\\/promoviendo-el-espiritu-emprendedor-en-urola-ikastetxea\\\/\"]}]},{\"@type\":\"ImageObject\",\"inLanguage\":\"es\",\"@id\":\"https:\\\/\\\/iraurgiberritzen.eus\\\/es\\\/promoviendo-el-espiritu-emprendedor-en-urola-ikastetxea\\\/#primaryimage\",\"url\":\"https:\\\/\\\/iraurgiberritzen.eus\\\/wp-content\\\/uploads\\\/2023\\\/09\\\/6febd4c4384e8f172d72aaeb470b230f.jpg\",\"contentUrl\":\"https:\\\/\\\/iraurgiberritzen.eus\\\/wp-content\\\/uploads\\\/2023\\\/09\\\/6febd4c4384e8f172d72aaeb470b230f.jpg\",\"width\":600,\"height\":386},{\"@type\":\"BreadcrumbList\",\"@id\":\"https:\\\/\\\/iraurgiberritzen.eus\\\/es\\\/promoviendo-el-espiritu-emprendedor-en-urola-ikastetxea\\\/#breadcrumb\",\"itemListElement\":[{\"@type\":\"ListItem\",\"position\":1,\"name\":\"Home\",\"item\":\"https:\\\/\\\/iraurgiberritzen.eus\\\/es\\\/\"},{\"@type\":\"ListItem\",\"position\":2,\"name\":\"Promoviendo el esp\u00edritu emprendedor en Urola Ikastetxea\"}]},{\"@type\":\"WebSite\",\"@id\":\"https:\\\/\\\/iraurgiberritzen.eus\\\/es\\\/#website\",\"url\":\"https:\\\/\\\/iraurgiberritzen.eus\\\/es\\\/\",\"name\":\"Iraurgi Berritzen\",\"description\":\"Urola Erdiko Garapen Agentzia\",\"publisher\":{\"@id\":\"https:\\\/\\\/iraurgiberritzen.eus\\\/es\\\/#organization\"},\"potentialAction\":[{\"@type\":\"SearchAction\",\"target\":{\"@type\":\"EntryPoint\",\"urlTemplate\":\"https:\\\/\\\/iraurgiberritzen.eus\\\/es\\\/?s={search_term_string}\"},\"query-input\":{\"@type\":\"PropertyValueSpecification\",\"valueRequired\":true,\"valueName\":\"search_term_string\"}}],\"inLanguage\":\"es\"},{\"@type\":\"Organization\",\"@id\":\"https:\\\/\\\/iraurgiberritzen.eus\\\/es\\\/#organization\",\"name\":\"Iraurgi Berritzen\",\"url\":\"https:\\\/\\\/iraurgiberritzen.eus\\\/es\\\/\",\"logo\":{\"@type\":\"ImageObject\",\"inLanguage\":\"es\",\"@id\":\"https:\\\/\\\/iraurgiberritzen.eus\\\/es\\\/#\\\/schema\\\/logo\\\/image\\\/\",\"url\":\"https:\\\/\\\/iraurgiberritzen.eus\\\/wp-content\\\/uploads\\\/2024\\\/02\\\/IRAURGI-BERRITZEN-logotipoa_2.png\",\"contentUrl\":\"https:\\\/\\\/iraurgiberritzen.eus\\\/wp-content\\\/uploads\\\/2024\\\/02\\\/IRAURGI-BERRITZEN-logotipoa_2.png\",\"width\":496,\"height\":190,\"caption\":\"Iraurgi Berritzen\"},\"image\":{\"@id\":\"https:\\\/\\\/iraurgiberritzen.eus\\\/es\\\/#\\\/schema\\\/logo\\\/image\\\/\"}},{\"@type\":\"Person\",\"@id\":\"https:\\\/\\\/iraurgiberritzen.eus\\\/es\\\/#\\\/schema\\\/person\\\/5ab41aaf388a9097177601ebf45738d2\",\"name\":\"kudeatzailea\",\"sameAs\":[\"https:\\\/\\\/iraurgiberritzen.eus\"]}]}<\/script>\n<!-- \/ Yoast SEO plugin. -->","yoast_head_json":{"title":"Promoviendo el esp\u00edritu emprendedor en Urola Ikastetxea - Iraurgi Berritzen","robots":{"index":"index","follow":"follow","max-snippet":"max-snippet:-1","max-image-preview":"max-image-preview:large","max-video-preview":"max-video-preview:-1"},"canonical":"https:\/\/iraurgiberritzen.eus\/es\/promoviendo-el-espiritu-emprendedor-en-urola-ikastetxea\/","og_locale":"es_ES","og_type":"article","og_title":"Promoviendo el esp\u00edritu emprendedor en Urola Ikastetxea - Iraurgi Berritzen","og_description":"El pasado 19 de febrero los t\u00e9cnicos de Iraurgi Berritzen estuvieron en Urola Ikastola tratando de promover el esp\u00edritu emprendedor entre los alumnos de bachiller dentro del programa IZAN EKINTZAILE. En la jornada los alumnos tuvieron que proponer diferentes ideas de negocio para responder a las necesidades y oportunidades reales que hay hoy en d\u00eda [&hellip;]","og_url":"https:\/\/iraurgiberritzen.eus\/es\/promoviendo-el-espiritu-emprendedor-en-urola-ikastetxea\/","og_site_name":"Iraurgi Berritzen","article_published_time":"2018-03-13T06:43:16+00:00","author":"kudeatzailea","twitter_card":"summary_large_image","twitter_misc":{"Escrito por":"kudeatzailea","Tiempo de lectura":"1 minuto"},"schema":{"@context":"https:\/\/schema.org","@graph":[{"@type":"Article","@id":"https:\/\/iraurgiberritzen.eus\/es\/promoviendo-el-espiritu-emprendedor-en-urola-ikastetxea\/#article","isPartOf":{"@id":"https:\/\/iraurgiberritzen.eus\/es\/promoviendo-el-espiritu-emprendedor-en-urola-ikastetxea\/"},"author":{"name":"kudeatzailea","@id":"https:\/\/iraurgiberritzen.eus\/es\/#\/schema\/person\/5ab41aaf388a9097177601ebf45738d2"},"headline":"Promoviendo el esp\u00edritu emprendedor en Urola Ikastetxea","datePublished":"2018-03-13T06:43:16+00:00","mainEntityOfPage":{"@id":"https:\/\/iraurgiberritzen.eus\/es\/promoviendo-el-espiritu-emprendedor-en-urola-ikastetxea\/"},"wordCount":169,"publisher":{"@id":"https:\/\/iraurgiberritzen.eus\/es\/#organization"},"image":{"@id":"https:\/\/iraurgiberritzen.eus\/es\/promoviendo-el-espiritu-emprendedor-en-urola-ikastetxea\/#primaryimage"},"thumbnailUrl":"https:\/\/iraurgiberritzen.eus\/wp-content\/uploads\/2023\/09\/6febd4c4384e8f172d72aaeb470b230f.jpg","articleSection":["Noticias"],"inLanguage":"es"},{"@type":"WebPage","@id":"https:\/\/iraurgiberritzen.eus\/es\/promoviendo-el-espiritu-emprendedor-en-urola-ikastetxea\/","url":"https:\/\/iraurgiberritzen.eus\/es\/promoviendo-el-espiritu-emprendedor-en-urola-ikastetxea\/","name":"Promoviendo el esp\u00edritu emprendedor en Urola Ikastetxea - Iraurgi Berritzen","isPartOf":{"@id":"https:\/\/iraurgiberritzen.eus\/es\/#website"},"primaryImageOfPage":{"@id":"https:\/\/iraurgiberritzen.eus\/es\/promoviendo-el-espiritu-emprendedor-en-urola-ikastetxea\/#primaryimage"},"image":{"@id":"https:\/\/iraurgiberritzen.eus\/es\/promoviendo-el-espiritu-emprendedor-en-urola-ikastetxea\/#primaryimage"},"thumbnailUrl":"https:\/\/iraurgiberritzen.eus\/wp-content\/uploads\/2023\/09\/6febd4c4384e8f172d72aaeb470b230f.jpg","datePublished":"2018-03-13T06:43:16+00:00","breadcrumb":{"@id":"https:\/\/iraurgiberritzen.eus\/es\/promoviendo-el-espiritu-emprendedor-en-urola-ikastetxea\/#breadcrumb"},"inLanguage":"es","potentialAction":[{"@type":"ReadAction","target":["https:\/\/iraurgiberritzen.eus\/es\/promoviendo-el-espiritu-emprendedor-en-urola-ikastetxea\/"]}]},{"@type":"ImageObject","inLanguage":"es","@id":"https:\/\/iraurgiberritzen.eus\/es\/promoviendo-el-espiritu-emprendedor-en-urola-ikastetxea\/#primaryimage","url":"https:\/\/iraurgiberritzen.eus\/wp-content\/uploads\/2023\/09\/6febd4c4384e8f172d72aaeb470b230f.jpg","contentUrl":"https:\/\/iraurgiberritzen.eus\/wp-content\/uploads\/2023\/09\/6febd4c4384e8f172d72aaeb470b230f.jpg","width":600,"height":386},{"@type":"BreadcrumbList","@id":"https:\/\/iraurgiberritzen.eus\/es\/promoviendo-el-espiritu-emprendedor-en-urola-ikastetxea\/#breadcrumb","itemListElement":[{"@type":"ListItem","position":1,"name":"Home","item":"https:\/\/iraurgiberritzen.eus\/es\/"},{"@type":"ListItem","position":2,"name":"Promoviendo el esp\u00edritu emprendedor en Urola Ikastetxea"}]},{"@type":"WebSite","@id":"https:\/\/iraurgiberritzen.eus\/es\/#website","url":"https:\/\/iraurgiberritzen.eus\/es\/","name":"Iraurgi Berritzen","description":"Urola Erdiko Garapen Agentzia","publisher":{"@id":"https:\/\/iraurgiberritzen.eus\/es\/#organization"},"potentialAction":[{"@type":"SearchAction","target":{"@type":"EntryPoint","urlTemplate":"https:\/\/iraurgiberritzen.eus\/es\/?s={search_term_string}"},"query-input":{"@type":"PropertyValueSpecification","valueRequired":true,"valueName":"search_term_string"}}],"inLanguage":"es"},{"@type":"Organization","@id":"https:\/\/iraurgiberritzen.eus\/es\/#organization","name":"Iraurgi Berritzen","url":"https:\/\/iraurgiberritzen.eus\/es\/","logo":{"@type":"ImageObject","inLanguage":"es","@id":"https:\/\/iraurgiberritzen.eus\/es\/#\/schema\/logo\/image\/","url":"https:\/\/iraurgiberritzen.eus\/wp-content\/uploads\/2024\/02\/IRAURGI-BERRITZEN-logotipoa_2.png","contentUrl":"https:\/\/iraurgiberritzen.eus\/wp-content\/uploads\/2024\/02\/IRAURGI-BERRITZEN-logotipoa_2.png","width":496,"height":190,"caption":"Iraurgi Berritzen"},"image":{"@id":"https:\/\/iraurgiberritzen.eus\/es\/#\/schema\/logo\/image\/"}},{"@type":"Person","@id":"https:\/\/iraurgiberritzen.eus\/es\/#\/schema\/person\/5ab41aaf388a9097177601ebf45738d2","name":"kudeatzailea","sameAs":["https:\/\/iraurgiberritzen.eus"]}]}},"_links":{"self":[{"href":"https:\/\/iraurgiberritzen.eus\/es\/wp-json\/wp\/v2\/posts\/12337","targetHints":{"allow":["GET"]}}],"collection":[{"href":"https:\/\/iraurgiberritzen.eus\/es\/wp-json\/wp\/v2\/posts"}],"about":[{"href":"https:\/\/iraurgiberritzen.eus\/es\/wp-json\/wp\/v2\/types\/post"}],"author":[{"embeddable":true,"href":"https:\/\/iraurgiberritzen.eus\/es\/wp-json\/wp\/v2\/users\/1"}],"replies":[{"embeddable":true,"href":"https:\/\/iraurgiberritzen.eus\/es\/wp-json\/wp\/v2\/comments?post=12337"}],"version-history":[{"count":0,"href":"https:\/\/iraurgiberritzen.eus\/es\/wp-json\/wp\/v2\/posts\/12337\/revisions"}],"wp:featuredmedia":[{"embeddable":true,"href":"https:\/\/iraurgiberritzen.eus\/es\/wp-json\/wp\/v2\/media\/17897"}],"wp:attachment":[{"href":"https:\/\/iraurgiberritzen.eus\/es\/wp-json\/wp\/v2\/media?parent=12337"}],"wp:term":[{"taxonomy":"category","embeddable":true,"href":"https:\/\/iraurgiberritzen.eus\/es\/wp-json\/wp\/v2\/categories?post=12337"},{"taxonomy":"post_tag","embeddable":true,"href":"https:\/\/iraurgiberritzen.eus\/es\/wp-json\/wp\/v2\/tags?post=12337"}],"curies":[{"name":"wp","href":"https:\/\/api.w.org\/{rel}","templated":true}]}}