{"id":12340,"date":"2018-03-15T09:12:40","date_gmt":"2018-03-15T07:12:40","guid":{"rendered":"https:\/\/iraurgiberritzen.eus\/los-participantes-de-la-3a-edicion-del-programa-txertatu-merkatuan-finalizan-la-1a-fase-egokitu\/"},"modified":"2018-03-15T09:12:40","modified_gmt":"2018-03-15T07:12:40","slug":"los-participantes-de-la-3a-edicion-del-programa-txertatu-merkatuan-finalizan-la-1a-fase-egokitu","status":"publish","type":"post","link":"https:\/\/iraurgiberritzen.eus\/es\/los-participantes-de-la-3a-edicion-del-programa-txertatu-merkatuan-finalizan-la-1a-fase-egokitu\/","title":{"rendered":"Los participantes de la 3\u00aa Edici\u00f3n del Programa Txertatu Merkatuan finalizan la 1\u00aa Fase Egokitu"},"content":{"rendered":"<ul>\n<li>La 1\u00aa Fase del Programa finaliz\u00f3 el 8 de marzo.<\/li>\n<li>La 2\u00aa Fase TREBATU comenzar\u00e1 el 19 de Marzo.<\/li>\n<\/ul>\n<p style=\"text-align: justify;\"><span lang=\"es\">La 3\u00aa Edici\u00f3n del Programa Txertatu Merkatuan comenz\u00f3 el 15 de febrero, en el cual participaron 19 personas de la comarca cumpliendo las siguientes condiciones:<\/span><\/p>\n<ul style=\"text-align: justify;\">\n<li><span lang=\"es\">Tener menos de 30 a\u00f1os<\/span><\/li>\n<li><span lang=\"es\">Estar inscrito en Lanbide y en situaci\u00f3n de desempleo<\/span><\/li>\n<li><span lang=\"es\">No estar recibiendo ninguna formaci\u00f3n<\/span><\/li>\n<\/ul>\n<p style=\"text-align: justify;\"><span lang=\"es\">El 8 de marzo finaliz\u00f3 la 1\u00aa Fase. La 2\u00aa Fase, Trebatu, se desarrollar\u00e1 a partir del 19 de marzo y los participantes tendr\u00e1n la oportunidad de realizar un curso de Capacitaci\u00f3n T\u00e9cnica: Trabajador\/a de almac\u00e9n y camarero\/a.<\/span><\/p>\n<p style=\"text-align: justify;\"><span lang=\"es\">El curso de almac\u00e9n tendr\u00e1 una duraci\u00f3n de 75 horas y los participantes obtendr\u00e1n el carnet de carretilla elevadora y grua puente.<\/span><\/p>\n<p style=\"text-align: justify;\"><span lang=\"es\">En cuanto al curso de camarero, durar\u00e1 36 horas y los participantes obtendr\u00e1n el carnet de manipulador de alimentos.<\/span><\/p>\n<p style=\"text-align: justify;\"><span lang=\"es\">Estos dos cursos se impartir\u00e1n en dos salas del Elkargune de Azkoitia por las ma\u00f1anas.&nbsp;<\/span><\/p>\n<p>&nbsp;<\/p>\n","protected":false},"excerpt":{"rendered":"<p>La 1\u00aa Fase del Programa finaliz\u00f3 el 8 de marzo. La 2\u00aa Fase TREBATU comenzar\u00e1 el 19 de Marzo. La 3\u00aa Edici\u00f3n del Programa Txertatu Merkatuan comenz\u00f3 el 15 de febrero, en el cual participaron 19 personas de la comarca cumpliendo las siguientes condiciones: Tener menos de 30 a\u00f1os Estar inscrito en Lanbide y en [&hellip;]<\/p>\n","protected":false},"author":1,"featured_media":17898,"comment_status":"","ping_status":"closed","sticky":false,"template":"","format":"standard","meta":{"_acf_changed":false,"footnotes":""},"categories":[4],"tags":[],"class_list":["post-12340","post","type-post","status-publish","format-standard","has-post-thumbnail","hentry","category-noticias"],"acf":[],"yoast_head":"<!-- This site is optimized with the Yoast SEO plugin v27.4 - https:\/\/yoast.com\/product\/yoast-seo-wordpress\/ -->\n<title>Los participantes de la 3\u00aa Edici\u00f3n del Programa Txertatu Merkatuan finalizan la 1\u00aa Fase Egokitu - Iraurgi Berritzen<\/title>\n<meta name=\"robots\" content=\"index, follow, max-snippet:-1, max-image-preview:large, max-video-preview:-1\" \/>\n<link rel=\"canonical\" href=\"https:\/\/iraurgiberritzen.eus\/es\/los-participantes-de-la-3a-edicion-del-programa-txertatu-merkatuan-finalizan-la-1a-fase-egokitu\/\" \/>\n<meta property=\"og:locale\" content=\"es_ES\" \/>\n<meta property=\"og:type\" content=\"article\" \/>\n<meta property=\"og:title\" content=\"Los participantes de la 3\u00aa Edici\u00f3n del Programa Txertatu Merkatuan finalizan la 1\u00aa Fase Egokitu - Iraurgi Berritzen\" \/>\n<meta property=\"og:description\" content=\"La 1\u00aa Fase del Programa finaliz\u00f3 el 8 de marzo. La 2\u00aa Fase TREBATU comenzar\u00e1 el 19 de Marzo. La 3\u00aa Edici\u00f3n del Programa Txertatu Merkatuan comenz\u00f3 el 15 de febrero, en el cual participaron 19 personas de la comarca cumpliendo las siguientes condiciones: Tener menos de 30 a\u00f1os Estar inscrito en Lanbide y en [&hellip;]\" \/>\n<meta property=\"og:url\" content=\"https:\/\/iraurgiberritzen.eus\/es\/los-participantes-de-la-3a-edicion-del-programa-txertatu-merkatuan-finalizan-la-1a-fase-egokitu\/\" \/>\n<meta property=\"og:site_name\" content=\"Iraurgi Berritzen\" \/>\n<meta property=\"article:published_time\" content=\"2018-03-15T07:12:40+00:00\" \/>\n<meta name=\"author\" content=\"kudeatzailea\" \/>\n<meta name=\"twitter:card\" content=\"summary_large_image\" \/>\n<meta name=\"twitter:label1\" content=\"Escrito por\" \/>\n\t<meta name=\"twitter:data1\" content=\"kudeatzailea\" \/>\n\t<meta name=\"twitter:label2\" content=\"Tiempo de lectura\" \/>\n\t<meta name=\"twitter:data2\" content=\"1 minuto\" \/>\n<script type=\"application\/ld+json\" class=\"yoast-schema-graph\">{\"@context\":\"https:\\\/\\\/schema.org\",\"@graph\":[{\"@type\":\"Article\",\"@id\":\"https:\\\/\\\/iraurgiberritzen.eus\\\/es\\\/los-participantes-de-la-3a-edicion-del-programa-txertatu-merkatuan-finalizan-la-1a-fase-egokitu\\\/#article\",\"isPartOf\":{\"@id\":\"https:\\\/\\\/iraurgiberritzen.eus\\\/es\\\/los-participantes-de-la-3a-edicion-del-programa-txertatu-merkatuan-finalizan-la-1a-fase-egokitu\\\/\"},\"author\":{\"name\":\"kudeatzailea\",\"@id\":\"https:\\\/\\\/iraurgiberritzen.eus\\\/es\\\/#\\\/schema\\\/person\\\/5ab41aaf388a9097177601ebf45738d2\"},\"headline\":\"Los participantes de la 3\u00aa Edici\u00f3n del Programa Txertatu Merkatuan finalizan la 1\u00aa Fase Egokitu\",\"datePublished\":\"2018-03-15T07:12:40+00:00\",\"mainEntityOfPage\":{\"@id\":\"https:\\\/\\\/iraurgiberritzen.eus\\\/es\\\/los-participantes-de-la-3a-edicion-del-programa-txertatu-merkatuan-finalizan-la-1a-fase-egokitu\\\/\"},\"wordCount\":175,\"publisher\":{\"@id\":\"https:\\\/\\\/iraurgiberritzen.eus\\\/es\\\/#organization\"},\"image\":{\"@id\":\"https:\\\/\\\/iraurgiberritzen.eus\\\/es\\\/los-participantes-de-la-3a-edicion-del-programa-txertatu-merkatuan-finalizan-la-1a-fase-egokitu\\\/#primaryimage\"},\"thumbnailUrl\":\"https:\\\/\\\/iraurgiberritzen.eus\\\/wp-content\\\/uploads\\\/2023\\\/09\\\/a05812a6ea54f32db80b865f7cd66f25.jpg\",\"articleSection\":[\"Noticias\"],\"inLanguage\":\"es\"},{\"@type\":\"WebPage\",\"@id\":\"https:\\\/\\\/iraurgiberritzen.eus\\\/es\\\/los-participantes-de-la-3a-edicion-del-programa-txertatu-merkatuan-finalizan-la-1a-fase-egokitu\\\/\",\"url\":\"https:\\\/\\\/iraurgiberritzen.eus\\\/es\\\/los-participantes-de-la-3a-edicion-del-programa-txertatu-merkatuan-finalizan-la-1a-fase-egokitu\\\/\",\"name\":\"Los participantes de la 3\u00aa Edici\u00f3n del Programa Txertatu Merkatuan finalizan la 1\u00aa Fase Egokitu - Iraurgi Berritzen\",\"isPartOf\":{\"@id\":\"https:\\\/\\\/iraurgiberritzen.eus\\\/es\\\/#website\"},\"primaryImageOfPage\":{\"@id\":\"https:\\\/\\\/iraurgiberritzen.eus\\\/es\\\/los-participantes-de-la-3a-edicion-del-programa-txertatu-merkatuan-finalizan-la-1a-fase-egokitu\\\/#primaryimage\"},\"image\":{\"@id\":\"https:\\\/\\\/iraurgiberritzen.eus\\\/es\\\/los-participantes-de-la-3a-edicion-del-programa-txertatu-merkatuan-finalizan-la-1a-fase-egokitu\\\/#primaryimage\"},\"thumbnailUrl\":\"https:\\\/\\\/iraurgiberritzen.eus\\\/wp-content\\\/uploads\\\/2023\\\/09\\\/a05812a6ea54f32db80b865f7cd66f25.jpg\",\"datePublished\":\"2018-03-15T07:12:40+00:00\",\"breadcrumb\":{\"@id\":\"https:\\\/\\\/iraurgiberritzen.eus\\\/es\\\/los-participantes-de-la-3a-edicion-del-programa-txertatu-merkatuan-finalizan-la-1a-fase-egokitu\\\/#breadcrumb\"},\"inLanguage\":\"es\",\"potentialAction\":[{\"@type\":\"ReadAction\",\"target\":[\"https:\\\/\\\/iraurgiberritzen.eus\\\/es\\\/los-participantes-de-la-3a-edicion-del-programa-txertatu-merkatuan-finalizan-la-1a-fase-egokitu\\\/\"]}]},{\"@type\":\"ImageObject\",\"inLanguage\":\"es\",\"@id\":\"https:\\\/\\\/iraurgiberritzen.eus\\\/es\\\/los-participantes-de-la-3a-edicion-del-programa-txertatu-merkatuan-finalizan-la-1a-fase-egokitu\\\/#primaryimage\",\"url\":\"https:\\\/\\\/iraurgiberritzen.eus\\\/wp-content\\\/uploads\\\/2023\\\/09\\\/a05812a6ea54f32db80b865f7cd66f25.jpg\",\"contentUrl\":\"https:\\\/\\\/iraurgiberritzen.eus\\\/wp-content\\\/uploads\\\/2023\\\/09\\\/a05812a6ea54f32db80b865f7cd66f25.jpg\",\"width\":600,\"height\":386},{\"@type\":\"BreadcrumbList\",\"@id\":\"https:\\\/\\\/iraurgiberritzen.eus\\\/es\\\/los-participantes-de-la-3a-edicion-del-programa-txertatu-merkatuan-finalizan-la-1a-fase-egokitu\\\/#breadcrumb\",\"itemListElement\":[{\"@type\":\"ListItem\",\"position\":1,\"name\":\"Home\",\"item\":\"https:\\\/\\\/iraurgiberritzen.eus\\\/es\\\/\"},{\"@type\":\"ListItem\",\"position\":2,\"name\":\"Los participantes de la 3\u00aa Edici\u00f3n del Programa Txertatu Merkatuan finalizan la 1\u00aa Fase Egokitu\"}]},{\"@type\":\"WebSite\",\"@id\":\"https:\\\/\\\/iraurgiberritzen.eus\\\/es\\\/#website\",\"url\":\"https:\\\/\\\/iraurgiberritzen.eus\\\/es\\\/\",\"name\":\"Iraurgi Berritzen\",\"description\":\"Urola Erdiko Garapen Agentzia\",\"publisher\":{\"@id\":\"https:\\\/\\\/iraurgiberritzen.eus\\\/es\\\/#organization\"},\"potentialAction\":[{\"@type\":\"SearchAction\",\"target\":{\"@type\":\"EntryPoint\",\"urlTemplate\":\"https:\\\/\\\/iraurgiberritzen.eus\\\/es\\\/?s={search_term_string}\"},\"query-input\":{\"@type\":\"PropertyValueSpecification\",\"valueRequired\":true,\"valueName\":\"search_term_string\"}}],\"inLanguage\":\"es\"},{\"@type\":\"Organization\",\"@id\":\"https:\\\/\\\/iraurgiberritzen.eus\\\/es\\\/#organization\",\"name\":\"Iraurgi Berritzen\",\"url\":\"https:\\\/\\\/iraurgiberritzen.eus\\\/es\\\/\",\"logo\":{\"@type\":\"ImageObject\",\"inLanguage\":\"es\",\"@id\":\"https:\\\/\\\/iraurgiberritzen.eus\\\/es\\\/#\\\/schema\\\/logo\\\/image\\\/\",\"url\":\"https:\\\/\\\/iraurgiberritzen.eus\\\/wp-content\\\/uploads\\\/2024\\\/02\\\/IRAURGI-BERRITZEN-logotipoa_2.png\",\"contentUrl\":\"https:\\\/\\\/iraurgiberritzen.eus\\\/wp-content\\\/uploads\\\/2024\\\/02\\\/IRAURGI-BERRITZEN-logotipoa_2.png\",\"width\":496,\"height\":190,\"caption\":\"Iraurgi Berritzen\"},\"image\":{\"@id\":\"https:\\\/\\\/iraurgiberritzen.eus\\\/es\\\/#\\\/schema\\\/logo\\\/image\\\/\"}},{\"@type\":\"Person\",\"@id\":\"https:\\\/\\\/iraurgiberritzen.eus\\\/es\\\/#\\\/schema\\\/person\\\/5ab41aaf388a9097177601ebf45738d2\",\"name\":\"kudeatzailea\",\"sameAs\":[\"https:\\\/\\\/iraurgiberritzen.eus\"]}]}<\/script>\n<!-- \/ Yoast SEO plugin. -->","yoast_head_json":{"title":"Los participantes de la 3\u00aa Edici\u00f3n del Programa Txertatu Merkatuan finalizan la 1\u00aa Fase Egokitu - Iraurgi Berritzen","robots":{"index":"index","follow":"follow","max-snippet":"max-snippet:-1","max-image-preview":"max-image-preview:large","max-video-preview":"max-video-preview:-1"},"canonical":"https:\/\/iraurgiberritzen.eus\/es\/los-participantes-de-la-3a-edicion-del-programa-txertatu-merkatuan-finalizan-la-1a-fase-egokitu\/","og_locale":"es_ES","og_type":"article","og_title":"Los participantes de la 3\u00aa Edici\u00f3n del Programa Txertatu Merkatuan finalizan la 1\u00aa Fase Egokitu - Iraurgi Berritzen","og_description":"La 1\u00aa Fase del Programa finaliz\u00f3 el 8 de marzo. La 2\u00aa Fase TREBATU comenzar\u00e1 el 19 de Marzo. La 3\u00aa Edici\u00f3n del Programa Txertatu Merkatuan comenz\u00f3 el 15 de febrero, en el cual participaron 19 personas de la comarca cumpliendo las siguientes condiciones: Tener menos de 30 a\u00f1os Estar inscrito en Lanbide y en [&hellip;]","og_url":"https:\/\/iraurgiberritzen.eus\/es\/los-participantes-de-la-3a-edicion-del-programa-txertatu-merkatuan-finalizan-la-1a-fase-egokitu\/","og_site_name":"Iraurgi Berritzen","article_published_time":"2018-03-15T07:12:40+00:00","author":"kudeatzailea","twitter_card":"summary_large_image","twitter_misc":{"Escrito por":"kudeatzailea","Tiempo de lectura":"1 minuto"},"schema":{"@context":"https:\/\/schema.org","@graph":[{"@type":"Article","@id":"https:\/\/iraurgiberritzen.eus\/es\/los-participantes-de-la-3a-edicion-del-programa-txertatu-merkatuan-finalizan-la-1a-fase-egokitu\/#article","isPartOf":{"@id":"https:\/\/iraurgiberritzen.eus\/es\/los-participantes-de-la-3a-edicion-del-programa-txertatu-merkatuan-finalizan-la-1a-fase-egokitu\/"},"author":{"name":"kudeatzailea","@id":"https:\/\/iraurgiberritzen.eus\/es\/#\/schema\/person\/5ab41aaf388a9097177601ebf45738d2"},"headline":"Los participantes de la 3\u00aa Edici\u00f3n del Programa Txertatu Merkatuan finalizan la 1\u00aa Fase Egokitu","datePublished":"2018-03-15T07:12:40+00:00","mainEntityOfPage":{"@id":"https:\/\/iraurgiberritzen.eus\/es\/los-participantes-de-la-3a-edicion-del-programa-txertatu-merkatuan-finalizan-la-1a-fase-egokitu\/"},"wordCount":175,"publisher":{"@id":"https:\/\/iraurgiberritzen.eus\/es\/#organization"},"image":{"@id":"https:\/\/iraurgiberritzen.eus\/es\/los-participantes-de-la-3a-edicion-del-programa-txertatu-merkatuan-finalizan-la-1a-fase-egokitu\/#primaryimage"},"thumbnailUrl":"https:\/\/iraurgiberritzen.eus\/wp-content\/uploads\/2023\/09\/a05812a6ea54f32db80b865f7cd66f25.jpg","articleSection":["Noticias"],"inLanguage":"es"},{"@type":"WebPage","@id":"https:\/\/iraurgiberritzen.eus\/es\/los-participantes-de-la-3a-edicion-del-programa-txertatu-merkatuan-finalizan-la-1a-fase-egokitu\/","url":"https:\/\/iraurgiberritzen.eus\/es\/los-participantes-de-la-3a-edicion-del-programa-txertatu-merkatuan-finalizan-la-1a-fase-egokitu\/","name":"Los participantes de la 3\u00aa Edici\u00f3n del Programa Txertatu Merkatuan finalizan la 1\u00aa Fase Egokitu - Iraurgi Berritzen","isPartOf":{"@id":"https:\/\/iraurgiberritzen.eus\/es\/#website"},"primaryImageOfPage":{"@id":"https:\/\/iraurgiberritzen.eus\/es\/los-participantes-de-la-3a-edicion-del-programa-txertatu-merkatuan-finalizan-la-1a-fase-egokitu\/#primaryimage"},"image":{"@id":"https:\/\/iraurgiberritzen.eus\/es\/los-participantes-de-la-3a-edicion-del-programa-txertatu-merkatuan-finalizan-la-1a-fase-egokitu\/#primaryimage"},"thumbnailUrl":"https:\/\/iraurgiberritzen.eus\/wp-content\/uploads\/2023\/09\/a05812a6ea54f32db80b865f7cd66f25.jpg","datePublished":"2018-03-15T07:12:40+00:00","breadcrumb":{"@id":"https:\/\/iraurgiberritzen.eus\/es\/los-participantes-de-la-3a-edicion-del-programa-txertatu-merkatuan-finalizan-la-1a-fase-egokitu\/#breadcrumb"},"inLanguage":"es","potentialAction":[{"@type":"ReadAction","target":["https:\/\/iraurgiberritzen.eus\/es\/los-participantes-de-la-3a-edicion-del-programa-txertatu-merkatuan-finalizan-la-1a-fase-egokitu\/"]}]},{"@type":"ImageObject","inLanguage":"es","@id":"https:\/\/iraurgiberritzen.eus\/es\/los-participantes-de-la-3a-edicion-del-programa-txertatu-merkatuan-finalizan-la-1a-fase-egokitu\/#primaryimage","url":"https:\/\/iraurgiberritzen.eus\/wp-content\/uploads\/2023\/09\/a05812a6ea54f32db80b865f7cd66f25.jpg","contentUrl":"https:\/\/iraurgiberritzen.eus\/wp-content\/uploads\/2023\/09\/a05812a6ea54f32db80b865f7cd66f25.jpg","width":600,"height":386},{"@type":"BreadcrumbList","@id":"https:\/\/iraurgiberritzen.eus\/es\/los-participantes-de-la-3a-edicion-del-programa-txertatu-merkatuan-finalizan-la-1a-fase-egokitu\/#breadcrumb","itemListElement":[{"@type":"ListItem","position":1,"name":"Home","item":"https:\/\/iraurgiberritzen.eus\/es\/"},{"@type":"ListItem","position":2,"name":"Los participantes de la 3\u00aa Edici\u00f3n del Programa Txertatu Merkatuan finalizan la 1\u00aa Fase Egokitu"}]},{"@type":"WebSite","@id":"https:\/\/iraurgiberritzen.eus\/es\/#website","url":"https:\/\/iraurgiberritzen.eus\/es\/","name":"Iraurgi Berritzen","description":"Urola Erdiko Garapen Agentzia","publisher":{"@id":"https:\/\/iraurgiberritzen.eus\/es\/#organization"},"potentialAction":[{"@type":"SearchAction","target":{"@type":"EntryPoint","urlTemplate":"https:\/\/iraurgiberritzen.eus\/es\/?s={search_term_string}"},"query-input":{"@type":"PropertyValueSpecification","valueRequired":true,"valueName":"search_term_string"}}],"inLanguage":"es"},{"@type":"Organization","@id":"https:\/\/iraurgiberritzen.eus\/es\/#organization","name":"Iraurgi Berritzen","url":"https:\/\/iraurgiberritzen.eus\/es\/","logo":{"@type":"ImageObject","inLanguage":"es","@id":"https:\/\/iraurgiberritzen.eus\/es\/#\/schema\/logo\/image\/","url":"https:\/\/iraurgiberritzen.eus\/wp-content\/uploads\/2024\/02\/IRAURGI-BERRITZEN-logotipoa_2.png","contentUrl":"https:\/\/iraurgiberritzen.eus\/wp-content\/uploads\/2024\/02\/IRAURGI-BERRITZEN-logotipoa_2.png","width":496,"height":190,"caption":"Iraurgi Berritzen"},"image":{"@id":"https:\/\/iraurgiberritzen.eus\/es\/#\/schema\/logo\/image\/"}},{"@type":"Person","@id":"https:\/\/iraurgiberritzen.eus\/es\/#\/schema\/person\/5ab41aaf388a9097177601ebf45738d2","name":"kudeatzailea","sameAs":["https:\/\/iraurgiberritzen.eus"]}]}},"_links":{"self":[{"href":"https:\/\/iraurgiberritzen.eus\/es\/wp-json\/wp\/v2\/posts\/12340","targetHints":{"allow":["GET"]}}],"collection":[{"href":"https:\/\/iraurgiberritzen.eus\/es\/wp-json\/wp\/v2\/posts"}],"about":[{"href":"https:\/\/iraurgiberritzen.eus\/es\/wp-json\/wp\/v2\/types\/post"}],"author":[{"embeddable":true,"href":"https:\/\/iraurgiberritzen.eus\/es\/wp-json\/wp\/v2\/users\/1"}],"replies":[{"embeddable":true,"href":"https:\/\/iraurgiberritzen.eus\/es\/wp-json\/wp\/v2\/comments?post=12340"}],"version-history":[{"count":0,"href":"https:\/\/iraurgiberritzen.eus\/es\/wp-json\/wp\/v2\/posts\/12340\/revisions"}],"wp:featuredmedia":[{"embeddable":true,"href":"https:\/\/iraurgiberritzen.eus\/es\/wp-json\/wp\/v2\/media\/17898"}],"wp:attachment":[{"href":"https:\/\/iraurgiberritzen.eus\/es\/wp-json\/wp\/v2\/media?parent=12340"}],"wp:term":[{"taxonomy":"category","embeddable":true,"href":"https:\/\/iraurgiberritzen.eus\/es\/wp-json\/wp\/v2\/categories?post=12340"},{"taxonomy":"post_tag","embeddable":true,"href":"https:\/\/iraurgiberritzen.eus\/es\/wp-json\/wp\/v2\/tags?post=12340"}],"curies":[{"name":"wp","href":"https:\/\/api.w.org\/{rel}","templated":true}]}}