{"id":12343,"date":"2018-02-21T00:00:00","date_gmt":"2018-02-20T22:00:00","guid":{"rendered":"https:\/\/iraurgiberritzen.eus\/encuentro-de-representantes-de-enpresa-gunea-de-iraurgi-berritzen\/"},"modified":"2018-02-21T00:00:00","modified_gmt":"2018-02-20T22:00:00","slug":"encuentro-de-representantes-de-enpresa-gunea-de-iraurgi-berritzen","status":"publish","type":"post","link":"https:\/\/iraurgiberritzen.eus\/es\/encuentro-de-representantes-de-enpresa-gunea-de-iraurgi-berritzen\/","title":{"rendered":"Encuentro de representantes de Enpresa Gunea de Iraurgi Berritzen"},"content":{"rendered":"<p><span style=\"text-align: justify;\">El pasado 21 de febrero se reunieron de la mano de Iraurgi Berritzen los representantes de empresas que conforman Enpresa Gunea, con el fin de compartir y analizar entre ellos los proyectos e iniciativas dirigidas a empresas, tal y como se acord\u00f3 en su inicio.<\/span><\/p>\n<p style=\"text-align: justify;\">En esta reuni\u00f3n el equipo t\u00e9cnico present\u00f3 los objetivos y caracter\u00edsticas de varios proyectos dirigidos a empresas de la comarca en 2018. En el caso del proyecto Ikasiz, despu\u00e9s de analizar diferentes propuestas, se acord\u00f3 un plan de visitas a realizar este a\u00f1o. La principales l\u00edneas de trabajo son:<\/p>\n<ol>\n<li style=\"text-align: justify;\">Capacitaci\u00f3n. Formaci\u00f3n en empresas e intercambio de experiencias.<\/li>\n<li style=\"text-align: justify;\">Competitividad: Ureraldatuz II (transformaci\u00f3n de Modelos de gesti\u00f3n) e Innovaci\u00f3n tecnol\u00f3gica.<\/li>\n<li style=\"text-align: justify;\">Intermediaci\u00f3n de subvenciones.<\/li>\n<li style=\"text-align: justify;\">Proyectos estrat\u00e9gicos: Hornitu III; Harremantzen 4.0; Ur3dtzen II; Industria 4.0.<\/li>\n<li style=\"text-align: justify;\">Empleo en las empresas. Recibir las necesidades de ofertas y pr\u00e1cticas laborales y su gesti\u00f3n.<\/li>\n<\/ol>\n<p style=\"text-align: justify;\">Adem\u00e1s de realizar el seguimiento de los proyectos dirigidos a empresas, se hizo tambi\u00e9n el seguimiento de las iniciativas que se est\u00e1n desarrollando en <strong>colaboraci\u00f3n con los dem\u00e1s agentes<\/strong> de la comarca:<\/p>\n<p style=\"text-align: justify;\">Colaboraci\u00f3n entre <strong>empresas y agentes de empleo<\/strong>: se ha puesto en marcha un nuevo proyecto de gesti\u00f3n de ofertas de empleo y de atracci\u00f3n de j\u00f3venes para proyectos fin de carrera, con el fin de atraer a j\u00f3venes cualificados a las empresas de la comarca.<\/p>\n<p style=\"text-align: justify;\"><strong>Empresa y Formaci\u00f3n Profesional<\/strong>: En la reuni\u00f3n se ratific\u00f3 el compromiso de seguir trabajando en colaboraci\u00f3n con Urola Lanbide Eskola, confirm\u00e1ndose el apoyo para la solicitud de nuevas ofertas formativas en el futuro.<\/p>\n<p style=\"text-align: justify;\">Una nueva iniciativa de cooperaci\u00f3n se pondr\u00e1 en marcha entre <strong>empresas y centros educativos<\/strong> de Urola Erdia, para incentivar la cercan\u00eda entre j\u00f3venes estudiantes y la realidad de las empresas, de forma que cada centro formativo, colaborar\u00e1 con un grupo de empresas a lo largo del a\u00f1o para organizar diferentes visitas y actividades seg\u00fan sus intereses.<\/p>\n<p style=\"text-align: center;\"><img loading=\"lazy\" decoding=\"async\" src=\"images\/enpresa_gunea__bilera_otsaila_logoak.png\" alt=\"enpresa_gunea__bilera_otsaila_logoak.png\" width=\"572\" height=\"162\" \/><\/p>\n","protected":false},"excerpt":{"rendered":"<p>El pasado 21 de febrero se reunieron de la mano de Iraurgi Berritzen los representantes de empresas que conforman Enpresa Gunea, con el fin de compartir y analizar entre ellos los proyectos e iniciativas dirigidas a empresas, tal y como se acord\u00f3 en su inicio. En esta reuni\u00f3n el equipo t\u00e9cnico present\u00f3 los objetivos y [&hellip;]<\/p>\n","protected":false},"author":1,"featured_media":17899,"comment_status":"","ping_status":"closed","sticky":false,"template":"","format":"standard","meta":{"_acf_changed":false,"footnotes":""},"categories":[4],"tags":[],"class_list":["post-12343","post","type-post","status-publish","format-standard","has-post-thumbnail","hentry","category-noticias"],"acf":[],"yoast_head":"<!-- This site is optimized with the Yoast SEO plugin v27.4 - https:\/\/yoast.com\/product\/yoast-seo-wordpress\/ -->\n<title>Encuentro de representantes de Enpresa Gunea de Iraurgi Berritzen - Iraurgi Berritzen<\/title>\n<meta name=\"robots\" content=\"index, follow, max-snippet:-1, max-image-preview:large, max-video-preview:-1\" \/>\n<link rel=\"canonical\" href=\"https:\/\/iraurgiberritzen.eus\/es\/encuentro-de-representantes-de-enpresa-gunea-de-iraurgi-berritzen\/\" \/>\n<meta property=\"og:locale\" content=\"es_ES\" \/>\n<meta property=\"og:type\" content=\"article\" \/>\n<meta property=\"og:title\" content=\"Encuentro de representantes de Enpresa Gunea de Iraurgi Berritzen - Iraurgi Berritzen\" \/>\n<meta property=\"og:description\" content=\"El pasado 21 de febrero se reunieron de la mano de Iraurgi Berritzen los representantes de empresas que conforman Enpresa Gunea, con el fin de compartir y analizar entre ellos los proyectos e iniciativas dirigidas a empresas, tal y como se acord\u00f3 en su inicio. En esta reuni\u00f3n el equipo t\u00e9cnico present\u00f3 los objetivos y [&hellip;]\" \/>\n<meta property=\"og:url\" content=\"https:\/\/iraurgiberritzen.eus\/es\/encuentro-de-representantes-de-enpresa-gunea-de-iraurgi-berritzen\/\" \/>\n<meta property=\"og:site_name\" content=\"Iraurgi Berritzen\" \/>\n<meta property=\"article:published_time\" content=\"2018-02-20T22:00:00+00:00\" \/>\n<meta name=\"author\" content=\"kudeatzailea\" \/>\n<meta name=\"twitter:card\" content=\"summary_large_image\" \/>\n<meta name=\"twitter:label1\" content=\"Escrito por\" \/>\n\t<meta name=\"twitter:data1\" content=\"kudeatzailea\" \/>\n\t<meta name=\"twitter:label2\" content=\"Tiempo de lectura\" \/>\n\t<meta name=\"twitter:data2\" content=\"2 minutos\" \/>\n<script type=\"application\/ld+json\" class=\"yoast-schema-graph\">{\"@context\":\"https:\\\/\\\/schema.org\",\"@graph\":[{\"@type\":\"Article\",\"@id\":\"https:\\\/\\\/iraurgiberritzen.eus\\\/es\\\/encuentro-de-representantes-de-enpresa-gunea-de-iraurgi-berritzen\\\/#article\",\"isPartOf\":{\"@id\":\"https:\\\/\\\/iraurgiberritzen.eus\\\/es\\\/encuentro-de-representantes-de-enpresa-gunea-de-iraurgi-berritzen\\\/\"},\"author\":{\"name\":\"kudeatzailea\",\"@id\":\"https:\\\/\\\/iraurgiberritzen.eus\\\/es\\\/#\\\/schema\\\/person\\\/5ab41aaf388a9097177601ebf45738d2\"},\"headline\":\"Encuentro de representantes de Enpresa Gunea de Iraurgi Berritzen\",\"datePublished\":\"2018-02-20T22:00:00+00:00\",\"mainEntityOfPage\":{\"@id\":\"https:\\\/\\\/iraurgiberritzen.eus\\\/es\\\/encuentro-de-representantes-de-enpresa-gunea-de-iraurgi-berritzen\\\/\"},\"wordCount\":348,\"publisher\":{\"@id\":\"https:\\\/\\\/iraurgiberritzen.eus\\\/es\\\/#organization\"},\"image\":{\"@id\":\"https:\\\/\\\/iraurgiberritzen.eus\\\/es\\\/encuentro-de-representantes-de-enpresa-gunea-de-iraurgi-berritzen\\\/#primaryimage\"},\"thumbnailUrl\":\"https:\\\/\\\/iraurgiberritzen.eus\\\/wp-content\\\/uploads\\\/2023\\\/09\\\/abc7c98b4ddfae4816b74e0d2fd932d2.jpg\",\"articleSection\":[\"Noticias\"],\"inLanguage\":\"es\"},{\"@type\":\"WebPage\",\"@id\":\"https:\\\/\\\/iraurgiberritzen.eus\\\/es\\\/encuentro-de-representantes-de-enpresa-gunea-de-iraurgi-berritzen\\\/\",\"url\":\"https:\\\/\\\/iraurgiberritzen.eus\\\/es\\\/encuentro-de-representantes-de-enpresa-gunea-de-iraurgi-berritzen\\\/\",\"name\":\"Encuentro de representantes de Enpresa Gunea de Iraurgi Berritzen - Iraurgi Berritzen\",\"isPartOf\":{\"@id\":\"https:\\\/\\\/iraurgiberritzen.eus\\\/es\\\/#website\"},\"primaryImageOfPage\":{\"@id\":\"https:\\\/\\\/iraurgiberritzen.eus\\\/es\\\/encuentro-de-representantes-de-enpresa-gunea-de-iraurgi-berritzen\\\/#primaryimage\"},\"image\":{\"@id\":\"https:\\\/\\\/iraurgiberritzen.eus\\\/es\\\/encuentro-de-representantes-de-enpresa-gunea-de-iraurgi-berritzen\\\/#primaryimage\"},\"thumbnailUrl\":\"https:\\\/\\\/iraurgiberritzen.eus\\\/wp-content\\\/uploads\\\/2023\\\/09\\\/abc7c98b4ddfae4816b74e0d2fd932d2.jpg\",\"datePublished\":\"2018-02-20T22:00:00+00:00\",\"breadcrumb\":{\"@id\":\"https:\\\/\\\/iraurgiberritzen.eus\\\/es\\\/encuentro-de-representantes-de-enpresa-gunea-de-iraurgi-berritzen\\\/#breadcrumb\"},\"inLanguage\":\"es\",\"potentialAction\":[{\"@type\":\"ReadAction\",\"target\":[\"https:\\\/\\\/iraurgiberritzen.eus\\\/es\\\/encuentro-de-representantes-de-enpresa-gunea-de-iraurgi-berritzen\\\/\"]}]},{\"@type\":\"ImageObject\",\"inLanguage\":\"es\",\"@id\":\"https:\\\/\\\/iraurgiberritzen.eus\\\/es\\\/encuentro-de-representantes-de-enpresa-gunea-de-iraurgi-berritzen\\\/#primaryimage\",\"url\":\"https:\\\/\\\/iraurgiberritzen.eus\\\/wp-content\\\/uploads\\\/2023\\\/09\\\/abc7c98b4ddfae4816b74e0d2fd932d2.jpg\",\"contentUrl\":\"https:\\\/\\\/iraurgiberritzen.eus\\\/wp-content\\\/uploads\\\/2023\\\/09\\\/abc7c98b4ddfae4816b74e0d2fd932d2.jpg\",\"width\":600,\"height\":386},{\"@type\":\"BreadcrumbList\",\"@id\":\"https:\\\/\\\/iraurgiberritzen.eus\\\/es\\\/encuentro-de-representantes-de-enpresa-gunea-de-iraurgi-berritzen\\\/#breadcrumb\",\"itemListElement\":[{\"@type\":\"ListItem\",\"position\":1,\"name\":\"Home\",\"item\":\"https:\\\/\\\/iraurgiberritzen.eus\\\/es\\\/\"},{\"@type\":\"ListItem\",\"position\":2,\"name\":\"Encuentro de representantes de Enpresa Gunea de Iraurgi Berritzen\"}]},{\"@type\":\"WebSite\",\"@id\":\"https:\\\/\\\/iraurgiberritzen.eus\\\/es\\\/#website\",\"url\":\"https:\\\/\\\/iraurgiberritzen.eus\\\/es\\\/\",\"name\":\"Iraurgi Berritzen\",\"description\":\"Urola Erdiko Garapen Agentzia\",\"publisher\":{\"@id\":\"https:\\\/\\\/iraurgiberritzen.eus\\\/es\\\/#organization\"},\"potentialAction\":[{\"@type\":\"SearchAction\",\"target\":{\"@type\":\"EntryPoint\",\"urlTemplate\":\"https:\\\/\\\/iraurgiberritzen.eus\\\/es\\\/?s={search_term_string}\"},\"query-input\":{\"@type\":\"PropertyValueSpecification\",\"valueRequired\":true,\"valueName\":\"search_term_string\"}}],\"inLanguage\":\"es\"},{\"@type\":\"Organization\",\"@id\":\"https:\\\/\\\/iraurgiberritzen.eus\\\/es\\\/#organization\",\"name\":\"Iraurgi Berritzen\",\"url\":\"https:\\\/\\\/iraurgiberritzen.eus\\\/es\\\/\",\"logo\":{\"@type\":\"ImageObject\",\"inLanguage\":\"es\",\"@id\":\"https:\\\/\\\/iraurgiberritzen.eus\\\/es\\\/#\\\/schema\\\/logo\\\/image\\\/\",\"url\":\"https:\\\/\\\/iraurgiberritzen.eus\\\/wp-content\\\/uploads\\\/2024\\\/02\\\/IRAURGI-BERRITZEN-logotipoa_2.png\",\"contentUrl\":\"https:\\\/\\\/iraurgiberritzen.eus\\\/wp-content\\\/uploads\\\/2024\\\/02\\\/IRAURGI-BERRITZEN-logotipoa_2.png\",\"width\":496,\"height\":190,\"caption\":\"Iraurgi Berritzen\"},\"image\":{\"@id\":\"https:\\\/\\\/iraurgiberritzen.eus\\\/es\\\/#\\\/schema\\\/logo\\\/image\\\/\"}},{\"@type\":\"Person\",\"@id\":\"https:\\\/\\\/iraurgiberritzen.eus\\\/es\\\/#\\\/schema\\\/person\\\/5ab41aaf388a9097177601ebf45738d2\",\"name\":\"kudeatzailea\",\"sameAs\":[\"https:\\\/\\\/iraurgiberritzen.eus\"]}]}<\/script>\n<!-- \/ Yoast SEO plugin. -->","yoast_head_json":{"title":"Encuentro de representantes de Enpresa Gunea de Iraurgi Berritzen - Iraurgi Berritzen","robots":{"index":"index","follow":"follow","max-snippet":"max-snippet:-1","max-image-preview":"max-image-preview:large","max-video-preview":"max-video-preview:-1"},"canonical":"https:\/\/iraurgiberritzen.eus\/es\/encuentro-de-representantes-de-enpresa-gunea-de-iraurgi-berritzen\/","og_locale":"es_ES","og_type":"article","og_title":"Encuentro de representantes de Enpresa Gunea de Iraurgi Berritzen - Iraurgi Berritzen","og_description":"El pasado 21 de febrero se reunieron de la mano de Iraurgi Berritzen los representantes de empresas que conforman Enpresa Gunea, con el fin de compartir y analizar entre ellos los proyectos e iniciativas dirigidas a empresas, tal y como se acord\u00f3 en su inicio. En esta reuni\u00f3n el equipo t\u00e9cnico present\u00f3 los objetivos y [&hellip;]","og_url":"https:\/\/iraurgiberritzen.eus\/es\/encuentro-de-representantes-de-enpresa-gunea-de-iraurgi-berritzen\/","og_site_name":"Iraurgi Berritzen","article_published_time":"2018-02-20T22:00:00+00:00","author":"kudeatzailea","twitter_card":"summary_large_image","twitter_misc":{"Escrito por":"kudeatzailea","Tiempo de lectura":"2 minutos"},"schema":{"@context":"https:\/\/schema.org","@graph":[{"@type":"Article","@id":"https:\/\/iraurgiberritzen.eus\/es\/encuentro-de-representantes-de-enpresa-gunea-de-iraurgi-berritzen\/#article","isPartOf":{"@id":"https:\/\/iraurgiberritzen.eus\/es\/encuentro-de-representantes-de-enpresa-gunea-de-iraurgi-berritzen\/"},"author":{"name":"kudeatzailea","@id":"https:\/\/iraurgiberritzen.eus\/es\/#\/schema\/person\/5ab41aaf388a9097177601ebf45738d2"},"headline":"Encuentro de representantes de Enpresa Gunea de Iraurgi Berritzen","datePublished":"2018-02-20T22:00:00+00:00","mainEntityOfPage":{"@id":"https:\/\/iraurgiberritzen.eus\/es\/encuentro-de-representantes-de-enpresa-gunea-de-iraurgi-berritzen\/"},"wordCount":348,"publisher":{"@id":"https:\/\/iraurgiberritzen.eus\/es\/#organization"},"image":{"@id":"https:\/\/iraurgiberritzen.eus\/es\/encuentro-de-representantes-de-enpresa-gunea-de-iraurgi-berritzen\/#primaryimage"},"thumbnailUrl":"https:\/\/iraurgiberritzen.eus\/wp-content\/uploads\/2023\/09\/abc7c98b4ddfae4816b74e0d2fd932d2.jpg","articleSection":["Noticias"],"inLanguage":"es"},{"@type":"WebPage","@id":"https:\/\/iraurgiberritzen.eus\/es\/encuentro-de-representantes-de-enpresa-gunea-de-iraurgi-berritzen\/","url":"https:\/\/iraurgiberritzen.eus\/es\/encuentro-de-representantes-de-enpresa-gunea-de-iraurgi-berritzen\/","name":"Encuentro de representantes de Enpresa Gunea de Iraurgi Berritzen - Iraurgi Berritzen","isPartOf":{"@id":"https:\/\/iraurgiberritzen.eus\/es\/#website"},"primaryImageOfPage":{"@id":"https:\/\/iraurgiberritzen.eus\/es\/encuentro-de-representantes-de-enpresa-gunea-de-iraurgi-berritzen\/#primaryimage"},"image":{"@id":"https:\/\/iraurgiberritzen.eus\/es\/encuentro-de-representantes-de-enpresa-gunea-de-iraurgi-berritzen\/#primaryimage"},"thumbnailUrl":"https:\/\/iraurgiberritzen.eus\/wp-content\/uploads\/2023\/09\/abc7c98b4ddfae4816b74e0d2fd932d2.jpg","datePublished":"2018-02-20T22:00:00+00:00","breadcrumb":{"@id":"https:\/\/iraurgiberritzen.eus\/es\/encuentro-de-representantes-de-enpresa-gunea-de-iraurgi-berritzen\/#breadcrumb"},"inLanguage":"es","potentialAction":[{"@type":"ReadAction","target":["https:\/\/iraurgiberritzen.eus\/es\/encuentro-de-representantes-de-enpresa-gunea-de-iraurgi-berritzen\/"]}]},{"@type":"ImageObject","inLanguage":"es","@id":"https:\/\/iraurgiberritzen.eus\/es\/encuentro-de-representantes-de-enpresa-gunea-de-iraurgi-berritzen\/#primaryimage","url":"https:\/\/iraurgiberritzen.eus\/wp-content\/uploads\/2023\/09\/abc7c98b4ddfae4816b74e0d2fd932d2.jpg","contentUrl":"https:\/\/iraurgiberritzen.eus\/wp-content\/uploads\/2023\/09\/abc7c98b4ddfae4816b74e0d2fd932d2.jpg","width":600,"height":386},{"@type":"BreadcrumbList","@id":"https:\/\/iraurgiberritzen.eus\/es\/encuentro-de-representantes-de-enpresa-gunea-de-iraurgi-berritzen\/#breadcrumb","itemListElement":[{"@type":"ListItem","position":1,"name":"Home","item":"https:\/\/iraurgiberritzen.eus\/es\/"},{"@type":"ListItem","position":2,"name":"Encuentro de representantes de Enpresa Gunea de Iraurgi Berritzen"}]},{"@type":"WebSite","@id":"https:\/\/iraurgiberritzen.eus\/es\/#website","url":"https:\/\/iraurgiberritzen.eus\/es\/","name":"Iraurgi Berritzen","description":"Urola Erdiko Garapen Agentzia","publisher":{"@id":"https:\/\/iraurgiberritzen.eus\/es\/#organization"},"potentialAction":[{"@type":"SearchAction","target":{"@type":"EntryPoint","urlTemplate":"https:\/\/iraurgiberritzen.eus\/es\/?s={search_term_string}"},"query-input":{"@type":"PropertyValueSpecification","valueRequired":true,"valueName":"search_term_string"}}],"inLanguage":"es"},{"@type":"Organization","@id":"https:\/\/iraurgiberritzen.eus\/es\/#organization","name":"Iraurgi Berritzen","url":"https:\/\/iraurgiberritzen.eus\/es\/","logo":{"@type":"ImageObject","inLanguage":"es","@id":"https:\/\/iraurgiberritzen.eus\/es\/#\/schema\/logo\/image\/","url":"https:\/\/iraurgiberritzen.eus\/wp-content\/uploads\/2024\/02\/IRAURGI-BERRITZEN-logotipoa_2.png","contentUrl":"https:\/\/iraurgiberritzen.eus\/wp-content\/uploads\/2024\/02\/IRAURGI-BERRITZEN-logotipoa_2.png","width":496,"height":190,"caption":"Iraurgi Berritzen"},"image":{"@id":"https:\/\/iraurgiberritzen.eus\/es\/#\/schema\/logo\/image\/"}},{"@type":"Person","@id":"https:\/\/iraurgiberritzen.eus\/es\/#\/schema\/person\/5ab41aaf388a9097177601ebf45738d2","name":"kudeatzailea","sameAs":["https:\/\/iraurgiberritzen.eus"]}]}},"_links":{"self":[{"href":"https:\/\/iraurgiberritzen.eus\/es\/wp-json\/wp\/v2\/posts\/12343","targetHints":{"allow":["GET"]}}],"collection":[{"href":"https:\/\/iraurgiberritzen.eus\/es\/wp-json\/wp\/v2\/posts"}],"about":[{"href":"https:\/\/iraurgiberritzen.eus\/es\/wp-json\/wp\/v2\/types\/post"}],"author":[{"embeddable":true,"href":"https:\/\/iraurgiberritzen.eus\/es\/wp-json\/wp\/v2\/users\/1"}],"replies":[{"embeddable":true,"href":"https:\/\/iraurgiberritzen.eus\/es\/wp-json\/wp\/v2\/comments?post=12343"}],"version-history":[{"count":0,"href":"https:\/\/iraurgiberritzen.eus\/es\/wp-json\/wp\/v2\/posts\/12343\/revisions"}],"wp:featuredmedia":[{"embeddable":true,"href":"https:\/\/iraurgiberritzen.eus\/es\/wp-json\/wp\/v2\/media\/17899"}],"wp:attachment":[{"href":"https:\/\/iraurgiberritzen.eus\/es\/wp-json\/wp\/v2\/media?parent=12343"}],"wp:term":[{"taxonomy":"category","embeddable":true,"href":"https:\/\/iraurgiberritzen.eus\/es\/wp-json\/wp\/v2\/categories?post=12343"},{"taxonomy":"post_tag","embeddable":true,"href":"https:\/\/iraurgiberritzen.eus\/es\/wp-json\/wp\/v2\/tags?post=12343"}],"curies":[{"name":"wp","href":"https:\/\/api.w.org\/{rel}","templated":true}]}}