{"id":12346,"date":"2018-04-24T06:44:17","date_gmt":"2018-04-24T04:44:17","guid":{"rendered":"https:\/\/iraurgiberritzen.eus\/ha-finalizado-la-v-edicion-de-lanzituz-lan-sozietateak-sortuz\/"},"modified":"2018-04-24T06:44:17","modified_gmt":"2018-04-24T04:44:17","slug":"ha-finalizado-la-v-edicion-de-lanzituz-lan-sozietateak-sortuz","status":"publish","type":"post","link":"https:\/\/iraurgiberritzen.eus\/es\/ha-finalizado-la-v-edicion-de-lanzituz-lan-sozietateak-sortuz\/","title":{"rendered":"Ha finalizado la V. Edici\u00f3n de LANZITUZ, lan sozietateak sortuz"},"content":{"rendered":"<p style=\"text-align: justify;\">El pasado 18 de abril finaliz\u00f3 el taller \u00abDE LA IDEA A LA EMPRESA\u00bb organizado dentro del programa LANZITUZ. En el taller participaron desempleados de la comarca que partiendo de su idea de negocio analizaron la viabilidad del proyecto, conocieron los pasos a dar en la creaci\u00f3n de una empresa y trabajaron temas relacionados con la gesti\u00f3n de la misma.<\/p>\n<p style=\"text-align: justify;\">La formaci\u00f3n se enmarca dentro del programa LANZITUZ, LAN SOZIETATEAK SORTUZ que busca favorecer la inserci\u00f3n laboral o la reincorporaci\u00f3n al mercado de trabajo de personas desempleadas a trav\u00e9s de la promoci\u00f3n y el apoyo al emprendimiento en Econom\u00eda Social, y en concreto por medio de empresas basadas en la participaci\u00f3n como las sociedades laborales. El proyecto ha sido cofinanciado por el Fondo Social Europeo y participan ASLE (Asociaci\u00f3n de Sociedades Laborales de Euskadi), Iraurgi Berritzen, C\u00e1mara de Gipuzkoa,GEZKI (El Instituto de Estudios Cooperativos y Econom\u00eda Social de la Universidad del Pa\u00eds Vasco) y CCOO de Euskadi.<\/p>\n<p style=\"text-align: justify;\">El proyecto quiere fomentar al mismo tiempo el emprendimiento colectivo, y para ello la agencia ofrece asesor\u00eda individualizada para proyectos colectivos que quieran analizar su viabilidad. Una vez constituida la empresa, seguiremos acompa\u00f1ando en su recorrido emprendedor mediante el servicio de seguimiento.<\/p>\n<p style=\"text-align: justify;\">La pr\u00f3xima edici\u00f3n de Lanzituz se prev\u00e9 que empezar\u00e1 en Junio, para m\u00e1s informaci\u00f3n contacta con Iraurgi Berritzen a trav\u00e9s de 943 85 11 00 (Ione Eizagirre) o mediante correo electr\u00f3nico&nbsp;<a href=\"mailto:ieizagirre@iraurgiberritzen.eus\">ieizagirre@iraurgiberritzen.eus<\/a>.<\/p>\n","protected":false},"excerpt":{"rendered":"<p>El pasado 18 de abril finaliz\u00f3 el taller \u00abDE LA IDEA A LA EMPRESA\u00bb organizado dentro del programa LANZITUZ. En el taller participaron desempleados de la comarca que partiendo de su idea de negocio analizaron la viabilidad del proyecto, conocieron los pasos a dar en la creaci\u00f3n de una empresa y trabajaron temas relacionados con [&hellip;]<\/p>\n","protected":false},"author":1,"featured_media":17900,"comment_status":"","ping_status":"closed","sticky":false,"template":"","format":"standard","meta":{"_acf_changed":false,"footnotes":""},"categories":[4],"tags":[],"class_list":["post-12346","post","type-post","status-publish","format-standard","has-post-thumbnail","hentry","category-noticias"],"acf":[],"yoast_head":"<!-- This site is optimized with the Yoast SEO plugin v27.4 - https:\/\/yoast.com\/product\/yoast-seo-wordpress\/ -->\n<title>Ha finalizado la V. Edici\u00f3n de LANZITUZ, lan sozietateak sortuz - Iraurgi Berritzen<\/title>\n<meta name=\"robots\" content=\"index, follow, max-snippet:-1, max-image-preview:large, max-video-preview:-1\" \/>\n<link rel=\"canonical\" href=\"https:\/\/iraurgiberritzen.eus\/es\/ha-finalizado-la-v-edicion-de-lanzituz-lan-sozietateak-sortuz\/\" \/>\n<meta property=\"og:locale\" content=\"es_ES\" \/>\n<meta property=\"og:type\" content=\"article\" \/>\n<meta property=\"og:title\" content=\"Ha finalizado la V. Edici\u00f3n de LANZITUZ, lan sozietateak sortuz - Iraurgi Berritzen\" \/>\n<meta property=\"og:description\" content=\"El pasado 18 de abril finaliz\u00f3 el taller \u00abDE LA IDEA A LA EMPRESA\u00bb organizado dentro del programa LANZITUZ. En el taller participaron desempleados de la comarca que partiendo de su idea de negocio analizaron la viabilidad del proyecto, conocieron los pasos a dar en la creaci\u00f3n de una empresa y trabajaron temas relacionados con [&hellip;]\" \/>\n<meta property=\"og:url\" content=\"https:\/\/iraurgiberritzen.eus\/es\/ha-finalizado-la-v-edicion-de-lanzituz-lan-sozietateak-sortuz\/\" \/>\n<meta property=\"og:site_name\" content=\"Iraurgi Berritzen\" \/>\n<meta property=\"article:published_time\" content=\"2018-04-24T04:44:17+00:00\" \/>\n<meta name=\"author\" content=\"kudeatzailea\" \/>\n<meta name=\"twitter:card\" content=\"summary_large_image\" \/>\n<meta name=\"twitter:label1\" content=\"Escrito por\" \/>\n\t<meta name=\"twitter:data1\" content=\"kudeatzailea\" \/>\n\t<meta name=\"twitter:label2\" content=\"Tiempo de lectura\" \/>\n\t<meta name=\"twitter:data2\" content=\"1 minuto\" \/>\n<script type=\"application\/ld+json\" class=\"yoast-schema-graph\">{\"@context\":\"https:\\\/\\\/schema.org\",\"@graph\":[{\"@type\":\"Article\",\"@id\":\"https:\\\/\\\/iraurgiberritzen.eus\\\/es\\\/ha-finalizado-la-v-edicion-de-lanzituz-lan-sozietateak-sortuz\\\/#article\",\"isPartOf\":{\"@id\":\"https:\\\/\\\/iraurgiberritzen.eus\\\/es\\\/ha-finalizado-la-v-edicion-de-lanzituz-lan-sozietateak-sortuz\\\/\"},\"author\":{\"name\":\"kudeatzailea\",\"@id\":\"https:\\\/\\\/iraurgiberritzen.eus\\\/es\\\/#\\\/schema\\\/person\\\/5ab41aaf388a9097177601ebf45738d2\"},\"headline\":\"Ha finalizado la V. Edici\u00f3n de LANZITUZ, lan sozietateak sortuz\",\"datePublished\":\"2018-04-24T04:44:17+00:00\",\"mainEntityOfPage\":{\"@id\":\"https:\\\/\\\/iraurgiberritzen.eus\\\/es\\\/ha-finalizado-la-v-edicion-de-lanzituz-lan-sozietateak-sortuz\\\/\"},\"wordCount\":262,\"publisher\":{\"@id\":\"https:\\\/\\\/iraurgiberritzen.eus\\\/es\\\/#organization\"},\"image\":{\"@id\":\"https:\\\/\\\/iraurgiberritzen.eus\\\/es\\\/ha-finalizado-la-v-edicion-de-lanzituz-lan-sozietateak-sortuz\\\/#primaryimage\"},\"thumbnailUrl\":\"https:\\\/\\\/iraurgiberritzen.eus\\\/wp-content\\\/uploads\\\/2023\\\/09\\\/346cfc4cda7a853e9a165b7df6f7b442.jpg\",\"articleSection\":[\"Noticias\"],\"inLanguage\":\"es\"},{\"@type\":\"WebPage\",\"@id\":\"https:\\\/\\\/iraurgiberritzen.eus\\\/es\\\/ha-finalizado-la-v-edicion-de-lanzituz-lan-sozietateak-sortuz\\\/\",\"url\":\"https:\\\/\\\/iraurgiberritzen.eus\\\/es\\\/ha-finalizado-la-v-edicion-de-lanzituz-lan-sozietateak-sortuz\\\/\",\"name\":\"Ha finalizado la V. Edici\u00f3n de LANZITUZ, lan sozietateak sortuz - Iraurgi Berritzen\",\"isPartOf\":{\"@id\":\"https:\\\/\\\/iraurgiberritzen.eus\\\/es\\\/#website\"},\"primaryImageOfPage\":{\"@id\":\"https:\\\/\\\/iraurgiberritzen.eus\\\/es\\\/ha-finalizado-la-v-edicion-de-lanzituz-lan-sozietateak-sortuz\\\/#primaryimage\"},\"image\":{\"@id\":\"https:\\\/\\\/iraurgiberritzen.eus\\\/es\\\/ha-finalizado-la-v-edicion-de-lanzituz-lan-sozietateak-sortuz\\\/#primaryimage\"},\"thumbnailUrl\":\"https:\\\/\\\/iraurgiberritzen.eus\\\/wp-content\\\/uploads\\\/2023\\\/09\\\/346cfc4cda7a853e9a165b7df6f7b442.jpg\",\"datePublished\":\"2018-04-24T04:44:17+00:00\",\"breadcrumb\":{\"@id\":\"https:\\\/\\\/iraurgiberritzen.eus\\\/es\\\/ha-finalizado-la-v-edicion-de-lanzituz-lan-sozietateak-sortuz\\\/#breadcrumb\"},\"inLanguage\":\"es\",\"potentialAction\":[{\"@type\":\"ReadAction\",\"target\":[\"https:\\\/\\\/iraurgiberritzen.eus\\\/es\\\/ha-finalizado-la-v-edicion-de-lanzituz-lan-sozietateak-sortuz\\\/\"]}]},{\"@type\":\"ImageObject\",\"inLanguage\":\"es\",\"@id\":\"https:\\\/\\\/iraurgiberritzen.eus\\\/es\\\/ha-finalizado-la-v-edicion-de-lanzituz-lan-sozietateak-sortuz\\\/#primaryimage\",\"url\":\"https:\\\/\\\/iraurgiberritzen.eus\\\/wp-content\\\/uploads\\\/2023\\\/09\\\/346cfc4cda7a853e9a165b7df6f7b442.jpg\",\"contentUrl\":\"https:\\\/\\\/iraurgiberritzen.eus\\\/wp-content\\\/uploads\\\/2023\\\/09\\\/346cfc4cda7a853e9a165b7df6f7b442.jpg\",\"width\":600,\"height\":386},{\"@type\":\"BreadcrumbList\",\"@id\":\"https:\\\/\\\/iraurgiberritzen.eus\\\/es\\\/ha-finalizado-la-v-edicion-de-lanzituz-lan-sozietateak-sortuz\\\/#breadcrumb\",\"itemListElement\":[{\"@type\":\"ListItem\",\"position\":1,\"name\":\"Home\",\"item\":\"https:\\\/\\\/iraurgiberritzen.eus\\\/es\\\/\"},{\"@type\":\"ListItem\",\"position\":2,\"name\":\"Ha finalizado la V. Edici\u00f3n de LANZITUZ, lan sozietateak sortuz\"}]},{\"@type\":\"WebSite\",\"@id\":\"https:\\\/\\\/iraurgiberritzen.eus\\\/es\\\/#website\",\"url\":\"https:\\\/\\\/iraurgiberritzen.eus\\\/es\\\/\",\"name\":\"Iraurgi Berritzen\",\"description\":\"Urola Erdiko Garapen Agentzia\",\"publisher\":{\"@id\":\"https:\\\/\\\/iraurgiberritzen.eus\\\/es\\\/#organization\"},\"potentialAction\":[{\"@type\":\"SearchAction\",\"target\":{\"@type\":\"EntryPoint\",\"urlTemplate\":\"https:\\\/\\\/iraurgiberritzen.eus\\\/es\\\/?s={search_term_string}\"},\"query-input\":{\"@type\":\"PropertyValueSpecification\",\"valueRequired\":true,\"valueName\":\"search_term_string\"}}],\"inLanguage\":\"es\"},{\"@type\":\"Organization\",\"@id\":\"https:\\\/\\\/iraurgiberritzen.eus\\\/es\\\/#organization\",\"name\":\"Iraurgi Berritzen\",\"url\":\"https:\\\/\\\/iraurgiberritzen.eus\\\/es\\\/\",\"logo\":{\"@type\":\"ImageObject\",\"inLanguage\":\"es\",\"@id\":\"https:\\\/\\\/iraurgiberritzen.eus\\\/es\\\/#\\\/schema\\\/logo\\\/image\\\/\",\"url\":\"https:\\\/\\\/iraurgiberritzen.eus\\\/wp-content\\\/uploads\\\/2024\\\/02\\\/IRAURGI-BERRITZEN-logotipoa_2.png\",\"contentUrl\":\"https:\\\/\\\/iraurgiberritzen.eus\\\/wp-content\\\/uploads\\\/2024\\\/02\\\/IRAURGI-BERRITZEN-logotipoa_2.png\",\"width\":496,\"height\":190,\"caption\":\"Iraurgi Berritzen\"},\"image\":{\"@id\":\"https:\\\/\\\/iraurgiberritzen.eus\\\/es\\\/#\\\/schema\\\/logo\\\/image\\\/\"}},{\"@type\":\"Person\",\"@id\":\"https:\\\/\\\/iraurgiberritzen.eus\\\/es\\\/#\\\/schema\\\/person\\\/5ab41aaf388a9097177601ebf45738d2\",\"name\":\"kudeatzailea\",\"sameAs\":[\"https:\\\/\\\/iraurgiberritzen.eus\"]}]}<\/script>\n<!-- \/ Yoast SEO plugin. -->","yoast_head_json":{"title":"Ha finalizado la V. Edici\u00f3n de LANZITUZ, lan sozietateak sortuz - Iraurgi Berritzen","robots":{"index":"index","follow":"follow","max-snippet":"max-snippet:-1","max-image-preview":"max-image-preview:large","max-video-preview":"max-video-preview:-1"},"canonical":"https:\/\/iraurgiberritzen.eus\/es\/ha-finalizado-la-v-edicion-de-lanzituz-lan-sozietateak-sortuz\/","og_locale":"es_ES","og_type":"article","og_title":"Ha finalizado la V. Edici\u00f3n de LANZITUZ, lan sozietateak sortuz - Iraurgi Berritzen","og_description":"El pasado 18 de abril finaliz\u00f3 el taller \u00abDE LA IDEA A LA EMPRESA\u00bb organizado dentro del programa LANZITUZ. En el taller participaron desempleados de la comarca que partiendo de su idea de negocio analizaron la viabilidad del proyecto, conocieron los pasos a dar en la creaci\u00f3n de una empresa y trabajaron temas relacionados con [&hellip;]","og_url":"https:\/\/iraurgiberritzen.eus\/es\/ha-finalizado-la-v-edicion-de-lanzituz-lan-sozietateak-sortuz\/","og_site_name":"Iraurgi Berritzen","article_published_time":"2018-04-24T04:44:17+00:00","author":"kudeatzailea","twitter_card":"summary_large_image","twitter_misc":{"Escrito por":"kudeatzailea","Tiempo de lectura":"1 minuto"},"schema":{"@context":"https:\/\/schema.org","@graph":[{"@type":"Article","@id":"https:\/\/iraurgiberritzen.eus\/es\/ha-finalizado-la-v-edicion-de-lanzituz-lan-sozietateak-sortuz\/#article","isPartOf":{"@id":"https:\/\/iraurgiberritzen.eus\/es\/ha-finalizado-la-v-edicion-de-lanzituz-lan-sozietateak-sortuz\/"},"author":{"name":"kudeatzailea","@id":"https:\/\/iraurgiberritzen.eus\/es\/#\/schema\/person\/5ab41aaf388a9097177601ebf45738d2"},"headline":"Ha finalizado la V. Edici\u00f3n de LANZITUZ, lan sozietateak sortuz","datePublished":"2018-04-24T04:44:17+00:00","mainEntityOfPage":{"@id":"https:\/\/iraurgiberritzen.eus\/es\/ha-finalizado-la-v-edicion-de-lanzituz-lan-sozietateak-sortuz\/"},"wordCount":262,"publisher":{"@id":"https:\/\/iraurgiberritzen.eus\/es\/#organization"},"image":{"@id":"https:\/\/iraurgiberritzen.eus\/es\/ha-finalizado-la-v-edicion-de-lanzituz-lan-sozietateak-sortuz\/#primaryimage"},"thumbnailUrl":"https:\/\/iraurgiberritzen.eus\/wp-content\/uploads\/2023\/09\/346cfc4cda7a853e9a165b7df6f7b442.jpg","articleSection":["Noticias"],"inLanguage":"es"},{"@type":"WebPage","@id":"https:\/\/iraurgiberritzen.eus\/es\/ha-finalizado-la-v-edicion-de-lanzituz-lan-sozietateak-sortuz\/","url":"https:\/\/iraurgiberritzen.eus\/es\/ha-finalizado-la-v-edicion-de-lanzituz-lan-sozietateak-sortuz\/","name":"Ha finalizado la V. Edici\u00f3n de LANZITUZ, lan sozietateak sortuz - Iraurgi Berritzen","isPartOf":{"@id":"https:\/\/iraurgiberritzen.eus\/es\/#website"},"primaryImageOfPage":{"@id":"https:\/\/iraurgiberritzen.eus\/es\/ha-finalizado-la-v-edicion-de-lanzituz-lan-sozietateak-sortuz\/#primaryimage"},"image":{"@id":"https:\/\/iraurgiberritzen.eus\/es\/ha-finalizado-la-v-edicion-de-lanzituz-lan-sozietateak-sortuz\/#primaryimage"},"thumbnailUrl":"https:\/\/iraurgiberritzen.eus\/wp-content\/uploads\/2023\/09\/346cfc4cda7a853e9a165b7df6f7b442.jpg","datePublished":"2018-04-24T04:44:17+00:00","breadcrumb":{"@id":"https:\/\/iraurgiberritzen.eus\/es\/ha-finalizado-la-v-edicion-de-lanzituz-lan-sozietateak-sortuz\/#breadcrumb"},"inLanguage":"es","potentialAction":[{"@type":"ReadAction","target":["https:\/\/iraurgiberritzen.eus\/es\/ha-finalizado-la-v-edicion-de-lanzituz-lan-sozietateak-sortuz\/"]}]},{"@type":"ImageObject","inLanguage":"es","@id":"https:\/\/iraurgiberritzen.eus\/es\/ha-finalizado-la-v-edicion-de-lanzituz-lan-sozietateak-sortuz\/#primaryimage","url":"https:\/\/iraurgiberritzen.eus\/wp-content\/uploads\/2023\/09\/346cfc4cda7a853e9a165b7df6f7b442.jpg","contentUrl":"https:\/\/iraurgiberritzen.eus\/wp-content\/uploads\/2023\/09\/346cfc4cda7a853e9a165b7df6f7b442.jpg","width":600,"height":386},{"@type":"BreadcrumbList","@id":"https:\/\/iraurgiberritzen.eus\/es\/ha-finalizado-la-v-edicion-de-lanzituz-lan-sozietateak-sortuz\/#breadcrumb","itemListElement":[{"@type":"ListItem","position":1,"name":"Home","item":"https:\/\/iraurgiberritzen.eus\/es\/"},{"@type":"ListItem","position":2,"name":"Ha finalizado la V. Edici\u00f3n de LANZITUZ, lan sozietateak sortuz"}]},{"@type":"WebSite","@id":"https:\/\/iraurgiberritzen.eus\/es\/#website","url":"https:\/\/iraurgiberritzen.eus\/es\/","name":"Iraurgi Berritzen","description":"Urola Erdiko Garapen Agentzia","publisher":{"@id":"https:\/\/iraurgiberritzen.eus\/es\/#organization"},"potentialAction":[{"@type":"SearchAction","target":{"@type":"EntryPoint","urlTemplate":"https:\/\/iraurgiberritzen.eus\/es\/?s={search_term_string}"},"query-input":{"@type":"PropertyValueSpecification","valueRequired":true,"valueName":"search_term_string"}}],"inLanguage":"es"},{"@type":"Organization","@id":"https:\/\/iraurgiberritzen.eus\/es\/#organization","name":"Iraurgi Berritzen","url":"https:\/\/iraurgiberritzen.eus\/es\/","logo":{"@type":"ImageObject","inLanguage":"es","@id":"https:\/\/iraurgiberritzen.eus\/es\/#\/schema\/logo\/image\/","url":"https:\/\/iraurgiberritzen.eus\/wp-content\/uploads\/2024\/02\/IRAURGI-BERRITZEN-logotipoa_2.png","contentUrl":"https:\/\/iraurgiberritzen.eus\/wp-content\/uploads\/2024\/02\/IRAURGI-BERRITZEN-logotipoa_2.png","width":496,"height":190,"caption":"Iraurgi Berritzen"},"image":{"@id":"https:\/\/iraurgiberritzen.eus\/es\/#\/schema\/logo\/image\/"}},{"@type":"Person","@id":"https:\/\/iraurgiberritzen.eus\/es\/#\/schema\/person\/5ab41aaf388a9097177601ebf45738d2","name":"kudeatzailea","sameAs":["https:\/\/iraurgiberritzen.eus"]}]}},"_links":{"self":[{"href":"https:\/\/iraurgiberritzen.eus\/es\/wp-json\/wp\/v2\/posts\/12346","targetHints":{"allow":["GET"]}}],"collection":[{"href":"https:\/\/iraurgiberritzen.eus\/es\/wp-json\/wp\/v2\/posts"}],"about":[{"href":"https:\/\/iraurgiberritzen.eus\/es\/wp-json\/wp\/v2\/types\/post"}],"author":[{"embeddable":true,"href":"https:\/\/iraurgiberritzen.eus\/es\/wp-json\/wp\/v2\/users\/1"}],"replies":[{"embeddable":true,"href":"https:\/\/iraurgiberritzen.eus\/es\/wp-json\/wp\/v2\/comments?post=12346"}],"version-history":[{"count":0,"href":"https:\/\/iraurgiberritzen.eus\/es\/wp-json\/wp\/v2\/posts\/12346\/revisions"}],"wp:featuredmedia":[{"embeddable":true,"href":"https:\/\/iraurgiberritzen.eus\/es\/wp-json\/wp\/v2\/media\/17900"}],"wp:attachment":[{"href":"https:\/\/iraurgiberritzen.eus\/es\/wp-json\/wp\/v2\/media?parent=12346"}],"wp:term":[{"taxonomy":"category","embeddable":true,"href":"https:\/\/iraurgiberritzen.eus\/es\/wp-json\/wp\/v2\/categories?post=12346"},{"taxonomy":"post_tag","embeddable":true,"href":"https:\/\/iraurgiberritzen.eus\/es\/wp-json\/wp\/v2\/tags?post=12346"}],"curies":[{"name":"wp","href":"https:\/\/api.w.org\/{rel}","templated":true}]}}