{"id":12349,"date":"2018-04-24T11:28:16","date_gmt":"2018-04-24T09:28:16","guid":{"rendered":"https:\/\/iraurgiberritzen.eus\/microempresas-de-la-comarca-trabajando-la-ciberseguridad\/"},"modified":"2018-04-24T11:28:16","modified_gmt":"2018-04-24T09:28:16","slug":"microempresas-de-la-comarca-trabajando-la-ciberseguridad","status":"publish","type":"post","link":"https:\/\/iraurgiberritzen.eus\/es\/microempresas-de-la-comarca-trabajando-la-ciberseguridad\/","title":{"rendered":"Microempresas de la comarca trabajando la ciberseguridad"},"content":{"rendered":"<p style=\"text-align: justify;\">El pasado 19 de Abril en colaboraci\u00f3n con la Spri y de la mano de las tecnolog\u00edas, se celebr\u00f3 un taller a medida con 8 microempresas de la comarca, en el cual se trabaj\u00f3 el tema de la ciberseguridad enfocado y adaptado a la realidad de las empresas participantes.&nbsp;<\/p>\n<p>En el mismo, les ayudamos a conocer e incluir en sus empresas pr\u00e1cticas y diferentes herramientas tecnol\u00f3gicas que hacen m\u00e1s seguro el uso de los medios digitales para compartir informaci\u00f3n y navegar con seguridad.<\/p>\n<p>Todo ello, con el objetivo final de hacer m\u00e1s eficiente y segura la empresa.<\/p>\n<p style=\"text-align: justify;\">La valoraci\u00f3n realizada por los participantes ha sido muy positiva.<\/p>\n<p style=\"text-align: justify;\">Participantes:&nbsp;ES S\u00f3lidos Ingeneering S.L., MK Coin Worldwide S.A., Talleres Patri S.L., Doitze Mekanizatuak, Larra Mekanizatuak S.L., Gurean Turismo Zerbitzuak S.L., Datuketak eta Arancia S.L<\/p>\n<img loading=\"lazy\" decoding=\"async\" style=\"text-align: justify;\" src=\"images\/zibersegurtasuna_jardunaldia_partehartzaileak.png\" alt=\"zibersegurtasuna_jardunaldia_partehartzaileak.png\" width=\"900\" height=\"170\" \/>\n","protected":false},"excerpt":{"rendered":"<p>El pasado 19 de Abril en colaboraci\u00f3n con la Spri y de la mano de las tecnolog\u00edas, se celebr\u00f3 un taller a medida con 8 microempresas de la comarca, en el cual se trabaj\u00f3 el tema de la ciberseguridad enfocado y adaptado a la realidad de las empresas participantes.&nbsp; En el mismo, les ayudamos a [&hellip;]<\/p>\n","protected":false},"author":1,"featured_media":17901,"comment_status":"","ping_status":"closed","sticky":false,"template":"","format":"standard","meta":{"_acf_changed":false,"footnotes":""},"categories":[4],"tags":[],"class_list":["post-12349","post","type-post","status-publish","format-standard","has-post-thumbnail","hentry","category-noticias"],"acf":[],"yoast_head":"<!-- This site is optimized with the Yoast SEO plugin v27.4 - https:\/\/yoast.com\/product\/yoast-seo-wordpress\/ -->\n<title>Microempresas de la comarca trabajando la ciberseguridad - Iraurgi Berritzen<\/title>\n<meta name=\"robots\" content=\"index, follow, max-snippet:-1, max-image-preview:large, max-video-preview:-1\" \/>\n<link rel=\"canonical\" href=\"https:\/\/iraurgiberritzen.eus\/es\/microempresas-de-la-comarca-trabajando-la-ciberseguridad\/\" \/>\n<meta property=\"og:locale\" content=\"es_ES\" \/>\n<meta property=\"og:type\" content=\"article\" \/>\n<meta property=\"og:title\" content=\"Microempresas de la comarca trabajando la ciberseguridad - Iraurgi Berritzen\" \/>\n<meta property=\"og:description\" content=\"El pasado 19 de Abril en colaboraci\u00f3n con la Spri y de la mano de las tecnolog\u00edas, se celebr\u00f3 un taller a medida con 8 microempresas de la comarca, en el cual se trabaj\u00f3 el tema de la ciberseguridad enfocado y adaptado a la realidad de las empresas participantes.&nbsp; En el mismo, les ayudamos a [&hellip;]\" \/>\n<meta property=\"og:url\" content=\"https:\/\/iraurgiberritzen.eus\/es\/microempresas-de-la-comarca-trabajando-la-ciberseguridad\/\" \/>\n<meta property=\"og:site_name\" content=\"Iraurgi Berritzen\" \/>\n<meta property=\"article:published_time\" content=\"2018-04-24T09:28:16+00:00\" \/>\n<meta name=\"author\" content=\"kudeatzailea\" \/>\n<meta name=\"twitter:card\" content=\"summary_large_image\" \/>\n<meta name=\"twitter:label1\" content=\"Escrito por\" \/>\n\t<meta name=\"twitter:data1\" content=\"kudeatzailea\" \/>\n\t<meta name=\"twitter:label2\" content=\"Tiempo de lectura\" \/>\n\t<meta name=\"twitter:data2\" content=\"1 minuto\" \/>\n<script type=\"application\/ld+json\" class=\"yoast-schema-graph\">{\"@context\":\"https:\\\/\\\/schema.org\",\"@graph\":[{\"@type\":\"Article\",\"@id\":\"https:\\\/\\\/iraurgiberritzen.eus\\\/es\\\/microempresas-de-la-comarca-trabajando-la-ciberseguridad\\\/#article\",\"isPartOf\":{\"@id\":\"https:\\\/\\\/iraurgiberritzen.eus\\\/es\\\/microempresas-de-la-comarca-trabajando-la-ciberseguridad\\\/\"},\"author\":{\"name\":\"kudeatzailea\",\"@id\":\"https:\\\/\\\/iraurgiberritzen.eus\\\/es\\\/#\\\/schema\\\/person\\\/5ab41aaf388a9097177601ebf45738d2\"},\"headline\":\"Microempresas de la comarca trabajando la ciberseguridad\",\"datePublished\":\"2018-04-24T09:28:16+00:00\",\"mainEntityOfPage\":{\"@id\":\"https:\\\/\\\/iraurgiberritzen.eus\\\/es\\\/microempresas-de-la-comarca-trabajando-la-ciberseguridad\\\/\"},\"wordCount\":154,\"publisher\":{\"@id\":\"https:\\\/\\\/iraurgiberritzen.eus\\\/es\\\/#organization\"},\"image\":{\"@id\":\"https:\\\/\\\/iraurgiberritzen.eus\\\/es\\\/microempresas-de-la-comarca-trabajando-la-ciberseguridad\\\/#primaryimage\"},\"thumbnailUrl\":\"https:\\\/\\\/iraurgiberritzen.eus\\\/wp-content\\\/uploads\\\/2023\\\/09\\\/2e79051f535b06583dfeaa47b4b5b74c.jpg\",\"articleSection\":[\"Noticias\"],\"inLanguage\":\"es\"},{\"@type\":\"WebPage\",\"@id\":\"https:\\\/\\\/iraurgiberritzen.eus\\\/es\\\/microempresas-de-la-comarca-trabajando-la-ciberseguridad\\\/\",\"url\":\"https:\\\/\\\/iraurgiberritzen.eus\\\/es\\\/microempresas-de-la-comarca-trabajando-la-ciberseguridad\\\/\",\"name\":\"Microempresas de la comarca trabajando la ciberseguridad - Iraurgi Berritzen\",\"isPartOf\":{\"@id\":\"https:\\\/\\\/iraurgiberritzen.eus\\\/es\\\/#website\"},\"primaryImageOfPage\":{\"@id\":\"https:\\\/\\\/iraurgiberritzen.eus\\\/es\\\/microempresas-de-la-comarca-trabajando-la-ciberseguridad\\\/#primaryimage\"},\"image\":{\"@id\":\"https:\\\/\\\/iraurgiberritzen.eus\\\/es\\\/microempresas-de-la-comarca-trabajando-la-ciberseguridad\\\/#primaryimage\"},\"thumbnailUrl\":\"https:\\\/\\\/iraurgiberritzen.eus\\\/wp-content\\\/uploads\\\/2023\\\/09\\\/2e79051f535b06583dfeaa47b4b5b74c.jpg\",\"datePublished\":\"2018-04-24T09:28:16+00:00\",\"breadcrumb\":{\"@id\":\"https:\\\/\\\/iraurgiberritzen.eus\\\/es\\\/microempresas-de-la-comarca-trabajando-la-ciberseguridad\\\/#breadcrumb\"},\"inLanguage\":\"es\",\"potentialAction\":[{\"@type\":\"ReadAction\",\"target\":[\"https:\\\/\\\/iraurgiberritzen.eus\\\/es\\\/microempresas-de-la-comarca-trabajando-la-ciberseguridad\\\/\"]}]},{\"@type\":\"ImageObject\",\"inLanguage\":\"es\",\"@id\":\"https:\\\/\\\/iraurgiberritzen.eus\\\/es\\\/microempresas-de-la-comarca-trabajando-la-ciberseguridad\\\/#primaryimage\",\"url\":\"https:\\\/\\\/iraurgiberritzen.eus\\\/wp-content\\\/uploads\\\/2023\\\/09\\\/2e79051f535b06583dfeaa47b4b5b74c.jpg\",\"contentUrl\":\"https:\\\/\\\/iraurgiberritzen.eus\\\/wp-content\\\/uploads\\\/2023\\\/09\\\/2e79051f535b06583dfeaa47b4b5b74c.jpg\",\"width\":600,\"height\":386},{\"@type\":\"BreadcrumbList\",\"@id\":\"https:\\\/\\\/iraurgiberritzen.eus\\\/es\\\/microempresas-de-la-comarca-trabajando-la-ciberseguridad\\\/#breadcrumb\",\"itemListElement\":[{\"@type\":\"ListItem\",\"position\":1,\"name\":\"Home\",\"item\":\"https:\\\/\\\/iraurgiberritzen.eus\\\/es\\\/\"},{\"@type\":\"ListItem\",\"position\":2,\"name\":\"Microempresas de la comarca trabajando la ciberseguridad\"}]},{\"@type\":\"WebSite\",\"@id\":\"https:\\\/\\\/iraurgiberritzen.eus\\\/es\\\/#website\",\"url\":\"https:\\\/\\\/iraurgiberritzen.eus\\\/es\\\/\",\"name\":\"Iraurgi Berritzen\",\"description\":\"Urola Erdiko Garapen Agentzia\",\"publisher\":{\"@id\":\"https:\\\/\\\/iraurgiberritzen.eus\\\/es\\\/#organization\"},\"potentialAction\":[{\"@type\":\"SearchAction\",\"target\":{\"@type\":\"EntryPoint\",\"urlTemplate\":\"https:\\\/\\\/iraurgiberritzen.eus\\\/es\\\/?s={search_term_string}\"},\"query-input\":{\"@type\":\"PropertyValueSpecification\",\"valueRequired\":true,\"valueName\":\"search_term_string\"}}],\"inLanguage\":\"es\"},{\"@type\":\"Organization\",\"@id\":\"https:\\\/\\\/iraurgiberritzen.eus\\\/es\\\/#organization\",\"name\":\"Iraurgi Berritzen\",\"url\":\"https:\\\/\\\/iraurgiberritzen.eus\\\/es\\\/\",\"logo\":{\"@type\":\"ImageObject\",\"inLanguage\":\"es\",\"@id\":\"https:\\\/\\\/iraurgiberritzen.eus\\\/es\\\/#\\\/schema\\\/logo\\\/image\\\/\",\"url\":\"https:\\\/\\\/iraurgiberritzen.eus\\\/wp-content\\\/uploads\\\/2024\\\/02\\\/IRAURGI-BERRITZEN-logotipoa_2.png\",\"contentUrl\":\"https:\\\/\\\/iraurgiberritzen.eus\\\/wp-content\\\/uploads\\\/2024\\\/02\\\/IRAURGI-BERRITZEN-logotipoa_2.png\",\"width\":496,\"height\":190,\"caption\":\"Iraurgi Berritzen\"},\"image\":{\"@id\":\"https:\\\/\\\/iraurgiberritzen.eus\\\/es\\\/#\\\/schema\\\/logo\\\/image\\\/\"}},{\"@type\":\"Person\",\"@id\":\"https:\\\/\\\/iraurgiberritzen.eus\\\/es\\\/#\\\/schema\\\/person\\\/5ab41aaf388a9097177601ebf45738d2\",\"name\":\"kudeatzailea\",\"sameAs\":[\"https:\\\/\\\/iraurgiberritzen.eus\"]}]}<\/script>\n<!-- \/ Yoast SEO plugin. -->","yoast_head_json":{"title":"Microempresas de la comarca trabajando la ciberseguridad - Iraurgi Berritzen","robots":{"index":"index","follow":"follow","max-snippet":"max-snippet:-1","max-image-preview":"max-image-preview:large","max-video-preview":"max-video-preview:-1"},"canonical":"https:\/\/iraurgiberritzen.eus\/es\/microempresas-de-la-comarca-trabajando-la-ciberseguridad\/","og_locale":"es_ES","og_type":"article","og_title":"Microempresas de la comarca trabajando la ciberseguridad - Iraurgi Berritzen","og_description":"El pasado 19 de Abril en colaboraci\u00f3n con la Spri y de la mano de las tecnolog\u00edas, se celebr\u00f3 un taller a medida con 8 microempresas de la comarca, en el cual se trabaj\u00f3 el tema de la ciberseguridad enfocado y adaptado a la realidad de las empresas participantes.&nbsp; En el mismo, les ayudamos a [&hellip;]","og_url":"https:\/\/iraurgiberritzen.eus\/es\/microempresas-de-la-comarca-trabajando-la-ciberseguridad\/","og_site_name":"Iraurgi Berritzen","article_published_time":"2018-04-24T09:28:16+00:00","author":"kudeatzailea","twitter_card":"summary_large_image","twitter_misc":{"Escrito por":"kudeatzailea","Tiempo de lectura":"1 minuto"},"schema":{"@context":"https:\/\/schema.org","@graph":[{"@type":"Article","@id":"https:\/\/iraurgiberritzen.eus\/es\/microempresas-de-la-comarca-trabajando-la-ciberseguridad\/#article","isPartOf":{"@id":"https:\/\/iraurgiberritzen.eus\/es\/microempresas-de-la-comarca-trabajando-la-ciberseguridad\/"},"author":{"name":"kudeatzailea","@id":"https:\/\/iraurgiberritzen.eus\/es\/#\/schema\/person\/5ab41aaf388a9097177601ebf45738d2"},"headline":"Microempresas de la comarca trabajando la ciberseguridad","datePublished":"2018-04-24T09:28:16+00:00","mainEntityOfPage":{"@id":"https:\/\/iraurgiberritzen.eus\/es\/microempresas-de-la-comarca-trabajando-la-ciberseguridad\/"},"wordCount":154,"publisher":{"@id":"https:\/\/iraurgiberritzen.eus\/es\/#organization"},"image":{"@id":"https:\/\/iraurgiberritzen.eus\/es\/microempresas-de-la-comarca-trabajando-la-ciberseguridad\/#primaryimage"},"thumbnailUrl":"https:\/\/iraurgiberritzen.eus\/wp-content\/uploads\/2023\/09\/2e79051f535b06583dfeaa47b4b5b74c.jpg","articleSection":["Noticias"],"inLanguage":"es"},{"@type":"WebPage","@id":"https:\/\/iraurgiberritzen.eus\/es\/microempresas-de-la-comarca-trabajando-la-ciberseguridad\/","url":"https:\/\/iraurgiberritzen.eus\/es\/microempresas-de-la-comarca-trabajando-la-ciberseguridad\/","name":"Microempresas de la comarca trabajando la ciberseguridad - Iraurgi Berritzen","isPartOf":{"@id":"https:\/\/iraurgiberritzen.eus\/es\/#website"},"primaryImageOfPage":{"@id":"https:\/\/iraurgiberritzen.eus\/es\/microempresas-de-la-comarca-trabajando-la-ciberseguridad\/#primaryimage"},"image":{"@id":"https:\/\/iraurgiberritzen.eus\/es\/microempresas-de-la-comarca-trabajando-la-ciberseguridad\/#primaryimage"},"thumbnailUrl":"https:\/\/iraurgiberritzen.eus\/wp-content\/uploads\/2023\/09\/2e79051f535b06583dfeaa47b4b5b74c.jpg","datePublished":"2018-04-24T09:28:16+00:00","breadcrumb":{"@id":"https:\/\/iraurgiberritzen.eus\/es\/microempresas-de-la-comarca-trabajando-la-ciberseguridad\/#breadcrumb"},"inLanguage":"es","potentialAction":[{"@type":"ReadAction","target":["https:\/\/iraurgiberritzen.eus\/es\/microempresas-de-la-comarca-trabajando-la-ciberseguridad\/"]}]},{"@type":"ImageObject","inLanguage":"es","@id":"https:\/\/iraurgiberritzen.eus\/es\/microempresas-de-la-comarca-trabajando-la-ciberseguridad\/#primaryimage","url":"https:\/\/iraurgiberritzen.eus\/wp-content\/uploads\/2023\/09\/2e79051f535b06583dfeaa47b4b5b74c.jpg","contentUrl":"https:\/\/iraurgiberritzen.eus\/wp-content\/uploads\/2023\/09\/2e79051f535b06583dfeaa47b4b5b74c.jpg","width":600,"height":386},{"@type":"BreadcrumbList","@id":"https:\/\/iraurgiberritzen.eus\/es\/microempresas-de-la-comarca-trabajando-la-ciberseguridad\/#breadcrumb","itemListElement":[{"@type":"ListItem","position":1,"name":"Home","item":"https:\/\/iraurgiberritzen.eus\/es\/"},{"@type":"ListItem","position":2,"name":"Microempresas de la comarca trabajando la ciberseguridad"}]},{"@type":"WebSite","@id":"https:\/\/iraurgiberritzen.eus\/es\/#website","url":"https:\/\/iraurgiberritzen.eus\/es\/","name":"Iraurgi Berritzen","description":"Urola Erdiko Garapen Agentzia","publisher":{"@id":"https:\/\/iraurgiberritzen.eus\/es\/#organization"},"potentialAction":[{"@type":"SearchAction","target":{"@type":"EntryPoint","urlTemplate":"https:\/\/iraurgiberritzen.eus\/es\/?s={search_term_string}"},"query-input":{"@type":"PropertyValueSpecification","valueRequired":true,"valueName":"search_term_string"}}],"inLanguage":"es"},{"@type":"Organization","@id":"https:\/\/iraurgiberritzen.eus\/es\/#organization","name":"Iraurgi Berritzen","url":"https:\/\/iraurgiberritzen.eus\/es\/","logo":{"@type":"ImageObject","inLanguage":"es","@id":"https:\/\/iraurgiberritzen.eus\/es\/#\/schema\/logo\/image\/","url":"https:\/\/iraurgiberritzen.eus\/wp-content\/uploads\/2024\/02\/IRAURGI-BERRITZEN-logotipoa_2.png","contentUrl":"https:\/\/iraurgiberritzen.eus\/wp-content\/uploads\/2024\/02\/IRAURGI-BERRITZEN-logotipoa_2.png","width":496,"height":190,"caption":"Iraurgi Berritzen"},"image":{"@id":"https:\/\/iraurgiberritzen.eus\/es\/#\/schema\/logo\/image\/"}},{"@type":"Person","@id":"https:\/\/iraurgiberritzen.eus\/es\/#\/schema\/person\/5ab41aaf388a9097177601ebf45738d2","name":"kudeatzailea","sameAs":["https:\/\/iraurgiberritzen.eus"]}]}},"_links":{"self":[{"href":"https:\/\/iraurgiberritzen.eus\/es\/wp-json\/wp\/v2\/posts\/12349","targetHints":{"allow":["GET"]}}],"collection":[{"href":"https:\/\/iraurgiberritzen.eus\/es\/wp-json\/wp\/v2\/posts"}],"about":[{"href":"https:\/\/iraurgiberritzen.eus\/es\/wp-json\/wp\/v2\/types\/post"}],"author":[{"embeddable":true,"href":"https:\/\/iraurgiberritzen.eus\/es\/wp-json\/wp\/v2\/users\/1"}],"replies":[{"embeddable":true,"href":"https:\/\/iraurgiberritzen.eus\/es\/wp-json\/wp\/v2\/comments?post=12349"}],"version-history":[{"count":0,"href":"https:\/\/iraurgiberritzen.eus\/es\/wp-json\/wp\/v2\/posts\/12349\/revisions"}],"wp:featuredmedia":[{"embeddable":true,"href":"https:\/\/iraurgiberritzen.eus\/es\/wp-json\/wp\/v2\/media\/17901"}],"wp:attachment":[{"href":"https:\/\/iraurgiberritzen.eus\/es\/wp-json\/wp\/v2\/media?parent=12349"}],"wp:term":[{"taxonomy":"category","embeddable":true,"href":"https:\/\/iraurgiberritzen.eus\/es\/wp-json\/wp\/v2\/categories?post=12349"},{"taxonomy":"post_tag","embeddable":true,"href":"https:\/\/iraurgiberritzen.eus\/es\/wp-json\/wp\/v2\/tags?post=12349"}],"curies":[{"name":"wp","href":"https:\/\/api.w.org\/{rel}","templated":true}]}}