{"id":12352,"date":"2018-04-26T07:08:43","date_gmt":"2018-04-26T05:08:43","guid":{"rendered":"https:\/\/iraurgiberritzen.eus\/personas-desempleadas-de-la-comarca-buscando-oportunidades-para-el-empleo\/"},"modified":"2018-04-26T07:08:43","modified_gmt":"2018-04-26T05:08:43","slug":"personas-desempleadas-de-la-comarca-buscando-oportunidades-para-el-empleo","status":"publish","type":"post","link":"https:\/\/iraurgiberritzen.eus\/es\/personas-desempleadas-de-la-comarca-buscando-oportunidades-para-el-empleo\/","title":{"rendered":"Personas desempleadas de la comarca buscando oportunidades para el empleo"},"content":{"rendered":"<p>Iraurgi Berritzen, en colaboraci\u00f3n con Lanbide Servicio Vasco de Empleo, ha organizado un curso para las personas desempleadas bajo el tema \u00abCanales para la b\u00fasqueda de empleo\u00bb.<\/p>\n<p>En ella han participado en total 8 desempleados\/as y se han expuesto y analizado diferentes fuentes que existe actualmente para buscar empleo. La valoraci\u00f3n realizada tanto por parte de los organizadores como de los participantes ha sido muy positiba.<\/p>\n<p>Desde Iraurgi Berritzen os comunicamos que se organizar\u00e1n m\u00e1s talleres de b\u00fasqueda de empleo para los desempleados\/as.<\/p>\n","protected":false},"excerpt":{"rendered":"<p>Iraurgi Berritzen, en colaboraci\u00f3n con Lanbide Servicio Vasco de Empleo, ha organizado un curso para las personas desempleadas bajo el tema \u00abCanales para la b\u00fasqueda de empleo\u00bb. En ella han participado en total 8 desempleados\/as y se han expuesto y analizado diferentes fuentes que existe actualmente para buscar empleo. La valoraci\u00f3n realizada tanto por parte [&hellip;]<\/p>\n","protected":false},"author":1,"featured_media":17902,"comment_status":"","ping_status":"closed","sticky":false,"template":"","format":"standard","meta":{"_acf_changed":false,"footnotes":""},"categories":[4],"tags":[],"class_list":["post-12352","post","type-post","status-publish","format-standard","has-post-thumbnail","hentry","category-noticias"],"acf":[],"yoast_head":"<!-- This site is optimized with the Yoast SEO plugin v27.4 - https:\/\/yoast.com\/product\/yoast-seo-wordpress\/ -->\n<title>Personas desempleadas de la comarca buscando oportunidades para el empleo - Iraurgi Berritzen<\/title>\n<meta name=\"robots\" content=\"index, follow, max-snippet:-1, max-image-preview:large, max-video-preview:-1\" \/>\n<link rel=\"canonical\" href=\"https:\/\/iraurgiberritzen.eus\/es\/personas-desempleadas-de-la-comarca-buscando-oportunidades-para-el-empleo\/\" \/>\n<meta property=\"og:locale\" content=\"es_ES\" \/>\n<meta property=\"og:type\" content=\"article\" \/>\n<meta property=\"og:title\" content=\"Personas desempleadas de la comarca buscando oportunidades para el empleo - Iraurgi Berritzen\" \/>\n<meta property=\"og:description\" content=\"Iraurgi Berritzen, en colaboraci\u00f3n con Lanbide Servicio Vasco de Empleo, ha organizado un curso para las personas desempleadas bajo el tema \u00abCanales para la b\u00fasqueda de empleo\u00bb. En ella han participado en total 8 desempleados\/as y se han expuesto y analizado diferentes fuentes que existe actualmente para buscar empleo. La valoraci\u00f3n realizada tanto por parte [&hellip;]\" \/>\n<meta property=\"og:url\" content=\"https:\/\/iraurgiberritzen.eus\/es\/personas-desempleadas-de-la-comarca-buscando-oportunidades-para-el-empleo\/\" \/>\n<meta property=\"og:site_name\" content=\"Iraurgi Berritzen\" \/>\n<meta property=\"article:published_time\" content=\"2018-04-26T05:08:43+00:00\" \/>\n<meta name=\"author\" content=\"kudeatzailea\" \/>\n<meta name=\"twitter:card\" content=\"summary_large_image\" \/>\n<meta name=\"twitter:label1\" content=\"Escrito por\" \/>\n\t<meta name=\"twitter:data1\" content=\"kudeatzailea\" \/>\n<script type=\"application\/ld+json\" class=\"yoast-schema-graph\">{\"@context\":\"https:\\\/\\\/schema.org\",\"@graph\":[{\"@type\":\"Article\",\"@id\":\"https:\\\/\\\/iraurgiberritzen.eus\\\/es\\\/personas-desempleadas-de-la-comarca-buscando-oportunidades-para-el-empleo\\\/#article\",\"isPartOf\":{\"@id\":\"https:\\\/\\\/iraurgiberritzen.eus\\\/es\\\/personas-desempleadas-de-la-comarca-buscando-oportunidades-para-el-empleo\\\/\"},\"author\":{\"name\":\"kudeatzailea\",\"@id\":\"https:\\\/\\\/iraurgiberritzen.eus\\\/es\\\/#\\\/schema\\\/person\\\/5ab41aaf388a9097177601ebf45738d2\"},\"headline\":\"Personas desempleadas de la comarca buscando oportunidades para el empleo\",\"datePublished\":\"2018-04-26T05:08:43+00:00\",\"mainEntityOfPage\":{\"@id\":\"https:\\\/\\\/iraurgiberritzen.eus\\\/es\\\/personas-desempleadas-de-la-comarca-buscando-oportunidades-para-el-empleo\\\/\"},\"wordCount\":100,\"publisher\":{\"@id\":\"https:\\\/\\\/iraurgiberritzen.eus\\\/es\\\/#organization\"},\"image\":{\"@id\":\"https:\\\/\\\/iraurgiberritzen.eus\\\/es\\\/personas-desempleadas-de-la-comarca-buscando-oportunidades-para-el-empleo\\\/#primaryimage\"},\"thumbnailUrl\":\"https:\\\/\\\/iraurgiberritzen.eus\\\/wp-content\\\/uploads\\\/2023\\\/09\\\/1450fe47fc6d3f93ff072c134eaeda35.jpg\",\"articleSection\":[\"Noticias\"],\"inLanguage\":\"es\"},{\"@type\":\"WebPage\",\"@id\":\"https:\\\/\\\/iraurgiberritzen.eus\\\/es\\\/personas-desempleadas-de-la-comarca-buscando-oportunidades-para-el-empleo\\\/\",\"url\":\"https:\\\/\\\/iraurgiberritzen.eus\\\/es\\\/personas-desempleadas-de-la-comarca-buscando-oportunidades-para-el-empleo\\\/\",\"name\":\"Personas desempleadas de la comarca buscando oportunidades para el empleo - Iraurgi Berritzen\",\"isPartOf\":{\"@id\":\"https:\\\/\\\/iraurgiberritzen.eus\\\/es\\\/#website\"},\"primaryImageOfPage\":{\"@id\":\"https:\\\/\\\/iraurgiberritzen.eus\\\/es\\\/personas-desempleadas-de-la-comarca-buscando-oportunidades-para-el-empleo\\\/#primaryimage\"},\"image\":{\"@id\":\"https:\\\/\\\/iraurgiberritzen.eus\\\/es\\\/personas-desempleadas-de-la-comarca-buscando-oportunidades-para-el-empleo\\\/#primaryimage\"},\"thumbnailUrl\":\"https:\\\/\\\/iraurgiberritzen.eus\\\/wp-content\\\/uploads\\\/2023\\\/09\\\/1450fe47fc6d3f93ff072c134eaeda35.jpg\",\"datePublished\":\"2018-04-26T05:08:43+00:00\",\"breadcrumb\":{\"@id\":\"https:\\\/\\\/iraurgiberritzen.eus\\\/es\\\/personas-desempleadas-de-la-comarca-buscando-oportunidades-para-el-empleo\\\/#breadcrumb\"},\"inLanguage\":\"es\",\"potentialAction\":[{\"@type\":\"ReadAction\",\"target\":[\"https:\\\/\\\/iraurgiberritzen.eus\\\/es\\\/personas-desempleadas-de-la-comarca-buscando-oportunidades-para-el-empleo\\\/\"]}]},{\"@type\":\"ImageObject\",\"inLanguage\":\"es\",\"@id\":\"https:\\\/\\\/iraurgiberritzen.eus\\\/es\\\/personas-desempleadas-de-la-comarca-buscando-oportunidades-para-el-empleo\\\/#primaryimage\",\"url\":\"https:\\\/\\\/iraurgiberritzen.eus\\\/wp-content\\\/uploads\\\/2023\\\/09\\\/1450fe47fc6d3f93ff072c134eaeda35.jpg\",\"contentUrl\":\"https:\\\/\\\/iraurgiberritzen.eus\\\/wp-content\\\/uploads\\\/2023\\\/09\\\/1450fe47fc6d3f93ff072c134eaeda35.jpg\",\"width\":600,\"height\":386},{\"@type\":\"BreadcrumbList\",\"@id\":\"https:\\\/\\\/iraurgiberritzen.eus\\\/es\\\/personas-desempleadas-de-la-comarca-buscando-oportunidades-para-el-empleo\\\/#breadcrumb\",\"itemListElement\":[{\"@type\":\"ListItem\",\"position\":1,\"name\":\"Home\",\"item\":\"https:\\\/\\\/iraurgiberritzen.eus\\\/es\\\/\"},{\"@type\":\"ListItem\",\"position\":2,\"name\":\"Personas desempleadas de la comarca buscando oportunidades para el empleo\"}]},{\"@type\":\"WebSite\",\"@id\":\"https:\\\/\\\/iraurgiberritzen.eus\\\/es\\\/#website\",\"url\":\"https:\\\/\\\/iraurgiberritzen.eus\\\/es\\\/\",\"name\":\"Iraurgi Berritzen\",\"description\":\"Urola Erdiko Garapen Agentzia\",\"publisher\":{\"@id\":\"https:\\\/\\\/iraurgiberritzen.eus\\\/es\\\/#organization\"},\"potentialAction\":[{\"@type\":\"SearchAction\",\"target\":{\"@type\":\"EntryPoint\",\"urlTemplate\":\"https:\\\/\\\/iraurgiberritzen.eus\\\/es\\\/?s={search_term_string}\"},\"query-input\":{\"@type\":\"PropertyValueSpecification\",\"valueRequired\":true,\"valueName\":\"search_term_string\"}}],\"inLanguage\":\"es\"},{\"@type\":\"Organization\",\"@id\":\"https:\\\/\\\/iraurgiberritzen.eus\\\/es\\\/#organization\",\"name\":\"Iraurgi Berritzen\",\"url\":\"https:\\\/\\\/iraurgiberritzen.eus\\\/es\\\/\",\"logo\":{\"@type\":\"ImageObject\",\"inLanguage\":\"es\",\"@id\":\"https:\\\/\\\/iraurgiberritzen.eus\\\/es\\\/#\\\/schema\\\/logo\\\/image\\\/\",\"url\":\"https:\\\/\\\/iraurgiberritzen.eus\\\/wp-content\\\/uploads\\\/2024\\\/02\\\/IRAURGI-BERRITZEN-logotipoa_2.png\",\"contentUrl\":\"https:\\\/\\\/iraurgiberritzen.eus\\\/wp-content\\\/uploads\\\/2024\\\/02\\\/IRAURGI-BERRITZEN-logotipoa_2.png\",\"width\":496,\"height\":190,\"caption\":\"Iraurgi Berritzen\"},\"image\":{\"@id\":\"https:\\\/\\\/iraurgiberritzen.eus\\\/es\\\/#\\\/schema\\\/logo\\\/image\\\/\"}},{\"@type\":\"Person\",\"@id\":\"https:\\\/\\\/iraurgiberritzen.eus\\\/es\\\/#\\\/schema\\\/person\\\/5ab41aaf388a9097177601ebf45738d2\",\"name\":\"kudeatzailea\",\"sameAs\":[\"https:\\\/\\\/iraurgiberritzen.eus\"]}]}<\/script>\n<!-- \/ Yoast SEO plugin. -->","yoast_head_json":{"title":"Personas desempleadas de la comarca buscando oportunidades para el empleo - Iraurgi Berritzen","robots":{"index":"index","follow":"follow","max-snippet":"max-snippet:-1","max-image-preview":"max-image-preview:large","max-video-preview":"max-video-preview:-1"},"canonical":"https:\/\/iraurgiberritzen.eus\/es\/personas-desempleadas-de-la-comarca-buscando-oportunidades-para-el-empleo\/","og_locale":"es_ES","og_type":"article","og_title":"Personas desempleadas de la comarca buscando oportunidades para el empleo - Iraurgi Berritzen","og_description":"Iraurgi Berritzen, en colaboraci\u00f3n con Lanbide Servicio Vasco de Empleo, ha organizado un curso para las personas desempleadas bajo el tema \u00abCanales para la b\u00fasqueda de empleo\u00bb. En ella han participado en total 8 desempleados\/as y se han expuesto y analizado diferentes fuentes que existe actualmente para buscar empleo. La valoraci\u00f3n realizada tanto por parte [&hellip;]","og_url":"https:\/\/iraurgiberritzen.eus\/es\/personas-desempleadas-de-la-comarca-buscando-oportunidades-para-el-empleo\/","og_site_name":"Iraurgi Berritzen","article_published_time":"2018-04-26T05:08:43+00:00","author":"kudeatzailea","twitter_card":"summary_large_image","twitter_misc":{"Escrito por":"kudeatzailea"},"schema":{"@context":"https:\/\/schema.org","@graph":[{"@type":"Article","@id":"https:\/\/iraurgiberritzen.eus\/es\/personas-desempleadas-de-la-comarca-buscando-oportunidades-para-el-empleo\/#article","isPartOf":{"@id":"https:\/\/iraurgiberritzen.eus\/es\/personas-desempleadas-de-la-comarca-buscando-oportunidades-para-el-empleo\/"},"author":{"name":"kudeatzailea","@id":"https:\/\/iraurgiberritzen.eus\/es\/#\/schema\/person\/5ab41aaf388a9097177601ebf45738d2"},"headline":"Personas desempleadas de la comarca buscando oportunidades para el empleo","datePublished":"2018-04-26T05:08:43+00:00","mainEntityOfPage":{"@id":"https:\/\/iraurgiberritzen.eus\/es\/personas-desempleadas-de-la-comarca-buscando-oportunidades-para-el-empleo\/"},"wordCount":100,"publisher":{"@id":"https:\/\/iraurgiberritzen.eus\/es\/#organization"},"image":{"@id":"https:\/\/iraurgiberritzen.eus\/es\/personas-desempleadas-de-la-comarca-buscando-oportunidades-para-el-empleo\/#primaryimage"},"thumbnailUrl":"https:\/\/iraurgiberritzen.eus\/wp-content\/uploads\/2023\/09\/1450fe47fc6d3f93ff072c134eaeda35.jpg","articleSection":["Noticias"],"inLanguage":"es"},{"@type":"WebPage","@id":"https:\/\/iraurgiberritzen.eus\/es\/personas-desempleadas-de-la-comarca-buscando-oportunidades-para-el-empleo\/","url":"https:\/\/iraurgiberritzen.eus\/es\/personas-desempleadas-de-la-comarca-buscando-oportunidades-para-el-empleo\/","name":"Personas desempleadas de la comarca buscando oportunidades para el empleo - Iraurgi Berritzen","isPartOf":{"@id":"https:\/\/iraurgiberritzen.eus\/es\/#website"},"primaryImageOfPage":{"@id":"https:\/\/iraurgiberritzen.eus\/es\/personas-desempleadas-de-la-comarca-buscando-oportunidades-para-el-empleo\/#primaryimage"},"image":{"@id":"https:\/\/iraurgiberritzen.eus\/es\/personas-desempleadas-de-la-comarca-buscando-oportunidades-para-el-empleo\/#primaryimage"},"thumbnailUrl":"https:\/\/iraurgiberritzen.eus\/wp-content\/uploads\/2023\/09\/1450fe47fc6d3f93ff072c134eaeda35.jpg","datePublished":"2018-04-26T05:08:43+00:00","breadcrumb":{"@id":"https:\/\/iraurgiberritzen.eus\/es\/personas-desempleadas-de-la-comarca-buscando-oportunidades-para-el-empleo\/#breadcrumb"},"inLanguage":"es","potentialAction":[{"@type":"ReadAction","target":["https:\/\/iraurgiberritzen.eus\/es\/personas-desempleadas-de-la-comarca-buscando-oportunidades-para-el-empleo\/"]}]},{"@type":"ImageObject","inLanguage":"es","@id":"https:\/\/iraurgiberritzen.eus\/es\/personas-desempleadas-de-la-comarca-buscando-oportunidades-para-el-empleo\/#primaryimage","url":"https:\/\/iraurgiberritzen.eus\/wp-content\/uploads\/2023\/09\/1450fe47fc6d3f93ff072c134eaeda35.jpg","contentUrl":"https:\/\/iraurgiberritzen.eus\/wp-content\/uploads\/2023\/09\/1450fe47fc6d3f93ff072c134eaeda35.jpg","width":600,"height":386},{"@type":"BreadcrumbList","@id":"https:\/\/iraurgiberritzen.eus\/es\/personas-desempleadas-de-la-comarca-buscando-oportunidades-para-el-empleo\/#breadcrumb","itemListElement":[{"@type":"ListItem","position":1,"name":"Home","item":"https:\/\/iraurgiberritzen.eus\/es\/"},{"@type":"ListItem","position":2,"name":"Personas desempleadas de la comarca buscando oportunidades para el empleo"}]},{"@type":"WebSite","@id":"https:\/\/iraurgiberritzen.eus\/es\/#website","url":"https:\/\/iraurgiberritzen.eus\/es\/","name":"Iraurgi Berritzen","description":"Urola Erdiko Garapen Agentzia","publisher":{"@id":"https:\/\/iraurgiberritzen.eus\/es\/#organization"},"potentialAction":[{"@type":"SearchAction","target":{"@type":"EntryPoint","urlTemplate":"https:\/\/iraurgiberritzen.eus\/es\/?s={search_term_string}"},"query-input":{"@type":"PropertyValueSpecification","valueRequired":true,"valueName":"search_term_string"}}],"inLanguage":"es"},{"@type":"Organization","@id":"https:\/\/iraurgiberritzen.eus\/es\/#organization","name":"Iraurgi Berritzen","url":"https:\/\/iraurgiberritzen.eus\/es\/","logo":{"@type":"ImageObject","inLanguage":"es","@id":"https:\/\/iraurgiberritzen.eus\/es\/#\/schema\/logo\/image\/","url":"https:\/\/iraurgiberritzen.eus\/wp-content\/uploads\/2024\/02\/IRAURGI-BERRITZEN-logotipoa_2.png","contentUrl":"https:\/\/iraurgiberritzen.eus\/wp-content\/uploads\/2024\/02\/IRAURGI-BERRITZEN-logotipoa_2.png","width":496,"height":190,"caption":"Iraurgi Berritzen"},"image":{"@id":"https:\/\/iraurgiberritzen.eus\/es\/#\/schema\/logo\/image\/"}},{"@type":"Person","@id":"https:\/\/iraurgiberritzen.eus\/es\/#\/schema\/person\/5ab41aaf388a9097177601ebf45738d2","name":"kudeatzailea","sameAs":["https:\/\/iraurgiberritzen.eus"]}]}},"_links":{"self":[{"href":"https:\/\/iraurgiberritzen.eus\/es\/wp-json\/wp\/v2\/posts\/12352","targetHints":{"allow":["GET"]}}],"collection":[{"href":"https:\/\/iraurgiberritzen.eus\/es\/wp-json\/wp\/v2\/posts"}],"about":[{"href":"https:\/\/iraurgiberritzen.eus\/es\/wp-json\/wp\/v2\/types\/post"}],"author":[{"embeddable":true,"href":"https:\/\/iraurgiberritzen.eus\/es\/wp-json\/wp\/v2\/users\/1"}],"replies":[{"embeddable":true,"href":"https:\/\/iraurgiberritzen.eus\/es\/wp-json\/wp\/v2\/comments?post=12352"}],"version-history":[{"count":0,"href":"https:\/\/iraurgiberritzen.eus\/es\/wp-json\/wp\/v2\/posts\/12352\/revisions"}],"wp:featuredmedia":[{"embeddable":true,"href":"https:\/\/iraurgiberritzen.eus\/es\/wp-json\/wp\/v2\/media\/17902"}],"wp:attachment":[{"href":"https:\/\/iraurgiberritzen.eus\/es\/wp-json\/wp\/v2\/media?parent=12352"}],"wp:term":[{"taxonomy":"category","embeddable":true,"href":"https:\/\/iraurgiberritzen.eus\/es\/wp-json\/wp\/v2\/categories?post=12352"},{"taxonomy":"post_tag","embeddable":true,"href":"https:\/\/iraurgiberritzen.eus\/es\/wp-json\/wp\/v2\/tags?post=12352"}],"curies":[{"name":"wp","href":"https:\/\/api.w.org\/{rel}","templated":true}]}}