{"id":12355,"date":"2018-05-03T07:16:02","date_gmt":"2018-05-03T05:16:02","guid":{"rendered":"https:\/\/iraurgiberritzen.eus\/presentacion-del-proyecto-tool-management-4-0-de-la-empresa-sein-en-la-comarca\/"},"modified":"2018-05-03T07:16:02","modified_gmt":"2018-05-03T05:16:02","slug":"presentacion-del-proyecto-tool-management-4-0-de-la-empresa-sein-en-la-comarca","status":"publish","type":"post","link":"https:\/\/iraurgiberritzen.eus\/es\/presentacion-del-proyecto-tool-management-4-0-de-la-empresa-sein-en-la-comarca\/","title":{"rendered":"Presentaci\u00f3n del proyecto \u00abTool Management 4.0\u00bb de la empresa SEIN en la comarca"},"content":{"rendered":"<p>IRAURGI BERRITZEN, ha participado el pasado 26 de abril, en la organizaci\u00f3n de la Jornada de presentaci\u00f3n del proyecto \u00abTool Management 4.0\u00bb , de la mano del Grupo SEIN de Azpeitia, en el Hotel Loiola,<\/p>\n<p style=\"text-align: justify;\">donde se di\u00f3 la oportunidad de conocer de primera mano a los asistentes, un ejemplo de almac\u00e9n inteligente.<\/p>\n<p style=\"text-align: justify;\">El proyecto \u00abTool Management 4.0\u00bb, es un proyecto que se est\u00e1 desarrollando en cooperaci\u00f3n entre el Grupo SEIN, Gurhing, y la Universidad de Mondragon: proyecto orientado a la gesti\u00f3n eficiente de almacenes de empresas industriales que incorpora la anal\u00edtica avanzada y business intelligence. Cada vez m\u00e1s empresas de la comarca est\u00e1n incorporando en sus procesos tecnolog\u00edas relativas a la Industria 4.0, y en esta l\u00ednea la presentaci\u00f3n del Grupo Sein ha sido una interesante oportunidad para conocer las caracter\u00edsticas de un almac\u00e9n automatizado e inteligente. En el mismo, han participado 23 representantes de 12 empresas industriales de la comarca y de fuera.<\/p>\n","protected":false},"excerpt":{"rendered":"<p>IRAURGI BERRITZEN, ha participado el pasado 26 de abril, en la organizaci\u00f3n de la Jornada de presentaci\u00f3n del proyecto \u00abTool Management 4.0\u00bb , de la mano del Grupo SEIN de Azpeitia, en el Hotel Loiola, donde se di\u00f3 la oportunidad de conocer de primera mano a los asistentes, un ejemplo de almac\u00e9n inteligente. El proyecto [&hellip;]<\/p>\n","protected":false},"author":1,"featured_media":17903,"comment_status":"","ping_status":"closed","sticky":false,"template":"","format":"standard","meta":{"_acf_changed":false,"footnotes":""},"categories":[4],"tags":[],"class_list":["post-12355","post","type-post","status-publish","format-standard","has-post-thumbnail","hentry","category-noticias"],"acf":[],"yoast_head":"<!-- This site is optimized with the Yoast SEO plugin v27.4 - https:\/\/yoast.com\/product\/yoast-seo-wordpress\/ -->\n<title>Presentaci\u00f3n del proyecto &quot;Tool Management 4.0&quot; de la empresa SEIN en la comarca - Iraurgi Berritzen<\/title>\n<meta name=\"robots\" content=\"index, follow, max-snippet:-1, max-image-preview:large, max-video-preview:-1\" \/>\n<link rel=\"canonical\" href=\"https:\/\/iraurgiberritzen.eus\/es\/presentacion-del-proyecto-tool-management-4-0-de-la-empresa-sein-en-la-comarca\/\" \/>\n<meta property=\"og:locale\" content=\"es_ES\" \/>\n<meta property=\"og:type\" content=\"article\" \/>\n<meta property=\"og:title\" content=\"Presentaci\u00f3n del proyecto &quot;Tool Management 4.0&quot; de la empresa SEIN en la comarca - Iraurgi Berritzen\" \/>\n<meta property=\"og:description\" content=\"IRAURGI BERRITZEN, ha participado el pasado 26 de abril, en la organizaci\u00f3n de la Jornada de presentaci\u00f3n del proyecto \u00abTool Management 4.0\u00bb , de la mano del Grupo SEIN de Azpeitia, en el Hotel Loiola, donde se di\u00f3 la oportunidad de conocer de primera mano a los asistentes, un ejemplo de almac\u00e9n inteligente. El proyecto [&hellip;]\" \/>\n<meta property=\"og:url\" content=\"https:\/\/iraurgiberritzen.eus\/es\/presentacion-del-proyecto-tool-management-4-0-de-la-empresa-sein-en-la-comarca\/\" \/>\n<meta property=\"og:site_name\" content=\"Iraurgi Berritzen\" \/>\n<meta property=\"article:published_time\" content=\"2018-05-03T05:16:02+00:00\" \/>\n<meta name=\"author\" content=\"kudeatzailea\" \/>\n<meta name=\"twitter:card\" content=\"summary_large_image\" \/>\n<meta name=\"twitter:label1\" content=\"Escrito por\" \/>\n\t<meta name=\"twitter:data1\" content=\"kudeatzailea\" \/>\n\t<meta name=\"twitter:label2\" content=\"Tiempo de lectura\" \/>\n\t<meta name=\"twitter:data2\" content=\"1 minuto\" \/>\n<script type=\"application\/ld+json\" class=\"yoast-schema-graph\">{\"@context\":\"https:\\\/\\\/schema.org\",\"@graph\":[{\"@type\":\"Article\",\"@id\":\"https:\\\/\\\/iraurgiberritzen.eus\\\/es\\\/presentacion-del-proyecto-tool-management-4-0-de-la-empresa-sein-en-la-comarca\\\/#article\",\"isPartOf\":{\"@id\":\"https:\\\/\\\/iraurgiberritzen.eus\\\/es\\\/presentacion-del-proyecto-tool-management-4-0-de-la-empresa-sein-en-la-comarca\\\/\"},\"author\":{\"name\":\"kudeatzailea\",\"@id\":\"https:\\\/\\\/iraurgiberritzen.eus\\\/es\\\/#\\\/schema\\\/person\\\/5ab41aaf388a9097177601ebf45738d2\"},\"headline\":\"Presentaci\u00f3n del proyecto \u00abTool Management 4.0\u00bb de la empresa SEIN en la comarca\",\"datePublished\":\"2018-05-03T05:16:02+00:00\",\"mainEntityOfPage\":{\"@id\":\"https:\\\/\\\/iraurgiberritzen.eus\\\/es\\\/presentacion-del-proyecto-tool-management-4-0-de-la-empresa-sein-en-la-comarca\\\/\"},\"wordCount\":174,\"publisher\":{\"@id\":\"https:\\\/\\\/iraurgiberritzen.eus\\\/es\\\/#organization\"},\"image\":{\"@id\":\"https:\\\/\\\/iraurgiberritzen.eus\\\/es\\\/presentacion-del-proyecto-tool-management-4-0-de-la-empresa-sein-en-la-comarca\\\/#primaryimage\"},\"thumbnailUrl\":\"https:\\\/\\\/iraurgiberritzen.eus\\\/wp-content\\\/uploads\\\/2023\\\/09\\\/bc4c6771b68b0ed330f1918b8b62d9c4.jpg\",\"articleSection\":[\"Noticias\"],\"inLanguage\":\"es\"},{\"@type\":\"WebPage\",\"@id\":\"https:\\\/\\\/iraurgiberritzen.eus\\\/es\\\/presentacion-del-proyecto-tool-management-4-0-de-la-empresa-sein-en-la-comarca\\\/\",\"url\":\"https:\\\/\\\/iraurgiberritzen.eus\\\/es\\\/presentacion-del-proyecto-tool-management-4-0-de-la-empresa-sein-en-la-comarca\\\/\",\"name\":\"Presentaci\u00f3n del proyecto \\\"Tool Management 4.0\\\" de la empresa SEIN en la comarca - Iraurgi Berritzen\",\"isPartOf\":{\"@id\":\"https:\\\/\\\/iraurgiberritzen.eus\\\/es\\\/#website\"},\"primaryImageOfPage\":{\"@id\":\"https:\\\/\\\/iraurgiberritzen.eus\\\/es\\\/presentacion-del-proyecto-tool-management-4-0-de-la-empresa-sein-en-la-comarca\\\/#primaryimage\"},\"image\":{\"@id\":\"https:\\\/\\\/iraurgiberritzen.eus\\\/es\\\/presentacion-del-proyecto-tool-management-4-0-de-la-empresa-sein-en-la-comarca\\\/#primaryimage\"},\"thumbnailUrl\":\"https:\\\/\\\/iraurgiberritzen.eus\\\/wp-content\\\/uploads\\\/2023\\\/09\\\/bc4c6771b68b0ed330f1918b8b62d9c4.jpg\",\"datePublished\":\"2018-05-03T05:16:02+00:00\",\"breadcrumb\":{\"@id\":\"https:\\\/\\\/iraurgiberritzen.eus\\\/es\\\/presentacion-del-proyecto-tool-management-4-0-de-la-empresa-sein-en-la-comarca\\\/#breadcrumb\"},\"inLanguage\":\"es\",\"potentialAction\":[{\"@type\":\"ReadAction\",\"target\":[\"https:\\\/\\\/iraurgiberritzen.eus\\\/es\\\/presentacion-del-proyecto-tool-management-4-0-de-la-empresa-sein-en-la-comarca\\\/\"]}]},{\"@type\":\"ImageObject\",\"inLanguage\":\"es\",\"@id\":\"https:\\\/\\\/iraurgiberritzen.eus\\\/es\\\/presentacion-del-proyecto-tool-management-4-0-de-la-empresa-sein-en-la-comarca\\\/#primaryimage\",\"url\":\"https:\\\/\\\/iraurgiberritzen.eus\\\/wp-content\\\/uploads\\\/2023\\\/09\\\/bc4c6771b68b0ed330f1918b8b62d9c4.jpg\",\"contentUrl\":\"https:\\\/\\\/iraurgiberritzen.eus\\\/wp-content\\\/uploads\\\/2023\\\/09\\\/bc4c6771b68b0ed330f1918b8b62d9c4.jpg\",\"width\":600,\"height\":386},{\"@type\":\"BreadcrumbList\",\"@id\":\"https:\\\/\\\/iraurgiberritzen.eus\\\/es\\\/presentacion-del-proyecto-tool-management-4-0-de-la-empresa-sein-en-la-comarca\\\/#breadcrumb\",\"itemListElement\":[{\"@type\":\"ListItem\",\"position\":1,\"name\":\"Home\",\"item\":\"https:\\\/\\\/iraurgiberritzen.eus\\\/es\\\/\"},{\"@type\":\"ListItem\",\"position\":2,\"name\":\"Presentaci\u00f3n del proyecto &#8220;Tool Management 4.0&#8221; de la empresa SEIN en la comarca\"}]},{\"@type\":\"WebSite\",\"@id\":\"https:\\\/\\\/iraurgiberritzen.eus\\\/es\\\/#website\",\"url\":\"https:\\\/\\\/iraurgiberritzen.eus\\\/es\\\/\",\"name\":\"Iraurgi Berritzen\",\"description\":\"Urola Erdiko Garapen Agentzia\",\"publisher\":{\"@id\":\"https:\\\/\\\/iraurgiberritzen.eus\\\/es\\\/#organization\"},\"potentialAction\":[{\"@type\":\"SearchAction\",\"target\":{\"@type\":\"EntryPoint\",\"urlTemplate\":\"https:\\\/\\\/iraurgiberritzen.eus\\\/es\\\/?s={search_term_string}\"},\"query-input\":{\"@type\":\"PropertyValueSpecification\",\"valueRequired\":true,\"valueName\":\"search_term_string\"}}],\"inLanguage\":\"es\"},{\"@type\":\"Organization\",\"@id\":\"https:\\\/\\\/iraurgiberritzen.eus\\\/es\\\/#organization\",\"name\":\"Iraurgi Berritzen\",\"url\":\"https:\\\/\\\/iraurgiberritzen.eus\\\/es\\\/\",\"logo\":{\"@type\":\"ImageObject\",\"inLanguage\":\"es\",\"@id\":\"https:\\\/\\\/iraurgiberritzen.eus\\\/es\\\/#\\\/schema\\\/logo\\\/image\\\/\",\"url\":\"https:\\\/\\\/iraurgiberritzen.eus\\\/wp-content\\\/uploads\\\/2024\\\/02\\\/IRAURGI-BERRITZEN-logotipoa_2.png\",\"contentUrl\":\"https:\\\/\\\/iraurgiberritzen.eus\\\/wp-content\\\/uploads\\\/2024\\\/02\\\/IRAURGI-BERRITZEN-logotipoa_2.png\",\"width\":496,\"height\":190,\"caption\":\"Iraurgi Berritzen\"},\"image\":{\"@id\":\"https:\\\/\\\/iraurgiberritzen.eus\\\/es\\\/#\\\/schema\\\/logo\\\/image\\\/\"}},{\"@type\":\"Person\",\"@id\":\"https:\\\/\\\/iraurgiberritzen.eus\\\/es\\\/#\\\/schema\\\/person\\\/5ab41aaf388a9097177601ebf45738d2\",\"name\":\"kudeatzailea\",\"sameAs\":[\"https:\\\/\\\/iraurgiberritzen.eus\"]}]}<\/script>\n<!-- \/ Yoast SEO plugin. -->","yoast_head_json":{"title":"Presentaci\u00f3n del proyecto \"Tool Management 4.0\" de la empresa SEIN en la comarca - Iraurgi Berritzen","robots":{"index":"index","follow":"follow","max-snippet":"max-snippet:-1","max-image-preview":"max-image-preview:large","max-video-preview":"max-video-preview:-1"},"canonical":"https:\/\/iraurgiberritzen.eus\/es\/presentacion-del-proyecto-tool-management-4-0-de-la-empresa-sein-en-la-comarca\/","og_locale":"es_ES","og_type":"article","og_title":"Presentaci\u00f3n del proyecto \"Tool Management 4.0\" de la empresa SEIN en la comarca - Iraurgi Berritzen","og_description":"IRAURGI BERRITZEN, ha participado el pasado 26 de abril, en la organizaci\u00f3n de la Jornada de presentaci\u00f3n del proyecto \u00abTool Management 4.0\u00bb , de la mano del Grupo SEIN de Azpeitia, en el Hotel Loiola, donde se di\u00f3 la oportunidad de conocer de primera mano a los asistentes, un ejemplo de almac\u00e9n inteligente. El proyecto [&hellip;]","og_url":"https:\/\/iraurgiberritzen.eus\/es\/presentacion-del-proyecto-tool-management-4-0-de-la-empresa-sein-en-la-comarca\/","og_site_name":"Iraurgi Berritzen","article_published_time":"2018-05-03T05:16:02+00:00","author":"kudeatzailea","twitter_card":"summary_large_image","twitter_misc":{"Escrito por":"kudeatzailea","Tiempo de lectura":"1 minuto"},"schema":{"@context":"https:\/\/schema.org","@graph":[{"@type":"Article","@id":"https:\/\/iraurgiberritzen.eus\/es\/presentacion-del-proyecto-tool-management-4-0-de-la-empresa-sein-en-la-comarca\/#article","isPartOf":{"@id":"https:\/\/iraurgiberritzen.eus\/es\/presentacion-del-proyecto-tool-management-4-0-de-la-empresa-sein-en-la-comarca\/"},"author":{"name":"kudeatzailea","@id":"https:\/\/iraurgiberritzen.eus\/es\/#\/schema\/person\/5ab41aaf388a9097177601ebf45738d2"},"headline":"Presentaci\u00f3n del proyecto \u00abTool Management 4.0\u00bb de la empresa SEIN en la comarca","datePublished":"2018-05-03T05:16:02+00:00","mainEntityOfPage":{"@id":"https:\/\/iraurgiberritzen.eus\/es\/presentacion-del-proyecto-tool-management-4-0-de-la-empresa-sein-en-la-comarca\/"},"wordCount":174,"publisher":{"@id":"https:\/\/iraurgiberritzen.eus\/es\/#organization"},"image":{"@id":"https:\/\/iraurgiberritzen.eus\/es\/presentacion-del-proyecto-tool-management-4-0-de-la-empresa-sein-en-la-comarca\/#primaryimage"},"thumbnailUrl":"https:\/\/iraurgiberritzen.eus\/wp-content\/uploads\/2023\/09\/bc4c6771b68b0ed330f1918b8b62d9c4.jpg","articleSection":["Noticias"],"inLanguage":"es"},{"@type":"WebPage","@id":"https:\/\/iraurgiberritzen.eus\/es\/presentacion-del-proyecto-tool-management-4-0-de-la-empresa-sein-en-la-comarca\/","url":"https:\/\/iraurgiberritzen.eus\/es\/presentacion-del-proyecto-tool-management-4-0-de-la-empresa-sein-en-la-comarca\/","name":"Presentaci\u00f3n del proyecto \"Tool Management 4.0\" de la empresa SEIN en la comarca - Iraurgi Berritzen","isPartOf":{"@id":"https:\/\/iraurgiberritzen.eus\/es\/#website"},"primaryImageOfPage":{"@id":"https:\/\/iraurgiberritzen.eus\/es\/presentacion-del-proyecto-tool-management-4-0-de-la-empresa-sein-en-la-comarca\/#primaryimage"},"image":{"@id":"https:\/\/iraurgiberritzen.eus\/es\/presentacion-del-proyecto-tool-management-4-0-de-la-empresa-sein-en-la-comarca\/#primaryimage"},"thumbnailUrl":"https:\/\/iraurgiberritzen.eus\/wp-content\/uploads\/2023\/09\/bc4c6771b68b0ed330f1918b8b62d9c4.jpg","datePublished":"2018-05-03T05:16:02+00:00","breadcrumb":{"@id":"https:\/\/iraurgiberritzen.eus\/es\/presentacion-del-proyecto-tool-management-4-0-de-la-empresa-sein-en-la-comarca\/#breadcrumb"},"inLanguage":"es","potentialAction":[{"@type":"ReadAction","target":["https:\/\/iraurgiberritzen.eus\/es\/presentacion-del-proyecto-tool-management-4-0-de-la-empresa-sein-en-la-comarca\/"]}]},{"@type":"ImageObject","inLanguage":"es","@id":"https:\/\/iraurgiberritzen.eus\/es\/presentacion-del-proyecto-tool-management-4-0-de-la-empresa-sein-en-la-comarca\/#primaryimage","url":"https:\/\/iraurgiberritzen.eus\/wp-content\/uploads\/2023\/09\/bc4c6771b68b0ed330f1918b8b62d9c4.jpg","contentUrl":"https:\/\/iraurgiberritzen.eus\/wp-content\/uploads\/2023\/09\/bc4c6771b68b0ed330f1918b8b62d9c4.jpg","width":600,"height":386},{"@type":"BreadcrumbList","@id":"https:\/\/iraurgiberritzen.eus\/es\/presentacion-del-proyecto-tool-management-4-0-de-la-empresa-sein-en-la-comarca\/#breadcrumb","itemListElement":[{"@type":"ListItem","position":1,"name":"Home","item":"https:\/\/iraurgiberritzen.eus\/es\/"},{"@type":"ListItem","position":2,"name":"Presentaci\u00f3n del proyecto &#8220;Tool Management 4.0&#8221; de la empresa SEIN en la comarca"}]},{"@type":"WebSite","@id":"https:\/\/iraurgiberritzen.eus\/es\/#website","url":"https:\/\/iraurgiberritzen.eus\/es\/","name":"Iraurgi Berritzen","description":"Urola Erdiko Garapen Agentzia","publisher":{"@id":"https:\/\/iraurgiberritzen.eus\/es\/#organization"},"potentialAction":[{"@type":"SearchAction","target":{"@type":"EntryPoint","urlTemplate":"https:\/\/iraurgiberritzen.eus\/es\/?s={search_term_string}"},"query-input":{"@type":"PropertyValueSpecification","valueRequired":true,"valueName":"search_term_string"}}],"inLanguage":"es"},{"@type":"Organization","@id":"https:\/\/iraurgiberritzen.eus\/es\/#organization","name":"Iraurgi Berritzen","url":"https:\/\/iraurgiberritzen.eus\/es\/","logo":{"@type":"ImageObject","inLanguage":"es","@id":"https:\/\/iraurgiberritzen.eus\/es\/#\/schema\/logo\/image\/","url":"https:\/\/iraurgiberritzen.eus\/wp-content\/uploads\/2024\/02\/IRAURGI-BERRITZEN-logotipoa_2.png","contentUrl":"https:\/\/iraurgiberritzen.eus\/wp-content\/uploads\/2024\/02\/IRAURGI-BERRITZEN-logotipoa_2.png","width":496,"height":190,"caption":"Iraurgi Berritzen"},"image":{"@id":"https:\/\/iraurgiberritzen.eus\/es\/#\/schema\/logo\/image\/"}},{"@type":"Person","@id":"https:\/\/iraurgiberritzen.eus\/es\/#\/schema\/person\/5ab41aaf388a9097177601ebf45738d2","name":"kudeatzailea","sameAs":["https:\/\/iraurgiberritzen.eus"]}]}},"_links":{"self":[{"href":"https:\/\/iraurgiberritzen.eus\/es\/wp-json\/wp\/v2\/posts\/12355","targetHints":{"allow":["GET"]}}],"collection":[{"href":"https:\/\/iraurgiberritzen.eus\/es\/wp-json\/wp\/v2\/posts"}],"about":[{"href":"https:\/\/iraurgiberritzen.eus\/es\/wp-json\/wp\/v2\/types\/post"}],"author":[{"embeddable":true,"href":"https:\/\/iraurgiberritzen.eus\/es\/wp-json\/wp\/v2\/users\/1"}],"replies":[{"embeddable":true,"href":"https:\/\/iraurgiberritzen.eus\/es\/wp-json\/wp\/v2\/comments?post=12355"}],"version-history":[{"count":0,"href":"https:\/\/iraurgiberritzen.eus\/es\/wp-json\/wp\/v2\/posts\/12355\/revisions"}],"wp:featuredmedia":[{"embeddable":true,"href":"https:\/\/iraurgiberritzen.eus\/es\/wp-json\/wp\/v2\/media\/17903"}],"wp:attachment":[{"href":"https:\/\/iraurgiberritzen.eus\/es\/wp-json\/wp\/v2\/media?parent=12355"}],"wp:term":[{"taxonomy":"category","embeddable":true,"href":"https:\/\/iraurgiberritzen.eus\/es\/wp-json\/wp\/v2\/categories?post=12355"},{"taxonomy":"post_tag","embeddable":true,"href":"https:\/\/iraurgiberritzen.eus\/es\/wp-json\/wp\/v2\/tags?post=12355"}],"curies":[{"name":"wp","href":"https:\/\/api.w.org\/{rel}","templated":true}]}}