{"id":12361,"date":"2018-05-07T10:49:36","date_gmt":"2018-05-07T08:49:36","guid":{"rendered":"https:\/\/iraurgiberritzen.eus\/los-emprendedores-de-la-comarca-han-compartido-sus-vivencias-con-los-alumnos-de-urola-ikastola\/"},"modified":"2018-05-07T10:49:36","modified_gmt":"2018-05-07T08:49:36","slug":"los-emprendedores-de-la-comarca-han-compartido-sus-vivencias-con-los-alumnos-de-urola-ikastola","status":"publish","type":"post","link":"https:\/\/iraurgiberritzen.eus\/es\/los-emprendedores-de-la-comarca-han-compartido-sus-vivencias-con-los-alumnos-de-urola-ikastola\/","title":{"rendered":"Los emprendedores de la comarca han compartido sus vivencias con los alumnos de Urola Ikastola"},"content":{"rendered":"<p style=\"text-align: justify;\">El pasado mi\u00e9rcoles dos emprendedores de la comarca estuvieron en Urola Ikastola compartiendo sus experiencias como emprendedores.<\/p>\n<p style=\"text-align: justify;\">Los alumnos de segundo de bachiller tuvieron la oportunidad de conocer dos nuevos proyectos empresariales que se han creado este a\u00f1o en la comarca. Para la primera sesi\u00f3n vino BASKEY, una empresa que gestiona apartamentos tur\u00edsticos de forma \u00edntegra y para la segunda, XAREKO, una empresa que trabaja proyectos de Marketing y Comunicaci\u00f3n.<\/p>\n<p style=\"text-align: justify;\">En la primera sesi\u00f3n, Alex Silva de Baskey cont\u00f3 las dificultades que tuvieron en la creaci\u00f3n de la empresa y los alumnos propusieron soluciones para dar la vuelta a dichas dificultades y al final Alex mostr\u00f3 c\u00f3mo le hicieron frente en la realidad.<\/p>\n<p style=\"text-align: justify;\">En la segunda sesi\u00f3n en cambio, los alumnos tuvieron la oportunidad de exponer sus proyectos empresariales trabajados durante el tercer trimestre a Usoa Etxeberria que vino de Xareko y la emprendedora les propuso pautas de mejora para poder aplicar en sus proyectos.<\/p>\n<p style=\"text-align: justify;\">Izan Ekintzaile! Es un proyecto del \u00e1rea de Educaci\u00f3n que tiene como objetivos fomentar el emprendimiento entre los j\u00f3venes adem\u00e1s de dar visibilidad a los emprendedores de la comarca.<\/p>\n<p style=\"text-align: justify;\">El objetivo del \u00e1rea de Educaci\u00f3n, es la de ir generando un entorno adecuado para as\u00ed poder dar respuesta a los retos que desde la sociedad se nos est\u00e1n planteando. Todo ello mediante el desarrollo de proyectos orientados a provocar el cambio, proyectos concretos dirigidos a satisfacer las necesidades de los propios centros formativos.<\/p>\n","protected":false},"excerpt":{"rendered":"<p>El pasado mi\u00e9rcoles dos emprendedores de la comarca estuvieron en Urola Ikastola compartiendo sus experiencias como emprendedores. Los alumnos de segundo de bachiller tuvieron la oportunidad de conocer dos nuevos proyectos empresariales que se han creado este a\u00f1o en la comarca. Para la primera sesi\u00f3n vino BASKEY, una empresa que gestiona apartamentos tur\u00edsticos de forma [&hellip;]<\/p>\n","protected":false},"author":1,"featured_media":17886,"comment_status":"","ping_status":"closed","sticky":false,"template":"","format":"standard","meta":{"_acf_changed":false,"footnotes":""},"categories":[4],"tags":[],"class_list":["post-12361","post","type-post","status-publish","format-standard","has-post-thumbnail","hentry","category-noticias"],"acf":[],"yoast_head":"<!-- This site is optimized with the Yoast SEO plugin v27.4 - https:\/\/yoast.com\/product\/yoast-seo-wordpress\/ -->\n<title>Los emprendedores de la comarca han compartido sus vivencias con los alumnos de Urola Ikastola - Iraurgi Berritzen<\/title>\n<meta name=\"robots\" content=\"index, follow, max-snippet:-1, max-image-preview:large, max-video-preview:-1\" \/>\n<link rel=\"canonical\" href=\"https:\/\/iraurgiberritzen.eus\/es\/los-emprendedores-de-la-comarca-han-compartido-sus-vivencias-con-los-alumnos-de-urola-ikastola\/\" \/>\n<meta property=\"og:locale\" content=\"es_ES\" \/>\n<meta property=\"og:type\" content=\"article\" \/>\n<meta property=\"og:title\" content=\"Los emprendedores de la comarca han compartido sus vivencias con los alumnos de Urola Ikastola - Iraurgi Berritzen\" \/>\n<meta property=\"og:description\" content=\"El pasado mi\u00e9rcoles dos emprendedores de la comarca estuvieron en Urola Ikastola compartiendo sus experiencias como emprendedores. Los alumnos de segundo de bachiller tuvieron la oportunidad de conocer dos nuevos proyectos empresariales que se han creado este a\u00f1o en la comarca. Para la primera sesi\u00f3n vino BASKEY, una empresa que gestiona apartamentos tur\u00edsticos de forma [&hellip;]\" \/>\n<meta property=\"og:url\" content=\"https:\/\/iraurgiberritzen.eus\/es\/los-emprendedores-de-la-comarca-han-compartido-sus-vivencias-con-los-alumnos-de-urola-ikastola\/\" \/>\n<meta property=\"og:site_name\" content=\"Iraurgi Berritzen\" \/>\n<meta property=\"article:published_time\" content=\"2018-05-07T08:49:36+00:00\" \/>\n<meta name=\"author\" content=\"kudeatzailea\" \/>\n<meta name=\"twitter:card\" content=\"summary_large_image\" \/>\n<meta name=\"twitter:label1\" content=\"Escrito por\" \/>\n\t<meta name=\"twitter:data1\" content=\"kudeatzailea\" \/>\n\t<meta name=\"twitter:label2\" content=\"Tiempo de lectura\" \/>\n\t<meta name=\"twitter:data2\" content=\"1 minuto\" \/>\n<script type=\"application\/ld+json\" class=\"yoast-schema-graph\">{\"@context\":\"https:\\\/\\\/schema.org\",\"@graph\":[{\"@type\":\"Article\",\"@id\":\"https:\\\/\\\/iraurgiberritzen.eus\\\/es\\\/los-emprendedores-de-la-comarca-han-compartido-sus-vivencias-con-los-alumnos-de-urola-ikastola\\\/#article\",\"isPartOf\":{\"@id\":\"https:\\\/\\\/iraurgiberritzen.eus\\\/es\\\/los-emprendedores-de-la-comarca-han-compartido-sus-vivencias-con-los-alumnos-de-urola-ikastola\\\/\"},\"author\":{\"name\":\"kudeatzailea\",\"@id\":\"https:\\\/\\\/iraurgiberritzen.eus\\\/es\\\/#\\\/schema\\\/person\\\/5ab41aaf388a9097177601ebf45738d2\"},\"headline\":\"Los emprendedores de la comarca han compartido sus vivencias con los alumnos de Urola Ikastola\",\"datePublished\":\"2018-05-07T08:49:36+00:00\",\"mainEntityOfPage\":{\"@id\":\"https:\\\/\\\/iraurgiberritzen.eus\\\/es\\\/los-emprendedores-de-la-comarca-han-compartido-sus-vivencias-con-los-alumnos-de-urola-ikastola\\\/\"},\"wordCount\":267,\"publisher\":{\"@id\":\"https:\\\/\\\/iraurgiberritzen.eus\\\/es\\\/#organization\"},\"image\":{\"@id\":\"https:\\\/\\\/iraurgiberritzen.eus\\\/es\\\/los-emprendedores-de-la-comarca-han-compartido-sus-vivencias-con-los-alumnos-de-urola-ikastola\\\/#primaryimage\"},\"thumbnailUrl\":\"https:\\\/\\\/iraurgiberritzen.eus\\\/wp-content\\\/uploads\\\/2023\\\/09\\\/1e6006496cec394e7da669516f53f970.jpg\",\"articleSection\":[\"Noticias\"],\"inLanguage\":\"es\"},{\"@type\":\"WebPage\",\"@id\":\"https:\\\/\\\/iraurgiberritzen.eus\\\/es\\\/los-emprendedores-de-la-comarca-han-compartido-sus-vivencias-con-los-alumnos-de-urola-ikastola\\\/\",\"url\":\"https:\\\/\\\/iraurgiberritzen.eus\\\/es\\\/los-emprendedores-de-la-comarca-han-compartido-sus-vivencias-con-los-alumnos-de-urola-ikastola\\\/\",\"name\":\"Los emprendedores de la comarca han compartido sus vivencias con los alumnos de Urola Ikastola - Iraurgi Berritzen\",\"isPartOf\":{\"@id\":\"https:\\\/\\\/iraurgiberritzen.eus\\\/es\\\/#website\"},\"primaryImageOfPage\":{\"@id\":\"https:\\\/\\\/iraurgiberritzen.eus\\\/es\\\/los-emprendedores-de-la-comarca-han-compartido-sus-vivencias-con-los-alumnos-de-urola-ikastola\\\/#primaryimage\"},\"image\":{\"@id\":\"https:\\\/\\\/iraurgiberritzen.eus\\\/es\\\/los-emprendedores-de-la-comarca-han-compartido-sus-vivencias-con-los-alumnos-de-urola-ikastola\\\/#primaryimage\"},\"thumbnailUrl\":\"https:\\\/\\\/iraurgiberritzen.eus\\\/wp-content\\\/uploads\\\/2023\\\/09\\\/1e6006496cec394e7da669516f53f970.jpg\",\"datePublished\":\"2018-05-07T08:49:36+00:00\",\"breadcrumb\":{\"@id\":\"https:\\\/\\\/iraurgiberritzen.eus\\\/es\\\/los-emprendedores-de-la-comarca-han-compartido-sus-vivencias-con-los-alumnos-de-urola-ikastola\\\/#breadcrumb\"},\"inLanguage\":\"es\",\"potentialAction\":[{\"@type\":\"ReadAction\",\"target\":[\"https:\\\/\\\/iraurgiberritzen.eus\\\/es\\\/los-emprendedores-de-la-comarca-han-compartido-sus-vivencias-con-los-alumnos-de-urola-ikastola\\\/\"]}]},{\"@type\":\"ImageObject\",\"inLanguage\":\"es\",\"@id\":\"https:\\\/\\\/iraurgiberritzen.eus\\\/es\\\/los-emprendedores-de-la-comarca-han-compartido-sus-vivencias-con-los-alumnos-de-urola-ikastola\\\/#primaryimage\",\"url\":\"https:\\\/\\\/iraurgiberritzen.eus\\\/wp-content\\\/uploads\\\/2023\\\/09\\\/1e6006496cec394e7da669516f53f970.jpg\",\"contentUrl\":\"https:\\\/\\\/iraurgiberritzen.eus\\\/wp-content\\\/uploads\\\/2023\\\/09\\\/1e6006496cec394e7da669516f53f970.jpg\",\"width\":600,\"height\":386},{\"@type\":\"BreadcrumbList\",\"@id\":\"https:\\\/\\\/iraurgiberritzen.eus\\\/es\\\/los-emprendedores-de-la-comarca-han-compartido-sus-vivencias-con-los-alumnos-de-urola-ikastola\\\/#breadcrumb\",\"itemListElement\":[{\"@type\":\"ListItem\",\"position\":1,\"name\":\"Home\",\"item\":\"https:\\\/\\\/iraurgiberritzen.eus\\\/es\\\/\"},{\"@type\":\"ListItem\",\"position\":2,\"name\":\"Los emprendedores de la comarca han compartido sus vivencias con los alumnos de Urola Ikastola\"}]},{\"@type\":\"WebSite\",\"@id\":\"https:\\\/\\\/iraurgiberritzen.eus\\\/es\\\/#website\",\"url\":\"https:\\\/\\\/iraurgiberritzen.eus\\\/es\\\/\",\"name\":\"Iraurgi Berritzen\",\"description\":\"Urola Erdiko Garapen Agentzia\",\"publisher\":{\"@id\":\"https:\\\/\\\/iraurgiberritzen.eus\\\/es\\\/#organization\"},\"potentialAction\":[{\"@type\":\"SearchAction\",\"target\":{\"@type\":\"EntryPoint\",\"urlTemplate\":\"https:\\\/\\\/iraurgiberritzen.eus\\\/es\\\/?s={search_term_string}\"},\"query-input\":{\"@type\":\"PropertyValueSpecification\",\"valueRequired\":true,\"valueName\":\"search_term_string\"}}],\"inLanguage\":\"es\"},{\"@type\":\"Organization\",\"@id\":\"https:\\\/\\\/iraurgiberritzen.eus\\\/es\\\/#organization\",\"name\":\"Iraurgi Berritzen\",\"url\":\"https:\\\/\\\/iraurgiberritzen.eus\\\/es\\\/\",\"logo\":{\"@type\":\"ImageObject\",\"inLanguage\":\"es\",\"@id\":\"https:\\\/\\\/iraurgiberritzen.eus\\\/es\\\/#\\\/schema\\\/logo\\\/image\\\/\",\"url\":\"https:\\\/\\\/iraurgiberritzen.eus\\\/wp-content\\\/uploads\\\/2024\\\/02\\\/IRAURGI-BERRITZEN-logotipoa_2.png\",\"contentUrl\":\"https:\\\/\\\/iraurgiberritzen.eus\\\/wp-content\\\/uploads\\\/2024\\\/02\\\/IRAURGI-BERRITZEN-logotipoa_2.png\",\"width\":496,\"height\":190,\"caption\":\"Iraurgi Berritzen\"},\"image\":{\"@id\":\"https:\\\/\\\/iraurgiberritzen.eus\\\/es\\\/#\\\/schema\\\/logo\\\/image\\\/\"}},{\"@type\":\"Person\",\"@id\":\"https:\\\/\\\/iraurgiberritzen.eus\\\/es\\\/#\\\/schema\\\/person\\\/5ab41aaf388a9097177601ebf45738d2\",\"name\":\"kudeatzailea\",\"sameAs\":[\"https:\\\/\\\/iraurgiberritzen.eus\"]}]}<\/script>\n<!-- \/ Yoast SEO plugin. -->","yoast_head_json":{"title":"Los emprendedores de la comarca han compartido sus vivencias con los alumnos de Urola Ikastola - Iraurgi Berritzen","robots":{"index":"index","follow":"follow","max-snippet":"max-snippet:-1","max-image-preview":"max-image-preview:large","max-video-preview":"max-video-preview:-1"},"canonical":"https:\/\/iraurgiberritzen.eus\/es\/los-emprendedores-de-la-comarca-han-compartido-sus-vivencias-con-los-alumnos-de-urola-ikastola\/","og_locale":"es_ES","og_type":"article","og_title":"Los emprendedores de la comarca han compartido sus vivencias con los alumnos de Urola Ikastola - Iraurgi Berritzen","og_description":"El pasado mi\u00e9rcoles dos emprendedores de la comarca estuvieron en Urola Ikastola compartiendo sus experiencias como emprendedores. Los alumnos de segundo de bachiller tuvieron la oportunidad de conocer dos nuevos proyectos empresariales que se han creado este a\u00f1o en la comarca. Para la primera sesi\u00f3n vino BASKEY, una empresa que gestiona apartamentos tur\u00edsticos de forma [&hellip;]","og_url":"https:\/\/iraurgiberritzen.eus\/es\/los-emprendedores-de-la-comarca-han-compartido-sus-vivencias-con-los-alumnos-de-urola-ikastola\/","og_site_name":"Iraurgi Berritzen","article_published_time":"2018-05-07T08:49:36+00:00","author":"kudeatzailea","twitter_card":"summary_large_image","twitter_misc":{"Escrito por":"kudeatzailea","Tiempo de lectura":"1 minuto"},"schema":{"@context":"https:\/\/schema.org","@graph":[{"@type":"Article","@id":"https:\/\/iraurgiberritzen.eus\/es\/los-emprendedores-de-la-comarca-han-compartido-sus-vivencias-con-los-alumnos-de-urola-ikastola\/#article","isPartOf":{"@id":"https:\/\/iraurgiberritzen.eus\/es\/los-emprendedores-de-la-comarca-han-compartido-sus-vivencias-con-los-alumnos-de-urola-ikastola\/"},"author":{"name":"kudeatzailea","@id":"https:\/\/iraurgiberritzen.eus\/es\/#\/schema\/person\/5ab41aaf388a9097177601ebf45738d2"},"headline":"Los emprendedores de la comarca han compartido sus vivencias con los alumnos de Urola Ikastola","datePublished":"2018-05-07T08:49:36+00:00","mainEntityOfPage":{"@id":"https:\/\/iraurgiberritzen.eus\/es\/los-emprendedores-de-la-comarca-han-compartido-sus-vivencias-con-los-alumnos-de-urola-ikastola\/"},"wordCount":267,"publisher":{"@id":"https:\/\/iraurgiberritzen.eus\/es\/#organization"},"image":{"@id":"https:\/\/iraurgiberritzen.eus\/es\/los-emprendedores-de-la-comarca-han-compartido-sus-vivencias-con-los-alumnos-de-urola-ikastola\/#primaryimage"},"thumbnailUrl":"https:\/\/iraurgiberritzen.eus\/wp-content\/uploads\/2023\/09\/1e6006496cec394e7da669516f53f970.jpg","articleSection":["Noticias"],"inLanguage":"es"},{"@type":"WebPage","@id":"https:\/\/iraurgiberritzen.eus\/es\/los-emprendedores-de-la-comarca-han-compartido-sus-vivencias-con-los-alumnos-de-urola-ikastola\/","url":"https:\/\/iraurgiberritzen.eus\/es\/los-emprendedores-de-la-comarca-han-compartido-sus-vivencias-con-los-alumnos-de-urola-ikastola\/","name":"Los emprendedores de la comarca han compartido sus vivencias con los alumnos de Urola Ikastola - Iraurgi Berritzen","isPartOf":{"@id":"https:\/\/iraurgiberritzen.eus\/es\/#website"},"primaryImageOfPage":{"@id":"https:\/\/iraurgiberritzen.eus\/es\/los-emprendedores-de-la-comarca-han-compartido-sus-vivencias-con-los-alumnos-de-urola-ikastola\/#primaryimage"},"image":{"@id":"https:\/\/iraurgiberritzen.eus\/es\/los-emprendedores-de-la-comarca-han-compartido-sus-vivencias-con-los-alumnos-de-urola-ikastola\/#primaryimage"},"thumbnailUrl":"https:\/\/iraurgiberritzen.eus\/wp-content\/uploads\/2023\/09\/1e6006496cec394e7da669516f53f970.jpg","datePublished":"2018-05-07T08:49:36+00:00","breadcrumb":{"@id":"https:\/\/iraurgiberritzen.eus\/es\/los-emprendedores-de-la-comarca-han-compartido-sus-vivencias-con-los-alumnos-de-urola-ikastola\/#breadcrumb"},"inLanguage":"es","potentialAction":[{"@type":"ReadAction","target":["https:\/\/iraurgiberritzen.eus\/es\/los-emprendedores-de-la-comarca-han-compartido-sus-vivencias-con-los-alumnos-de-urola-ikastola\/"]}]},{"@type":"ImageObject","inLanguage":"es","@id":"https:\/\/iraurgiberritzen.eus\/es\/los-emprendedores-de-la-comarca-han-compartido-sus-vivencias-con-los-alumnos-de-urola-ikastola\/#primaryimage","url":"https:\/\/iraurgiberritzen.eus\/wp-content\/uploads\/2023\/09\/1e6006496cec394e7da669516f53f970.jpg","contentUrl":"https:\/\/iraurgiberritzen.eus\/wp-content\/uploads\/2023\/09\/1e6006496cec394e7da669516f53f970.jpg","width":600,"height":386},{"@type":"BreadcrumbList","@id":"https:\/\/iraurgiberritzen.eus\/es\/los-emprendedores-de-la-comarca-han-compartido-sus-vivencias-con-los-alumnos-de-urola-ikastola\/#breadcrumb","itemListElement":[{"@type":"ListItem","position":1,"name":"Home","item":"https:\/\/iraurgiberritzen.eus\/es\/"},{"@type":"ListItem","position":2,"name":"Los emprendedores de la comarca han compartido sus vivencias con los alumnos de Urola Ikastola"}]},{"@type":"WebSite","@id":"https:\/\/iraurgiberritzen.eus\/es\/#website","url":"https:\/\/iraurgiberritzen.eus\/es\/","name":"Iraurgi Berritzen","description":"Urola Erdiko Garapen Agentzia","publisher":{"@id":"https:\/\/iraurgiberritzen.eus\/es\/#organization"},"potentialAction":[{"@type":"SearchAction","target":{"@type":"EntryPoint","urlTemplate":"https:\/\/iraurgiberritzen.eus\/es\/?s={search_term_string}"},"query-input":{"@type":"PropertyValueSpecification","valueRequired":true,"valueName":"search_term_string"}}],"inLanguage":"es"},{"@type":"Organization","@id":"https:\/\/iraurgiberritzen.eus\/es\/#organization","name":"Iraurgi Berritzen","url":"https:\/\/iraurgiberritzen.eus\/es\/","logo":{"@type":"ImageObject","inLanguage":"es","@id":"https:\/\/iraurgiberritzen.eus\/es\/#\/schema\/logo\/image\/","url":"https:\/\/iraurgiberritzen.eus\/wp-content\/uploads\/2024\/02\/IRAURGI-BERRITZEN-logotipoa_2.png","contentUrl":"https:\/\/iraurgiberritzen.eus\/wp-content\/uploads\/2024\/02\/IRAURGI-BERRITZEN-logotipoa_2.png","width":496,"height":190,"caption":"Iraurgi Berritzen"},"image":{"@id":"https:\/\/iraurgiberritzen.eus\/es\/#\/schema\/logo\/image\/"}},{"@type":"Person","@id":"https:\/\/iraurgiberritzen.eus\/es\/#\/schema\/person\/5ab41aaf388a9097177601ebf45738d2","name":"kudeatzailea","sameAs":["https:\/\/iraurgiberritzen.eus"]}]}},"_links":{"self":[{"href":"https:\/\/iraurgiberritzen.eus\/es\/wp-json\/wp\/v2\/posts\/12361","targetHints":{"allow":["GET"]}}],"collection":[{"href":"https:\/\/iraurgiberritzen.eus\/es\/wp-json\/wp\/v2\/posts"}],"about":[{"href":"https:\/\/iraurgiberritzen.eus\/es\/wp-json\/wp\/v2\/types\/post"}],"author":[{"embeddable":true,"href":"https:\/\/iraurgiberritzen.eus\/es\/wp-json\/wp\/v2\/users\/1"}],"replies":[{"embeddable":true,"href":"https:\/\/iraurgiberritzen.eus\/es\/wp-json\/wp\/v2\/comments?post=12361"}],"version-history":[{"count":0,"href":"https:\/\/iraurgiberritzen.eus\/es\/wp-json\/wp\/v2\/posts\/12361\/revisions"}],"wp:featuredmedia":[{"embeddable":true,"href":"https:\/\/iraurgiberritzen.eus\/es\/wp-json\/wp\/v2\/media\/17886"}],"wp:attachment":[{"href":"https:\/\/iraurgiberritzen.eus\/es\/wp-json\/wp\/v2\/media?parent=12361"}],"wp:term":[{"taxonomy":"category","embeddable":true,"href":"https:\/\/iraurgiberritzen.eus\/es\/wp-json\/wp\/v2\/categories?post=12361"},{"taxonomy":"post_tag","embeddable":true,"href":"https:\/\/iraurgiberritzen.eus\/es\/wp-json\/wp\/v2\/tags?post=12361"}],"curies":[{"name":"wp","href":"https:\/\/api.w.org\/{rel}","templated":true}]}}