{"id":12370,"date":"2018-05-10T11:00:55","date_gmt":"2018-05-10T09:00:55","guid":{"rendered":"https:\/\/iraurgiberritzen.eus\/presentacion-de-los-programas-de-ayudas-de-la-spri-para-las-empresas-de-urola-erdia\/"},"modified":"2018-05-10T11:00:55","modified_gmt":"2018-05-10T09:00:55","slug":"presentacion-de-los-programas-de-ayudas-de-la-spri-para-las-empresas-de-urola-erdia","status":"publish","type":"post","link":"https:\/\/iraurgiberritzen.eus\/es\/presentacion-de-los-programas-de-ayudas-de-la-spri-para-las-empresas-de-urola-erdia\/","title":{"rendered":"Presentaci\u00f3n de los programas de ayudas de la Spri para las empresas de Urola Erdia"},"content":{"rendered":"<p style=\"text-align: justify;\">El 8 de Mayo, y en la colaboraci\u00f3n con la SPRI se ha realizado la presentaci\u00f3n de los distintos programas de ayuda 2018 de la Spri dirigidas a las empresas de la comarca.<\/p>\n<p style=\"text-align: justify;\">Se ha contado con la presencia de Josu Oc\u00e1riz, responsables de la Spri del Departamento de Innovaci\u00f3n e Imanol Cu\u00e9tara, responsable de Promoci\u00f3n empresarial, quienes han expuesto las diferentes ayudas y servicios del 2018 por \u00e1reas; Innovaci\u00f3n, Tecnolog\u00eda, Inversiones en Inmovilizado, emprendimiento, etc. Todo ello con el objetivo de conseguir una empresa vasca m\u00e1s innovadora y competitiva.<\/p>\n<p style=\"text-align: justify;\">En la misma han participado 16 empresas de la comarca, que adem\u00e1s han tenido la oportunidad en primera mano de plantear sus dudas y el posible encaje de sus proyectos en los diferentes programas. anim\u00e1ndoles al mismo tiempo a presentar sus proyectos a las diferentes iniciativas.<\/p>\n","protected":false},"excerpt":{"rendered":"<p>El 8 de Mayo, y en la colaboraci\u00f3n con la SPRI se ha realizado la presentaci\u00f3n de los distintos programas de ayuda 2018 de la Spri dirigidas a las empresas de la comarca. Se ha contado con la presencia de Josu Oc\u00e1riz, responsables de la Spri del Departamento de Innovaci\u00f3n e Imanol Cu\u00e9tara, responsable de [&hellip;]<\/p>\n","protected":false},"author":1,"featured_media":17889,"comment_status":"","ping_status":"closed","sticky":false,"template":"","format":"standard","meta":{"_acf_changed":false,"footnotes":""},"categories":[4],"tags":[],"class_list":["post-12370","post","type-post","status-publish","format-standard","has-post-thumbnail","hentry","category-noticias"],"acf":[],"yoast_head":"<!-- This site is optimized with the Yoast SEO plugin v27.4 - https:\/\/yoast.com\/product\/yoast-seo-wordpress\/ -->\n<title>Presentaci\u00f3n de los programas de ayudas de la Spri para las empresas de Urola Erdia - Iraurgi Berritzen<\/title>\n<meta name=\"robots\" content=\"index, follow, max-snippet:-1, max-image-preview:large, max-video-preview:-1\" \/>\n<link rel=\"canonical\" href=\"https:\/\/iraurgiberritzen.eus\/es\/presentacion-de-los-programas-de-ayudas-de-la-spri-para-las-empresas-de-urola-erdia\/\" \/>\n<meta property=\"og:locale\" content=\"es_ES\" \/>\n<meta property=\"og:type\" content=\"article\" \/>\n<meta property=\"og:title\" content=\"Presentaci\u00f3n de los programas de ayudas de la Spri para las empresas de Urola Erdia - Iraurgi Berritzen\" \/>\n<meta property=\"og:description\" content=\"El 8 de Mayo, y en la colaboraci\u00f3n con la SPRI se ha realizado la presentaci\u00f3n de los distintos programas de ayuda 2018 de la Spri dirigidas a las empresas de la comarca. Se ha contado con la presencia de Josu Oc\u00e1riz, responsables de la Spri del Departamento de Innovaci\u00f3n e Imanol Cu\u00e9tara, responsable de [&hellip;]\" \/>\n<meta property=\"og:url\" content=\"https:\/\/iraurgiberritzen.eus\/es\/presentacion-de-los-programas-de-ayudas-de-la-spri-para-las-empresas-de-urola-erdia\/\" \/>\n<meta property=\"og:site_name\" content=\"Iraurgi Berritzen\" \/>\n<meta property=\"article:published_time\" content=\"2018-05-10T09:00:55+00:00\" \/>\n<meta name=\"author\" content=\"kudeatzailea\" \/>\n<meta name=\"twitter:card\" content=\"summary_large_image\" \/>\n<meta name=\"twitter:label1\" content=\"Escrito por\" \/>\n\t<meta name=\"twitter:data1\" content=\"kudeatzailea\" \/>\n\t<meta name=\"twitter:label2\" content=\"Tiempo de lectura\" \/>\n\t<meta name=\"twitter:data2\" content=\"1 minuto\" \/>\n<script type=\"application\/ld+json\" class=\"yoast-schema-graph\">{\"@context\":\"https:\\\/\\\/schema.org\",\"@graph\":[{\"@type\":\"Article\",\"@id\":\"https:\\\/\\\/iraurgiberritzen.eus\\\/es\\\/presentacion-de-los-programas-de-ayudas-de-la-spri-para-las-empresas-de-urola-erdia\\\/#article\",\"isPartOf\":{\"@id\":\"https:\\\/\\\/iraurgiberritzen.eus\\\/es\\\/presentacion-de-los-programas-de-ayudas-de-la-spri-para-las-empresas-de-urola-erdia\\\/\"},\"author\":{\"name\":\"kudeatzailea\",\"@id\":\"https:\\\/\\\/iraurgiberritzen.eus\\\/es\\\/#\\\/schema\\\/person\\\/5ab41aaf388a9097177601ebf45738d2\"},\"headline\":\"Presentaci\u00f3n de los programas de ayudas de la Spri para las empresas de Urola Erdia\",\"datePublished\":\"2018-05-10T09:00:55+00:00\",\"mainEntityOfPage\":{\"@id\":\"https:\\\/\\\/iraurgiberritzen.eus\\\/es\\\/presentacion-de-los-programas-de-ayudas-de-la-spri-para-las-empresas-de-urola-erdia\\\/\"},\"wordCount\":159,\"publisher\":{\"@id\":\"https:\\\/\\\/iraurgiberritzen.eus\\\/es\\\/#organization\"},\"image\":{\"@id\":\"https:\\\/\\\/iraurgiberritzen.eus\\\/es\\\/presentacion-de-los-programas-de-ayudas-de-la-spri-para-las-empresas-de-urola-erdia\\\/#primaryimage\"},\"thumbnailUrl\":\"https:\\\/\\\/iraurgiberritzen.eus\\\/wp-content\\\/uploads\\\/2023\\\/09\\\/274f1bf2bd18e7f0d33d6244e658426e.jpg\",\"articleSection\":[\"Noticias\"],\"inLanguage\":\"es\"},{\"@type\":\"WebPage\",\"@id\":\"https:\\\/\\\/iraurgiberritzen.eus\\\/es\\\/presentacion-de-los-programas-de-ayudas-de-la-spri-para-las-empresas-de-urola-erdia\\\/\",\"url\":\"https:\\\/\\\/iraurgiberritzen.eus\\\/es\\\/presentacion-de-los-programas-de-ayudas-de-la-spri-para-las-empresas-de-urola-erdia\\\/\",\"name\":\"Presentaci\u00f3n de los programas de ayudas de la Spri para las empresas de Urola Erdia - Iraurgi Berritzen\",\"isPartOf\":{\"@id\":\"https:\\\/\\\/iraurgiberritzen.eus\\\/es\\\/#website\"},\"primaryImageOfPage\":{\"@id\":\"https:\\\/\\\/iraurgiberritzen.eus\\\/es\\\/presentacion-de-los-programas-de-ayudas-de-la-spri-para-las-empresas-de-urola-erdia\\\/#primaryimage\"},\"image\":{\"@id\":\"https:\\\/\\\/iraurgiberritzen.eus\\\/es\\\/presentacion-de-los-programas-de-ayudas-de-la-spri-para-las-empresas-de-urola-erdia\\\/#primaryimage\"},\"thumbnailUrl\":\"https:\\\/\\\/iraurgiberritzen.eus\\\/wp-content\\\/uploads\\\/2023\\\/09\\\/274f1bf2bd18e7f0d33d6244e658426e.jpg\",\"datePublished\":\"2018-05-10T09:00:55+00:00\",\"breadcrumb\":{\"@id\":\"https:\\\/\\\/iraurgiberritzen.eus\\\/es\\\/presentacion-de-los-programas-de-ayudas-de-la-spri-para-las-empresas-de-urola-erdia\\\/#breadcrumb\"},\"inLanguage\":\"es\",\"potentialAction\":[{\"@type\":\"ReadAction\",\"target\":[\"https:\\\/\\\/iraurgiberritzen.eus\\\/es\\\/presentacion-de-los-programas-de-ayudas-de-la-spri-para-las-empresas-de-urola-erdia\\\/\"]}]},{\"@type\":\"ImageObject\",\"inLanguage\":\"es\",\"@id\":\"https:\\\/\\\/iraurgiberritzen.eus\\\/es\\\/presentacion-de-los-programas-de-ayudas-de-la-spri-para-las-empresas-de-urola-erdia\\\/#primaryimage\",\"url\":\"https:\\\/\\\/iraurgiberritzen.eus\\\/wp-content\\\/uploads\\\/2023\\\/09\\\/274f1bf2bd18e7f0d33d6244e658426e.jpg\",\"contentUrl\":\"https:\\\/\\\/iraurgiberritzen.eus\\\/wp-content\\\/uploads\\\/2023\\\/09\\\/274f1bf2bd18e7f0d33d6244e658426e.jpg\",\"width\":600,\"height\":386},{\"@type\":\"BreadcrumbList\",\"@id\":\"https:\\\/\\\/iraurgiberritzen.eus\\\/es\\\/presentacion-de-los-programas-de-ayudas-de-la-spri-para-las-empresas-de-urola-erdia\\\/#breadcrumb\",\"itemListElement\":[{\"@type\":\"ListItem\",\"position\":1,\"name\":\"Home\",\"item\":\"https:\\\/\\\/iraurgiberritzen.eus\\\/es\\\/\"},{\"@type\":\"ListItem\",\"position\":2,\"name\":\"Presentaci\u00f3n de los programas de ayudas de la Spri para las empresas de Urola Erdia\"}]},{\"@type\":\"WebSite\",\"@id\":\"https:\\\/\\\/iraurgiberritzen.eus\\\/es\\\/#website\",\"url\":\"https:\\\/\\\/iraurgiberritzen.eus\\\/es\\\/\",\"name\":\"Iraurgi Berritzen\",\"description\":\"Urola Erdiko Garapen Agentzia\",\"publisher\":{\"@id\":\"https:\\\/\\\/iraurgiberritzen.eus\\\/es\\\/#organization\"},\"potentialAction\":[{\"@type\":\"SearchAction\",\"target\":{\"@type\":\"EntryPoint\",\"urlTemplate\":\"https:\\\/\\\/iraurgiberritzen.eus\\\/es\\\/?s={search_term_string}\"},\"query-input\":{\"@type\":\"PropertyValueSpecification\",\"valueRequired\":true,\"valueName\":\"search_term_string\"}}],\"inLanguage\":\"es\"},{\"@type\":\"Organization\",\"@id\":\"https:\\\/\\\/iraurgiberritzen.eus\\\/es\\\/#organization\",\"name\":\"Iraurgi Berritzen\",\"url\":\"https:\\\/\\\/iraurgiberritzen.eus\\\/es\\\/\",\"logo\":{\"@type\":\"ImageObject\",\"inLanguage\":\"es\",\"@id\":\"https:\\\/\\\/iraurgiberritzen.eus\\\/es\\\/#\\\/schema\\\/logo\\\/image\\\/\",\"url\":\"https:\\\/\\\/iraurgiberritzen.eus\\\/wp-content\\\/uploads\\\/2024\\\/02\\\/IRAURGI-BERRITZEN-logotipoa_2.png\",\"contentUrl\":\"https:\\\/\\\/iraurgiberritzen.eus\\\/wp-content\\\/uploads\\\/2024\\\/02\\\/IRAURGI-BERRITZEN-logotipoa_2.png\",\"width\":496,\"height\":190,\"caption\":\"Iraurgi Berritzen\"},\"image\":{\"@id\":\"https:\\\/\\\/iraurgiberritzen.eus\\\/es\\\/#\\\/schema\\\/logo\\\/image\\\/\"}},{\"@type\":\"Person\",\"@id\":\"https:\\\/\\\/iraurgiberritzen.eus\\\/es\\\/#\\\/schema\\\/person\\\/5ab41aaf388a9097177601ebf45738d2\",\"name\":\"kudeatzailea\",\"sameAs\":[\"https:\\\/\\\/iraurgiberritzen.eus\"]}]}<\/script>\n<!-- \/ Yoast SEO plugin. -->","yoast_head_json":{"title":"Presentaci\u00f3n de los programas de ayudas de la Spri para las empresas de Urola Erdia - Iraurgi Berritzen","robots":{"index":"index","follow":"follow","max-snippet":"max-snippet:-1","max-image-preview":"max-image-preview:large","max-video-preview":"max-video-preview:-1"},"canonical":"https:\/\/iraurgiberritzen.eus\/es\/presentacion-de-los-programas-de-ayudas-de-la-spri-para-las-empresas-de-urola-erdia\/","og_locale":"es_ES","og_type":"article","og_title":"Presentaci\u00f3n de los programas de ayudas de la Spri para las empresas de Urola Erdia - Iraurgi Berritzen","og_description":"El 8 de Mayo, y en la colaboraci\u00f3n con la SPRI se ha realizado la presentaci\u00f3n de los distintos programas de ayuda 2018 de la Spri dirigidas a las empresas de la comarca. Se ha contado con la presencia de Josu Oc\u00e1riz, responsables de la Spri del Departamento de Innovaci\u00f3n e Imanol Cu\u00e9tara, responsable de [&hellip;]","og_url":"https:\/\/iraurgiberritzen.eus\/es\/presentacion-de-los-programas-de-ayudas-de-la-spri-para-las-empresas-de-urola-erdia\/","og_site_name":"Iraurgi Berritzen","article_published_time":"2018-05-10T09:00:55+00:00","author":"kudeatzailea","twitter_card":"summary_large_image","twitter_misc":{"Escrito por":"kudeatzailea","Tiempo de lectura":"1 minuto"},"schema":{"@context":"https:\/\/schema.org","@graph":[{"@type":"Article","@id":"https:\/\/iraurgiberritzen.eus\/es\/presentacion-de-los-programas-de-ayudas-de-la-spri-para-las-empresas-de-urola-erdia\/#article","isPartOf":{"@id":"https:\/\/iraurgiberritzen.eus\/es\/presentacion-de-los-programas-de-ayudas-de-la-spri-para-las-empresas-de-urola-erdia\/"},"author":{"name":"kudeatzailea","@id":"https:\/\/iraurgiberritzen.eus\/es\/#\/schema\/person\/5ab41aaf388a9097177601ebf45738d2"},"headline":"Presentaci\u00f3n de los programas de ayudas de la Spri para las empresas de Urola Erdia","datePublished":"2018-05-10T09:00:55+00:00","mainEntityOfPage":{"@id":"https:\/\/iraurgiberritzen.eus\/es\/presentacion-de-los-programas-de-ayudas-de-la-spri-para-las-empresas-de-urola-erdia\/"},"wordCount":159,"publisher":{"@id":"https:\/\/iraurgiberritzen.eus\/es\/#organization"},"image":{"@id":"https:\/\/iraurgiberritzen.eus\/es\/presentacion-de-los-programas-de-ayudas-de-la-spri-para-las-empresas-de-urola-erdia\/#primaryimage"},"thumbnailUrl":"https:\/\/iraurgiberritzen.eus\/wp-content\/uploads\/2023\/09\/274f1bf2bd18e7f0d33d6244e658426e.jpg","articleSection":["Noticias"],"inLanguage":"es"},{"@type":"WebPage","@id":"https:\/\/iraurgiberritzen.eus\/es\/presentacion-de-los-programas-de-ayudas-de-la-spri-para-las-empresas-de-urola-erdia\/","url":"https:\/\/iraurgiberritzen.eus\/es\/presentacion-de-los-programas-de-ayudas-de-la-spri-para-las-empresas-de-urola-erdia\/","name":"Presentaci\u00f3n de los programas de ayudas de la Spri para las empresas de Urola Erdia - Iraurgi Berritzen","isPartOf":{"@id":"https:\/\/iraurgiberritzen.eus\/es\/#website"},"primaryImageOfPage":{"@id":"https:\/\/iraurgiberritzen.eus\/es\/presentacion-de-los-programas-de-ayudas-de-la-spri-para-las-empresas-de-urola-erdia\/#primaryimage"},"image":{"@id":"https:\/\/iraurgiberritzen.eus\/es\/presentacion-de-los-programas-de-ayudas-de-la-spri-para-las-empresas-de-urola-erdia\/#primaryimage"},"thumbnailUrl":"https:\/\/iraurgiberritzen.eus\/wp-content\/uploads\/2023\/09\/274f1bf2bd18e7f0d33d6244e658426e.jpg","datePublished":"2018-05-10T09:00:55+00:00","breadcrumb":{"@id":"https:\/\/iraurgiberritzen.eus\/es\/presentacion-de-los-programas-de-ayudas-de-la-spri-para-las-empresas-de-urola-erdia\/#breadcrumb"},"inLanguage":"es","potentialAction":[{"@type":"ReadAction","target":["https:\/\/iraurgiberritzen.eus\/es\/presentacion-de-los-programas-de-ayudas-de-la-spri-para-las-empresas-de-urola-erdia\/"]}]},{"@type":"ImageObject","inLanguage":"es","@id":"https:\/\/iraurgiberritzen.eus\/es\/presentacion-de-los-programas-de-ayudas-de-la-spri-para-las-empresas-de-urola-erdia\/#primaryimage","url":"https:\/\/iraurgiberritzen.eus\/wp-content\/uploads\/2023\/09\/274f1bf2bd18e7f0d33d6244e658426e.jpg","contentUrl":"https:\/\/iraurgiberritzen.eus\/wp-content\/uploads\/2023\/09\/274f1bf2bd18e7f0d33d6244e658426e.jpg","width":600,"height":386},{"@type":"BreadcrumbList","@id":"https:\/\/iraurgiberritzen.eus\/es\/presentacion-de-los-programas-de-ayudas-de-la-spri-para-las-empresas-de-urola-erdia\/#breadcrumb","itemListElement":[{"@type":"ListItem","position":1,"name":"Home","item":"https:\/\/iraurgiberritzen.eus\/es\/"},{"@type":"ListItem","position":2,"name":"Presentaci\u00f3n de los programas de ayudas de la Spri para las empresas de Urola Erdia"}]},{"@type":"WebSite","@id":"https:\/\/iraurgiberritzen.eus\/es\/#website","url":"https:\/\/iraurgiberritzen.eus\/es\/","name":"Iraurgi Berritzen","description":"Urola Erdiko Garapen Agentzia","publisher":{"@id":"https:\/\/iraurgiberritzen.eus\/es\/#organization"},"potentialAction":[{"@type":"SearchAction","target":{"@type":"EntryPoint","urlTemplate":"https:\/\/iraurgiberritzen.eus\/es\/?s={search_term_string}"},"query-input":{"@type":"PropertyValueSpecification","valueRequired":true,"valueName":"search_term_string"}}],"inLanguage":"es"},{"@type":"Organization","@id":"https:\/\/iraurgiberritzen.eus\/es\/#organization","name":"Iraurgi Berritzen","url":"https:\/\/iraurgiberritzen.eus\/es\/","logo":{"@type":"ImageObject","inLanguage":"es","@id":"https:\/\/iraurgiberritzen.eus\/es\/#\/schema\/logo\/image\/","url":"https:\/\/iraurgiberritzen.eus\/wp-content\/uploads\/2024\/02\/IRAURGI-BERRITZEN-logotipoa_2.png","contentUrl":"https:\/\/iraurgiberritzen.eus\/wp-content\/uploads\/2024\/02\/IRAURGI-BERRITZEN-logotipoa_2.png","width":496,"height":190,"caption":"Iraurgi Berritzen"},"image":{"@id":"https:\/\/iraurgiberritzen.eus\/es\/#\/schema\/logo\/image\/"}},{"@type":"Person","@id":"https:\/\/iraurgiberritzen.eus\/es\/#\/schema\/person\/5ab41aaf388a9097177601ebf45738d2","name":"kudeatzailea","sameAs":["https:\/\/iraurgiberritzen.eus"]}]}},"_links":{"self":[{"href":"https:\/\/iraurgiberritzen.eus\/es\/wp-json\/wp\/v2\/posts\/12370","targetHints":{"allow":["GET"]}}],"collection":[{"href":"https:\/\/iraurgiberritzen.eus\/es\/wp-json\/wp\/v2\/posts"}],"about":[{"href":"https:\/\/iraurgiberritzen.eus\/es\/wp-json\/wp\/v2\/types\/post"}],"author":[{"embeddable":true,"href":"https:\/\/iraurgiberritzen.eus\/es\/wp-json\/wp\/v2\/users\/1"}],"replies":[{"embeddable":true,"href":"https:\/\/iraurgiberritzen.eus\/es\/wp-json\/wp\/v2\/comments?post=12370"}],"version-history":[{"count":0,"href":"https:\/\/iraurgiberritzen.eus\/es\/wp-json\/wp\/v2\/posts\/12370\/revisions"}],"wp:featuredmedia":[{"embeddable":true,"href":"https:\/\/iraurgiberritzen.eus\/es\/wp-json\/wp\/v2\/media\/17889"}],"wp:attachment":[{"href":"https:\/\/iraurgiberritzen.eus\/es\/wp-json\/wp\/v2\/media?parent=12370"}],"wp:term":[{"taxonomy":"category","embeddable":true,"href":"https:\/\/iraurgiberritzen.eus\/es\/wp-json\/wp\/v2\/categories?post=12370"},{"taxonomy":"post_tag","embeddable":true,"href":"https:\/\/iraurgiberritzen.eus\/es\/wp-json\/wp\/v2\/tags?post=12370"}],"curies":[{"name":"wp","href":"https:\/\/api.w.org\/{rel}","templated":true}]}}