{"id":12381,"date":"2018-05-31T06:46:59","date_gmt":"2018-05-31T04:46:59","guid":{"rendered":"https:\/\/iraurgiberritzen.eus\/se-abre-el-plazo-de-inscripcion-al-programa-txertatu-merkatuan\/"},"modified":"2018-05-31T06:46:59","modified_gmt":"2018-05-31T04:46:59","slug":"se-abre-el-plazo-de-inscripcion-al-programa-txertatu-merkatuan","status":"publish","type":"post","link":"https:\/\/iraurgiberritzen.eus\/es\/se-abre-el-plazo-de-inscripcion-al-programa-txertatu-merkatuan\/","title":{"rendered":"Se abre el plazo de inscripci\u00f3n al Programa Txertatu Merkatuan"},"content":{"rendered":"<p style=\"text-align: justify;\">El 6 de junio, Iraurgi Berritzen pondr\u00e1 en marcha la 4\u00aa edici\u00f3n del <strong>Proyecto Txertatu Merkatuan<\/strong>.<\/p>\n<p style=\"text-align: justify;\">Este es un proyecto dirigido a personas j\u00f3venes, de 17 a 29 a\u00f1os, con nivel de formaci\u00f3n b\u00e1sica y que se encuentren en situaci\u00f3n de desempleo. Desde Iraurgi Berritzen queremos comunicar que el plazo de inscripci\u00f3n de este proyecto est\u00e1 abierto. En caso de estar interesado puedes ponerte en contacto con <strong>Sandra<\/strong> escribiendo al email <strong><a href=\"mailto:sfernandez@iraurgiberritzen.eus\">sfernandez@iraurgiberritzen.eus<\/a><\/strong>&nbsp;o llamando al <strong>943851100<\/strong>.<\/p>\n","protected":false},"excerpt":{"rendered":"<p>El 6 de junio, Iraurgi Berritzen pondr\u00e1 en marcha la 4\u00aa edici\u00f3n del Proyecto Txertatu Merkatuan. Este es un proyecto dirigido a personas j\u00f3venes, de 17 a 29 a\u00f1os, con nivel de formaci\u00f3n b\u00e1sica y que se encuentren en situaci\u00f3n de desempleo. Desde Iraurgi Berritzen queremos comunicar que el plazo de inscripci\u00f3n de este proyecto [&hellip;]<\/p>\n","protected":false},"author":1,"featured_media":17892,"comment_status":"","ping_status":"closed","sticky":false,"template":"","format":"standard","meta":{"_acf_changed":false,"footnotes":""},"categories":[4],"tags":[],"class_list":["post-12381","post","type-post","status-publish","format-standard","has-post-thumbnail","hentry","category-noticias"],"acf":[],"yoast_head":"<!-- This site is optimized with the Yoast SEO plugin v27.4 - https:\/\/yoast.com\/product\/yoast-seo-wordpress\/ -->\n<title>Se abre el plazo de inscripci\u00f3n al Programa Txertatu Merkatuan - Iraurgi Berritzen<\/title>\n<meta name=\"robots\" content=\"index, follow, max-snippet:-1, max-image-preview:large, max-video-preview:-1\" \/>\n<link rel=\"canonical\" href=\"https:\/\/iraurgiberritzen.eus\/es\/se-abre-el-plazo-de-inscripcion-al-programa-txertatu-merkatuan\/\" \/>\n<meta property=\"og:locale\" content=\"es_ES\" \/>\n<meta property=\"og:type\" content=\"article\" \/>\n<meta property=\"og:title\" content=\"Se abre el plazo de inscripci\u00f3n al Programa Txertatu Merkatuan - Iraurgi Berritzen\" \/>\n<meta property=\"og:description\" content=\"El 6 de junio, Iraurgi Berritzen pondr\u00e1 en marcha la 4\u00aa edici\u00f3n del Proyecto Txertatu Merkatuan. Este es un proyecto dirigido a personas j\u00f3venes, de 17 a 29 a\u00f1os, con nivel de formaci\u00f3n b\u00e1sica y que se encuentren en situaci\u00f3n de desempleo. Desde Iraurgi Berritzen queremos comunicar que el plazo de inscripci\u00f3n de este proyecto [&hellip;]\" \/>\n<meta property=\"og:url\" content=\"https:\/\/iraurgiberritzen.eus\/es\/se-abre-el-plazo-de-inscripcion-al-programa-txertatu-merkatuan\/\" \/>\n<meta property=\"og:site_name\" content=\"Iraurgi Berritzen\" \/>\n<meta property=\"article:published_time\" content=\"2018-05-31T04:46:59+00:00\" \/>\n<meta name=\"author\" content=\"kudeatzailea\" \/>\n<meta name=\"twitter:card\" content=\"summary_large_image\" \/>\n<meta name=\"twitter:label1\" content=\"Escrito por\" \/>\n\t<meta name=\"twitter:data1\" content=\"kudeatzailea\" \/>\n<script type=\"application\/ld+json\" class=\"yoast-schema-graph\">{\"@context\":\"https:\\\/\\\/schema.org\",\"@graph\":[{\"@type\":\"Article\",\"@id\":\"https:\\\/\\\/iraurgiberritzen.eus\\\/es\\\/se-abre-el-plazo-de-inscripcion-al-programa-txertatu-merkatuan\\\/#article\",\"isPartOf\":{\"@id\":\"https:\\\/\\\/iraurgiberritzen.eus\\\/es\\\/se-abre-el-plazo-de-inscripcion-al-programa-txertatu-merkatuan\\\/\"},\"author\":{\"name\":\"kudeatzailea\",\"@id\":\"https:\\\/\\\/iraurgiberritzen.eus\\\/es\\\/#\\\/schema\\\/person\\\/5ab41aaf388a9097177601ebf45738d2\"},\"headline\":\"Se abre el plazo de inscripci\u00f3n al Programa Txertatu Merkatuan\",\"datePublished\":\"2018-05-31T04:46:59+00:00\",\"mainEntityOfPage\":{\"@id\":\"https:\\\/\\\/iraurgiberritzen.eus\\\/es\\\/se-abre-el-plazo-de-inscripcion-al-programa-txertatu-merkatuan\\\/\"},\"wordCount\":92,\"publisher\":{\"@id\":\"https:\\\/\\\/iraurgiberritzen.eus\\\/es\\\/#organization\"},\"image\":{\"@id\":\"https:\\\/\\\/iraurgiberritzen.eus\\\/es\\\/se-abre-el-plazo-de-inscripcion-al-programa-txertatu-merkatuan\\\/#primaryimage\"},\"thumbnailUrl\":\"https:\\\/\\\/iraurgiberritzen.eus\\\/wp-content\\\/uploads\\\/2023\\\/09\\\/e5a83a7ecd853a3363498d71a1613623.jpg\",\"articleSection\":[\"Noticias\"],\"inLanguage\":\"es\"},{\"@type\":\"WebPage\",\"@id\":\"https:\\\/\\\/iraurgiberritzen.eus\\\/es\\\/se-abre-el-plazo-de-inscripcion-al-programa-txertatu-merkatuan\\\/\",\"url\":\"https:\\\/\\\/iraurgiberritzen.eus\\\/es\\\/se-abre-el-plazo-de-inscripcion-al-programa-txertatu-merkatuan\\\/\",\"name\":\"Se abre el plazo de inscripci\u00f3n al Programa Txertatu Merkatuan - Iraurgi Berritzen\",\"isPartOf\":{\"@id\":\"https:\\\/\\\/iraurgiberritzen.eus\\\/es\\\/#website\"},\"primaryImageOfPage\":{\"@id\":\"https:\\\/\\\/iraurgiberritzen.eus\\\/es\\\/se-abre-el-plazo-de-inscripcion-al-programa-txertatu-merkatuan\\\/#primaryimage\"},\"image\":{\"@id\":\"https:\\\/\\\/iraurgiberritzen.eus\\\/es\\\/se-abre-el-plazo-de-inscripcion-al-programa-txertatu-merkatuan\\\/#primaryimage\"},\"thumbnailUrl\":\"https:\\\/\\\/iraurgiberritzen.eus\\\/wp-content\\\/uploads\\\/2023\\\/09\\\/e5a83a7ecd853a3363498d71a1613623.jpg\",\"datePublished\":\"2018-05-31T04:46:59+00:00\",\"breadcrumb\":{\"@id\":\"https:\\\/\\\/iraurgiberritzen.eus\\\/es\\\/se-abre-el-plazo-de-inscripcion-al-programa-txertatu-merkatuan\\\/#breadcrumb\"},\"inLanguage\":\"es\",\"potentialAction\":[{\"@type\":\"ReadAction\",\"target\":[\"https:\\\/\\\/iraurgiberritzen.eus\\\/es\\\/se-abre-el-plazo-de-inscripcion-al-programa-txertatu-merkatuan\\\/\"]}]},{\"@type\":\"ImageObject\",\"inLanguage\":\"es\",\"@id\":\"https:\\\/\\\/iraurgiberritzen.eus\\\/es\\\/se-abre-el-plazo-de-inscripcion-al-programa-txertatu-merkatuan\\\/#primaryimage\",\"url\":\"https:\\\/\\\/iraurgiberritzen.eus\\\/wp-content\\\/uploads\\\/2023\\\/09\\\/e5a83a7ecd853a3363498d71a1613623.jpg\",\"contentUrl\":\"https:\\\/\\\/iraurgiberritzen.eus\\\/wp-content\\\/uploads\\\/2023\\\/09\\\/e5a83a7ecd853a3363498d71a1613623.jpg\",\"width\":600,\"height\":386},{\"@type\":\"BreadcrumbList\",\"@id\":\"https:\\\/\\\/iraurgiberritzen.eus\\\/es\\\/se-abre-el-plazo-de-inscripcion-al-programa-txertatu-merkatuan\\\/#breadcrumb\",\"itemListElement\":[{\"@type\":\"ListItem\",\"position\":1,\"name\":\"Home\",\"item\":\"https:\\\/\\\/iraurgiberritzen.eus\\\/es\\\/\"},{\"@type\":\"ListItem\",\"position\":2,\"name\":\"Se abre el plazo de inscripci\u00f3n al Programa Txertatu Merkatuan\"}]},{\"@type\":\"WebSite\",\"@id\":\"https:\\\/\\\/iraurgiberritzen.eus\\\/es\\\/#website\",\"url\":\"https:\\\/\\\/iraurgiberritzen.eus\\\/es\\\/\",\"name\":\"Iraurgi Berritzen\",\"description\":\"Urola Erdiko Garapen Agentzia\",\"publisher\":{\"@id\":\"https:\\\/\\\/iraurgiberritzen.eus\\\/es\\\/#organization\"},\"potentialAction\":[{\"@type\":\"SearchAction\",\"target\":{\"@type\":\"EntryPoint\",\"urlTemplate\":\"https:\\\/\\\/iraurgiberritzen.eus\\\/es\\\/?s={search_term_string}\"},\"query-input\":{\"@type\":\"PropertyValueSpecification\",\"valueRequired\":true,\"valueName\":\"search_term_string\"}}],\"inLanguage\":\"es\"},{\"@type\":\"Organization\",\"@id\":\"https:\\\/\\\/iraurgiberritzen.eus\\\/es\\\/#organization\",\"name\":\"Iraurgi Berritzen\",\"url\":\"https:\\\/\\\/iraurgiberritzen.eus\\\/es\\\/\",\"logo\":{\"@type\":\"ImageObject\",\"inLanguage\":\"es\",\"@id\":\"https:\\\/\\\/iraurgiberritzen.eus\\\/es\\\/#\\\/schema\\\/logo\\\/image\\\/\",\"url\":\"https:\\\/\\\/iraurgiberritzen.eus\\\/wp-content\\\/uploads\\\/2024\\\/02\\\/IRAURGI-BERRITZEN-logotipoa_2.png\",\"contentUrl\":\"https:\\\/\\\/iraurgiberritzen.eus\\\/wp-content\\\/uploads\\\/2024\\\/02\\\/IRAURGI-BERRITZEN-logotipoa_2.png\",\"width\":496,\"height\":190,\"caption\":\"Iraurgi Berritzen\"},\"image\":{\"@id\":\"https:\\\/\\\/iraurgiberritzen.eus\\\/es\\\/#\\\/schema\\\/logo\\\/image\\\/\"}},{\"@type\":\"Person\",\"@id\":\"https:\\\/\\\/iraurgiberritzen.eus\\\/es\\\/#\\\/schema\\\/person\\\/5ab41aaf388a9097177601ebf45738d2\",\"name\":\"kudeatzailea\",\"sameAs\":[\"https:\\\/\\\/iraurgiberritzen.eus\"]}]}<\/script>\n<!-- \/ Yoast SEO plugin. -->","yoast_head_json":{"title":"Se abre el plazo de inscripci\u00f3n al Programa Txertatu Merkatuan - Iraurgi Berritzen","robots":{"index":"index","follow":"follow","max-snippet":"max-snippet:-1","max-image-preview":"max-image-preview:large","max-video-preview":"max-video-preview:-1"},"canonical":"https:\/\/iraurgiberritzen.eus\/es\/se-abre-el-plazo-de-inscripcion-al-programa-txertatu-merkatuan\/","og_locale":"es_ES","og_type":"article","og_title":"Se abre el plazo de inscripci\u00f3n al Programa Txertatu Merkatuan - Iraurgi Berritzen","og_description":"El 6 de junio, Iraurgi Berritzen pondr\u00e1 en marcha la 4\u00aa edici\u00f3n del Proyecto Txertatu Merkatuan. Este es un proyecto dirigido a personas j\u00f3venes, de 17 a 29 a\u00f1os, con nivel de formaci\u00f3n b\u00e1sica y que se encuentren en situaci\u00f3n de desempleo. Desde Iraurgi Berritzen queremos comunicar que el plazo de inscripci\u00f3n de este proyecto [&hellip;]","og_url":"https:\/\/iraurgiberritzen.eus\/es\/se-abre-el-plazo-de-inscripcion-al-programa-txertatu-merkatuan\/","og_site_name":"Iraurgi Berritzen","article_published_time":"2018-05-31T04:46:59+00:00","author":"kudeatzailea","twitter_card":"summary_large_image","twitter_misc":{"Escrito por":"kudeatzailea"},"schema":{"@context":"https:\/\/schema.org","@graph":[{"@type":"Article","@id":"https:\/\/iraurgiberritzen.eus\/es\/se-abre-el-plazo-de-inscripcion-al-programa-txertatu-merkatuan\/#article","isPartOf":{"@id":"https:\/\/iraurgiberritzen.eus\/es\/se-abre-el-plazo-de-inscripcion-al-programa-txertatu-merkatuan\/"},"author":{"name":"kudeatzailea","@id":"https:\/\/iraurgiberritzen.eus\/es\/#\/schema\/person\/5ab41aaf388a9097177601ebf45738d2"},"headline":"Se abre el plazo de inscripci\u00f3n al Programa Txertatu Merkatuan","datePublished":"2018-05-31T04:46:59+00:00","mainEntityOfPage":{"@id":"https:\/\/iraurgiberritzen.eus\/es\/se-abre-el-plazo-de-inscripcion-al-programa-txertatu-merkatuan\/"},"wordCount":92,"publisher":{"@id":"https:\/\/iraurgiberritzen.eus\/es\/#organization"},"image":{"@id":"https:\/\/iraurgiberritzen.eus\/es\/se-abre-el-plazo-de-inscripcion-al-programa-txertatu-merkatuan\/#primaryimage"},"thumbnailUrl":"https:\/\/iraurgiberritzen.eus\/wp-content\/uploads\/2023\/09\/e5a83a7ecd853a3363498d71a1613623.jpg","articleSection":["Noticias"],"inLanguage":"es"},{"@type":"WebPage","@id":"https:\/\/iraurgiberritzen.eus\/es\/se-abre-el-plazo-de-inscripcion-al-programa-txertatu-merkatuan\/","url":"https:\/\/iraurgiberritzen.eus\/es\/se-abre-el-plazo-de-inscripcion-al-programa-txertatu-merkatuan\/","name":"Se abre el plazo de inscripci\u00f3n al Programa Txertatu Merkatuan - Iraurgi Berritzen","isPartOf":{"@id":"https:\/\/iraurgiberritzen.eus\/es\/#website"},"primaryImageOfPage":{"@id":"https:\/\/iraurgiberritzen.eus\/es\/se-abre-el-plazo-de-inscripcion-al-programa-txertatu-merkatuan\/#primaryimage"},"image":{"@id":"https:\/\/iraurgiberritzen.eus\/es\/se-abre-el-plazo-de-inscripcion-al-programa-txertatu-merkatuan\/#primaryimage"},"thumbnailUrl":"https:\/\/iraurgiberritzen.eus\/wp-content\/uploads\/2023\/09\/e5a83a7ecd853a3363498d71a1613623.jpg","datePublished":"2018-05-31T04:46:59+00:00","breadcrumb":{"@id":"https:\/\/iraurgiberritzen.eus\/es\/se-abre-el-plazo-de-inscripcion-al-programa-txertatu-merkatuan\/#breadcrumb"},"inLanguage":"es","potentialAction":[{"@type":"ReadAction","target":["https:\/\/iraurgiberritzen.eus\/es\/se-abre-el-plazo-de-inscripcion-al-programa-txertatu-merkatuan\/"]}]},{"@type":"ImageObject","inLanguage":"es","@id":"https:\/\/iraurgiberritzen.eus\/es\/se-abre-el-plazo-de-inscripcion-al-programa-txertatu-merkatuan\/#primaryimage","url":"https:\/\/iraurgiberritzen.eus\/wp-content\/uploads\/2023\/09\/e5a83a7ecd853a3363498d71a1613623.jpg","contentUrl":"https:\/\/iraurgiberritzen.eus\/wp-content\/uploads\/2023\/09\/e5a83a7ecd853a3363498d71a1613623.jpg","width":600,"height":386},{"@type":"BreadcrumbList","@id":"https:\/\/iraurgiberritzen.eus\/es\/se-abre-el-plazo-de-inscripcion-al-programa-txertatu-merkatuan\/#breadcrumb","itemListElement":[{"@type":"ListItem","position":1,"name":"Home","item":"https:\/\/iraurgiberritzen.eus\/es\/"},{"@type":"ListItem","position":2,"name":"Se abre el plazo de inscripci\u00f3n al Programa Txertatu Merkatuan"}]},{"@type":"WebSite","@id":"https:\/\/iraurgiberritzen.eus\/es\/#website","url":"https:\/\/iraurgiberritzen.eus\/es\/","name":"Iraurgi Berritzen","description":"Urola Erdiko Garapen Agentzia","publisher":{"@id":"https:\/\/iraurgiberritzen.eus\/es\/#organization"},"potentialAction":[{"@type":"SearchAction","target":{"@type":"EntryPoint","urlTemplate":"https:\/\/iraurgiberritzen.eus\/es\/?s={search_term_string}"},"query-input":{"@type":"PropertyValueSpecification","valueRequired":true,"valueName":"search_term_string"}}],"inLanguage":"es"},{"@type":"Organization","@id":"https:\/\/iraurgiberritzen.eus\/es\/#organization","name":"Iraurgi Berritzen","url":"https:\/\/iraurgiberritzen.eus\/es\/","logo":{"@type":"ImageObject","inLanguage":"es","@id":"https:\/\/iraurgiberritzen.eus\/es\/#\/schema\/logo\/image\/","url":"https:\/\/iraurgiberritzen.eus\/wp-content\/uploads\/2024\/02\/IRAURGI-BERRITZEN-logotipoa_2.png","contentUrl":"https:\/\/iraurgiberritzen.eus\/wp-content\/uploads\/2024\/02\/IRAURGI-BERRITZEN-logotipoa_2.png","width":496,"height":190,"caption":"Iraurgi Berritzen"},"image":{"@id":"https:\/\/iraurgiberritzen.eus\/es\/#\/schema\/logo\/image\/"}},{"@type":"Person","@id":"https:\/\/iraurgiberritzen.eus\/es\/#\/schema\/person\/5ab41aaf388a9097177601ebf45738d2","name":"kudeatzailea","sameAs":["https:\/\/iraurgiberritzen.eus"]}]}},"_links":{"self":[{"href":"https:\/\/iraurgiberritzen.eus\/es\/wp-json\/wp\/v2\/posts\/12381","targetHints":{"allow":["GET"]}}],"collection":[{"href":"https:\/\/iraurgiberritzen.eus\/es\/wp-json\/wp\/v2\/posts"}],"about":[{"href":"https:\/\/iraurgiberritzen.eus\/es\/wp-json\/wp\/v2\/types\/post"}],"author":[{"embeddable":true,"href":"https:\/\/iraurgiberritzen.eus\/es\/wp-json\/wp\/v2\/users\/1"}],"replies":[{"embeddable":true,"href":"https:\/\/iraurgiberritzen.eus\/es\/wp-json\/wp\/v2\/comments?post=12381"}],"version-history":[{"count":0,"href":"https:\/\/iraurgiberritzen.eus\/es\/wp-json\/wp\/v2\/posts\/12381\/revisions"}],"wp:featuredmedia":[{"embeddable":true,"href":"https:\/\/iraurgiberritzen.eus\/es\/wp-json\/wp\/v2\/media\/17892"}],"wp:attachment":[{"href":"https:\/\/iraurgiberritzen.eus\/es\/wp-json\/wp\/v2\/media?parent=12381"}],"wp:term":[{"taxonomy":"category","embeddable":true,"href":"https:\/\/iraurgiberritzen.eus\/es\/wp-json\/wp\/v2\/categories?post=12381"},{"taxonomy":"post_tag","embeddable":true,"href":"https:\/\/iraurgiberritzen.eus\/es\/wp-json\/wp\/v2\/tags?post=12381"}],"curies":[{"name":"wp","href":"https:\/\/api.w.org\/{rel}","templated":true}]}}