{"id":12384,"date":"2018-05-31T09:29:59","date_gmt":"2018-05-31T07:29:59","guid":{"rendered":"https:\/\/iraurgiberritzen.eus\/empresas-de-urola-erdia-han-visitado-bernardo-ecenarro\/"},"modified":"2018-05-31T09:29:59","modified_gmt":"2018-05-31T07:29:59","slug":"empresas-de-urola-erdia-han-visitado-bernardo-ecenarro","status":"publish","type":"post","link":"https:\/\/iraurgiberritzen.eus\/es\/empresas-de-urola-erdia-han-visitado-bernardo-ecenarro\/","title":{"rendered":"Empresas de Urola Erdia han visitado Bernardo Ecenarro"},"content":{"rendered":"<p>En el seno del Proyecto Ikasiz, 22 representantes de 8 empresas comarcales visitamos el pasado 29 de mayo la empresa Bernardo Ecenarrro.<\/p>\n<p style=\"text-align: justify;\">Esta reuni\u00f3n de trabajo se organiz\u00f3 en respuesta a la propuesta realizada por los miembros de Enpresa Gunea de Iraurgi Berritzen, con el fin de compartir y difundir experiencias de buenas pr\u00e1cticas de empresas comarcales.<\/p>\n<p style=\"text-align: justify;\">Guillermo Ecenarro, Director de la empresa BESA de Azkoitia, y Baltasar Caballero, Responsable de Innovaci\u00f3n, explicaron a los participantes c\u00f3mo han implementado las nuevas tecnolog\u00edas en diversos procesos productivos y de almacenamiento de la empresa.<\/p>\n<p style=\"text-align: justify;\">Actualmente, la experiencia empresarial de BESA es un modelo de referencia para empresas que tienen como objetivo la automatizaci\u00f3n de procesos a trav\u00e9s de nuevas tecnolog\u00edas 4.0 en la industria.<\/p>\n","protected":false},"excerpt":{"rendered":"<p>En el seno del Proyecto Ikasiz, 22 representantes de 8 empresas comarcales visitamos el pasado 29 de mayo la empresa Bernardo Ecenarrro. Esta reuni\u00f3n de trabajo se organiz\u00f3 en respuesta a la propuesta realizada por los miembros de Enpresa Gunea de Iraurgi Berritzen, con el fin de compartir y difundir experiencias de buenas pr\u00e1cticas de [&hellip;]<\/p>\n","protected":false},"author":1,"featured_media":17893,"comment_status":"","ping_status":"closed","sticky":false,"template":"","format":"standard","meta":{"_acf_changed":false,"footnotes":""},"categories":[4],"tags":[],"class_list":["post-12384","post","type-post","status-publish","format-standard","has-post-thumbnail","hentry","category-noticias"],"acf":[],"yoast_head":"<!-- This site is optimized with the Yoast SEO plugin v27.4 - https:\/\/yoast.com\/product\/yoast-seo-wordpress\/ -->\n<title>Empresas de Urola Erdia han visitado Bernardo Ecenarro - Iraurgi Berritzen<\/title>\n<meta name=\"robots\" content=\"index, follow, max-snippet:-1, max-image-preview:large, max-video-preview:-1\" \/>\n<link rel=\"canonical\" href=\"https:\/\/iraurgiberritzen.eus\/es\/empresas-de-urola-erdia-han-visitado-bernardo-ecenarro\/\" \/>\n<meta property=\"og:locale\" content=\"es_ES\" \/>\n<meta property=\"og:type\" content=\"article\" \/>\n<meta property=\"og:title\" content=\"Empresas de Urola Erdia han visitado Bernardo Ecenarro - Iraurgi Berritzen\" \/>\n<meta property=\"og:description\" content=\"En el seno del Proyecto Ikasiz, 22 representantes de 8 empresas comarcales visitamos el pasado 29 de mayo la empresa Bernardo Ecenarrro. Esta reuni\u00f3n de trabajo se organiz\u00f3 en respuesta a la propuesta realizada por los miembros de Enpresa Gunea de Iraurgi Berritzen, con el fin de compartir y difundir experiencias de buenas pr\u00e1cticas de [&hellip;]\" \/>\n<meta property=\"og:url\" content=\"https:\/\/iraurgiberritzen.eus\/es\/empresas-de-urola-erdia-han-visitado-bernardo-ecenarro\/\" \/>\n<meta property=\"og:site_name\" content=\"Iraurgi Berritzen\" \/>\n<meta property=\"article:published_time\" content=\"2018-05-31T07:29:59+00:00\" \/>\n<meta name=\"author\" content=\"kudeatzailea\" \/>\n<meta name=\"twitter:card\" content=\"summary_large_image\" \/>\n<meta name=\"twitter:label1\" content=\"Escrito por\" \/>\n\t<meta name=\"twitter:data1\" content=\"kudeatzailea\" \/>\n\t<meta name=\"twitter:label2\" content=\"Tiempo de lectura\" \/>\n\t<meta name=\"twitter:data2\" content=\"1 minuto\" \/>\n<script type=\"application\/ld+json\" class=\"yoast-schema-graph\">{\"@context\":\"https:\\\/\\\/schema.org\",\"@graph\":[{\"@type\":\"Article\",\"@id\":\"https:\\\/\\\/iraurgiberritzen.eus\\\/es\\\/empresas-de-urola-erdia-han-visitado-bernardo-ecenarro\\\/#article\",\"isPartOf\":{\"@id\":\"https:\\\/\\\/iraurgiberritzen.eus\\\/es\\\/empresas-de-urola-erdia-han-visitado-bernardo-ecenarro\\\/\"},\"author\":{\"name\":\"kudeatzailea\",\"@id\":\"https:\\\/\\\/iraurgiberritzen.eus\\\/es\\\/#\\\/schema\\\/person\\\/5ab41aaf388a9097177601ebf45738d2\"},\"headline\":\"Empresas de Urola Erdia han visitado Bernardo Ecenarro\",\"datePublished\":\"2018-05-31T07:29:59+00:00\",\"mainEntityOfPage\":{\"@id\":\"https:\\\/\\\/iraurgiberritzen.eus\\\/es\\\/empresas-de-urola-erdia-han-visitado-bernardo-ecenarro\\\/\"},\"wordCount\":134,\"publisher\":{\"@id\":\"https:\\\/\\\/iraurgiberritzen.eus\\\/es\\\/#organization\"},\"image\":{\"@id\":\"https:\\\/\\\/iraurgiberritzen.eus\\\/es\\\/empresas-de-urola-erdia-han-visitado-bernardo-ecenarro\\\/#primaryimage\"},\"thumbnailUrl\":\"https:\\\/\\\/iraurgiberritzen.eus\\\/wp-content\\\/uploads\\\/2023\\\/09\\\/f9adbb275ff31ab154bc7deaace15fcf.jpg\",\"articleSection\":[\"Noticias\"],\"inLanguage\":\"es\"},{\"@type\":\"WebPage\",\"@id\":\"https:\\\/\\\/iraurgiberritzen.eus\\\/es\\\/empresas-de-urola-erdia-han-visitado-bernardo-ecenarro\\\/\",\"url\":\"https:\\\/\\\/iraurgiberritzen.eus\\\/es\\\/empresas-de-urola-erdia-han-visitado-bernardo-ecenarro\\\/\",\"name\":\"Empresas de Urola Erdia han visitado Bernardo Ecenarro - Iraurgi Berritzen\",\"isPartOf\":{\"@id\":\"https:\\\/\\\/iraurgiberritzen.eus\\\/es\\\/#website\"},\"primaryImageOfPage\":{\"@id\":\"https:\\\/\\\/iraurgiberritzen.eus\\\/es\\\/empresas-de-urola-erdia-han-visitado-bernardo-ecenarro\\\/#primaryimage\"},\"image\":{\"@id\":\"https:\\\/\\\/iraurgiberritzen.eus\\\/es\\\/empresas-de-urola-erdia-han-visitado-bernardo-ecenarro\\\/#primaryimage\"},\"thumbnailUrl\":\"https:\\\/\\\/iraurgiberritzen.eus\\\/wp-content\\\/uploads\\\/2023\\\/09\\\/f9adbb275ff31ab154bc7deaace15fcf.jpg\",\"datePublished\":\"2018-05-31T07:29:59+00:00\",\"breadcrumb\":{\"@id\":\"https:\\\/\\\/iraurgiberritzen.eus\\\/es\\\/empresas-de-urola-erdia-han-visitado-bernardo-ecenarro\\\/#breadcrumb\"},\"inLanguage\":\"es\",\"potentialAction\":[{\"@type\":\"ReadAction\",\"target\":[\"https:\\\/\\\/iraurgiberritzen.eus\\\/es\\\/empresas-de-urola-erdia-han-visitado-bernardo-ecenarro\\\/\"]}]},{\"@type\":\"ImageObject\",\"inLanguage\":\"es\",\"@id\":\"https:\\\/\\\/iraurgiberritzen.eus\\\/es\\\/empresas-de-urola-erdia-han-visitado-bernardo-ecenarro\\\/#primaryimage\",\"url\":\"https:\\\/\\\/iraurgiberritzen.eus\\\/wp-content\\\/uploads\\\/2023\\\/09\\\/f9adbb275ff31ab154bc7deaace15fcf.jpg\",\"contentUrl\":\"https:\\\/\\\/iraurgiberritzen.eus\\\/wp-content\\\/uploads\\\/2023\\\/09\\\/f9adbb275ff31ab154bc7deaace15fcf.jpg\",\"width\":600,\"height\":386},{\"@type\":\"BreadcrumbList\",\"@id\":\"https:\\\/\\\/iraurgiberritzen.eus\\\/es\\\/empresas-de-urola-erdia-han-visitado-bernardo-ecenarro\\\/#breadcrumb\",\"itemListElement\":[{\"@type\":\"ListItem\",\"position\":1,\"name\":\"Home\",\"item\":\"https:\\\/\\\/iraurgiberritzen.eus\\\/es\\\/\"},{\"@type\":\"ListItem\",\"position\":2,\"name\":\"Empresas de Urola Erdia han visitado Bernardo Ecenarro\"}]},{\"@type\":\"WebSite\",\"@id\":\"https:\\\/\\\/iraurgiberritzen.eus\\\/es\\\/#website\",\"url\":\"https:\\\/\\\/iraurgiberritzen.eus\\\/es\\\/\",\"name\":\"Iraurgi Berritzen\",\"description\":\"Urola Erdiko Garapen Agentzia\",\"publisher\":{\"@id\":\"https:\\\/\\\/iraurgiberritzen.eus\\\/es\\\/#organization\"},\"potentialAction\":[{\"@type\":\"SearchAction\",\"target\":{\"@type\":\"EntryPoint\",\"urlTemplate\":\"https:\\\/\\\/iraurgiberritzen.eus\\\/es\\\/?s={search_term_string}\"},\"query-input\":{\"@type\":\"PropertyValueSpecification\",\"valueRequired\":true,\"valueName\":\"search_term_string\"}}],\"inLanguage\":\"es\"},{\"@type\":\"Organization\",\"@id\":\"https:\\\/\\\/iraurgiberritzen.eus\\\/es\\\/#organization\",\"name\":\"Iraurgi Berritzen\",\"url\":\"https:\\\/\\\/iraurgiberritzen.eus\\\/es\\\/\",\"logo\":{\"@type\":\"ImageObject\",\"inLanguage\":\"es\",\"@id\":\"https:\\\/\\\/iraurgiberritzen.eus\\\/es\\\/#\\\/schema\\\/logo\\\/image\\\/\",\"url\":\"https:\\\/\\\/iraurgiberritzen.eus\\\/wp-content\\\/uploads\\\/2024\\\/02\\\/IRAURGI-BERRITZEN-logotipoa_2.png\",\"contentUrl\":\"https:\\\/\\\/iraurgiberritzen.eus\\\/wp-content\\\/uploads\\\/2024\\\/02\\\/IRAURGI-BERRITZEN-logotipoa_2.png\",\"width\":496,\"height\":190,\"caption\":\"Iraurgi Berritzen\"},\"image\":{\"@id\":\"https:\\\/\\\/iraurgiberritzen.eus\\\/es\\\/#\\\/schema\\\/logo\\\/image\\\/\"}},{\"@type\":\"Person\",\"@id\":\"https:\\\/\\\/iraurgiberritzen.eus\\\/es\\\/#\\\/schema\\\/person\\\/5ab41aaf388a9097177601ebf45738d2\",\"name\":\"kudeatzailea\",\"sameAs\":[\"https:\\\/\\\/iraurgiberritzen.eus\"]}]}<\/script>\n<!-- \/ Yoast SEO plugin. -->","yoast_head_json":{"title":"Empresas de Urola Erdia han visitado Bernardo Ecenarro - Iraurgi Berritzen","robots":{"index":"index","follow":"follow","max-snippet":"max-snippet:-1","max-image-preview":"max-image-preview:large","max-video-preview":"max-video-preview:-1"},"canonical":"https:\/\/iraurgiberritzen.eus\/es\/empresas-de-urola-erdia-han-visitado-bernardo-ecenarro\/","og_locale":"es_ES","og_type":"article","og_title":"Empresas de Urola Erdia han visitado Bernardo Ecenarro - Iraurgi Berritzen","og_description":"En el seno del Proyecto Ikasiz, 22 representantes de 8 empresas comarcales visitamos el pasado 29 de mayo la empresa Bernardo Ecenarrro. Esta reuni\u00f3n de trabajo se organiz\u00f3 en respuesta a la propuesta realizada por los miembros de Enpresa Gunea de Iraurgi Berritzen, con el fin de compartir y difundir experiencias de buenas pr\u00e1cticas de [&hellip;]","og_url":"https:\/\/iraurgiberritzen.eus\/es\/empresas-de-urola-erdia-han-visitado-bernardo-ecenarro\/","og_site_name":"Iraurgi Berritzen","article_published_time":"2018-05-31T07:29:59+00:00","author":"kudeatzailea","twitter_card":"summary_large_image","twitter_misc":{"Escrito por":"kudeatzailea","Tiempo de lectura":"1 minuto"},"schema":{"@context":"https:\/\/schema.org","@graph":[{"@type":"Article","@id":"https:\/\/iraurgiberritzen.eus\/es\/empresas-de-urola-erdia-han-visitado-bernardo-ecenarro\/#article","isPartOf":{"@id":"https:\/\/iraurgiberritzen.eus\/es\/empresas-de-urola-erdia-han-visitado-bernardo-ecenarro\/"},"author":{"name":"kudeatzailea","@id":"https:\/\/iraurgiberritzen.eus\/es\/#\/schema\/person\/5ab41aaf388a9097177601ebf45738d2"},"headline":"Empresas de Urola Erdia han visitado Bernardo Ecenarro","datePublished":"2018-05-31T07:29:59+00:00","mainEntityOfPage":{"@id":"https:\/\/iraurgiberritzen.eus\/es\/empresas-de-urola-erdia-han-visitado-bernardo-ecenarro\/"},"wordCount":134,"publisher":{"@id":"https:\/\/iraurgiberritzen.eus\/es\/#organization"},"image":{"@id":"https:\/\/iraurgiberritzen.eus\/es\/empresas-de-urola-erdia-han-visitado-bernardo-ecenarro\/#primaryimage"},"thumbnailUrl":"https:\/\/iraurgiberritzen.eus\/wp-content\/uploads\/2023\/09\/f9adbb275ff31ab154bc7deaace15fcf.jpg","articleSection":["Noticias"],"inLanguage":"es"},{"@type":"WebPage","@id":"https:\/\/iraurgiberritzen.eus\/es\/empresas-de-urola-erdia-han-visitado-bernardo-ecenarro\/","url":"https:\/\/iraurgiberritzen.eus\/es\/empresas-de-urola-erdia-han-visitado-bernardo-ecenarro\/","name":"Empresas de Urola Erdia han visitado Bernardo Ecenarro - Iraurgi Berritzen","isPartOf":{"@id":"https:\/\/iraurgiberritzen.eus\/es\/#website"},"primaryImageOfPage":{"@id":"https:\/\/iraurgiberritzen.eus\/es\/empresas-de-urola-erdia-han-visitado-bernardo-ecenarro\/#primaryimage"},"image":{"@id":"https:\/\/iraurgiberritzen.eus\/es\/empresas-de-urola-erdia-han-visitado-bernardo-ecenarro\/#primaryimage"},"thumbnailUrl":"https:\/\/iraurgiberritzen.eus\/wp-content\/uploads\/2023\/09\/f9adbb275ff31ab154bc7deaace15fcf.jpg","datePublished":"2018-05-31T07:29:59+00:00","breadcrumb":{"@id":"https:\/\/iraurgiberritzen.eus\/es\/empresas-de-urola-erdia-han-visitado-bernardo-ecenarro\/#breadcrumb"},"inLanguage":"es","potentialAction":[{"@type":"ReadAction","target":["https:\/\/iraurgiberritzen.eus\/es\/empresas-de-urola-erdia-han-visitado-bernardo-ecenarro\/"]}]},{"@type":"ImageObject","inLanguage":"es","@id":"https:\/\/iraurgiberritzen.eus\/es\/empresas-de-urola-erdia-han-visitado-bernardo-ecenarro\/#primaryimage","url":"https:\/\/iraurgiberritzen.eus\/wp-content\/uploads\/2023\/09\/f9adbb275ff31ab154bc7deaace15fcf.jpg","contentUrl":"https:\/\/iraurgiberritzen.eus\/wp-content\/uploads\/2023\/09\/f9adbb275ff31ab154bc7deaace15fcf.jpg","width":600,"height":386},{"@type":"BreadcrumbList","@id":"https:\/\/iraurgiberritzen.eus\/es\/empresas-de-urola-erdia-han-visitado-bernardo-ecenarro\/#breadcrumb","itemListElement":[{"@type":"ListItem","position":1,"name":"Home","item":"https:\/\/iraurgiberritzen.eus\/es\/"},{"@type":"ListItem","position":2,"name":"Empresas de Urola Erdia han visitado Bernardo Ecenarro"}]},{"@type":"WebSite","@id":"https:\/\/iraurgiberritzen.eus\/es\/#website","url":"https:\/\/iraurgiberritzen.eus\/es\/","name":"Iraurgi Berritzen","description":"Urola Erdiko Garapen Agentzia","publisher":{"@id":"https:\/\/iraurgiberritzen.eus\/es\/#organization"},"potentialAction":[{"@type":"SearchAction","target":{"@type":"EntryPoint","urlTemplate":"https:\/\/iraurgiberritzen.eus\/es\/?s={search_term_string}"},"query-input":{"@type":"PropertyValueSpecification","valueRequired":true,"valueName":"search_term_string"}}],"inLanguage":"es"},{"@type":"Organization","@id":"https:\/\/iraurgiberritzen.eus\/es\/#organization","name":"Iraurgi Berritzen","url":"https:\/\/iraurgiberritzen.eus\/es\/","logo":{"@type":"ImageObject","inLanguage":"es","@id":"https:\/\/iraurgiberritzen.eus\/es\/#\/schema\/logo\/image\/","url":"https:\/\/iraurgiberritzen.eus\/wp-content\/uploads\/2024\/02\/IRAURGI-BERRITZEN-logotipoa_2.png","contentUrl":"https:\/\/iraurgiberritzen.eus\/wp-content\/uploads\/2024\/02\/IRAURGI-BERRITZEN-logotipoa_2.png","width":496,"height":190,"caption":"Iraurgi Berritzen"},"image":{"@id":"https:\/\/iraurgiberritzen.eus\/es\/#\/schema\/logo\/image\/"}},{"@type":"Person","@id":"https:\/\/iraurgiberritzen.eus\/es\/#\/schema\/person\/5ab41aaf388a9097177601ebf45738d2","name":"kudeatzailea","sameAs":["https:\/\/iraurgiberritzen.eus"]}]}},"_links":{"self":[{"href":"https:\/\/iraurgiberritzen.eus\/es\/wp-json\/wp\/v2\/posts\/12384","targetHints":{"allow":["GET"]}}],"collection":[{"href":"https:\/\/iraurgiberritzen.eus\/es\/wp-json\/wp\/v2\/posts"}],"about":[{"href":"https:\/\/iraurgiberritzen.eus\/es\/wp-json\/wp\/v2\/types\/post"}],"author":[{"embeddable":true,"href":"https:\/\/iraurgiberritzen.eus\/es\/wp-json\/wp\/v2\/users\/1"}],"replies":[{"embeddable":true,"href":"https:\/\/iraurgiberritzen.eus\/es\/wp-json\/wp\/v2\/comments?post=12384"}],"version-history":[{"count":0,"href":"https:\/\/iraurgiberritzen.eus\/es\/wp-json\/wp\/v2\/posts\/12384\/revisions"}],"wp:featuredmedia":[{"embeddable":true,"href":"https:\/\/iraurgiberritzen.eus\/es\/wp-json\/wp\/v2\/media\/17893"}],"wp:attachment":[{"href":"https:\/\/iraurgiberritzen.eus\/es\/wp-json\/wp\/v2\/media?parent=12384"}],"wp:term":[{"taxonomy":"category","embeddable":true,"href":"https:\/\/iraurgiberritzen.eus\/es\/wp-json\/wp\/v2\/categories?post=12384"},{"taxonomy":"post_tag","embeddable":true,"href":"https:\/\/iraurgiberritzen.eus\/es\/wp-json\/wp\/v2\/tags?post=12384"}],"curies":[{"name":"wp","href":"https:\/\/api.w.org\/{rel}","templated":true}]}}