{"id":12390,"date":"2018-06-06T07:45:05","date_gmt":"2018-06-06T05:45:05","guid":{"rendered":"https:\/\/iraurgiberritzen.eus\/responsables-del-area-economica-de-la-dfg-trabajando-con-las-empresas-de-urola-erdia\/"},"modified":"2018-06-06T07:45:05","modified_gmt":"2018-06-06T05:45:05","slug":"responsables-del-area-economica-de-la-dfg-trabajando-con-las-empresas-de-urola-erdia","status":"publish","type":"post","link":"https:\/\/iraurgiberritzen.eus\/es\/responsables-del-area-economica-de-la-dfg-trabajando-con-las-empresas-de-urola-erdia\/","title":{"rendered":"Responsables del \u00e1rea Econ\u00f3mica de la DFG trabajando con las empresas de Urola Erdia"},"content":{"rendered":"<p style=\"text-align: justify;\">El 29 de Mayo, en colaboraci\u00f3n con la DFG y en el marco de la iniciativa Etorkizuna Eraikiz, nos reunimos con Ainhoa Aizpuru, diputada de Promoci\u00f3n Econ\u00f3mica, Garikoitz Agote, director de Promoci\u00f3n Econ\u00f3mica, Antton Tomasena, director de Innovaci\u00f3n, y gerentes de 15 empresas de Urola Erdia.<\/p>\n<p style=\"text-align: justify;\">Los representantes de las 15 empresas de la comarca, tuvieron la oportunidad de mantener un encuentro directo con los responsables del \u00e1rea econ\u00f3mica de la Diputaci\u00f3n. Mediante el Plan de Reactivaci\u00f3n Econ\u00f3mica para apoyar la competitividad de las empresas, pudieron conocer de primera mano los detalles de las convocatorias, programas de ayuda y mantener un encuentro directo con los responsables del \u00e1rea econ\u00f3mica de la Diputaci\u00f3n con la finalidad de plantear sus preocupaciones, problem\u00e1ticas e impresiones.<\/p>\n<p style=\"text-align: justify;\">En esta sesi\u00f3n de trabajo la DFG recogi\u00f3 las aportaciones, ideas y opiniones de las empresas, para en colaboraci\u00f3n ir hacia adelante. Animando a todas las empresas a<br \/>presentar sus proyectos en los diferentes programas de ayuda.<\/p>\n<p style=\"text-align: justify;\">La valoraci\u00f3n ha sido muy positiva por parte de todos los participantes.<\/p>\n","protected":false},"excerpt":{"rendered":"<p>El 29 de Mayo, en colaboraci\u00f3n con la DFG y en el marco de la iniciativa Etorkizuna Eraikiz, nos reunimos con Ainhoa Aizpuru, diputada de Promoci\u00f3n Econ\u00f3mica, Garikoitz Agote, director de Promoci\u00f3n Econ\u00f3mica, Antton Tomasena, director de Innovaci\u00f3n, y gerentes de 15 empresas de Urola Erdia. Los representantes de las 15 empresas de la comarca, [&hellip;]<\/p>\n","protected":false},"author":1,"featured_media":17876,"comment_status":"","ping_status":"closed","sticky":false,"template":"","format":"standard","meta":{"_acf_changed":false,"footnotes":""},"categories":[4],"tags":[],"class_list":["post-12390","post","type-post","status-publish","format-standard","has-post-thumbnail","hentry","category-noticias"],"acf":[],"yoast_head":"<!-- This site is optimized with the Yoast SEO plugin v27.4 - https:\/\/yoast.com\/product\/yoast-seo-wordpress\/ -->\n<title>Responsables del \u00e1rea Econ\u00f3mica de la DFG trabajando con las empresas de Urola Erdia - Iraurgi Berritzen<\/title>\n<meta name=\"robots\" content=\"index, follow, max-snippet:-1, max-image-preview:large, max-video-preview:-1\" \/>\n<link rel=\"canonical\" href=\"https:\/\/iraurgiberritzen.eus\/es\/responsables-del-area-economica-de-la-dfg-trabajando-con-las-empresas-de-urola-erdia\/\" \/>\n<meta property=\"og:locale\" content=\"es_ES\" \/>\n<meta property=\"og:type\" content=\"article\" \/>\n<meta property=\"og:title\" content=\"Responsables del \u00e1rea Econ\u00f3mica de la DFG trabajando con las empresas de Urola Erdia - Iraurgi Berritzen\" \/>\n<meta property=\"og:description\" content=\"El 29 de Mayo, en colaboraci\u00f3n con la DFG y en el marco de la iniciativa Etorkizuna Eraikiz, nos reunimos con Ainhoa Aizpuru, diputada de Promoci\u00f3n Econ\u00f3mica, Garikoitz Agote, director de Promoci\u00f3n Econ\u00f3mica, Antton Tomasena, director de Innovaci\u00f3n, y gerentes de 15 empresas de Urola Erdia. Los representantes de las 15 empresas de la comarca, [&hellip;]\" \/>\n<meta property=\"og:url\" content=\"https:\/\/iraurgiberritzen.eus\/es\/responsables-del-area-economica-de-la-dfg-trabajando-con-las-empresas-de-urola-erdia\/\" \/>\n<meta property=\"og:site_name\" content=\"Iraurgi Berritzen\" \/>\n<meta property=\"article:published_time\" content=\"2018-06-06T05:45:05+00:00\" \/>\n<meta name=\"author\" content=\"kudeatzailea\" \/>\n<meta name=\"twitter:card\" content=\"summary_large_image\" \/>\n<meta name=\"twitter:label1\" content=\"Escrito por\" \/>\n\t<meta name=\"twitter:data1\" content=\"kudeatzailea\" \/>\n\t<meta name=\"twitter:label2\" content=\"Tiempo de lectura\" \/>\n\t<meta name=\"twitter:data2\" content=\"1 minuto\" \/>\n<script type=\"application\/ld+json\" class=\"yoast-schema-graph\">{\"@context\":\"https:\\\/\\\/schema.org\",\"@graph\":[{\"@type\":\"Article\",\"@id\":\"https:\\\/\\\/iraurgiberritzen.eus\\\/es\\\/responsables-del-area-economica-de-la-dfg-trabajando-con-las-empresas-de-urola-erdia\\\/#article\",\"isPartOf\":{\"@id\":\"https:\\\/\\\/iraurgiberritzen.eus\\\/es\\\/responsables-del-area-economica-de-la-dfg-trabajando-con-las-empresas-de-urola-erdia\\\/\"},\"author\":{\"name\":\"kudeatzailea\",\"@id\":\"https:\\\/\\\/iraurgiberritzen.eus\\\/es\\\/#\\\/schema\\\/person\\\/5ab41aaf388a9097177601ebf45738d2\"},\"headline\":\"Responsables del \u00e1rea Econ\u00f3mica de la DFG trabajando con las empresas de Urola Erdia\",\"datePublished\":\"2018-06-06T05:45:05+00:00\",\"mainEntityOfPage\":{\"@id\":\"https:\\\/\\\/iraurgiberritzen.eus\\\/es\\\/responsables-del-area-economica-de-la-dfg-trabajando-con-las-empresas-de-urola-erdia\\\/\"},\"wordCount\":198,\"publisher\":{\"@id\":\"https:\\\/\\\/iraurgiberritzen.eus\\\/es\\\/#organization\"},\"image\":{\"@id\":\"https:\\\/\\\/iraurgiberritzen.eus\\\/es\\\/responsables-del-area-economica-de-la-dfg-trabajando-con-las-empresas-de-urola-erdia\\\/#primaryimage\"},\"thumbnailUrl\":\"https:\\\/\\\/iraurgiberritzen.eus\\\/wp-content\\\/uploads\\\/2023\\\/09\\\/d1ed2bf3d11f7e7a6f189af32a153713.jpg\",\"articleSection\":[\"Noticias\"],\"inLanguage\":\"es\"},{\"@type\":\"WebPage\",\"@id\":\"https:\\\/\\\/iraurgiberritzen.eus\\\/es\\\/responsables-del-area-economica-de-la-dfg-trabajando-con-las-empresas-de-urola-erdia\\\/\",\"url\":\"https:\\\/\\\/iraurgiberritzen.eus\\\/es\\\/responsables-del-area-economica-de-la-dfg-trabajando-con-las-empresas-de-urola-erdia\\\/\",\"name\":\"Responsables del \u00e1rea Econ\u00f3mica de la DFG trabajando con las empresas de Urola Erdia - Iraurgi Berritzen\",\"isPartOf\":{\"@id\":\"https:\\\/\\\/iraurgiberritzen.eus\\\/es\\\/#website\"},\"primaryImageOfPage\":{\"@id\":\"https:\\\/\\\/iraurgiberritzen.eus\\\/es\\\/responsables-del-area-economica-de-la-dfg-trabajando-con-las-empresas-de-urola-erdia\\\/#primaryimage\"},\"image\":{\"@id\":\"https:\\\/\\\/iraurgiberritzen.eus\\\/es\\\/responsables-del-area-economica-de-la-dfg-trabajando-con-las-empresas-de-urola-erdia\\\/#primaryimage\"},\"thumbnailUrl\":\"https:\\\/\\\/iraurgiberritzen.eus\\\/wp-content\\\/uploads\\\/2023\\\/09\\\/d1ed2bf3d11f7e7a6f189af32a153713.jpg\",\"datePublished\":\"2018-06-06T05:45:05+00:00\",\"breadcrumb\":{\"@id\":\"https:\\\/\\\/iraurgiberritzen.eus\\\/es\\\/responsables-del-area-economica-de-la-dfg-trabajando-con-las-empresas-de-urola-erdia\\\/#breadcrumb\"},\"inLanguage\":\"es\",\"potentialAction\":[{\"@type\":\"ReadAction\",\"target\":[\"https:\\\/\\\/iraurgiberritzen.eus\\\/es\\\/responsables-del-area-economica-de-la-dfg-trabajando-con-las-empresas-de-urola-erdia\\\/\"]}]},{\"@type\":\"ImageObject\",\"inLanguage\":\"es\",\"@id\":\"https:\\\/\\\/iraurgiberritzen.eus\\\/es\\\/responsables-del-area-economica-de-la-dfg-trabajando-con-las-empresas-de-urola-erdia\\\/#primaryimage\",\"url\":\"https:\\\/\\\/iraurgiberritzen.eus\\\/wp-content\\\/uploads\\\/2023\\\/09\\\/d1ed2bf3d11f7e7a6f189af32a153713.jpg\",\"contentUrl\":\"https:\\\/\\\/iraurgiberritzen.eus\\\/wp-content\\\/uploads\\\/2023\\\/09\\\/d1ed2bf3d11f7e7a6f189af32a153713.jpg\",\"width\":600,\"height\":386},{\"@type\":\"BreadcrumbList\",\"@id\":\"https:\\\/\\\/iraurgiberritzen.eus\\\/es\\\/responsables-del-area-economica-de-la-dfg-trabajando-con-las-empresas-de-urola-erdia\\\/#breadcrumb\",\"itemListElement\":[{\"@type\":\"ListItem\",\"position\":1,\"name\":\"Home\",\"item\":\"https:\\\/\\\/iraurgiberritzen.eus\\\/es\\\/\"},{\"@type\":\"ListItem\",\"position\":2,\"name\":\"Responsables del \u00e1rea Econ\u00f3mica de la DFG trabajando con las empresas de Urola Erdia\"}]},{\"@type\":\"WebSite\",\"@id\":\"https:\\\/\\\/iraurgiberritzen.eus\\\/es\\\/#website\",\"url\":\"https:\\\/\\\/iraurgiberritzen.eus\\\/es\\\/\",\"name\":\"Iraurgi Berritzen\",\"description\":\"Urola Erdiko Garapen Agentzia\",\"publisher\":{\"@id\":\"https:\\\/\\\/iraurgiberritzen.eus\\\/es\\\/#organization\"},\"potentialAction\":[{\"@type\":\"SearchAction\",\"target\":{\"@type\":\"EntryPoint\",\"urlTemplate\":\"https:\\\/\\\/iraurgiberritzen.eus\\\/es\\\/?s={search_term_string}\"},\"query-input\":{\"@type\":\"PropertyValueSpecification\",\"valueRequired\":true,\"valueName\":\"search_term_string\"}}],\"inLanguage\":\"es\"},{\"@type\":\"Organization\",\"@id\":\"https:\\\/\\\/iraurgiberritzen.eus\\\/es\\\/#organization\",\"name\":\"Iraurgi Berritzen\",\"url\":\"https:\\\/\\\/iraurgiberritzen.eus\\\/es\\\/\",\"logo\":{\"@type\":\"ImageObject\",\"inLanguage\":\"es\",\"@id\":\"https:\\\/\\\/iraurgiberritzen.eus\\\/es\\\/#\\\/schema\\\/logo\\\/image\\\/\",\"url\":\"https:\\\/\\\/iraurgiberritzen.eus\\\/wp-content\\\/uploads\\\/2024\\\/02\\\/IRAURGI-BERRITZEN-logotipoa_2.png\",\"contentUrl\":\"https:\\\/\\\/iraurgiberritzen.eus\\\/wp-content\\\/uploads\\\/2024\\\/02\\\/IRAURGI-BERRITZEN-logotipoa_2.png\",\"width\":496,\"height\":190,\"caption\":\"Iraurgi Berritzen\"},\"image\":{\"@id\":\"https:\\\/\\\/iraurgiberritzen.eus\\\/es\\\/#\\\/schema\\\/logo\\\/image\\\/\"}},{\"@type\":\"Person\",\"@id\":\"https:\\\/\\\/iraurgiberritzen.eus\\\/es\\\/#\\\/schema\\\/person\\\/5ab41aaf388a9097177601ebf45738d2\",\"name\":\"kudeatzailea\",\"sameAs\":[\"https:\\\/\\\/iraurgiberritzen.eus\"]}]}<\/script>\n<!-- \/ Yoast SEO plugin. -->","yoast_head_json":{"title":"Responsables del \u00e1rea Econ\u00f3mica de la DFG trabajando con las empresas de Urola Erdia - Iraurgi Berritzen","robots":{"index":"index","follow":"follow","max-snippet":"max-snippet:-1","max-image-preview":"max-image-preview:large","max-video-preview":"max-video-preview:-1"},"canonical":"https:\/\/iraurgiberritzen.eus\/es\/responsables-del-area-economica-de-la-dfg-trabajando-con-las-empresas-de-urola-erdia\/","og_locale":"es_ES","og_type":"article","og_title":"Responsables del \u00e1rea Econ\u00f3mica de la DFG trabajando con las empresas de Urola Erdia - Iraurgi Berritzen","og_description":"El 29 de Mayo, en colaboraci\u00f3n con la DFG y en el marco de la iniciativa Etorkizuna Eraikiz, nos reunimos con Ainhoa Aizpuru, diputada de Promoci\u00f3n Econ\u00f3mica, Garikoitz Agote, director de Promoci\u00f3n Econ\u00f3mica, Antton Tomasena, director de Innovaci\u00f3n, y gerentes de 15 empresas de Urola Erdia. Los representantes de las 15 empresas de la comarca, [&hellip;]","og_url":"https:\/\/iraurgiberritzen.eus\/es\/responsables-del-area-economica-de-la-dfg-trabajando-con-las-empresas-de-urola-erdia\/","og_site_name":"Iraurgi Berritzen","article_published_time":"2018-06-06T05:45:05+00:00","author":"kudeatzailea","twitter_card":"summary_large_image","twitter_misc":{"Escrito por":"kudeatzailea","Tiempo de lectura":"1 minuto"},"schema":{"@context":"https:\/\/schema.org","@graph":[{"@type":"Article","@id":"https:\/\/iraurgiberritzen.eus\/es\/responsables-del-area-economica-de-la-dfg-trabajando-con-las-empresas-de-urola-erdia\/#article","isPartOf":{"@id":"https:\/\/iraurgiberritzen.eus\/es\/responsables-del-area-economica-de-la-dfg-trabajando-con-las-empresas-de-urola-erdia\/"},"author":{"name":"kudeatzailea","@id":"https:\/\/iraurgiberritzen.eus\/es\/#\/schema\/person\/5ab41aaf388a9097177601ebf45738d2"},"headline":"Responsables del \u00e1rea Econ\u00f3mica de la DFG trabajando con las empresas de Urola Erdia","datePublished":"2018-06-06T05:45:05+00:00","mainEntityOfPage":{"@id":"https:\/\/iraurgiberritzen.eus\/es\/responsables-del-area-economica-de-la-dfg-trabajando-con-las-empresas-de-urola-erdia\/"},"wordCount":198,"publisher":{"@id":"https:\/\/iraurgiberritzen.eus\/es\/#organization"},"image":{"@id":"https:\/\/iraurgiberritzen.eus\/es\/responsables-del-area-economica-de-la-dfg-trabajando-con-las-empresas-de-urola-erdia\/#primaryimage"},"thumbnailUrl":"https:\/\/iraurgiberritzen.eus\/wp-content\/uploads\/2023\/09\/d1ed2bf3d11f7e7a6f189af32a153713.jpg","articleSection":["Noticias"],"inLanguage":"es"},{"@type":"WebPage","@id":"https:\/\/iraurgiberritzen.eus\/es\/responsables-del-area-economica-de-la-dfg-trabajando-con-las-empresas-de-urola-erdia\/","url":"https:\/\/iraurgiberritzen.eus\/es\/responsables-del-area-economica-de-la-dfg-trabajando-con-las-empresas-de-urola-erdia\/","name":"Responsables del \u00e1rea Econ\u00f3mica de la DFG trabajando con las empresas de Urola Erdia - Iraurgi Berritzen","isPartOf":{"@id":"https:\/\/iraurgiberritzen.eus\/es\/#website"},"primaryImageOfPage":{"@id":"https:\/\/iraurgiberritzen.eus\/es\/responsables-del-area-economica-de-la-dfg-trabajando-con-las-empresas-de-urola-erdia\/#primaryimage"},"image":{"@id":"https:\/\/iraurgiberritzen.eus\/es\/responsables-del-area-economica-de-la-dfg-trabajando-con-las-empresas-de-urola-erdia\/#primaryimage"},"thumbnailUrl":"https:\/\/iraurgiberritzen.eus\/wp-content\/uploads\/2023\/09\/d1ed2bf3d11f7e7a6f189af32a153713.jpg","datePublished":"2018-06-06T05:45:05+00:00","breadcrumb":{"@id":"https:\/\/iraurgiberritzen.eus\/es\/responsables-del-area-economica-de-la-dfg-trabajando-con-las-empresas-de-urola-erdia\/#breadcrumb"},"inLanguage":"es","potentialAction":[{"@type":"ReadAction","target":["https:\/\/iraurgiberritzen.eus\/es\/responsables-del-area-economica-de-la-dfg-trabajando-con-las-empresas-de-urola-erdia\/"]}]},{"@type":"ImageObject","inLanguage":"es","@id":"https:\/\/iraurgiberritzen.eus\/es\/responsables-del-area-economica-de-la-dfg-trabajando-con-las-empresas-de-urola-erdia\/#primaryimage","url":"https:\/\/iraurgiberritzen.eus\/wp-content\/uploads\/2023\/09\/d1ed2bf3d11f7e7a6f189af32a153713.jpg","contentUrl":"https:\/\/iraurgiberritzen.eus\/wp-content\/uploads\/2023\/09\/d1ed2bf3d11f7e7a6f189af32a153713.jpg","width":600,"height":386},{"@type":"BreadcrumbList","@id":"https:\/\/iraurgiberritzen.eus\/es\/responsables-del-area-economica-de-la-dfg-trabajando-con-las-empresas-de-urola-erdia\/#breadcrumb","itemListElement":[{"@type":"ListItem","position":1,"name":"Home","item":"https:\/\/iraurgiberritzen.eus\/es\/"},{"@type":"ListItem","position":2,"name":"Responsables del \u00e1rea Econ\u00f3mica de la DFG trabajando con las empresas de Urola Erdia"}]},{"@type":"WebSite","@id":"https:\/\/iraurgiberritzen.eus\/es\/#website","url":"https:\/\/iraurgiberritzen.eus\/es\/","name":"Iraurgi Berritzen","description":"Urola Erdiko Garapen Agentzia","publisher":{"@id":"https:\/\/iraurgiberritzen.eus\/es\/#organization"},"potentialAction":[{"@type":"SearchAction","target":{"@type":"EntryPoint","urlTemplate":"https:\/\/iraurgiberritzen.eus\/es\/?s={search_term_string}"},"query-input":{"@type":"PropertyValueSpecification","valueRequired":true,"valueName":"search_term_string"}}],"inLanguage":"es"},{"@type":"Organization","@id":"https:\/\/iraurgiberritzen.eus\/es\/#organization","name":"Iraurgi Berritzen","url":"https:\/\/iraurgiberritzen.eus\/es\/","logo":{"@type":"ImageObject","inLanguage":"es","@id":"https:\/\/iraurgiberritzen.eus\/es\/#\/schema\/logo\/image\/","url":"https:\/\/iraurgiberritzen.eus\/wp-content\/uploads\/2024\/02\/IRAURGI-BERRITZEN-logotipoa_2.png","contentUrl":"https:\/\/iraurgiberritzen.eus\/wp-content\/uploads\/2024\/02\/IRAURGI-BERRITZEN-logotipoa_2.png","width":496,"height":190,"caption":"Iraurgi Berritzen"},"image":{"@id":"https:\/\/iraurgiberritzen.eus\/es\/#\/schema\/logo\/image\/"}},{"@type":"Person","@id":"https:\/\/iraurgiberritzen.eus\/es\/#\/schema\/person\/5ab41aaf388a9097177601ebf45738d2","name":"kudeatzailea","sameAs":["https:\/\/iraurgiberritzen.eus"]}]}},"_links":{"self":[{"href":"https:\/\/iraurgiberritzen.eus\/es\/wp-json\/wp\/v2\/posts\/12390","targetHints":{"allow":["GET"]}}],"collection":[{"href":"https:\/\/iraurgiberritzen.eus\/es\/wp-json\/wp\/v2\/posts"}],"about":[{"href":"https:\/\/iraurgiberritzen.eus\/es\/wp-json\/wp\/v2\/types\/post"}],"author":[{"embeddable":true,"href":"https:\/\/iraurgiberritzen.eus\/es\/wp-json\/wp\/v2\/users\/1"}],"replies":[{"embeddable":true,"href":"https:\/\/iraurgiberritzen.eus\/es\/wp-json\/wp\/v2\/comments?post=12390"}],"version-history":[{"count":0,"href":"https:\/\/iraurgiberritzen.eus\/es\/wp-json\/wp\/v2\/posts\/12390\/revisions"}],"wp:featuredmedia":[{"embeddable":true,"href":"https:\/\/iraurgiberritzen.eus\/es\/wp-json\/wp\/v2\/media\/17876"}],"wp:attachment":[{"href":"https:\/\/iraurgiberritzen.eus\/es\/wp-json\/wp\/v2\/media?parent=12390"}],"wp:term":[{"taxonomy":"category","embeddable":true,"href":"https:\/\/iraurgiberritzen.eus\/es\/wp-json\/wp\/v2\/categories?post=12390"},{"taxonomy":"post_tag","embeddable":true,"href":"https:\/\/iraurgiberritzen.eus\/es\/wp-json\/wp\/v2\/tags?post=12390"}],"curies":[{"name":"wp","href":"https:\/\/api.w.org\/{rel}","templated":true}]}}