{"id":12393,"date":"2018-06-06T07:53:18","date_gmt":"2018-06-06T05:53:18","guid":{"rendered":"https:\/\/iraurgiberritzen.eus\/impulso-de-la-colaboracion-entre-los-mecanizadores-y-caldereros-de-la-comarca\/"},"modified":"2018-06-06T07:53:18","modified_gmt":"2018-06-06T05:53:18","slug":"impulso-de-la-colaboracion-entre-los-mecanizadores-y-caldereros-de-la-comarca","status":"publish","type":"post","link":"https:\/\/iraurgiberritzen.eus\/es\/impulso-de-la-colaboracion-entre-los-mecanizadores-y-caldereros-de-la-comarca\/","title":{"rendered":"Impulso de la colaboraci\u00f3n entre los mecanizadores y caldereros de la comarca"},"content":{"rendered":"<p>El pasado viernes, 1 de junio, Iraurgi Berritzen organiz\u00f3 una jornada dirigida a las empresas de mecanizado y calderer\u00eda de Urola Erdia.<\/p>\n<p style=\"text-align: justify;\">Ante la importancia del sector de la m\u00e1quina herramienta en Urola Erdia, y concretamente en las actividades de mecanizado y calderer\u00eda, Iraurgi Berritzen ha impulsado una jornada para conocer de cerca sus necesidades e intereses. Para ello, adem\u00e1s de recalcar el peso que suponen en la econom\u00eda de la comarca, Iraurgi Berritzen les inform\u00f3 acerca de las tendencias futuras. A trav\u00e9s de esta jornada se ha impulsado la identificaci\u00f3n de las l\u00edneas espec\u00edficas de trabajo que se llevar\u00e1n a cabo pr\u00f3ximamente. Esta acci\u00f3n se ha desarrollado dentro del proyecto Hornitu III, financiado por la DFG.<\/p>\n<p style=\"text-align: justify;\">En esta jornada participaron varias empresas de la comarca: Munibe Group, Talleres Patri S.L., Onelan S.L., Doitze Mekanizatuak C.B., Didaka Mandrinados S.L., Larra Mekanizatuak S.L., Segurola Mekanizatuak S.L., Mecanizados Indaz S.L., Mecanizados Tar S.L., Calderer\u00eda Gurelan S.A., Landeta Burdin Lanak S.A.L., Calderer\u00eda Pako S.L., Calderer\u00eda Aizgo S.L. y Lekolan Zumaia S.L.<\/p>\n","protected":false},"excerpt":{"rendered":"<p>El pasado viernes, 1 de junio, Iraurgi Berritzen organiz\u00f3 una jornada dirigida a las empresas de mecanizado y calderer\u00eda de Urola Erdia. Ante la importancia del sector de la m\u00e1quina herramienta en Urola Erdia, y concretamente en las actividades de mecanizado y calderer\u00eda, Iraurgi Berritzen ha impulsado una jornada para conocer de cerca sus necesidades [&hellip;]<\/p>\n","protected":false},"author":1,"featured_media":17877,"comment_status":"","ping_status":"closed","sticky":false,"template":"","format":"standard","meta":{"_acf_changed":false,"footnotes":""},"categories":[4],"tags":[],"class_list":["post-12393","post","type-post","status-publish","format-standard","has-post-thumbnail","hentry","category-noticias"],"acf":[],"yoast_head":"<!-- This site is optimized with the Yoast SEO plugin v27.4 - https:\/\/yoast.com\/product\/yoast-seo-wordpress\/ -->\n<title>Impulso de la colaboraci\u00f3n entre los mecanizadores y caldereros de la comarca - Iraurgi Berritzen<\/title>\n<meta name=\"robots\" content=\"index, follow, max-snippet:-1, max-image-preview:large, max-video-preview:-1\" \/>\n<link rel=\"canonical\" href=\"https:\/\/iraurgiberritzen.eus\/es\/impulso-de-la-colaboracion-entre-los-mecanizadores-y-caldereros-de-la-comarca\/\" \/>\n<meta property=\"og:locale\" content=\"es_ES\" \/>\n<meta property=\"og:type\" content=\"article\" \/>\n<meta property=\"og:title\" content=\"Impulso de la colaboraci\u00f3n entre los mecanizadores y caldereros de la comarca - Iraurgi Berritzen\" \/>\n<meta property=\"og:description\" content=\"El pasado viernes, 1 de junio, Iraurgi Berritzen organiz\u00f3 una jornada dirigida a las empresas de mecanizado y calderer\u00eda de Urola Erdia. Ante la importancia del sector de la m\u00e1quina herramienta en Urola Erdia, y concretamente en las actividades de mecanizado y calderer\u00eda, Iraurgi Berritzen ha impulsado una jornada para conocer de cerca sus necesidades [&hellip;]\" \/>\n<meta property=\"og:url\" content=\"https:\/\/iraurgiberritzen.eus\/es\/impulso-de-la-colaboracion-entre-los-mecanizadores-y-caldereros-de-la-comarca\/\" \/>\n<meta property=\"og:site_name\" content=\"Iraurgi Berritzen\" \/>\n<meta property=\"article:published_time\" content=\"2018-06-06T05:53:18+00:00\" \/>\n<meta name=\"author\" content=\"kudeatzailea\" \/>\n<meta name=\"twitter:card\" content=\"summary_large_image\" \/>\n<meta name=\"twitter:label1\" content=\"Escrito por\" \/>\n\t<meta name=\"twitter:data1\" content=\"kudeatzailea\" \/>\n\t<meta name=\"twitter:label2\" content=\"Tiempo de lectura\" \/>\n\t<meta name=\"twitter:data2\" content=\"1 minuto\" \/>\n<script type=\"application\/ld+json\" class=\"yoast-schema-graph\">{\"@context\":\"https:\\\/\\\/schema.org\",\"@graph\":[{\"@type\":\"Article\",\"@id\":\"https:\\\/\\\/iraurgiberritzen.eus\\\/es\\\/impulso-de-la-colaboracion-entre-los-mecanizadores-y-caldereros-de-la-comarca\\\/#article\",\"isPartOf\":{\"@id\":\"https:\\\/\\\/iraurgiberritzen.eus\\\/es\\\/impulso-de-la-colaboracion-entre-los-mecanizadores-y-caldereros-de-la-comarca\\\/\"},\"author\":{\"name\":\"kudeatzailea\",\"@id\":\"https:\\\/\\\/iraurgiberritzen.eus\\\/es\\\/#\\\/schema\\\/person\\\/5ab41aaf388a9097177601ebf45738d2\"},\"headline\":\"Impulso de la colaboraci\u00f3n entre los mecanizadores y caldereros de la comarca\",\"datePublished\":\"2018-06-06T05:53:18+00:00\",\"mainEntityOfPage\":{\"@id\":\"https:\\\/\\\/iraurgiberritzen.eus\\\/es\\\/impulso-de-la-colaboracion-entre-los-mecanizadores-y-caldereros-de-la-comarca\\\/\"},\"wordCount\":209,\"publisher\":{\"@id\":\"https:\\\/\\\/iraurgiberritzen.eus\\\/es\\\/#organization\"},\"image\":{\"@id\":\"https:\\\/\\\/iraurgiberritzen.eus\\\/es\\\/impulso-de-la-colaboracion-entre-los-mecanizadores-y-caldereros-de-la-comarca\\\/#primaryimage\"},\"thumbnailUrl\":\"https:\\\/\\\/iraurgiberritzen.eus\\\/wp-content\\\/uploads\\\/2023\\\/09\\\/55d4420dd6cd56f2e756dd2f75804f62.jpg\",\"articleSection\":[\"Noticias\"],\"inLanguage\":\"es\"},{\"@type\":\"WebPage\",\"@id\":\"https:\\\/\\\/iraurgiberritzen.eus\\\/es\\\/impulso-de-la-colaboracion-entre-los-mecanizadores-y-caldereros-de-la-comarca\\\/\",\"url\":\"https:\\\/\\\/iraurgiberritzen.eus\\\/es\\\/impulso-de-la-colaboracion-entre-los-mecanizadores-y-caldereros-de-la-comarca\\\/\",\"name\":\"Impulso de la colaboraci\u00f3n entre los mecanizadores y caldereros de la comarca - Iraurgi Berritzen\",\"isPartOf\":{\"@id\":\"https:\\\/\\\/iraurgiberritzen.eus\\\/es\\\/#website\"},\"primaryImageOfPage\":{\"@id\":\"https:\\\/\\\/iraurgiberritzen.eus\\\/es\\\/impulso-de-la-colaboracion-entre-los-mecanizadores-y-caldereros-de-la-comarca\\\/#primaryimage\"},\"image\":{\"@id\":\"https:\\\/\\\/iraurgiberritzen.eus\\\/es\\\/impulso-de-la-colaboracion-entre-los-mecanizadores-y-caldereros-de-la-comarca\\\/#primaryimage\"},\"thumbnailUrl\":\"https:\\\/\\\/iraurgiberritzen.eus\\\/wp-content\\\/uploads\\\/2023\\\/09\\\/55d4420dd6cd56f2e756dd2f75804f62.jpg\",\"datePublished\":\"2018-06-06T05:53:18+00:00\",\"breadcrumb\":{\"@id\":\"https:\\\/\\\/iraurgiberritzen.eus\\\/es\\\/impulso-de-la-colaboracion-entre-los-mecanizadores-y-caldereros-de-la-comarca\\\/#breadcrumb\"},\"inLanguage\":\"es\",\"potentialAction\":[{\"@type\":\"ReadAction\",\"target\":[\"https:\\\/\\\/iraurgiberritzen.eus\\\/es\\\/impulso-de-la-colaboracion-entre-los-mecanizadores-y-caldereros-de-la-comarca\\\/\"]}]},{\"@type\":\"ImageObject\",\"inLanguage\":\"es\",\"@id\":\"https:\\\/\\\/iraurgiberritzen.eus\\\/es\\\/impulso-de-la-colaboracion-entre-los-mecanizadores-y-caldereros-de-la-comarca\\\/#primaryimage\",\"url\":\"https:\\\/\\\/iraurgiberritzen.eus\\\/wp-content\\\/uploads\\\/2023\\\/09\\\/55d4420dd6cd56f2e756dd2f75804f62.jpg\",\"contentUrl\":\"https:\\\/\\\/iraurgiberritzen.eus\\\/wp-content\\\/uploads\\\/2023\\\/09\\\/55d4420dd6cd56f2e756dd2f75804f62.jpg\",\"width\":600,\"height\":386},{\"@type\":\"BreadcrumbList\",\"@id\":\"https:\\\/\\\/iraurgiberritzen.eus\\\/es\\\/impulso-de-la-colaboracion-entre-los-mecanizadores-y-caldereros-de-la-comarca\\\/#breadcrumb\",\"itemListElement\":[{\"@type\":\"ListItem\",\"position\":1,\"name\":\"Home\",\"item\":\"https:\\\/\\\/iraurgiberritzen.eus\\\/es\\\/\"},{\"@type\":\"ListItem\",\"position\":2,\"name\":\"Impulso de la colaboraci\u00f3n entre los mecanizadores y caldereros de la comarca\"}]},{\"@type\":\"WebSite\",\"@id\":\"https:\\\/\\\/iraurgiberritzen.eus\\\/es\\\/#website\",\"url\":\"https:\\\/\\\/iraurgiberritzen.eus\\\/es\\\/\",\"name\":\"Iraurgi Berritzen\",\"description\":\"Urola Erdiko Garapen Agentzia\",\"publisher\":{\"@id\":\"https:\\\/\\\/iraurgiberritzen.eus\\\/es\\\/#organization\"},\"potentialAction\":[{\"@type\":\"SearchAction\",\"target\":{\"@type\":\"EntryPoint\",\"urlTemplate\":\"https:\\\/\\\/iraurgiberritzen.eus\\\/es\\\/?s={search_term_string}\"},\"query-input\":{\"@type\":\"PropertyValueSpecification\",\"valueRequired\":true,\"valueName\":\"search_term_string\"}}],\"inLanguage\":\"es\"},{\"@type\":\"Organization\",\"@id\":\"https:\\\/\\\/iraurgiberritzen.eus\\\/es\\\/#organization\",\"name\":\"Iraurgi Berritzen\",\"url\":\"https:\\\/\\\/iraurgiberritzen.eus\\\/es\\\/\",\"logo\":{\"@type\":\"ImageObject\",\"inLanguage\":\"es\",\"@id\":\"https:\\\/\\\/iraurgiberritzen.eus\\\/es\\\/#\\\/schema\\\/logo\\\/image\\\/\",\"url\":\"https:\\\/\\\/iraurgiberritzen.eus\\\/wp-content\\\/uploads\\\/2024\\\/02\\\/IRAURGI-BERRITZEN-logotipoa_2.png\",\"contentUrl\":\"https:\\\/\\\/iraurgiberritzen.eus\\\/wp-content\\\/uploads\\\/2024\\\/02\\\/IRAURGI-BERRITZEN-logotipoa_2.png\",\"width\":496,\"height\":190,\"caption\":\"Iraurgi Berritzen\"},\"image\":{\"@id\":\"https:\\\/\\\/iraurgiberritzen.eus\\\/es\\\/#\\\/schema\\\/logo\\\/image\\\/\"}},{\"@type\":\"Person\",\"@id\":\"https:\\\/\\\/iraurgiberritzen.eus\\\/es\\\/#\\\/schema\\\/person\\\/5ab41aaf388a9097177601ebf45738d2\",\"name\":\"kudeatzailea\",\"sameAs\":[\"https:\\\/\\\/iraurgiberritzen.eus\"]}]}<\/script>\n<!-- \/ Yoast SEO plugin. -->","yoast_head_json":{"title":"Impulso de la colaboraci\u00f3n entre los mecanizadores y caldereros de la comarca - Iraurgi Berritzen","robots":{"index":"index","follow":"follow","max-snippet":"max-snippet:-1","max-image-preview":"max-image-preview:large","max-video-preview":"max-video-preview:-1"},"canonical":"https:\/\/iraurgiberritzen.eus\/es\/impulso-de-la-colaboracion-entre-los-mecanizadores-y-caldereros-de-la-comarca\/","og_locale":"es_ES","og_type":"article","og_title":"Impulso de la colaboraci\u00f3n entre los mecanizadores y caldereros de la comarca - Iraurgi Berritzen","og_description":"El pasado viernes, 1 de junio, Iraurgi Berritzen organiz\u00f3 una jornada dirigida a las empresas de mecanizado y calderer\u00eda de Urola Erdia. Ante la importancia del sector de la m\u00e1quina herramienta en Urola Erdia, y concretamente en las actividades de mecanizado y calderer\u00eda, Iraurgi Berritzen ha impulsado una jornada para conocer de cerca sus necesidades [&hellip;]","og_url":"https:\/\/iraurgiberritzen.eus\/es\/impulso-de-la-colaboracion-entre-los-mecanizadores-y-caldereros-de-la-comarca\/","og_site_name":"Iraurgi Berritzen","article_published_time":"2018-06-06T05:53:18+00:00","author":"kudeatzailea","twitter_card":"summary_large_image","twitter_misc":{"Escrito por":"kudeatzailea","Tiempo de lectura":"1 minuto"},"schema":{"@context":"https:\/\/schema.org","@graph":[{"@type":"Article","@id":"https:\/\/iraurgiberritzen.eus\/es\/impulso-de-la-colaboracion-entre-los-mecanizadores-y-caldereros-de-la-comarca\/#article","isPartOf":{"@id":"https:\/\/iraurgiberritzen.eus\/es\/impulso-de-la-colaboracion-entre-los-mecanizadores-y-caldereros-de-la-comarca\/"},"author":{"name":"kudeatzailea","@id":"https:\/\/iraurgiberritzen.eus\/es\/#\/schema\/person\/5ab41aaf388a9097177601ebf45738d2"},"headline":"Impulso de la colaboraci\u00f3n entre los mecanizadores y caldereros de la comarca","datePublished":"2018-06-06T05:53:18+00:00","mainEntityOfPage":{"@id":"https:\/\/iraurgiberritzen.eus\/es\/impulso-de-la-colaboracion-entre-los-mecanizadores-y-caldereros-de-la-comarca\/"},"wordCount":209,"publisher":{"@id":"https:\/\/iraurgiberritzen.eus\/es\/#organization"},"image":{"@id":"https:\/\/iraurgiberritzen.eus\/es\/impulso-de-la-colaboracion-entre-los-mecanizadores-y-caldereros-de-la-comarca\/#primaryimage"},"thumbnailUrl":"https:\/\/iraurgiberritzen.eus\/wp-content\/uploads\/2023\/09\/55d4420dd6cd56f2e756dd2f75804f62.jpg","articleSection":["Noticias"],"inLanguage":"es"},{"@type":"WebPage","@id":"https:\/\/iraurgiberritzen.eus\/es\/impulso-de-la-colaboracion-entre-los-mecanizadores-y-caldereros-de-la-comarca\/","url":"https:\/\/iraurgiberritzen.eus\/es\/impulso-de-la-colaboracion-entre-los-mecanizadores-y-caldereros-de-la-comarca\/","name":"Impulso de la colaboraci\u00f3n entre los mecanizadores y caldereros de la comarca - Iraurgi Berritzen","isPartOf":{"@id":"https:\/\/iraurgiberritzen.eus\/es\/#website"},"primaryImageOfPage":{"@id":"https:\/\/iraurgiberritzen.eus\/es\/impulso-de-la-colaboracion-entre-los-mecanizadores-y-caldereros-de-la-comarca\/#primaryimage"},"image":{"@id":"https:\/\/iraurgiberritzen.eus\/es\/impulso-de-la-colaboracion-entre-los-mecanizadores-y-caldereros-de-la-comarca\/#primaryimage"},"thumbnailUrl":"https:\/\/iraurgiberritzen.eus\/wp-content\/uploads\/2023\/09\/55d4420dd6cd56f2e756dd2f75804f62.jpg","datePublished":"2018-06-06T05:53:18+00:00","breadcrumb":{"@id":"https:\/\/iraurgiberritzen.eus\/es\/impulso-de-la-colaboracion-entre-los-mecanizadores-y-caldereros-de-la-comarca\/#breadcrumb"},"inLanguage":"es","potentialAction":[{"@type":"ReadAction","target":["https:\/\/iraurgiberritzen.eus\/es\/impulso-de-la-colaboracion-entre-los-mecanizadores-y-caldereros-de-la-comarca\/"]}]},{"@type":"ImageObject","inLanguage":"es","@id":"https:\/\/iraurgiberritzen.eus\/es\/impulso-de-la-colaboracion-entre-los-mecanizadores-y-caldereros-de-la-comarca\/#primaryimage","url":"https:\/\/iraurgiberritzen.eus\/wp-content\/uploads\/2023\/09\/55d4420dd6cd56f2e756dd2f75804f62.jpg","contentUrl":"https:\/\/iraurgiberritzen.eus\/wp-content\/uploads\/2023\/09\/55d4420dd6cd56f2e756dd2f75804f62.jpg","width":600,"height":386},{"@type":"BreadcrumbList","@id":"https:\/\/iraurgiberritzen.eus\/es\/impulso-de-la-colaboracion-entre-los-mecanizadores-y-caldereros-de-la-comarca\/#breadcrumb","itemListElement":[{"@type":"ListItem","position":1,"name":"Home","item":"https:\/\/iraurgiberritzen.eus\/es\/"},{"@type":"ListItem","position":2,"name":"Impulso de la colaboraci\u00f3n entre los mecanizadores y caldereros de la comarca"}]},{"@type":"WebSite","@id":"https:\/\/iraurgiberritzen.eus\/es\/#website","url":"https:\/\/iraurgiberritzen.eus\/es\/","name":"Iraurgi Berritzen","description":"Urola Erdiko Garapen Agentzia","publisher":{"@id":"https:\/\/iraurgiberritzen.eus\/es\/#organization"},"potentialAction":[{"@type":"SearchAction","target":{"@type":"EntryPoint","urlTemplate":"https:\/\/iraurgiberritzen.eus\/es\/?s={search_term_string}"},"query-input":{"@type":"PropertyValueSpecification","valueRequired":true,"valueName":"search_term_string"}}],"inLanguage":"es"},{"@type":"Organization","@id":"https:\/\/iraurgiberritzen.eus\/es\/#organization","name":"Iraurgi Berritzen","url":"https:\/\/iraurgiberritzen.eus\/es\/","logo":{"@type":"ImageObject","inLanguage":"es","@id":"https:\/\/iraurgiberritzen.eus\/es\/#\/schema\/logo\/image\/","url":"https:\/\/iraurgiberritzen.eus\/wp-content\/uploads\/2024\/02\/IRAURGI-BERRITZEN-logotipoa_2.png","contentUrl":"https:\/\/iraurgiberritzen.eus\/wp-content\/uploads\/2024\/02\/IRAURGI-BERRITZEN-logotipoa_2.png","width":496,"height":190,"caption":"Iraurgi Berritzen"},"image":{"@id":"https:\/\/iraurgiberritzen.eus\/es\/#\/schema\/logo\/image\/"}},{"@type":"Person","@id":"https:\/\/iraurgiberritzen.eus\/es\/#\/schema\/person\/5ab41aaf388a9097177601ebf45738d2","name":"kudeatzailea","sameAs":["https:\/\/iraurgiberritzen.eus"]}]}},"_links":{"self":[{"href":"https:\/\/iraurgiberritzen.eus\/es\/wp-json\/wp\/v2\/posts\/12393","targetHints":{"allow":["GET"]}}],"collection":[{"href":"https:\/\/iraurgiberritzen.eus\/es\/wp-json\/wp\/v2\/posts"}],"about":[{"href":"https:\/\/iraurgiberritzen.eus\/es\/wp-json\/wp\/v2\/types\/post"}],"author":[{"embeddable":true,"href":"https:\/\/iraurgiberritzen.eus\/es\/wp-json\/wp\/v2\/users\/1"}],"replies":[{"embeddable":true,"href":"https:\/\/iraurgiberritzen.eus\/es\/wp-json\/wp\/v2\/comments?post=12393"}],"version-history":[{"count":0,"href":"https:\/\/iraurgiberritzen.eus\/es\/wp-json\/wp\/v2\/posts\/12393\/revisions"}],"wp:featuredmedia":[{"embeddable":true,"href":"https:\/\/iraurgiberritzen.eus\/es\/wp-json\/wp\/v2\/media\/17877"}],"wp:attachment":[{"href":"https:\/\/iraurgiberritzen.eus\/es\/wp-json\/wp\/v2\/media?parent=12393"}],"wp:term":[{"taxonomy":"category","embeddable":true,"href":"https:\/\/iraurgiberritzen.eus\/es\/wp-json\/wp\/v2\/categories?post=12393"},{"taxonomy":"post_tag","embeddable":true,"href":"https:\/\/iraurgiberritzen.eus\/es\/wp-json\/wp\/v2\/tags?post=12393"}],"curies":[{"name":"wp","href":"https:\/\/api.w.org\/{rel}","templated":true}]}}