{"id":12396,"date":"2018-06-06T10:13:31","date_gmt":"2018-06-06T08:13:31","guid":{"rendered":"https:\/\/iraurgiberritzen.eus\/promoviendo-el-emprendimiento-entre-los-jovenes-y-dando-visibilidad-a-los-emprendedores-de-la-comarca\/"},"modified":"2018-06-06T10:13:31","modified_gmt":"2018-06-06T08:13:31","slug":"promoviendo-el-emprendimiento-entre-los-jovenes-y-dando-visibilidad-a-los-emprendedores-de-la-comarca","status":"publish","type":"post","link":"https:\/\/iraurgiberritzen.eus\/es\/promoviendo-el-emprendimiento-entre-los-jovenes-y-dando-visibilidad-a-los-emprendedores-de-la-comarca\/","title":{"rendered":"Promoviendo el emprendimiento entre los j\u00f3venes y dando visibilidad a los emprendedores de la comarca"},"content":{"rendered":"<p>El \u00e1rea de emprendimiento, adem\u00e1s de ofrecer una asesor\u00eda a los emprendedores potenciales en todo su recorrido, tiene como objetivo poner en marcha acciones para promover el emprendimiento.<\/p>\n<p style=\"text-align: justify;\">Para poder llegar a este objetivo, hemos puesto en marcha la iniciativa KLINK en colaboraci\u00f3n con otros agentes que trabajan en el \u00e1rea del emprendimiento. Mediante diferentes acciones y partiendo de las necesidades de los emprendedores, KLINK tiene como objetivo crear una comarca atractiva para el desarrollo de las iniciativas emprendedoras.<\/p>\n<p style=\"text-align: justify;\">El programa se articula en 3 principales l\u00edneas de trabajo:<\/p>\n<ul>\n<li style=\"text-align: justify;\">KLINK atari: Tiene como objetivo dar visibilidad a las personas emprendedoras as\u00ed como a la actividad emprendedora.<\/li>\n<li style=\"text-align: justify;\">KLINK bide: Adem\u00e1s de acompa\u00f1ar en todo su recorrido emprendedor, esta l\u00ednea de trabajo tiene como objetivo dotar de herramientas y recursos a los emprendedores\/as.<\/li>\n<li style=\"text-align: justify;\">KLINK gune: Esta l\u00ednea de trabajo busca crear una red de emprendedores para poner en marcha el aprendizaje mutuo.<\/li>\n<\/ul>\n<p style=\"text-align: justify;\">A lo largo del mes de mayo, dentro de la l\u00ednea KLINK atari, se han realizado diversas actividades de sensibilizaci\u00f3n. Entre ellos, se ha introducido el m\u00f3dulo de emprendimiento en los programas de inserci\u00f3n laboral \u00abTXERTATU MERKATUAN\u00bb y \u00abBIDELAN\u00bb que organiza Iraurgi Berritzen. En los talleres hemos trabajado las opciones que da el autoempleo y los pasos a dar para crear una empresa.<br \/>Asimismo, se han desarrollado diferentes acciones en los centros escolares de la comarca. En el centro de formaci\u00f3n profesional Izarraitz hemos participado en el d\u00eda del emprendedor que organizan para fomentar el emprendimiento entre los j\u00f3venes. En la jornada los\/as alumnos\/as del primer grado de los diferentes ciclos formativos han tenido la oportunidad de escuchar dos iniciativas emprendedoras de la comarca.<\/p>\n<p style=\"text-align: justify;\">IZAN EKINTZAILE! El proyecto educativo que busca promover el emprendimiento entre los j\u00f3venes adem\u00e1s de dar visibilidad a los emprendedores de la comarca tambi\u00e9n est\u00e1 en marcha. En la iniciativa acercamos a los emprendedores de la comarca a las aulas donde comparten sus vivencias emprendedoras.<\/p>\n<p style=\"text-align: justify;\">Mediante estas acciones, el \u00e1rea de emprendimiento de Iraurgi Berritzen busca aumentar la visibilidad de la actividad emprendedora en la sociedad y quiere realizar un aporte positivo en la valorizaci\u00f3n de la misma. Estos proyectos se han podido realizar gracias al apoyo de la Diputaci\u00f3n Foral de Gipuzkoa.<\/p>\n","protected":false},"excerpt":{"rendered":"<p>El \u00e1rea de emprendimiento, adem\u00e1s de ofrecer una asesor\u00eda a los emprendedores potenciales en todo su recorrido, tiene como objetivo poner en marcha acciones para promover el emprendimiento. Para poder llegar a este objetivo, hemos puesto en marcha la iniciativa KLINK en colaboraci\u00f3n con otros agentes que trabajan en el \u00e1rea del emprendimiento. Mediante diferentes [&hellip;]<\/p>\n","protected":false},"author":1,"featured_media":17878,"comment_status":"","ping_status":"closed","sticky":false,"template":"","format":"standard","meta":{"_acf_changed":false,"footnotes":""},"categories":[4],"tags":[],"class_list":["post-12396","post","type-post","status-publish","format-standard","has-post-thumbnail","hentry","category-noticias"],"acf":[],"yoast_head":"<!-- This site is optimized with the Yoast SEO plugin v27.4 - https:\/\/yoast.com\/product\/yoast-seo-wordpress\/ -->\n<title>Promoviendo el emprendimiento entre los j\u00f3venes y dando visibilidad a los emprendedores de la comarca - Iraurgi Berritzen<\/title>\n<meta name=\"robots\" content=\"index, follow, max-snippet:-1, max-image-preview:large, max-video-preview:-1\" \/>\n<link rel=\"canonical\" href=\"https:\/\/iraurgiberritzen.eus\/es\/promoviendo-el-emprendimiento-entre-los-jovenes-y-dando-visibilidad-a-los-emprendedores-de-la-comarca\/\" \/>\n<meta property=\"og:locale\" content=\"es_ES\" \/>\n<meta property=\"og:type\" content=\"article\" \/>\n<meta property=\"og:title\" content=\"Promoviendo el emprendimiento entre los j\u00f3venes y dando visibilidad a los emprendedores de la comarca - Iraurgi Berritzen\" \/>\n<meta property=\"og:description\" content=\"El \u00e1rea de emprendimiento, adem\u00e1s de ofrecer una asesor\u00eda a los emprendedores potenciales en todo su recorrido, tiene como objetivo poner en marcha acciones para promover el emprendimiento. Para poder llegar a este objetivo, hemos puesto en marcha la iniciativa KLINK en colaboraci\u00f3n con otros agentes que trabajan en el \u00e1rea del emprendimiento. Mediante diferentes [&hellip;]\" \/>\n<meta property=\"og:url\" content=\"https:\/\/iraurgiberritzen.eus\/es\/promoviendo-el-emprendimiento-entre-los-jovenes-y-dando-visibilidad-a-los-emprendedores-de-la-comarca\/\" \/>\n<meta property=\"og:site_name\" content=\"Iraurgi Berritzen\" \/>\n<meta property=\"article:published_time\" content=\"2018-06-06T08:13:31+00:00\" \/>\n<meta name=\"author\" content=\"kudeatzailea\" \/>\n<meta name=\"twitter:card\" content=\"summary_large_image\" \/>\n<meta name=\"twitter:label1\" content=\"Escrito por\" \/>\n\t<meta name=\"twitter:data1\" content=\"kudeatzailea\" \/>\n\t<meta name=\"twitter:label2\" content=\"Tiempo de lectura\" \/>\n\t<meta name=\"twitter:data2\" content=\"2 minutos\" \/>\n<script type=\"application\/ld+json\" class=\"yoast-schema-graph\">{\"@context\":\"https:\\\/\\\/schema.org\",\"@graph\":[{\"@type\":\"Article\",\"@id\":\"https:\\\/\\\/iraurgiberritzen.eus\\\/es\\\/promoviendo-el-emprendimiento-entre-los-jovenes-y-dando-visibilidad-a-los-emprendedores-de-la-comarca\\\/#article\",\"isPartOf\":{\"@id\":\"https:\\\/\\\/iraurgiberritzen.eus\\\/es\\\/promoviendo-el-emprendimiento-entre-los-jovenes-y-dando-visibilidad-a-los-emprendedores-de-la-comarca\\\/\"},\"author\":{\"name\":\"kudeatzailea\",\"@id\":\"https:\\\/\\\/iraurgiberritzen.eus\\\/es\\\/#\\\/schema\\\/person\\\/5ab41aaf388a9097177601ebf45738d2\"},\"headline\":\"Promoviendo el emprendimiento entre los j\u00f3venes y dando visibilidad a los emprendedores de la comarca\",\"datePublished\":\"2018-06-06T08:13:31+00:00\",\"mainEntityOfPage\":{\"@id\":\"https:\\\/\\\/iraurgiberritzen.eus\\\/es\\\/promoviendo-el-emprendimiento-entre-los-jovenes-y-dando-visibilidad-a-los-emprendedores-de-la-comarca\\\/\"},\"wordCount\":405,\"publisher\":{\"@id\":\"https:\\\/\\\/iraurgiberritzen.eus\\\/es\\\/#organization\"},\"image\":{\"@id\":\"https:\\\/\\\/iraurgiberritzen.eus\\\/es\\\/promoviendo-el-emprendimiento-entre-los-jovenes-y-dando-visibilidad-a-los-emprendedores-de-la-comarca\\\/#primaryimage\"},\"thumbnailUrl\":\"https:\\\/\\\/iraurgiberritzen.eus\\\/wp-content\\\/uploads\\\/2023\\\/09\\\/dd9b4b0a80eff28fc65a7f105431f022.jpg\",\"articleSection\":[\"Noticias\"],\"inLanguage\":\"es\"},{\"@type\":\"WebPage\",\"@id\":\"https:\\\/\\\/iraurgiberritzen.eus\\\/es\\\/promoviendo-el-emprendimiento-entre-los-jovenes-y-dando-visibilidad-a-los-emprendedores-de-la-comarca\\\/\",\"url\":\"https:\\\/\\\/iraurgiberritzen.eus\\\/es\\\/promoviendo-el-emprendimiento-entre-los-jovenes-y-dando-visibilidad-a-los-emprendedores-de-la-comarca\\\/\",\"name\":\"Promoviendo el emprendimiento entre los j\u00f3venes y dando visibilidad a los emprendedores de la comarca - Iraurgi Berritzen\",\"isPartOf\":{\"@id\":\"https:\\\/\\\/iraurgiberritzen.eus\\\/es\\\/#website\"},\"primaryImageOfPage\":{\"@id\":\"https:\\\/\\\/iraurgiberritzen.eus\\\/es\\\/promoviendo-el-emprendimiento-entre-los-jovenes-y-dando-visibilidad-a-los-emprendedores-de-la-comarca\\\/#primaryimage\"},\"image\":{\"@id\":\"https:\\\/\\\/iraurgiberritzen.eus\\\/es\\\/promoviendo-el-emprendimiento-entre-los-jovenes-y-dando-visibilidad-a-los-emprendedores-de-la-comarca\\\/#primaryimage\"},\"thumbnailUrl\":\"https:\\\/\\\/iraurgiberritzen.eus\\\/wp-content\\\/uploads\\\/2023\\\/09\\\/dd9b4b0a80eff28fc65a7f105431f022.jpg\",\"datePublished\":\"2018-06-06T08:13:31+00:00\",\"breadcrumb\":{\"@id\":\"https:\\\/\\\/iraurgiberritzen.eus\\\/es\\\/promoviendo-el-emprendimiento-entre-los-jovenes-y-dando-visibilidad-a-los-emprendedores-de-la-comarca\\\/#breadcrumb\"},\"inLanguage\":\"es\",\"potentialAction\":[{\"@type\":\"ReadAction\",\"target\":[\"https:\\\/\\\/iraurgiberritzen.eus\\\/es\\\/promoviendo-el-emprendimiento-entre-los-jovenes-y-dando-visibilidad-a-los-emprendedores-de-la-comarca\\\/\"]}]},{\"@type\":\"ImageObject\",\"inLanguage\":\"es\",\"@id\":\"https:\\\/\\\/iraurgiberritzen.eus\\\/es\\\/promoviendo-el-emprendimiento-entre-los-jovenes-y-dando-visibilidad-a-los-emprendedores-de-la-comarca\\\/#primaryimage\",\"url\":\"https:\\\/\\\/iraurgiberritzen.eus\\\/wp-content\\\/uploads\\\/2023\\\/09\\\/dd9b4b0a80eff28fc65a7f105431f022.jpg\",\"contentUrl\":\"https:\\\/\\\/iraurgiberritzen.eus\\\/wp-content\\\/uploads\\\/2023\\\/09\\\/dd9b4b0a80eff28fc65a7f105431f022.jpg\",\"width\":600,\"height\":386},{\"@type\":\"BreadcrumbList\",\"@id\":\"https:\\\/\\\/iraurgiberritzen.eus\\\/es\\\/promoviendo-el-emprendimiento-entre-los-jovenes-y-dando-visibilidad-a-los-emprendedores-de-la-comarca\\\/#breadcrumb\",\"itemListElement\":[{\"@type\":\"ListItem\",\"position\":1,\"name\":\"Home\",\"item\":\"https:\\\/\\\/iraurgiberritzen.eus\\\/es\\\/\"},{\"@type\":\"ListItem\",\"position\":2,\"name\":\"Promoviendo el emprendimiento entre los j\u00f3venes y dando visibilidad a los emprendedores de la comarca\"}]},{\"@type\":\"WebSite\",\"@id\":\"https:\\\/\\\/iraurgiberritzen.eus\\\/es\\\/#website\",\"url\":\"https:\\\/\\\/iraurgiberritzen.eus\\\/es\\\/\",\"name\":\"Iraurgi Berritzen\",\"description\":\"Urola Erdiko Garapen Agentzia\",\"publisher\":{\"@id\":\"https:\\\/\\\/iraurgiberritzen.eus\\\/es\\\/#organization\"},\"potentialAction\":[{\"@type\":\"SearchAction\",\"target\":{\"@type\":\"EntryPoint\",\"urlTemplate\":\"https:\\\/\\\/iraurgiberritzen.eus\\\/es\\\/?s={search_term_string}\"},\"query-input\":{\"@type\":\"PropertyValueSpecification\",\"valueRequired\":true,\"valueName\":\"search_term_string\"}}],\"inLanguage\":\"es\"},{\"@type\":\"Organization\",\"@id\":\"https:\\\/\\\/iraurgiberritzen.eus\\\/es\\\/#organization\",\"name\":\"Iraurgi Berritzen\",\"url\":\"https:\\\/\\\/iraurgiberritzen.eus\\\/es\\\/\",\"logo\":{\"@type\":\"ImageObject\",\"inLanguage\":\"es\",\"@id\":\"https:\\\/\\\/iraurgiberritzen.eus\\\/es\\\/#\\\/schema\\\/logo\\\/image\\\/\",\"url\":\"https:\\\/\\\/iraurgiberritzen.eus\\\/wp-content\\\/uploads\\\/2024\\\/02\\\/IRAURGI-BERRITZEN-logotipoa_2.png\",\"contentUrl\":\"https:\\\/\\\/iraurgiberritzen.eus\\\/wp-content\\\/uploads\\\/2024\\\/02\\\/IRAURGI-BERRITZEN-logotipoa_2.png\",\"width\":496,\"height\":190,\"caption\":\"Iraurgi Berritzen\"},\"image\":{\"@id\":\"https:\\\/\\\/iraurgiberritzen.eus\\\/es\\\/#\\\/schema\\\/logo\\\/image\\\/\"}},{\"@type\":\"Person\",\"@id\":\"https:\\\/\\\/iraurgiberritzen.eus\\\/es\\\/#\\\/schema\\\/person\\\/5ab41aaf388a9097177601ebf45738d2\",\"name\":\"kudeatzailea\",\"sameAs\":[\"https:\\\/\\\/iraurgiberritzen.eus\"]}]}<\/script>\n<!-- \/ Yoast SEO plugin. -->","yoast_head_json":{"title":"Promoviendo el emprendimiento entre los j\u00f3venes y dando visibilidad a los emprendedores de la comarca - Iraurgi Berritzen","robots":{"index":"index","follow":"follow","max-snippet":"max-snippet:-1","max-image-preview":"max-image-preview:large","max-video-preview":"max-video-preview:-1"},"canonical":"https:\/\/iraurgiberritzen.eus\/es\/promoviendo-el-emprendimiento-entre-los-jovenes-y-dando-visibilidad-a-los-emprendedores-de-la-comarca\/","og_locale":"es_ES","og_type":"article","og_title":"Promoviendo el emprendimiento entre los j\u00f3venes y dando visibilidad a los emprendedores de la comarca - Iraurgi Berritzen","og_description":"El \u00e1rea de emprendimiento, adem\u00e1s de ofrecer una asesor\u00eda a los emprendedores potenciales en todo su recorrido, tiene como objetivo poner en marcha acciones para promover el emprendimiento. Para poder llegar a este objetivo, hemos puesto en marcha la iniciativa KLINK en colaboraci\u00f3n con otros agentes que trabajan en el \u00e1rea del emprendimiento. Mediante diferentes [&hellip;]","og_url":"https:\/\/iraurgiberritzen.eus\/es\/promoviendo-el-emprendimiento-entre-los-jovenes-y-dando-visibilidad-a-los-emprendedores-de-la-comarca\/","og_site_name":"Iraurgi Berritzen","article_published_time":"2018-06-06T08:13:31+00:00","author":"kudeatzailea","twitter_card":"summary_large_image","twitter_misc":{"Escrito por":"kudeatzailea","Tiempo de lectura":"2 minutos"},"schema":{"@context":"https:\/\/schema.org","@graph":[{"@type":"Article","@id":"https:\/\/iraurgiberritzen.eus\/es\/promoviendo-el-emprendimiento-entre-los-jovenes-y-dando-visibilidad-a-los-emprendedores-de-la-comarca\/#article","isPartOf":{"@id":"https:\/\/iraurgiberritzen.eus\/es\/promoviendo-el-emprendimiento-entre-los-jovenes-y-dando-visibilidad-a-los-emprendedores-de-la-comarca\/"},"author":{"name":"kudeatzailea","@id":"https:\/\/iraurgiberritzen.eus\/es\/#\/schema\/person\/5ab41aaf388a9097177601ebf45738d2"},"headline":"Promoviendo el emprendimiento entre los j\u00f3venes y dando visibilidad a los emprendedores de la comarca","datePublished":"2018-06-06T08:13:31+00:00","mainEntityOfPage":{"@id":"https:\/\/iraurgiberritzen.eus\/es\/promoviendo-el-emprendimiento-entre-los-jovenes-y-dando-visibilidad-a-los-emprendedores-de-la-comarca\/"},"wordCount":405,"publisher":{"@id":"https:\/\/iraurgiberritzen.eus\/es\/#organization"},"image":{"@id":"https:\/\/iraurgiberritzen.eus\/es\/promoviendo-el-emprendimiento-entre-los-jovenes-y-dando-visibilidad-a-los-emprendedores-de-la-comarca\/#primaryimage"},"thumbnailUrl":"https:\/\/iraurgiberritzen.eus\/wp-content\/uploads\/2023\/09\/dd9b4b0a80eff28fc65a7f105431f022.jpg","articleSection":["Noticias"],"inLanguage":"es"},{"@type":"WebPage","@id":"https:\/\/iraurgiberritzen.eus\/es\/promoviendo-el-emprendimiento-entre-los-jovenes-y-dando-visibilidad-a-los-emprendedores-de-la-comarca\/","url":"https:\/\/iraurgiberritzen.eus\/es\/promoviendo-el-emprendimiento-entre-los-jovenes-y-dando-visibilidad-a-los-emprendedores-de-la-comarca\/","name":"Promoviendo el emprendimiento entre los j\u00f3venes y dando visibilidad a los emprendedores de la comarca - Iraurgi Berritzen","isPartOf":{"@id":"https:\/\/iraurgiberritzen.eus\/es\/#website"},"primaryImageOfPage":{"@id":"https:\/\/iraurgiberritzen.eus\/es\/promoviendo-el-emprendimiento-entre-los-jovenes-y-dando-visibilidad-a-los-emprendedores-de-la-comarca\/#primaryimage"},"image":{"@id":"https:\/\/iraurgiberritzen.eus\/es\/promoviendo-el-emprendimiento-entre-los-jovenes-y-dando-visibilidad-a-los-emprendedores-de-la-comarca\/#primaryimage"},"thumbnailUrl":"https:\/\/iraurgiberritzen.eus\/wp-content\/uploads\/2023\/09\/dd9b4b0a80eff28fc65a7f105431f022.jpg","datePublished":"2018-06-06T08:13:31+00:00","breadcrumb":{"@id":"https:\/\/iraurgiberritzen.eus\/es\/promoviendo-el-emprendimiento-entre-los-jovenes-y-dando-visibilidad-a-los-emprendedores-de-la-comarca\/#breadcrumb"},"inLanguage":"es","potentialAction":[{"@type":"ReadAction","target":["https:\/\/iraurgiberritzen.eus\/es\/promoviendo-el-emprendimiento-entre-los-jovenes-y-dando-visibilidad-a-los-emprendedores-de-la-comarca\/"]}]},{"@type":"ImageObject","inLanguage":"es","@id":"https:\/\/iraurgiberritzen.eus\/es\/promoviendo-el-emprendimiento-entre-los-jovenes-y-dando-visibilidad-a-los-emprendedores-de-la-comarca\/#primaryimage","url":"https:\/\/iraurgiberritzen.eus\/wp-content\/uploads\/2023\/09\/dd9b4b0a80eff28fc65a7f105431f022.jpg","contentUrl":"https:\/\/iraurgiberritzen.eus\/wp-content\/uploads\/2023\/09\/dd9b4b0a80eff28fc65a7f105431f022.jpg","width":600,"height":386},{"@type":"BreadcrumbList","@id":"https:\/\/iraurgiberritzen.eus\/es\/promoviendo-el-emprendimiento-entre-los-jovenes-y-dando-visibilidad-a-los-emprendedores-de-la-comarca\/#breadcrumb","itemListElement":[{"@type":"ListItem","position":1,"name":"Home","item":"https:\/\/iraurgiberritzen.eus\/es\/"},{"@type":"ListItem","position":2,"name":"Promoviendo el emprendimiento entre los j\u00f3venes y dando visibilidad a los emprendedores de la comarca"}]},{"@type":"WebSite","@id":"https:\/\/iraurgiberritzen.eus\/es\/#website","url":"https:\/\/iraurgiberritzen.eus\/es\/","name":"Iraurgi Berritzen","description":"Urola Erdiko Garapen Agentzia","publisher":{"@id":"https:\/\/iraurgiberritzen.eus\/es\/#organization"},"potentialAction":[{"@type":"SearchAction","target":{"@type":"EntryPoint","urlTemplate":"https:\/\/iraurgiberritzen.eus\/es\/?s={search_term_string}"},"query-input":{"@type":"PropertyValueSpecification","valueRequired":true,"valueName":"search_term_string"}}],"inLanguage":"es"},{"@type":"Organization","@id":"https:\/\/iraurgiberritzen.eus\/es\/#organization","name":"Iraurgi Berritzen","url":"https:\/\/iraurgiberritzen.eus\/es\/","logo":{"@type":"ImageObject","inLanguage":"es","@id":"https:\/\/iraurgiberritzen.eus\/es\/#\/schema\/logo\/image\/","url":"https:\/\/iraurgiberritzen.eus\/wp-content\/uploads\/2024\/02\/IRAURGI-BERRITZEN-logotipoa_2.png","contentUrl":"https:\/\/iraurgiberritzen.eus\/wp-content\/uploads\/2024\/02\/IRAURGI-BERRITZEN-logotipoa_2.png","width":496,"height":190,"caption":"Iraurgi Berritzen"},"image":{"@id":"https:\/\/iraurgiberritzen.eus\/es\/#\/schema\/logo\/image\/"}},{"@type":"Person","@id":"https:\/\/iraurgiberritzen.eus\/es\/#\/schema\/person\/5ab41aaf388a9097177601ebf45738d2","name":"kudeatzailea","sameAs":["https:\/\/iraurgiberritzen.eus"]}]}},"_links":{"self":[{"href":"https:\/\/iraurgiberritzen.eus\/es\/wp-json\/wp\/v2\/posts\/12396","targetHints":{"allow":["GET"]}}],"collection":[{"href":"https:\/\/iraurgiberritzen.eus\/es\/wp-json\/wp\/v2\/posts"}],"about":[{"href":"https:\/\/iraurgiberritzen.eus\/es\/wp-json\/wp\/v2\/types\/post"}],"author":[{"embeddable":true,"href":"https:\/\/iraurgiberritzen.eus\/es\/wp-json\/wp\/v2\/users\/1"}],"replies":[{"embeddable":true,"href":"https:\/\/iraurgiberritzen.eus\/es\/wp-json\/wp\/v2\/comments?post=12396"}],"version-history":[{"count":0,"href":"https:\/\/iraurgiberritzen.eus\/es\/wp-json\/wp\/v2\/posts\/12396\/revisions"}],"wp:featuredmedia":[{"embeddable":true,"href":"https:\/\/iraurgiberritzen.eus\/es\/wp-json\/wp\/v2\/media\/17878"}],"wp:attachment":[{"href":"https:\/\/iraurgiberritzen.eus\/es\/wp-json\/wp\/v2\/media?parent=12396"}],"wp:term":[{"taxonomy":"category","embeddable":true,"href":"https:\/\/iraurgiberritzen.eus\/es\/wp-json\/wp\/v2\/categories?post=12396"},{"taxonomy":"post_tag","embeddable":true,"href":"https:\/\/iraurgiberritzen.eus\/es\/wp-json\/wp\/v2\/tags?post=12396"}],"curies":[{"name":"wp","href":"https:\/\/api.w.org\/{rel}","templated":true}]}}