{"id":12399,"date":"2018-06-14T06:34:23","date_gmt":"2018-06-14T04:34:23","guid":{"rendered":"https:\/\/iraurgiberritzen.eus\/puesta-en-marcha-de-becas-global-training-2018\/"},"modified":"2018-06-14T06:34:23","modified_gmt":"2018-06-14T04:34:23","slug":"puesta-en-marcha-de-becas-global-training-2018","status":"publish","type":"post","link":"https:\/\/iraurgiberritzen.eus\/es\/puesta-en-marcha-de-becas-global-training-2018\/","title":{"rendered":"Puesta en marcha de becas Global Training 2018"},"content":{"rendered":"<p><strong><\/strong>Tienes menos de 30 a\u00f1os y estas en desempleo? Garapen y Fomento de San Sebasti\u00e1n, ponen a tu disposici\u00f3n 60 becas Global Training. Esta es tu oportunidad.<\/p>\n<p>Global Training son becas, de al menos 6 meses de duraci\u00f3n, para estancias en empresas y organismos en el extranjero con el fin de mejorar la capacitaci\u00f3n de las personas para su incorporaci\u00f3n al mercado laboral.<\/p>\n<p>Las becas Global Training van dirigidas a <strong>personas j\u00f3venes hasta 30 a\u00f1os, con titulaci\u00f3n universitaria y formaci\u00f3n profesional de grado<\/strong>.<br \/><strong>La cuant\u00eda<\/strong> de la beca asciende a <strong>1.400 \u20ac\/mes (brutos)<\/strong>.<\/p>\n<p><strong>Requisitos<\/strong> para participar:<\/p>\n<ul>\n<li>Contar con una titulaci\u00f3n de diplomatura, licenciatura o formaci\u00f3n profesional de grado superior.<\/li>\n<li>No tener cumplidos 30 a\u00f1os a 1 de enero de 2018.<\/li>\n<li>Estar empadronado en el Pa\u00eds Vasco con al menos un a\u00f1o de antig\u00fcedad ininterrumpida, a 1 de enero de 2018.<\/li>\n<li>No haberse beneficiado de otra beca que haya posibilitado estancias de pr\u00e1cticas en el extranjero superiores a 6 meses.<\/li>\n<li>Contar con un alto nivel de ingl\u00e9s. En el caso de los licenciados la acreditaci\u00f3n ser\u00e1 un C1 y un B2 en el caso de la formaci\u00f3n profesional de grado superior.<\/li>\n<li>Adecuarse al perfil requerido por la empresa u organismo en el que se realizar\u00e1n las pr\u00e1cticas.<\/li>\n<li>No estar sancionada administrativa o penalmente con la p\u00e9rdida de la posibilidad de obtenci\u00f3n de subvenci\u00f3n o ayudas p\u00fablicas, ni estar incursa en prohibici\u00f3n legal alguna que la inhabilite para ello.<\/li>\n<\/ul>\n<p><strong>La inscripci\u00f3n se realizar\u00e1 a trav\u00e9s de la web:<\/strong> <a href=\"http:\/\/www.becasglobaltraining.eus\">http:\/\/www.becasglobaltraining.eus<\/a>.<\/p>\n<p><strong>El plazo de inscripci\u00f3n para las personas comenzar\u00e1 el 15 de junio y finalizar\u00e1 el 16 de julio (hasta las 12:00 h. del mediod\u00eda)<\/strong>. Consulta m\u00e1s informaci\u00f3n en: <a href=\"http:\/\/www.becasglobaltraining.eus\">http:\/\/www.becasglobaltraining.eus<\/a><\/p>\n","protected":false},"excerpt":{"rendered":"<p>Tienes menos de 30 a\u00f1os y estas en desempleo? Garapen y Fomento de San Sebasti\u00e1n, ponen a tu disposici\u00f3n 60 becas Global Training. Esta es tu oportunidad. Global Training son becas, de al menos 6 meses de duraci\u00f3n, para estancias en empresas y organismos en el extranjero con el fin de mejorar la capacitaci\u00f3n de [&hellip;]<\/p>\n","protected":false},"author":1,"featured_media":17879,"comment_status":"","ping_status":"closed","sticky":false,"template":"","format":"standard","meta":{"_acf_changed":false,"footnotes":""},"categories":[4],"tags":[],"class_list":["post-12399","post","type-post","status-publish","format-standard","has-post-thumbnail","hentry","category-noticias"],"acf":[],"yoast_head":"<!-- This site is optimized with the Yoast SEO plugin v27.4 - https:\/\/yoast.com\/product\/yoast-seo-wordpress\/ -->\n<title>Puesta en marcha de becas Global Training 2018 - Iraurgi Berritzen<\/title>\n<meta name=\"robots\" content=\"index, follow, max-snippet:-1, max-image-preview:large, max-video-preview:-1\" \/>\n<link rel=\"canonical\" href=\"https:\/\/iraurgiberritzen.eus\/es\/puesta-en-marcha-de-becas-global-training-2018\/\" \/>\n<meta property=\"og:locale\" content=\"es_ES\" \/>\n<meta property=\"og:type\" content=\"article\" \/>\n<meta property=\"og:title\" content=\"Puesta en marcha de becas Global Training 2018 - Iraurgi Berritzen\" \/>\n<meta property=\"og:description\" content=\"Tienes menos de 30 a\u00f1os y estas en desempleo? Garapen y Fomento de San Sebasti\u00e1n, ponen a tu disposici\u00f3n 60 becas Global Training. Esta es tu oportunidad. Global Training son becas, de al menos 6 meses de duraci\u00f3n, para estancias en empresas y organismos en el extranjero con el fin de mejorar la capacitaci\u00f3n de [&hellip;]\" \/>\n<meta property=\"og:url\" content=\"https:\/\/iraurgiberritzen.eus\/es\/puesta-en-marcha-de-becas-global-training-2018\/\" \/>\n<meta property=\"og:site_name\" content=\"Iraurgi Berritzen\" \/>\n<meta property=\"article:published_time\" content=\"2018-06-14T04:34:23+00:00\" \/>\n<meta name=\"author\" content=\"kudeatzailea\" \/>\n<meta name=\"twitter:card\" content=\"summary_large_image\" \/>\n<meta name=\"twitter:label1\" content=\"Escrito por\" \/>\n\t<meta name=\"twitter:data1\" content=\"kudeatzailea\" \/>\n\t<meta name=\"twitter:label2\" content=\"Tiempo de lectura\" \/>\n\t<meta name=\"twitter:data2\" content=\"2 minutos\" \/>\n<script type=\"application\/ld+json\" class=\"yoast-schema-graph\">{\"@context\":\"https:\\\/\\\/schema.org\",\"@graph\":[{\"@type\":\"Article\",\"@id\":\"https:\\\/\\\/iraurgiberritzen.eus\\\/es\\\/puesta-en-marcha-de-becas-global-training-2018\\\/#article\",\"isPartOf\":{\"@id\":\"https:\\\/\\\/iraurgiberritzen.eus\\\/es\\\/puesta-en-marcha-de-becas-global-training-2018\\\/\"},\"author\":{\"name\":\"kudeatzailea\",\"@id\":\"https:\\\/\\\/iraurgiberritzen.eus\\\/es\\\/#\\\/schema\\\/person\\\/5ab41aaf388a9097177601ebf45738d2\"},\"headline\":\"Puesta en marcha de becas Global Training 2018\",\"datePublished\":\"2018-06-14T04:34:23+00:00\",\"mainEntityOfPage\":{\"@id\":\"https:\\\/\\\/iraurgiberritzen.eus\\\/es\\\/puesta-en-marcha-de-becas-global-training-2018\\\/\"},\"wordCount\":309,\"publisher\":{\"@id\":\"https:\\\/\\\/iraurgiberritzen.eus\\\/es\\\/#organization\"},\"image\":{\"@id\":\"https:\\\/\\\/iraurgiberritzen.eus\\\/es\\\/puesta-en-marcha-de-becas-global-training-2018\\\/#primaryimage\"},\"thumbnailUrl\":\"https:\\\/\\\/iraurgiberritzen.eus\\\/wp-content\\\/uploads\\\/2023\\\/09\\\/3cc3ea028ec2c5bc49d14fb381a9929f.jpg\",\"articleSection\":[\"Noticias\"],\"inLanguage\":\"es\"},{\"@type\":\"WebPage\",\"@id\":\"https:\\\/\\\/iraurgiberritzen.eus\\\/es\\\/puesta-en-marcha-de-becas-global-training-2018\\\/\",\"url\":\"https:\\\/\\\/iraurgiberritzen.eus\\\/es\\\/puesta-en-marcha-de-becas-global-training-2018\\\/\",\"name\":\"Puesta en marcha de becas Global Training 2018 - Iraurgi Berritzen\",\"isPartOf\":{\"@id\":\"https:\\\/\\\/iraurgiberritzen.eus\\\/es\\\/#website\"},\"primaryImageOfPage\":{\"@id\":\"https:\\\/\\\/iraurgiberritzen.eus\\\/es\\\/puesta-en-marcha-de-becas-global-training-2018\\\/#primaryimage\"},\"image\":{\"@id\":\"https:\\\/\\\/iraurgiberritzen.eus\\\/es\\\/puesta-en-marcha-de-becas-global-training-2018\\\/#primaryimage\"},\"thumbnailUrl\":\"https:\\\/\\\/iraurgiberritzen.eus\\\/wp-content\\\/uploads\\\/2023\\\/09\\\/3cc3ea028ec2c5bc49d14fb381a9929f.jpg\",\"datePublished\":\"2018-06-14T04:34:23+00:00\",\"breadcrumb\":{\"@id\":\"https:\\\/\\\/iraurgiberritzen.eus\\\/es\\\/puesta-en-marcha-de-becas-global-training-2018\\\/#breadcrumb\"},\"inLanguage\":\"es\",\"potentialAction\":[{\"@type\":\"ReadAction\",\"target\":[\"https:\\\/\\\/iraurgiberritzen.eus\\\/es\\\/puesta-en-marcha-de-becas-global-training-2018\\\/\"]}]},{\"@type\":\"ImageObject\",\"inLanguage\":\"es\",\"@id\":\"https:\\\/\\\/iraurgiberritzen.eus\\\/es\\\/puesta-en-marcha-de-becas-global-training-2018\\\/#primaryimage\",\"url\":\"https:\\\/\\\/iraurgiberritzen.eus\\\/wp-content\\\/uploads\\\/2023\\\/09\\\/3cc3ea028ec2c5bc49d14fb381a9929f.jpg\",\"contentUrl\":\"https:\\\/\\\/iraurgiberritzen.eus\\\/wp-content\\\/uploads\\\/2023\\\/09\\\/3cc3ea028ec2c5bc49d14fb381a9929f.jpg\",\"width\":600,\"height\":386},{\"@type\":\"BreadcrumbList\",\"@id\":\"https:\\\/\\\/iraurgiberritzen.eus\\\/es\\\/puesta-en-marcha-de-becas-global-training-2018\\\/#breadcrumb\",\"itemListElement\":[{\"@type\":\"ListItem\",\"position\":1,\"name\":\"Home\",\"item\":\"https:\\\/\\\/iraurgiberritzen.eus\\\/es\\\/\"},{\"@type\":\"ListItem\",\"position\":2,\"name\":\"Puesta en marcha de becas Global Training 2018\"}]},{\"@type\":\"WebSite\",\"@id\":\"https:\\\/\\\/iraurgiberritzen.eus\\\/es\\\/#website\",\"url\":\"https:\\\/\\\/iraurgiberritzen.eus\\\/es\\\/\",\"name\":\"Iraurgi Berritzen\",\"description\":\"Urola Erdiko Garapen Agentzia\",\"publisher\":{\"@id\":\"https:\\\/\\\/iraurgiberritzen.eus\\\/es\\\/#organization\"},\"potentialAction\":[{\"@type\":\"SearchAction\",\"target\":{\"@type\":\"EntryPoint\",\"urlTemplate\":\"https:\\\/\\\/iraurgiberritzen.eus\\\/es\\\/?s={search_term_string}\"},\"query-input\":{\"@type\":\"PropertyValueSpecification\",\"valueRequired\":true,\"valueName\":\"search_term_string\"}}],\"inLanguage\":\"es\"},{\"@type\":\"Organization\",\"@id\":\"https:\\\/\\\/iraurgiberritzen.eus\\\/es\\\/#organization\",\"name\":\"Iraurgi Berritzen\",\"url\":\"https:\\\/\\\/iraurgiberritzen.eus\\\/es\\\/\",\"logo\":{\"@type\":\"ImageObject\",\"inLanguage\":\"es\",\"@id\":\"https:\\\/\\\/iraurgiberritzen.eus\\\/es\\\/#\\\/schema\\\/logo\\\/image\\\/\",\"url\":\"https:\\\/\\\/iraurgiberritzen.eus\\\/wp-content\\\/uploads\\\/2024\\\/02\\\/IRAURGI-BERRITZEN-logotipoa_2.png\",\"contentUrl\":\"https:\\\/\\\/iraurgiberritzen.eus\\\/wp-content\\\/uploads\\\/2024\\\/02\\\/IRAURGI-BERRITZEN-logotipoa_2.png\",\"width\":496,\"height\":190,\"caption\":\"Iraurgi Berritzen\"},\"image\":{\"@id\":\"https:\\\/\\\/iraurgiberritzen.eus\\\/es\\\/#\\\/schema\\\/logo\\\/image\\\/\"}},{\"@type\":\"Person\",\"@id\":\"https:\\\/\\\/iraurgiberritzen.eus\\\/es\\\/#\\\/schema\\\/person\\\/5ab41aaf388a9097177601ebf45738d2\",\"name\":\"kudeatzailea\",\"sameAs\":[\"https:\\\/\\\/iraurgiberritzen.eus\"]}]}<\/script>\n<!-- \/ Yoast SEO plugin. -->","yoast_head_json":{"title":"Puesta en marcha de becas Global Training 2018 - Iraurgi Berritzen","robots":{"index":"index","follow":"follow","max-snippet":"max-snippet:-1","max-image-preview":"max-image-preview:large","max-video-preview":"max-video-preview:-1"},"canonical":"https:\/\/iraurgiberritzen.eus\/es\/puesta-en-marcha-de-becas-global-training-2018\/","og_locale":"es_ES","og_type":"article","og_title":"Puesta en marcha de becas Global Training 2018 - Iraurgi Berritzen","og_description":"Tienes menos de 30 a\u00f1os y estas en desempleo? Garapen y Fomento de San Sebasti\u00e1n, ponen a tu disposici\u00f3n 60 becas Global Training. Esta es tu oportunidad. Global Training son becas, de al menos 6 meses de duraci\u00f3n, para estancias en empresas y organismos en el extranjero con el fin de mejorar la capacitaci\u00f3n de [&hellip;]","og_url":"https:\/\/iraurgiberritzen.eus\/es\/puesta-en-marcha-de-becas-global-training-2018\/","og_site_name":"Iraurgi Berritzen","article_published_time":"2018-06-14T04:34:23+00:00","author":"kudeatzailea","twitter_card":"summary_large_image","twitter_misc":{"Escrito por":"kudeatzailea","Tiempo de lectura":"2 minutos"},"schema":{"@context":"https:\/\/schema.org","@graph":[{"@type":"Article","@id":"https:\/\/iraurgiberritzen.eus\/es\/puesta-en-marcha-de-becas-global-training-2018\/#article","isPartOf":{"@id":"https:\/\/iraurgiberritzen.eus\/es\/puesta-en-marcha-de-becas-global-training-2018\/"},"author":{"name":"kudeatzailea","@id":"https:\/\/iraurgiberritzen.eus\/es\/#\/schema\/person\/5ab41aaf388a9097177601ebf45738d2"},"headline":"Puesta en marcha de becas Global Training 2018","datePublished":"2018-06-14T04:34:23+00:00","mainEntityOfPage":{"@id":"https:\/\/iraurgiberritzen.eus\/es\/puesta-en-marcha-de-becas-global-training-2018\/"},"wordCount":309,"publisher":{"@id":"https:\/\/iraurgiberritzen.eus\/es\/#organization"},"image":{"@id":"https:\/\/iraurgiberritzen.eus\/es\/puesta-en-marcha-de-becas-global-training-2018\/#primaryimage"},"thumbnailUrl":"https:\/\/iraurgiberritzen.eus\/wp-content\/uploads\/2023\/09\/3cc3ea028ec2c5bc49d14fb381a9929f.jpg","articleSection":["Noticias"],"inLanguage":"es"},{"@type":"WebPage","@id":"https:\/\/iraurgiberritzen.eus\/es\/puesta-en-marcha-de-becas-global-training-2018\/","url":"https:\/\/iraurgiberritzen.eus\/es\/puesta-en-marcha-de-becas-global-training-2018\/","name":"Puesta en marcha de becas Global Training 2018 - Iraurgi Berritzen","isPartOf":{"@id":"https:\/\/iraurgiberritzen.eus\/es\/#website"},"primaryImageOfPage":{"@id":"https:\/\/iraurgiberritzen.eus\/es\/puesta-en-marcha-de-becas-global-training-2018\/#primaryimage"},"image":{"@id":"https:\/\/iraurgiberritzen.eus\/es\/puesta-en-marcha-de-becas-global-training-2018\/#primaryimage"},"thumbnailUrl":"https:\/\/iraurgiberritzen.eus\/wp-content\/uploads\/2023\/09\/3cc3ea028ec2c5bc49d14fb381a9929f.jpg","datePublished":"2018-06-14T04:34:23+00:00","breadcrumb":{"@id":"https:\/\/iraurgiberritzen.eus\/es\/puesta-en-marcha-de-becas-global-training-2018\/#breadcrumb"},"inLanguage":"es","potentialAction":[{"@type":"ReadAction","target":["https:\/\/iraurgiberritzen.eus\/es\/puesta-en-marcha-de-becas-global-training-2018\/"]}]},{"@type":"ImageObject","inLanguage":"es","@id":"https:\/\/iraurgiberritzen.eus\/es\/puesta-en-marcha-de-becas-global-training-2018\/#primaryimage","url":"https:\/\/iraurgiberritzen.eus\/wp-content\/uploads\/2023\/09\/3cc3ea028ec2c5bc49d14fb381a9929f.jpg","contentUrl":"https:\/\/iraurgiberritzen.eus\/wp-content\/uploads\/2023\/09\/3cc3ea028ec2c5bc49d14fb381a9929f.jpg","width":600,"height":386},{"@type":"BreadcrumbList","@id":"https:\/\/iraurgiberritzen.eus\/es\/puesta-en-marcha-de-becas-global-training-2018\/#breadcrumb","itemListElement":[{"@type":"ListItem","position":1,"name":"Home","item":"https:\/\/iraurgiberritzen.eus\/es\/"},{"@type":"ListItem","position":2,"name":"Puesta en marcha de becas Global Training 2018"}]},{"@type":"WebSite","@id":"https:\/\/iraurgiberritzen.eus\/es\/#website","url":"https:\/\/iraurgiberritzen.eus\/es\/","name":"Iraurgi Berritzen","description":"Urola Erdiko Garapen Agentzia","publisher":{"@id":"https:\/\/iraurgiberritzen.eus\/es\/#organization"},"potentialAction":[{"@type":"SearchAction","target":{"@type":"EntryPoint","urlTemplate":"https:\/\/iraurgiberritzen.eus\/es\/?s={search_term_string}"},"query-input":{"@type":"PropertyValueSpecification","valueRequired":true,"valueName":"search_term_string"}}],"inLanguage":"es"},{"@type":"Organization","@id":"https:\/\/iraurgiberritzen.eus\/es\/#organization","name":"Iraurgi Berritzen","url":"https:\/\/iraurgiberritzen.eus\/es\/","logo":{"@type":"ImageObject","inLanguage":"es","@id":"https:\/\/iraurgiberritzen.eus\/es\/#\/schema\/logo\/image\/","url":"https:\/\/iraurgiberritzen.eus\/wp-content\/uploads\/2024\/02\/IRAURGI-BERRITZEN-logotipoa_2.png","contentUrl":"https:\/\/iraurgiberritzen.eus\/wp-content\/uploads\/2024\/02\/IRAURGI-BERRITZEN-logotipoa_2.png","width":496,"height":190,"caption":"Iraurgi Berritzen"},"image":{"@id":"https:\/\/iraurgiberritzen.eus\/es\/#\/schema\/logo\/image\/"}},{"@type":"Person","@id":"https:\/\/iraurgiberritzen.eus\/es\/#\/schema\/person\/5ab41aaf388a9097177601ebf45738d2","name":"kudeatzailea","sameAs":["https:\/\/iraurgiberritzen.eus"]}]}},"_links":{"self":[{"href":"https:\/\/iraurgiberritzen.eus\/es\/wp-json\/wp\/v2\/posts\/12399","targetHints":{"allow":["GET"]}}],"collection":[{"href":"https:\/\/iraurgiberritzen.eus\/es\/wp-json\/wp\/v2\/posts"}],"about":[{"href":"https:\/\/iraurgiberritzen.eus\/es\/wp-json\/wp\/v2\/types\/post"}],"author":[{"embeddable":true,"href":"https:\/\/iraurgiberritzen.eus\/es\/wp-json\/wp\/v2\/users\/1"}],"replies":[{"embeddable":true,"href":"https:\/\/iraurgiberritzen.eus\/es\/wp-json\/wp\/v2\/comments?post=12399"}],"version-history":[{"count":0,"href":"https:\/\/iraurgiberritzen.eus\/es\/wp-json\/wp\/v2\/posts\/12399\/revisions"}],"wp:featuredmedia":[{"embeddable":true,"href":"https:\/\/iraurgiberritzen.eus\/es\/wp-json\/wp\/v2\/media\/17879"}],"wp:attachment":[{"href":"https:\/\/iraurgiberritzen.eus\/es\/wp-json\/wp\/v2\/media?parent=12399"}],"wp:term":[{"taxonomy":"category","embeddable":true,"href":"https:\/\/iraurgiberritzen.eus\/es\/wp-json\/wp\/v2\/categories?post=12399"},{"taxonomy":"post_tag","embeddable":true,"href":"https:\/\/iraurgiberritzen.eus\/es\/wp-json\/wp\/v2\/tags?post=12399"}],"curies":[{"name":"wp","href":"https:\/\/api.w.org\/{rel}","templated":true}]}}