{"id":12402,"date":"2018-06-14T12:46:37","date_gmt":"2018-06-14T10:46:37","guid":{"rendered":"https:\/\/iraurgiberritzen.eus\/celebrada-por-segundo-ano-consecutivo-la-feria-de-ciencia-y-tecnologia-de-urola-erdia\/"},"modified":"2018-06-14T12:46:37","modified_gmt":"2018-06-14T10:46:37","slug":"celebrada-por-segundo-ano-consecutivo-la-feria-de-ciencia-y-tecnologia-de-urola-erdia","status":"publish","type":"post","link":"https:\/\/iraurgiberritzen.eus\/es\/celebrada-por-segundo-ano-consecutivo-la-feria-de-ciencia-y-tecnologia-de-urola-erdia\/","title":{"rendered":"Celebrada por segundo a\u00f1o consecutivo la Feria de Ciencia y Tecnolog\u00eda de Urola Erdia"},"content":{"rendered":"<p style=\"text-align: justify;\">La iniciativa ha sido promovida por la red de agentes que articula Iraurgi Berritzen -Agencia de desarrollo e innovaci\u00f3n de Urola Erdia- con el objetivo de fomentar la colaboraci\u00f3n entre agentes de la comarca.<\/p>\n<p style=\"text-align: justify;\">De hecho, la iniciativa ha sido promovida por el \u00c1rea de Educaci\u00f3n y durante su desarrollo han participado los 5 centros formativos de la comarca &#8211; Azkoitia BHI, Floreaga Salestar Ikastetxea, Iraurgi Ikastetxea, Azpeitiko Ikastola Ikasberri eta Urola Ikastola -.<\/p>\n<p style=\"text-align: justify;\">Por segundo a\u00f1o consecutivo, el objetivo del proyecto ha sido fomentar competencias cient\u00edficas y tecnol\u00f3gicas entre los j\u00f3venes de la comarca. Mediante esta iniciativa se pretende dar respuesta a las necesidades identificadas en la red de agentes de Iraurgi Berritzen y por tanto, desde el punto de vista comarcal, se entiende necesario promover las capacidades cient\u00edficas y tecnol\u00f3gicas en los centros formativos de la comarca. Durante el desarrollo del proyecto, se ha contado con la participaci\u00f3n de Elhuyar Fundazioa.<\/p>\n<p style=\"text-align: justify;\">La edici\u00f3n de este a\u00f1o ha aportado algunas innovaciones en relaci\u00f3n con la iniciativa que tuvo lugar el a\u00f1o pasado y se ha estructurado en dos fases. Por un lado, se ha organizado un seminario de capacitaci\u00f3n estructurado en dos sesiones a los profesores que imparten asignaturas relacionadas con la ciencia y la tecnolog\u00eda en las escuelas de la comarca, concretamente en los niveles de ESO y Bachillerato. Adem\u00e1s de conocer las bases metodol\u00f3gicas de la orientaci\u00f3n de proyectos, tambi\u00e9n han podido descubrir diferentes experiencias y conocer diferentes proyectos.<\/p>\n<p style=\"text-align: justify;\">En la segunda fase, los profesores de las escuelas han aplicado los conocimientos adquiridos en el seminario y han desarrollado diferentes proyectos con los alumnos. Alrededor de 8-10 profesores de la comarca y 200 j\u00f3venes han estado trabajando en diferentes proyectos.<\/p>\n<p style=\"text-align: justify;\">Durante su desarrollo, han sido guiados por la Fundaci\u00f3n Elhuyar para resolver las dudas que pudieran haber surgido. Adem\u00e1s, gracias a la red de voluntarios investigadores de varias universidades que dispone Elhuyar, los alumnos han tenido la oportunidad de interactuar con diferentes investigadores del Pa\u00eds Vasco. Adem\u00e1s de esclarecer sus dudas, han podido conocer de primera mano la experiencia y la actividad diaria de estos investigadores.<\/p>\n<p style=\"text-align: justify;\">En la Feria se presentaron y exhibieron los proyectos desarrollados durante el a\u00f1o escolar por los centros educativos de la comarca. Hubo 6 proyectos de diferentes campos: Diversidad Forestal (Biolog\u00eda), Cristalograf\u00eda (Geolog\u00eda), Reacciones Qu\u00edmicas (Qu\u00edmica), Ecolog\u00eda del R\u00edo (Biolog\u00eda), Prototipos (Tecnolog\u00eda) y M\u00e9todo Cient\u00edfico (Taller de Matem\u00e1ticas).<\/p>\n<p style=\"text-align: center;\"><span style=\"font-family: Arial, Helvetica, sans-serif; font-size: 12.0097px; text-align: center; background-color: #f9f9f9;\">{myFlickr}photoset_id=72157696535634901{\/myFlickr}&nbsp;<\/span><\/p>\n","protected":false},"excerpt":{"rendered":"<p>La iniciativa ha sido promovida por la red de agentes que articula Iraurgi Berritzen -Agencia de desarrollo e innovaci\u00f3n de Urola Erdia- con el objetivo de fomentar la colaboraci\u00f3n entre agentes de la comarca. De hecho, la iniciativa ha sido promovida por el \u00c1rea de Educaci\u00f3n y durante su desarrollo han participado los 5 centros [&hellip;]<\/p>\n","protected":false},"author":1,"featured_media":17880,"comment_status":"","ping_status":"closed","sticky":false,"template":"","format":"standard","meta":{"_acf_changed":false,"footnotes":""},"categories":[4],"tags":[],"class_list":["post-12402","post","type-post","status-publish","format-standard","has-post-thumbnail","hentry","category-noticias"],"acf":[],"yoast_head":"<!-- This site is optimized with the Yoast SEO plugin v27.4 - https:\/\/yoast.com\/product\/yoast-seo-wordpress\/ -->\n<title>Celebrada por segundo a\u00f1o consecutivo la Feria de Ciencia y Tecnolog\u00eda de Urola Erdia - Iraurgi Berritzen<\/title>\n<meta name=\"robots\" content=\"index, follow, max-snippet:-1, max-image-preview:large, max-video-preview:-1\" \/>\n<link rel=\"canonical\" href=\"https:\/\/iraurgiberritzen.eus\/es\/celebrada-por-segundo-ano-consecutivo-la-feria-de-ciencia-y-tecnologia-de-urola-erdia\/\" \/>\n<meta property=\"og:locale\" content=\"es_ES\" \/>\n<meta property=\"og:type\" content=\"article\" \/>\n<meta property=\"og:title\" content=\"Celebrada por segundo a\u00f1o consecutivo la Feria de Ciencia y Tecnolog\u00eda de Urola Erdia - Iraurgi Berritzen\" \/>\n<meta property=\"og:description\" content=\"La iniciativa ha sido promovida por la red de agentes que articula Iraurgi Berritzen -Agencia de desarrollo e innovaci\u00f3n de Urola Erdia- con el objetivo de fomentar la colaboraci\u00f3n entre agentes de la comarca. De hecho, la iniciativa ha sido promovida por el \u00c1rea de Educaci\u00f3n y durante su desarrollo han participado los 5 centros [&hellip;]\" \/>\n<meta property=\"og:url\" content=\"https:\/\/iraurgiberritzen.eus\/es\/celebrada-por-segundo-ano-consecutivo-la-feria-de-ciencia-y-tecnologia-de-urola-erdia\/\" \/>\n<meta property=\"og:site_name\" content=\"Iraurgi Berritzen\" \/>\n<meta property=\"article:published_time\" content=\"2018-06-14T10:46:37+00:00\" \/>\n<meta name=\"author\" content=\"kudeatzailea\" \/>\n<meta name=\"twitter:card\" content=\"summary_large_image\" \/>\n<meta name=\"twitter:label1\" content=\"Escrito por\" \/>\n\t<meta name=\"twitter:data1\" content=\"kudeatzailea\" \/>\n\t<meta name=\"twitter:label2\" content=\"Tiempo de lectura\" \/>\n\t<meta name=\"twitter:data2\" content=\"2 minutos\" \/>\n<script type=\"application\/ld+json\" class=\"yoast-schema-graph\">{\"@context\":\"https:\\\/\\\/schema.org\",\"@graph\":[{\"@type\":\"Article\",\"@id\":\"https:\\\/\\\/iraurgiberritzen.eus\\\/es\\\/celebrada-por-segundo-ano-consecutivo-la-feria-de-ciencia-y-tecnologia-de-urola-erdia\\\/#article\",\"isPartOf\":{\"@id\":\"https:\\\/\\\/iraurgiberritzen.eus\\\/es\\\/celebrada-por-segundo-ano-consecutivo-la-feria-de-ciencia-y-tecnologia-de-urola-erdia\\\/\"},\"author\":{\"name\":\"kudeatzailea\",\"@id\":\"https:\\\/\\\/iraurgiberritzen.eus\\\/es\\\/#\\\/schema\\\/person\\\/5ab41aaf388a9097177601ebf45738d2\"},\"headline\":\"Celebrada por segundo a\u00f1o consecutivo la Feria de Ciencia y Tecnolog\u00eda de Urola Erdia\",\"datePublished\":\"2018-06-14T10:46:37+00:00\",\"mainEntityOfPage\":{\"@id\":\"https:\\\/\\\/iraurgiberritzen.eus\\\/es\\\/celebrada-por-segundo-ano-consecutivo-la-feria-de-ciencia-y-tecnologia-de-urola-erdia\\\/\"},\"wordCount\":452,\"publisher\":{\"@id\":\"https:\\\/\\\/iraurgiberritzen.eus\\\/es\\\/#organization\"},\"image\":{\"@id\":\"https:\\\/\\\/iraurgiberritzen.eus\\\/es\\\/celebrada-por-segundo-ano-consecutivo-la-feria-de-ciencia-y-tecnologia-de-urola-erdia\\\/#primaryimage\"},\"thumbnailUrl\":\"https:\\\/\\\/iraurgiberritzen.eus\\\/wp-content\\\/uploads\\\/2023\\\/09\\\/90c57ca8306bf148ef75c82407e738af.jpg\",\"articleSection\":[\"Noticias\"],\"inLanguage\":\"es\"},{\"@type\":\"WebPage\",\"@id\":\"https:\\\/\\\/iraurgiberritzen.eus\\\/es\\\/celebrada-por-segundo-ano-consecutivo-la-feria-de-ciencia-y-tecnologia-de-urola-erdia\\\/\",\"url\":\"https:\\\/\\\/iraurgiberritzen.eus\\\/es\\\/celebrada-por-segundo-ano-consecutivo-la-feria-de-ciencia-y-tecnologia-de-urola-erdia\\\/\",\"name\":\"Celebrada por segundo a\u00f1o consecutivo la Feria de Ciencia y Tecnolog\u00eda de Urola Erdia - Iraurgi Berritzen\",\"isPartOf\":{\"@id\":\"https:\\\/\\\/iraurgiberritzen.eus\\\/es\\\/#website\"},\"primaryImageOfPage\":{\"@id\":\"https:\\\/\\\/iraurgiberritzen.eus\\\/es\\\/celebrada-por-segundo-ano-consecutivo-la-feria-de-ciencia-y-tecnologia-de-urola-erdia\\\/#primaryimage\"},\"image\":{\"@id\":\"https:\\\/\\\/iraurgiberritzen.eus\\\/es\\\/celebrada-por-segundo-ano-consecutivo-la-feria-de-ciencia-y-tecnologia-de-urola-erdia\\\/#primaryimage\"},\"thumbnailUrl\":\"https:\\\/\\\/iraurgiberritzen.eus\\\/wp-content\\\/uploads\\\/2023\\\/09\\\/90c57ca8306bf148ef75c82407e738af.jpg\",\"datePublished\":\"2018-06-14T10:46:37+00:00\",\"breadcrumb\":{\"@id\":\"https:\\\/\\\/iraurgiberritzen.eus\\\/es\\\/celebrada-por-segundo-ano-consecutivo-la-feria-de-ciencia-y-tecnologia-de-urola-erdia\\\/#breadcrumb\"},\"inLanguage\":\"es\",\"potentialAction\":[{\"@type\":\"ReadAction\",\"target\":[\"https:\\\/\\\/iraurgiberritzen.eus\\\/es\\\/celebrada-por-segundo-ano-consecutivo-la-feria-de-ciencia-y-tecnologia-de-urola-erdia\\\/\"]}]},{\"@type\":\"ImageObject\",\"inLanguage\":\"es\",\"@id\":\"https:\\\/\\\/iraurgiberritzen.eus\\\/es\\\/celebrada-por-segundo-ano-consecutivo-la-feria-de-ciencia-y-tecnologia-de-urola-erdia\\\/#primaryimage\",\"url\":\"https:\\\/\\\/iraurgiberritzen.eus\\\/wp-content\\\/uploads\\\/2023\\\/09\\\/90c57ca8306bf148ef75c82407e738af.jpg\",\"contentUrl\":\"https:\\\/\\\/iraurgiberritzen.eus\\\/wp-content\\\/uploads\\\/2023\\\/09\\\/90c57ca8306bf148ef75c82407e738af.jpg\",\"width\":600,\"height\":386},{\"@type\":\"BreadcrumbList\",\"@id\":\"https:\\\/\\\/iraurgiberritzen.eus\\\/es\\\/celebrada-por-segundo-ano-consecutivo-la-feria-de-ciencia-y-tecnologia-de-urola-erdia\\\/#breadcrumb\",\"itemListElement\":[{\"@type\":\"ListItem\",\"position\":1,\"name\":\"Home\",\"item\":\"https:\\\/\\\/iraurgiberritzen.eus\\\/es\\\/\"},{\"@type\":\"ListItem\",\"position\":2,\"name\":\"Celebrada por segundo a\u00f1o consecutivo la Feria de Ciencia y Tecnolog\u00eda de Urola Erdia\"}]},{\"@type\":\"WebSite\",\"@id\":\"https:\\\/\\\/iraurgiberritzen.eus\\\/es\\\/#website\",\"url\":\"https:\\\/\\\/iraurgiberritzen.eus\\\/es\\\/\",\"name\":\"Iraurgi Berritzen\",\"description\":\"Urola Erdiko Garapen Agentzia\",\"publisher\":{\"@id\":\"https:\\\/\\\/iraurgiberritzen.eus\\\/es\\\/#organization\"},\"potentialAction\":[{\"@type\":\"SearchAction\",\"target\":{\"@type\":\"EntryPoint\",\"urlTemplate\":\"https:\\\/\\\/iraurgiberritzen.eus\\\/es\\\/?s={search_term_string}\"},\"query-input\":{\"@type\":\"PropertyValueSpecification\",\"valueRequired\":true,\"valueName\":\"search_term_string\"}}],\"inLanguage\":\"es\"},{\"@type\":\"Organization\",\"@id\":\"https:\\\/\\\/iraurgiberritzen.eus\\\/es\\\/#organization\",\"name\":\"Iraurgi Berritzen\",\"url\":\"https:\\\/\\\/iraurgiberritzen.eus\\\/es\\\/\",\"logo\":{\"@type\":\"ImageObject\",\"inLanguage\":\"es\",\"@id\":\"https:\\\/\\\/iraurgiberritzen.eus\\\/es\\\/#\\\/schema\\\/logo\\\/image\\\/\",\"url\":\"https:\\\/\\\/iraurgiberritzen.eus\\\/wp-content\\\/uploads\\\/2024\\\/02\\\/IRAURGI-BERRITZEN-logotipoa_2.png\",\"contentUrl\":\"https:\\\/\\\/iraurgiberritzen.eus\\\/wp-content\\\/uploads\\\/2024\\\/02\\\/IRAURGI-BERRITZEN-logotipoa_2.png\",\"width\":496,\"height\":190,\"caption\":\"Iraurgi Berritzen\"},\"image\":{\"@id\":\"https:\\\/\\\/iraurgiberritzen.eus\\\/es\\\/#\\\/schema\\\/logo\\\/image\\\/\"}},{\"@type\":\"Person\",\"@id\":\"https:\\\/\\\/iraurgiberritzen.eus\\\/es\\\/#\\\/schema\\\/person\\\/5ab41aaf388a9097177601ebf45738d2\",\"name\":\"kudeatzailea\",\"sameAs\":[\"https:\\\/\\\/iraurgiberritzen.eus\"]}]}<\/script>\n<!-- \/ Yoast SEO plugin. -->","yoast_head_json":{"title":"Celebrada por segundo a\u00f1o consecutivo la Feria de Ciencia y Tecnolog\u00eda de Urola Erdia - Iraurgi Berritzen","robots":{"index":"index","follow":"follow","max-snippet":"max-snippet:-1","max-image-preview":"max-image-preview:large","max-video-preview":"max-video-preview:-1"},"canonical":"https:\/\/iraurgiberritzen.eus\/es\/celebrada-por-segundo-ano-consecutivo-la-feria-de-ciencia-y-tecnologia-de-urola-erdia\/","og_locale":"es_ES","og_type":"article","og_title":"Celebrada por segundo a\u00f1o consecutivo la Feria de Ciencia y Tecnolog\u00eda de Urola Erdia - Iraurgi Berritzen","og_description":"La iniciativa ha sido promovida por la red de agentes que articula Iraurgi Berritzen -Agencia de desarrollo e innovaci\u00f3n de Urola Erdia- con el objetivo de fomentar la colaboraci\u00f3n entre agentes de la comarca. De hecho, la iniciativa ha sido promovida por el \u00c1rea de Educaci\u00f3n y durante su desarrollo han participado los 5 centros [&hellip;]","og_url":"https:\/\/iraurgiberritzen.eus\/es\/celebrada-por-segundo-ano-consecutivo-la-feria-de-ciencia-y-tecnologia-de-urola-erdia\/","og_site_name":"Iraurgi Berritzen","article_published_time":"2018-06-14T10:46:37+00:00","author":"kudeatzailea","twitter_card":"summary_large_image","twitter_misc":{"Escrito por":"kudeatzailea","Tiempo de lectura":"2 minutos"},"schema":{"@context":"https:\/\/schema.org","@graph":[{"@type":"Article","@id":"https:\/\/iraurgiberritzen.eus\/es\/celebrada-por-segundo-ano-consecutivo-la-feria-de-ciencia-y-tecnologia-de-urola-erdia\/#article","isPartOf":{"@id":"https:\/\/iraurgiberritzen.eus\/es\/celebrada-por-segundo-ano-consecutivo-la-feria-de-ciencia-y-tecnologia-de-urola-erdia\/"},"author":{"name":"kudeatzailea","@id":"https:\/\/iraurgiberritzen.eus\/es\/#\/schema\/person\/5ab41aaf388a9097177601ebf45738d2"},"headline":"Celebrada por segundo a\u00f1o consecutivo la Feria de Ciencia y Tecnolog\u00eda de Urola Erdia","datePublished":"2018-06-14T10:46:37+00:00","mainEntityOfPage":{"@id":"https:\/\/iraurgiberritzen.eus\/es\/celebrada-por-segundo-ano-consecutivo-la-feria-de-ciencia-y-tecnologia-de-urola-erdia\/"},"wordCount":452,"publisher":{"@id":"https:\/\/iraurgiberritzen.eus\/es\/#organization"},"image":{"@id":"https:\/\/iraurgiberritzen.eus\/es\/celebrada-por-segundo-ano-consecutivo-la-feria-de-ciencia-y-tecnologia-de-urola-erdia\/#primaryimage"},"thumbnailUrl":"https:\/\/iraurgiberritzen.eus\/wp-content\/uploads\/2023\/09\/90c57ca8306bf148ef75c82407e738af.jpg","articleSection":["Noticias"],"inLanguage":"es"},{"@type":"WebPage","@id":"https:\/\/iraurgiberritzen.eus\/es\/celebrada-por-segundo-ano-consecutivo-la-feria-de-ciencia-y-tecnologia-de-urola-erdia\/","url":"https:\/\/iraurgiberritzen.eus\/es\/celebrada-por-segundo-ano-consecutivo-la-feria-de-ciencia-y-tecnologia-de-urola-erdia\/","name":"Celebrada por segundo a\u00f1o consecutivo la Feria de Ciencia y Tecnolog\u00eda de Urola Erdia - Iraurgi Berritzen","isPartOf":{"@id":"https:\/\/iraurgiberritzen.eus\/es\/#website"},"primaryImageOfPage":{"@id":"https:\/\/iraurgiberritzen.eus\/es\/celebrada-por-segundo-ano-consecutivo-la-feria-de-ciencia-y-tecnologia-de-urola-erdia\/#primaryimage"},"image":{"@id":"https:\/\/iraurgiberritzen.eus\/es\/celebrada-por-segundo-ano-consecutivo-la-feria-de-ciencia-y-tecnologia-de-urola-erdia\/#primaryimage"},"thumbnailUrl":"https:\/\/iraurgiberritzen.eus\/wp-content\/uploads\/2023\/09\/90c57ca8306bf148ef75c82407e738af.jpg","datePublished":"2018-06-14T10:46:37+00:00","breadcrumb":{"@id":"https:\/\/iraurgiberritzen.eus\/es\/celebrada-por-segundo-ano-consecutivo-la-feria-de-ciencia-y-tecnologia-de-urola-erdia\/#breadcrumb"},"inLanguage":"es","potentialAction":[{"@type":"ReadAction","target":["https:\/\/iraurgiberritzen.eus\/es\/celebrada-por-segundo-ano-consecutivo-la-feria-de-ciencia-y-tecnologia-de-urola-erdia\/"]}]},{"@type":"ImageObject","inLanguage":"es","@id":"https:\/\/iraurgiberritzen.eus\/es\/celebrada-por-segundo-ano-consecutivo-la-feria-de-ciencia-y-tecnologia-de-urola-erdia\/#primaryimage","url":"https:\/\/iraurgiberritzen.eus\/wp-content\/uploads\/2023\/09\/90c57ca8306bf148ef75c82407e738af.jpg","contentUrl":"https:\/\/iraurgiberritzen.eus\/wp-content\/uploads\/2023\/09\/90c57ca8306bf148ef75c82407e738af.jpg","width":600,"height":386},{"@type":"BreadcrumbList","@id":"https:\/\/iraurgiberritzen.eus\/es\/celebrada-por-segundo-ano-consecutivo-la-feria-de-ciencia-y-tecnologia-de-urola-erdia\/#breadcrumb","itemListElement":[{"@type":"ListItem","position":1,"name":"Home","item":"https:\/\/iraurgiberritzen.eus\/es\/"},{"@type":"ListItem","position":2,"name":"Celebrada por segundo a\u00f1o consecutivo la Feria de Ciencia y Tecnolog\u00eda de Urola Erdia"}]},{"@type":"WebSite","@id":"https:\/\/iraurgiberritzen.eus\/es\/#website","url":"https:\/\/iraurgiberritzen.eus\/es\/","name":"Iraurgi Berritzen","description":"Urola Erdiko Garapen Agentzia","publisher":{"@id":"https:\/\/iraurgiberritzen.eus\/es\/#organization"},"potentialAction":[{"@type":"SearchAction","target":{"@type":"EntryPoint","urlTemplate":"https:\/\/iraurgiberritzen.eus\/es\/?s={search_term_string}"},"query-input":{"@type":"PropertyValueSpecification","valueRequired":true,"valueName":"search_term_string"}}],"inLanguage":"es"},{"@type":"Organization","@id":"https:\/\/iraurgiberritzen.eus\/es\/#organization","name":"Iraurgi Berritzen","url":"https:\/\/iraurgiberritzen.eus\/es\/","logo":{"@type":"ImageObject","inLanguage":"es","@id":"https:\/\/iraurgiberritzen.eus\/es\/#\/schema\/logo\/image\/","url":"https:\/\/iraurgiberritzen.eus\/wp-content\/uploads\/2024\/02\/IRAURGI-BERRITZEN-logotipoa_2.png","contentUrl":"https:\/\/iraurgiberritzen.eus\/wp-content\/uploads\/2024\/02\/IRAURGI-BERRITZEN-logotipoa_2.png","width":496,"height":190,"caption":"Iraurgi Berritzen"},"image":{"@id":"https:\/\/iraurgiberritzen.eus\/es\/#\/schema\/logo\/image\/"}},{"@type":"Person","@id":"https:\/\/iraurgiberritzen.eus\/es\/#\/schema\/person\/5ab41aaf388a9097177601ebf45738d2","name":"kudeatzailea","sameAs":["https:\/\/iraurgiberritzen.eus"]}]}},"_links":{"self":[{"href":"https:\/\/iraurgiberritzen.eus\/es\/wp-json\/wp\/v2\/posts\/12402","targetHints":{"allow":["GET"]}}],"collection":[{"href":"https:\/\/iraurgiberritzen.eus\/es\/wp-json\/wp\/v2\/posts"}],"about":[{"href":"https:\/\/iraurgiberritzen.eus\/es\/wp-json\/wp\/v2\/types\/post"}],"author":[{"embeddable":true,"href":"https:\/\/iraurgiberritzen.eus\/es\/wp-json\/wp\/v2\/users\/1"}],"replies":[{"embeddable":true,"href":"https:\/\/iraurgiberritzen.eus\/es\/wp-json\/wp\/v2\/comments?post=12402"}],"version-history":[{"count":0,"href":"https:\/\/iraurgiberritzen.eus\/es\/wp-json\/wp\/v2\/posts\/12402\/revisions"}],"wp:featuredmedia":[{"embeddable":true,"href":"https:\/\/iraurgiberritzen.eus\/es\/wp-json\/wp\/v2\/media\/17880"}],"wp:attachment":[{"href":"https:\/\/iraurgiberritzen.eus\/es\/wp-json\/wp\/v2\/media?parent=12402"}],"wp:term":[{"taxonomy":"category","embeddable":true,"href":"https:\/\/iraurgiberritzen.eus\/es\/wp-json\/wp\/v2\/categories?post=12402"},{"taxonomy":"post_tag","embeddable":true,"href":"https:\/\/iraurgiberritzen.eus\/es\/wp-json\/wp\/v2\/tags?post=12402"}],"curies":[{"name":"wp","href":"https:\/\/api.w.org\/{rel}","templated":true}]}}