{"id":12405,"date":"2018-06-19T12:46:59","date_gmt":"2018-06-19T10:46:59","guid":{"rendered":"https:\/\/iraurgiberritzen.eus\/diferentes-agentes-profesores-alumnos-y-representantes-locales-trabajando-por-quinto-ano-consecutivo-el-proyecto-elkarrekin-eraikitzen\/"},"modified":"2018-06-19T12:46:59","modified_gmt":"2018-06-19T10:46:59","slug":"diferentes-agentes-profesores-alumnos-y-representantes-locales-trabajando-por-quinto-ano-consecutivo-el-proyecto-elkarrekin-eraikitzen","status":"publish","type":"post","link":"https:\/\/iraurgiberritzen.eus\/es\/diferentes-agentes-profesores-alumnos-y-representantes-locales-trabajando-por-quinto-ano-consecutivo-el-proyecto-elkarrekin-eraikitzen\/","title":{"rendered":"Diferentes agentes, profesores, alumnos y representantes locales trabajando por quinto a\u00f1o consecutivo el proyecto Elkarrekin Eraikitzen"},"content":{"rendered":"<p style=\"text-align: justify;\">El proyecto nace en el seno de IB Sarea, red de colaboraci\u00f3n entre agentes dinamizada por Iraurgi Berritzen y adem\u00e1s de los centros educativos de la comarca han participado numerosos agentes en el desarrollo del proyecto.<\/p>\n<p style=\"text-align: justify;\">Esta quinta edici\u00f3n del proyecto ha concluido con la celebraci\u00f3n del evento final el 19 de Junio en \u00abElkargunea\u00bb de Azkoitia.<\/p>\n<p style=\"text-align: justify;\">Durante el desarrollo del proyecto Elkarrekin Eraikitzen, el alumno es protagonista de su propio proceso de aprendizaje y pretende dar respuesta a 3 objetivos principales. En primer lugar, tiene como objetivo promover los valores y capacidades vinculados al emprendizaje, entre otras, la iniciativa o la capacidad de comunicaci\u00f3n. En segundo lugar, el proyecto ofrece a los profesores la posibilidad de experimentar con nuevas metodolog\u00edas de ense\u00f1anza. En tercer lugar, el proyecto pretende ofrecer informaci\u00f3n a los alumnos de la situaci\u00f3n socioecon\u00f3mica de la comarca, para que tomen sus decisiones con la mayor informaci\u00f3n posible, antes de entrar en el mundo laboral. Durante el proceso han participado alumnos de 3\u00ba y 4\u00ba de la ESO y estos organizados en grupos peque\u00f1os han trabajado 9 retos reales propuestos por Iraurgi Berritzen.<\/p>\n<p style=\"text-align: justify;\">En el desarrollo del proyecto han participado 5 centros educativos de la comarca (Azkoitia BHI, Floreaga Salestar Ikastetxea, Iraurgi Ikastetxea, Ikasberri Azpeitiko Ikastola y Urola Ikastola) y ha sido coordinado por Iraurgi Berritzen.<\/p>\n<p style=\"text-align: justify;\">La jornada fue estructurada en dos partes principales. Por un lado, presentaron los retos trabajados durante el curso, y en concreto exponieron los conceptos aprendidos durante el proceso y sus propias vivencias. Por otro lado, se celebr\u00f3 un coloquio con la ayuda de alumnos de diferentes centros educativos. Entre otras cuestiones, se subray\u00f3 la \u00aboportunidad que brinda el proyecto para conocer la realidad de la comarca\u00bb y su vez, los alumnos recalcaban \u00abla buena disposici\u00f3n de los agentes\u00bb para reunirse con ellos. Por \u00faltimo, se puso en valor la oportunidad que ofrece el proyecto \u00abpara trabajar seg\u00fan sus propios intereses y conocer el d\u00eda a d\u00eda de los agentes\u00bb.<\/p>\n<p style=\"text-align: justify;\">En general, la valoraci\u00f3n del proyecto ha sido muy positiva y los datos de participaci\u00f3n han sido exitosas. Durante el proyecto han participado, 5 centros de ense\u00f1anza, 9 profesores y m\u00e1s de 180 alumnos. Adem\u00e1s, en las entrevistas y estudios realizados por los alumnos, han participado m\u00e1s de 40 agentes de la comarca.<\/p>\n<p style=\"text-align: center;\"><span style=\"font-family: Arial, Helvetica, sans-serif; font-size: 12.0097px; text-align: center; background-color: #f9f9f9;\">{myFlickr}photoset_id=72157697737959924{\/myFlickr}<\/span><\/p>\n","protected":false},"excerpt":{"rendered":"<p>El proyecto nace en el seno de IB Sarea, red de colaboraci\u00f3n entre agentes dinamizada por Iraurgi Berritzen y adem\u00e1s de los centros educativos de la comarca han participado numerosos agentes en el desarrollo del proyecto. Esta quinta edici\u00f3n del proyecto ha concluido con la celebraci\u00f3n del evento final el 19 de Junio en \u00abElkargunea\u00bb [&hellip;]<\/p>\n","protected":false},"author":1,"featured_media":17881,"comment_status":"closed","ping_status":"closed","sticky":false,"template":"","format":"standard","meta":{"_acf_changed":false,"footnotes":""},"categories":[4],"tags":[],"class_list":["post-12405","post","type-post","status-publish","format-standard","has-post-thumbnail","hentry","category-noticias"],"acf":[],"yoast_head":"<!-- This site is optimized with the Yoast SEO plugin v27.4 - https:\/\/yoast.com\/product\/yoast-seo-wordpress\/ -->\n<title>Diferentes agentes, profesores, alumnos y representantes locales trabajando por quinto a\u00f1o consecutivo el proyecto Elkarrekin Eraikitzen - Iraurgi Berritzen<\/title>\n<meta name=\"robots\" content=\"index, follow, max-snippet:-1, max-image-preview:large, max-video-preview:-1\" \/>\n<link rel=\"canonical\" href=\"https:\/\/iraurgiberritzen.eus\/es\/diferentes-agentes-profesores-alumnos-y-representantes-locales-trabajando-por-quinto-ano-consecutivo-el-proyecto-elkarrekin-eraikitzen\/\" \/>\n<meta property=\"og:locale\" content=\"es_ES\" \/>\n<meta property=\"og:type\" content=\"article\" \/>\n<meta property=\"og:title\" content=\"Diferentes agentes, profesores, alumnos y representantes locales trabajando por quinto a\u00f1o consecutivo el proyecto Elkarrekin Eraikitzen - Iraurgi Berritzen\" \/>\n<meta property=\"og:description\" content=\"El proyecto nace en el seno de IB Sarea, red de colaboraci\u00f3n entre agentes dinamizada por Iraurgi Berritzen y adem\u00e1s de los centros educativos de la comarca han participado numerosos agentes en el desarrollo del proyecto. Esta quinta edici\u00f3n del proyecto ha concluido con la celebraci\u00f3n del evento final el 19 de Junio en \u00abElkargunea\u00bb [&hellip;]\" \/>\n<meta property=\"og:url\" content=\"https:\/\/iraurgiberritzen.eus\/es\/diferentes-agentes-profesores-alumnos-y-representantes-locales-trabajando-por-quinto-ano-consecutivo-el-proyecto-elkarrekin-eraikitzen\/\" \/>\n<meta property=\"og:site_name\" content=\"Iraurgi Berritzen\" \/>\n<meta property=\"article:published_time\" content=\"2018-06-19T10:46:59+00:00\" \/>\n<meta name=\"author\" content=\"kudeatzailea\" \/>\n<meta name=\"twitter:card\" content=\"summary_large_image\" \/>\n<meta name=\"twitter:label1\" content=\"Escrito por\" \/>\n\t<meta name=\"twitter:data1\" content=\"kudeatzailea\" \/>\n\t<meta name=\"twitter:label2\" content=\"Tiempo de lectura\" \/>\n\t<meta name=\"twitter:data2\" content=\"2 minutos\" \/>\n<script type=\"application\/ld+json\" class=\"yoast-schema-graph\">{\"@context\":\"https:\\\/\\\/schema.org\",\"@graph\":[{\"@type\":\"Article\",\"@id\":\"https:\\\/\\\/iraurgiberritzen.eus\\\/es\\\/diferentes-agentes-profesores-alumnos-y-representantes-locales-trabajando-por-quinto-ano-consecutivo-el-proyecto-elkarrekin-eraikitzen\\\/#article\",\"isPartOf\":{\"@id\":\"https:\\\/\\\/iraurgiberritzen.eus\\\/es\\\/diferentes-agentes-profesores-alumnos-y-representantes-locales-trabajando-por-quinto-ano-consecutivo-el-proyecto-elkarrekin-eraikitzen\\\/\"},\"author\":{\"name\":\"kudeatzailea\",\"@id\":\"https:\\\/\\\/iraurgiberritzen.eus\\\/es\\\/#\\\/schema\\\/person\\\/5ab41aaf388a9097177601ebf45738d2\"},\"headline\":\"Diferentes agentes, profesores, alumnos y representantes locales trabajando por quinto a\u00f1o consecutivo el proyecto Elkarrekin Eraikitzen\",\"datePublished\":\"2018-06-19T10:46:59+00:00\",\"mainEntityOfPage\":{\"@id\":\"https:\\\/\\\/iraurgiberritzen.eus\\\/es\\\/diferentes-agentes-profesores-alumnos-y-representantes-locales-trabajando-por-quinto-ano-consecutivo-el-proyecto-elkarrekin-eraikitzen\\\/\"},\"wordCount\":414,\"publisher\":{\"@id\":\"https:\\\/\\\/iraurgiberritzen.eus\\\/es\\\/#organization\"},\"image\":{\"@id\":\"https:\\\/\\\/iraurgiberritzen.eus\\\/es\\\/diferentes-agentes-profesores-alumnos-y-representantes-locales-trabajando-por-quinto-ano-consecutivo-el-proyecto-elkarrekin-eraikitzen\\\/#primaryimage\"},\"thumbnailUrl\":\"https:\\\/\\\/iraurgiberritzen.eus\\\/wp-content\\\/uploads\\\/2023\\\/09\\\/c3562f2e9521020de502f370ac3fbe48.jpg\",\"articleSection\":[\"Noticias\"],\"inLanguage\":\"es\"},{\"@type\":\"WebPage\",\"@id\":\"https:\\\/\\\/iraurgiberritzen.eus\\\/es\\\/diferentes-agentes-profesores-alumnos-y-representantes-locales-trabajando-por-quinto-ano-consecutivo-el-proyecto-elkarrekin-eraikitzen\\\/\",\"url\":\"https:\\\/\\\/iraurgiberritzen.eus\\\/es\\\/diferentes-agentes-profesores-alumnos-y-representantes-locales-trabajando-por-quinto-ano-consecutivo-el-proyecto-elkarrekin-eraikitzen\\\/\",\"name\":\"Diferentes agentes, profesores, alumnos y representantes locales trabajando por quinto a\u00f1o consecutivo el proyecto Elkarrekin Eraikitzen - Iraurgi Berritzen\",\"isPartOf\":{\"@id\":\"https:\\\/\\\/iraurgiberritzen.eus\\\/es\\\/#website\"},\"primaryImageOfPage\":{\"@id\":\"https:\\\/\\\/iraurgiberritzen.eus\\\/es\\\/diferentes-agentes-profesores-alumnos-y-representantes-locales-trabajando-por-quinto-ano-consecutivo-el-proyecto-elkarrekin-eraikitzen\\\/#primaryimage\"},\"image\":{\"@id\":\"https:\\\/\\\/iraurgiberritzen.eus\\\/es\\\/diferentes-agentes-profesores-alumnos-y-representantes-locales-trabajando-por-quinto-ano-consecutivo-el-proyecto-elkarrekin-eraikitzen\\\/#primaryimage\"},\"thumbnailUrl\":\"https:\\\/\\\/iraurgiberritzen.eus\\\/wp-content\\\/uploads\\\/2023\\\/09\\\/c3562f2e9521020de502f370ac3fbe48.jpg\",\"datePublished\":\"2018-06-19T10:46:59+00:00\",\"breadcrumb\":{\"@id\":\"https:\\\/\\\/iraurgiberritzen.eus\\\/es\\\/diferentes-agentes-profesores-alumnos-y-representantes-locales-trabajando-por-quinto-ano-consecutivo-el-proyecto-elkarrekin-eraikitzen\\\/#breadcrumb\"},\"inLanguage\":\"es\",\"potentialAction\":[{\"@type\":\"ReadAction\",\"target\":[\"https:\\\/\\\/iraurgiberritzen.eus\\\/es\\\/diferentes-agentes-profesores-alumnos-y-representantes-locales-trabajando-por-quinto-ano-consecutivo-el-proyecto-elkarrekin-eraikitzen\\\/\"]}]},{\"@type\":\"ImageObject\",\"inLanguage\":\"es\",\"@id\":\"https:\\\/\\\/iraurgiberritzen.eus\\\/es\\\/diferentes-agentes-profesores-alumnos-y-representantes-locales-trabajando-por-quinto-ano-consecutivo-el-proyecto-elkarrekin-eraikitzen\\\/#primaryimage\",\"url\":\"https:\\\/\\\/iraurgiberritzen.eus\\\/wp-content\\\/uploads\\\/2023\\\/09\\\/c3562f2e9521020de502f370ac3fbe48.jpg\",\"contentUrl\":\"https:\\\/\\\/iraurgiberritzen.eus\\\/wp-content\\\/uploads\\\/2023\\\/09\\\/c3562f2e9521020de502f370ac3fbe48.jpg\",\"width\":600,\"height\":386},{\"@type\":\"BreadcrumbList\",\"@id\":\"https:\\\/\\\/iraurgiberritzen.eus\\\/es\\\/diferentes-agentes-profesores-alumnos-y-representantes-locales-trabajando-por-quinto-ano-consecutivo-el-proyecto-elkarrekin-eraikitzen\\\/#breadcrumb\",\"itemListElement\":[{\"@type\":\"ListItem\",\"position\":1,\"name\":\"Home\",\"item\":\"https:\\\/\\\/iraurgiberritzen.eus\\\/es\\\/\"},{\"@type\":\"ListItem\",\"position\":2,\"name\":\"Diferentes agentes, profesores, alumnos y representantes locales trabajando por quinto a\u00f1o consecutivo el proyecto Elkarrekin Eraikitzen\"}]},{\"@type\":\"WebSite\",\"@id\":\"https:\\\/\\\/iraurgiberritzen.eus\\\/es\\\/#website\",\"url\":\"https:\\\/\\\/iraurgiberritzen.eus\\\/es\\\/\",\"name\":\"Iraurgi Berritzen\",\"description\":\"Urola Erdiko Garapen Agentzia\",\"publisher\":{\"@id\":\"https:\\\/\\\/iraurgiberritzen.eus\\\/es\\\/#organization\"},\"potentialAction\":[{\"@type\":\"SearchAction\",\"target\":{\"@type\":\"EntryPoint\",\"urlTemplate\":\"https:\\\/\\\/iraurgiberritzen.eus\\\/es\\\/?s={search_term_string}\"},\"query-input\":{\"@type\":\"PropertyValueSpecification\",\"valueRequired\":true,\"valueName\":\"search_term_string\"}}],\"inLanguage\":\"es\"},{\"@type\":\"Organization\",\"@id\":\"https:\\\/\\\/iraurgiberritzen.eus\\\/es\\\/#organization\",\"name\":\"Iraurgi Berritzen\",\"url\":\"https:\\\/\\\/iraurgiberritzen.eus\\\/es\\\/\",\"logo\":{\"@type\":\"ImageObject\",\"inLanguage\":\"es\",\"@id\":\"https:\\\/\\\/iraurgiberritzen.eus\\\/es\\\/#\\\/schema\\\/logo\\\/image\\\/\",\"url\":\"https:\\\/\\\/iraurgiberritzen.eus\\\/wp-content\\\/uploads\\\/2024\\\/02\\\/IRAURGI-BERRITZEN-logotipoa_2.png\",\"contentUrl\":\"https:\\\/\\\/iraurgiberritzen.eus\\\/wp-content\\\/uploads\\\/2024\\\/02\\\/IRAURGI-BERRITZEN-logotipoa_2.png\",\"width\":496,\"height\":190,\"caption\":\"Iraurgi Berritzen\"},\"image\":{\"@id\":\"https:\\\/\\\/iraurgiberritzen.eus\\\/es\\\/#\\\/schema\\\/logo\\\/image\\\/\"}},{\"@type\":\"Person\",\"@id\":\"https:\\\/\\\/iraurgiberritzen.eus\\\/es\\\/#\\\/schema\\\/person\\\/5ab41aaf388a9097177601ebf45738d2\",\"name\":\"kudeatzailea\",\"sameAs\":[\"https:\\\/\\\/iraurgiberritzen.eus\"]}]}<\/script>\n<!-- \/ Yoast SEO plugin. -->","yoast_head_json":{"title":"Diferentes agentes, profesores, alumnos y representantes locales trabajando por quinto a\u00f1o consecutivo el proyecto Elkarrekin Eraikitzen - Iraurgi Berritzen","robots":{"index":"index","follow":"follow","max-snippet":"max-snippet:-1","max-image-preview":"max-image-preview:large","max-video-preview":"max-video-preview:-1"},"canonical":"https:\/\/iraurgiberritzen.eus\/es\/diferentes-agentes-profesores-alumnos-y-representantes-locales-trabajando-por-quinto-ano-consecutivo-el-proyecto-elkarrekin-eraikitzen\/","og_locale":"es_ES","og_type":"article","og_title":"Diferentes agentes, profesores, alumnos y representantes locales trabajando por quinto a\u00f1o consecutivo el proyecto Elkarrekin Eraikitzen - Iraurgi Berritzen","og_description":"El proyecto nace en el seno de IB Sarea, red de colaboraci\u00f3n entre agentes dinamizada por Iraurgi Berritzen y adem\u00e1s de los centros educativos de la comarca han participado numerosos agentes en el desarrollo del proyecto. Esta quinta edici\u00f3n del proyecto ha concluido con la celebraci\u00f3n del evento final el 19 de Junio en \u00abElkargunea\u00bb [&hellip;]","og_url":"https:\/\/iraurgiberritzen.eus\/es\/diferentes-agentes-profesores-alumnos-y-representantes-locales-trabajando-por-quinto-ano-consecutivo-el-proyecto-elkarrekin-eraikitzen\/","og_site_name":"Iraurgi Berritzen","article_published_time":"2018-06-19T10:46:59+00:00","author":"kudeatzailea","twitter_card":"summary_large_image","twitter_misc":{"Escrito por":"kudeatzailea","Tiempo de lectura":"2 minutos"},"schema":{"@context":"https:\/\/schema.org","@graph":[{"@type":"Article","@id":"https:\/\/iraurgiberritzen.eus\/es\/diferentes-agentes-profesores-alumnos-y-representantes-locales-trabajando-por-quinto-ano-consecutivo-el-proyecto-elkarrekin-eraikitzen\/#article","isPartOf":{"@id":"https:\/\/iraurgiberritzen.eus\/es\/diferentes-agentes-profesores-alumnos-y-representantes-locales-trabajando-por-quinto-ano-consecutivo-el-proyecto-elkarrekin-eraikitzen\/"},"author":{"name":"kudeatzailea","@id":"https:\/\/iraurgiberritzen.eus\/es\/#\/schema\/person\/5ab41aaf388a9097177601ebf45738d2"},"headline":"Diferentes agentes, profesores, alumnos y representantes locales trabajando por quinto a\u00f1o consecutivo el proyecto Elkarrekin Eraikitzen","datePublished":"2018-06-19T10:46:59+00:00","mainEntityOfPage":{"@id":"https:\/\/iraurgiberritzen.eus\/es\/diferentes-agentes-profesores-alumnos-y-representantes-locales-trabajando-por-quinto-ano-consecutivo-el-proyecto-elkarrekin-eraikitzen\/"},"wordCount":414,"publisher":{"@id":"https:\/\/iraurgiberritzen.eus\/es\/#organization"},"image":{"@id":"https:\/\/iraurgiberritzen.eus\/es\/diferentes-agentes-profesores-alumnos-y-representantes-locales-trabajando-por-quinto-ano-consecutivo-el-proyecto-elkarrekin-eraikitzen\/#primaryimage"},"thumbnailUrl":"https:\/\/iraurgiberritzen.eus\/wp-content\/uploads\/2023\/09\/c3562f2e9521020de502f370ac3fbe48.jpg","articleSection":["Noticias"],"inLanguage":"es"},{"@type":"WebPage","@id":"https:\/\/iraurgiberritzen.eus\/es\/diferentes-agentes-profesores-alumnos-y-representantes-locales-trabajando-por-quinto-ano-consecutivo-el-proyecto-elkarrekin-eraikitzen\/","url":"https:\/\/iraurgiberritzen.eus\/es\/diferentes-agentes-profesores-alumnos-y-representantes-locales-trabajando-por-quinto-ano-consecutivo-el-proyecto-elkarrekin-eraikitzen\/","name":"Diferentes agentes, profesores, alumnos y representantes locales trabajando por quinto a\u00f1o consecutivo el proyecto Elkarrekin Eraikitzen - Iraurgi Berritzen","isPartOf":{"@id":"https:\/\/iraurgiberritzen.eus\/es\/#website"},"primaryImageOfPage":{"@id":"https:\/\/iraurgiberritzen.eus\/es\/diferentes-agentes-profesores-alumnos-y-representantes-locales-trabajando-por-quinto-ano-consecutivo-el-proyecto-elkarrekin-eraikitzen\/#primaryimage"},"image":{"@id":"https:\/\/iraurgiberritzen.eus\/es\/diferentes-agentes-profesores-alumnos-y-representantes-locales-trabajando-por-quinto-ano-consecutivo-el-proyecto-elkarrekin-eraikitzen\/#primaryimage"},"thumbnailUrl":"https:\/\/iraurgiberritzen.eus\/wp-content\/uploads\/2023\/09\/c3562f2e9521020de502f370ac3fbe48.jpg","datePublished":"2018-06-19T10:46:59+00:00","breadcrumb":{"@id":"https:\/\/iraurgiberritzen.eus\/es\/diferentes-agentes-profesores-alumnos-y-representantes-locales-trabajando-por-quinto-ano-consecutivo-el-proyecto-elkarrekin-eraikitzen\/#breadcrumb"},"inLanguage":"es","potentialAction":[{"@type":"ReadAction","target":["https:\/\/iraurgiberritzen.eus\/es\/diferentes-agentes-profesores-alumnos-y-representantes-locales-trabajando-por-quinto-ano-consecutivo-el-proyecto-elkarrekin-eraikitzen\/"]}]},{"@type":"ImageObject","inLanguage":"es","@id":"https:\/\/iraurgiberritzen.eus\/es\/diferentes-agentes-profesores-alumnos-y-representantes-locales-trabajando-por-quinto-ano-consecutivo-el-proyecto-elkarrekin-eraikitzen\/#primaryimage","url":"https:\/\/iraurgiberritzen.eus\/wp-content\/uploads\/2023\/09\/c3562f2e9521020de502f370ac3fbe48.jpg","contentUrl":"https:\/\/iraurgiberritzen.eus\/wp-content\/uploads\/2023\/09\/c3562f2e9521020de502f370ac3fbe48.jpg","width":600,"height":386},{"@type":"BreadcrumbList","@id":"https:\/\/iraurgiberritzen.eus\/es\/diferentes-agentes-profesores-alumnos-y-representantes-locales-trabajando-por-quinto-ano-consecutivo-el-proyecto-elkarrekin-eraikitzen\/#breadcrumb","itemListElement":[{"@type":"ListItem","position":1,"name":"Home","item":"https:\/\/iraurgiberritzen.eus\/es\/"},{"@type":"ListItem","position":2,"name":"Diferentes agentes, profesores, alumnos y representantes locales trabajando por quinto a\u00f1o consecutivo el proyecto Elkarrekin Eraikitzen"}]},{"@type":"WebSite","@id":"https:\/\/iraurgiberritzen.eus\/es\/#website","url":"https:\/\/iraurgiberritzen.eus\/es\/","name":"Iraurgi Berritzen","description":"Urola Erdiko Garapen Agentzia","publisher":{"@id":"https:\/\/iraurgiberritzen.eus\/es\/#organization"},"potentialAction":[{"@type":"SearchAction","target":{"@type":"EntryPoint","urlTemplate":"https:\/\/iraurgiberritzen.eus\/es\/?s={search_term_string}"},"query-input":{"@type":"PropertyValueSpecification","valueRequired":true,"valueName":"search_term_string"}}],"inLanguage":"es"},{"@type":"Organization","@id":"https:\/\/iraurgiberritzen.eus\/es\/#organization","name":"Iraurgi Berritzen","url":"https:\/\/iraurgiberritzen.eus\/es\/","logo":{"@type":"ImageObject","inLanguage":"es","@id":"https:\/\/iraurgiberritzen.eus\/es\/#\/schema\/logo\/image\/","url":"https:\/\/iraurgiberritzen.eus\/wp-content\/uploads\/2024\/02\/IRAURGI-BERRITZEN-logotipoa_2.png","contentUrl":"https:\/\/iraurgiberritzen.eus\/wp-content\/uploads\/2024\/02\/IRAURGI-BERRITZEN-logotipoa_2.png","width":496,"height":190,"caption":"Iraurgi Berritzen"},"image":{"@id":"https:\/\/iraurgiberritzen.eus\/es\/#\/schema\/logo\/image\/"}},{"@type":"Person","@id":"https:\/\/iraurgiberritzen.eus\/es\/#\/schema\/person\/5ab41aaf388a9097177601ebf45738d2","name":"kudeatzailea","sameAs":["https:\/\/iraurgiberritzen.eus"]}]}},"_links":{"self":[{"href":"https:\/\/iraurgiberritzen.eus\/es\/wp-json\/wp\/v2\/posts\/12405","targetHints":{"allow":["GET"]}}],"collection":[{"href":"https:\/\/iraurgiberritzen.eus\/es\/wp-json\/wp\/v2\/posts"}],"about":[{"href":"https:\/\/iraurgiberritzen.eus\/es\/wp-json\/wp\/v2\/types\/post"}],"author":[{"embeddable":true,"href":"https:\/\/iraurgiberritzen.eus\/es\/wp-json\/wp\/v2\/users\/1"}],"replies":[{"embeddable":true,"href":"https:\/\/iraurgiberritzen.eus\/es\/wp-json\/wp\/v2\/comments?post=12405"}],"version-history":[{"count":0,"href":"https:\/\/iraurgiberritzen.eus\/es\/wp-json\/wp\/v2\/posts\/12405\/revisions"}],"wp:featuredmedia":[{"embeddable":true,"href":"https:\/\/iraurgiberritzen.eus\/es\/wp-json\/wp\/v2\/media\/17881"}],"wp:attachment":[{"href":"https:\/\/iraurgiberritzen.eus\/es\/wp-json\/wp\/v2\/media?parent=12405"}],"wp:term":[{"taxonomy":"category","embeddable":true,"href":"https:\/\/iraurgiberritzen.eus\/es\/wp-json\/wp\/v2\/categories?post=12405"},{"taxonomy":"post_tag","embeddable":true,"href":"https:\/\/iraurgiberritzen.eus\/es\/wp-json\/wp\/v2\/tags?post=12405"}],"curies":[{"name":"wp","href":"https:\/\/api.w.org\/{rel}","templated":true}]}}