{"id":12411,"date":"2018-06-26T06:28:16","date_gmt":"2018-06-26T04:28:16","guid":{"rendered":"https:\/\/iraurgiberritzen.eus\/el-foro-urolanprest-ha-analizado-la-evolucion-del-desempleo-y-priorizado-acciones-para-fortalecer-la-oferta-formativa-en-urola-erdia\/"},"modified":"2018-06-26T06:28:16","modified_gmt":"2018-06-26T04:28:16","slug":"el-foro-urolanprest-ha-analizado-la-evolucion-del-desempleo-y-priorizado-acciones-para-fortalecer-la-oferta-formativa-en-urola-erdia","status":"publish","type":"post","link":"https:\/\/iraurgiberritzen.eus\/es\/el-foro-urolanprest-ha-analizado-la-evolucion-del-desempleo-y-priorizado-acciones-para-fortalecer-la-oferta-formativa-en-urola-erdia\/","title":{"rendered":"El foro Urolanprest ha analizado la evoluci\u00f3n del desempleo y priorizado acciones para fortalecer la oferta formativa en Urola Erdia"},"content":{"rendered":"<p>El pasado 15 de junio los agentes de Empleo y Formaci\u00f3n de Urola Erdia que forman el foro Urolanprest se han reunido en Azpeitia con los representantes de los Ayuntamientos, bajo la coordinaci\u00f3n de Iraurgi Berritzen.<\/p>\n<p style=\"text-align: justify;\">El objetivo de Urolanprest Gunea, es ser el punto de encuentro de referencia que re\u00fana la informaci\u00f3n y oferta global de agentes de empleo, orientaci\u00f3n y formaci\u00f3n para el empleo en Urola Erdia, para desarrollar proyectos en funci\u00f3n de las necesidades comunes de los agentes.<\/p>\n<p style=\"text-align: justify;\">En esta l\u00ednea, se analizaron diversos temas en la reuni\u00f3n dinamizada por IB:<\/p>\n<ol style=\"text-align: justify;\">\n<li>Se confirm\u00f3 la evoluci\u00f3n positiva de la web urolanprest, subrayando los cerca de 1.200 seguidores que logra cada mes.<\/li>\n<li>Iraurgi Berritzen present\u00f3 los datos de desempleo de Urola Erdia, en concreto, caracter\u00edsticas del perfil del desempleado, en lo que se refiere al primer trimestre de 2018. Cabe mencionar, que seg\u00fan los datos de marzo de este a\u00f1o, actualmente hay 1.363 personas en desempleo en la comarca, lo que supone un \u00edndice de desempleo de un (8,8%) de los cuales el (6,7%) son hombres y (11,4%) mujeres. El 67% de las personas desempleadas tiene un nivel de formaci\u00f3n b\u00e1sico.<\/li>\n<li>Se presentaron los perfiles m\u00e1s demandados de las ofertas de trabajo que se reciben en el centro de empleo de Iraurgi Berritzen. Entre ellos, son de subrayar los perfiles de ciclos de formaci\u00f3n profesional superior que demandan las empresas industriales.<\/li>\n<li>Los agentes informaron sobre los servicios, y cursos que ofrecer\u00e1n a los desempleados en los pr\u00f3ximos meses, teniendo en cuenta los perfiles de las personas desempleadas de la comarca.<\/li>\n<\/ol>\n<p style=\"text-align: justify;\">Para finalizar, se analizaron y valoraron los avances realizados en las acciones propuestas por los agentes en la pasada reuni\u00f3n, confirm\u00e1ndose las acciones prioritarias para los pr\u00f3ximos meses: dirigir a las personas desempleadas a la formaci\u00f3n, reforzar las relaciones con instituciones para dar nuevos cursos, organizar cursos con compromiso de contrataci\u00f3n, y programas de orientaci\u00f3n con cursos t\u00e9cnicos.<\/p>\n<p style=\"text-align: justify;\">Los agentes y representantes locales valoraron positivamente la din\u00e1mica del foro de colaboraci\u00f3n Urolanprest.<\/p>\n","protected":false},"excerpt":{"rendered":"<p>El pasado 15 de junio los agentes de Empleo y Formaci\u00f3n de Urola Erdia que forman el foro Urolanprest se han reunido en Azpeitia con los representantes de los Ayuntamientos, bajo la coordinaci\u00f3n de Iraurgi Berritzen. El objetivo de Urolanprest Gunea, es ser el punto de encuentro de referencia que re\u00fana la informaci\u00f3n y oferta [&hellip;]<\/p>\n","protected":false},"author":1,"featured_media":17883,"comment_status":"","ping_status":"closed","sticky":false,"template":"","format":"standard","meta":{"_acf_changed":false,"footnotes":""},"categories":[4],"tags":[],"class_list":["post-12411","post","type-post","status-publish","format-standard","has-post-thumbnail","hentry","category-noticias"],"acf":[],"yoast_head":"<!-- This site is optimized with the Yoast SEO plugin v27.4 - https:\/\/yoast.com\/product\/yoast-seo-wordpress\/ -->\n<title>El foro Urolanprest ha analizado la evoluci\u00f3n del desempleo y priorizado acciones para fortalecer la oferta formativa en Urola Erdia - Iraurgi Berritzen<\/title>\n<meta name=\"robots\" content=\"index, follow, max-snippet:-1, max-image-preview:large, max-video-preview:-1\" \/>\n<link rel=\"canonical\" href=\"https:\/\/iraurgiberritzen.eus\/es\/el-foro-urolanprest-ha-analizado-la-evolucion-del-desempleo-y-priorizado-acciones-para-fortalecer-la-oferta-formativa-en-urola-erdia\/\" \/>\n<meta property=\"og:locale\" content=\"es_ES\" \/>\n<meta property=\"og:type\" content=\"article\" \/>\n<meta property=\"og:title\" content=\"El foro Urolanprest ha analizado la evoluci\u00f3n del desempleo y priorizado acciones para fortalecer la oferta formativa en Urola Erdia - Iraurgi Berritzen\" \/>\n<meta property=\"og:description\" content=\"El pasado 15 de junio los agentes de Empleo y Formaci\u00f3n de Urola Erdia que forman el foro Urolanprest se han reunido en Azpeitia con los representantes de los Ayuntamientos, bajo la coordinaci\u00f3n de Iraurgi Berritzen. El objetivo de Urolanprest Gunea, es ser el punto de encuentro de referencia que re\u00fana la informaci\u00f3n y oferta [&hellip;]\" \/>\n<meta property=\"og:url\" content=\"https:\/\/iraurgiberritzen.eus\/es\/el-foro-urolanprest-ha-analizado-la-evolucion-del-desempleo-y-priorizado-acciones-para-fortalecer-la-oferta-formativa-en-urola-erdia\/\" \/>\n<meta property=\"og:site_name\" content=\"Iraurgi Berritzen\" \/>\n<meta property=\"article:published_time\" content=\"2018-06-26T04:28:16+00:00\" \/>\n<meta name=\"author\" content=\"kudeatzailea\" \/>\n<meta name=\"twitter:card\" content=\"summary_large_image\" \/>\n<meta name=\"twitter:label1\" content=\"Escrito por\" \/>\n\t<meta name=\"twitter:data1\" content=\"kudeatzailea\" \/>\n\t<meta name=\"twitter:label2\" content=\"Tiempo de lectura\" \/>\n\t<meta name=\"twitter:data2\" content=\"2 minutos\" \/>\n<script type=\"application\/ld+json\" class=\"yoast-schema-graph\">{\"@context\":\"https:\\\/\\\/schema.org\",\"@graph\":[{\"@type\":\"Article\",\"@id\":\"https:\\\/\\\/iraurgiberritzen.eus\\\/es\\\/el-foro-urolanprest-ha-analizado-la-evolucion-del-desempleo-y-priorizado-acciones-para-fortalecer-la-oferta-formativa-en-urola-erdia\\\/#article\",\"isPartOf\":{\"@id\":\"https:\\\/\\\/iraurgiberritzen.eus\\\/es\\\/el-foro-urolanprest-ha-analizado-la-evolucion-del-desempleo-y-priorizado-acciones-para-fortalecer-la-oferta-formativa-en-urola-erdia\\\/\"},\"author\":{\"name\":\"kudeatzailea\",\"@id\":\"https:\\\/\\\/iraurgiberritzen.eus\\\/es\\\/#\\\/schema\\\/person\\\/5ab41aaf388a9097177601ebf45738d2\"},\"headline\":\"El foro Urolanprest ha analizado la evoluci\u00f3n del desempleo y priorizado acciones para fortalecer la oferta formativa en Urola Erdia\",\"datePublished\":\"2018-06-26T04:28:16+00:00\",\"mainEntityOfPage\":{\"@id\":\"https:\\\/\\\/iraurgiberritzen.eus\\\/es\\\/el-foro-urolanprest-ha-analizado-la-evolucion-del-desempleo-y-priorizado-acciones-para-fortalecer-la-oferta-formativa-en-urola-erdia\\\/\"},\"wordCount\":374,\"publisher\":{\"@id\":\"https:\\\/\\\/iraurgiberritzen.eus\\\/es\\\/#organization\"},\"image\":{\"@id\":\"https:\\\/\\\/iraurgiberritzen.eus\\\/es\\\/el-foro-urolanprest-ha-analizado-la-evolucion-del-desempleo-y-priorizado-acciones-para-fortalecer-la-oferta-formativa-en-urola-erdia\\\/#primaryimage\"},\"thumbnailUrl\":\"https:\\\/\\\/iraurgiberritzen.eus\\\/wp-content\\\/uploads\\\/2023\\\/09\\\/9e9e1351d6a763151a8613c1dd10d427.jpg\",\"articleSection\":[\"Noticias\"],\"inLanguage\":\"es\"},{\"@type\":\"WebPage\",\"@id\":\"https:\\\/\\\/iraurgiberritzen.eus\\\/es\\\/el-foro-urolanprest-ha-analizado-la-evolucion-del-desempleo-y-priorizado-acciones-para-fortalecer-la-oferta-formativa-en-urola-erdia\\\/\",\"url\":\"https:\\\/\\\/iraurgiberritzen.eus\\\/es\\\/el-foro-urolanprest-ha-analizado-la-evolucion-del-desempleo-y-priorizado-acciones-para-fortalecer-la-oferta-formativa-en-urola-erdia\\\/\",\"name\":\"El foro Urolanprest ha analizado la evoluci\u00f3n del desempleo y priorizado acciones para fortalecer la oferta formativa en Urola Erdia - Iraurgi Berritzen\",\"isPartOf\":{\"@id\":\"https:\\\/\\\/iraurgiberritzen.eus\\\/es\\\/#website\"},\"primaryImageOfPage\":{\"@id\":\"https:\\\/\\\/iraurgiberritzen.eus\\\/es\\\/el-foro-urolanprest-ha-analizado-la-evolucion-del-desempleo-y-priorizado-acciones-para-fortalecer-la-oferta-formativa-en-urola-erdia\\\/#primaryimage\"},\"image\":{\"@id\":\"https:\\\/\\\/iraurgiberritzen.eus\\\/es\\\/el-foro-urolanprest-ha-analizado-la-evolucion-del-desempleo-y-priorizado-acciones-para-fortalecer-la-oferta-formativa-en-urola-erdia\\\/#primaryimage\"},\"thumbnailUrl\":\"https:\\\/\\\/iraurgiberritzen.eus\\\/wp-content\\\/uploads\\\/2023\\\/09\\\/9e9e1351d6a763151a8613c1dd10d427.jpg\",\"datePublished\":\"2018-06-26T04:28:16+00:00\",\"breadcrumb\":{\"@id\":\"https:\\\/\\\/iraurgiberritzen.eus\\\/es\\\/el-foro-urolanprest-ha-analizado-la-evolucion-del-desempleo-y-priorizado-acciones-para-fortalecer-la-oferta-formativa-en-urola-erdia\\\/#breadcrumb\"},\"inLanguage\":\"es\",\"potentialAction\":[{\"@type\":\"ReadAction\",\"target\":[\"https:\\\/\\\/iraurgiberritzen.eus\\\/es\\\/el-foro-urolanprest-ha-analizado-la-evolucion-del-desempleo-y-priorizado-acciones-para-fortalecer-la-oferta-formativa-en-urola-erdia\\\/\"]}]},{\"@type\":\"ImageObject\",\"inLanguage\":\"es\",\"@id\":\"https:\\\/\\\/iraurgiberritzen.eus\\\/es\\\/el-foro-urolanprest-ha-analizado-la-evolucion-del-desempleo-y-priorizado-acciones-para-fortalecer-la-oferta-formativa-en-urola-erdia\\\/#primaryimage\",\"url\":\"https:\\\/\\\/iraurgiberritzen.eus\\\/wp-content\\\/uploads\\\/2023\\\/09\\\/9e9e1351d6a763151a8613c1dd10d427.jpg\",\"contentUrl\":\"https:\\\/\\\/iraurgiberritzen.eus\\\/wp-content\\\/uploads\\\/2023\\\/09\\\/9e9e1351d6a763151a8613c1dd10d427.jpg\",\"width\":600,\"height\":386},{\"@type\":\"BreadcrumbList\",\"@id\":\"https:\\\/\\\/iraurgiberritzen.eus\\\/es\\\/el-foro-urolanprest-ha-analizado-la-evolucion-del-desempleo-y-priorizado-acciones-para-fortalecer-la-oferta-formativa-en-urola-erdia\\\/#breadcrumb\",\"itemListElement\":[{\"@type\":\"ListItem\",\"position\":1,\"name\":\"Home\",\"item\":\"https:\\\/\\\/iraurgiberritzen.eus\\\/es\\\/\"},{\"@type\":\"ListItem\",\"position\":2,\"name\":\"El foro Urolanprest ha analizado la evoluci\u00f3n del desempleo y priorizado acciones para fortalecer la oferta formativa en Urola Erdia\"}]},{\"@type\":\"WebSite\",\"@id\":\"https:\\\/\\\/iraurgiberritzen.eus\\\/es\\\/#website\",\"url\":\"https:\\\/\\\/iraurgiberritzen.eus\\\/es\\\/\",\"name\":\"Iraurgi Berritzen\",\"description\":\"Urola Erdiko Garapen Agentzia\",\"publisher\":{\"@id\":\"https:\\\/\\\/iraurgiberritzen.eus\\\/es\\\/#organization\"},\"potentialAction\":[{\"@type\":\"SearchAction\",\"target\":{\"@type\":\"EntryPoint\",\"urlTemplate\":\"https:\\\/\\\/iraurgiberritzen.eus\\\/es\\\/?s={search_term_string}\"},\"query-input\":{\"@type\":\"PropertyValueSpecification\",\"valueRequired\":true,\"valueName\":\"search_term_string\"}}],\"inLanguage\":\"es\"},{\"@type\":\"Organization\",\"@id\":\"https:\\\/\\\/iraurgiberritzen.eus\\\/es\\\/#organization\",\"name\":\"Iraurgi Berritzen\",\"url\":\"https:\\\/\\\/iraurgiberritzen.eus\\\/es\\\/\",\"logo\":{\"@type\":\"ImageObject\",\"inLanguage\":\"es\",\"@id\":\"https:\\\/\\\/iraurgiberritzen.eus\\\/es\\\/#\\\/schema\\\/logo\\\/image\\\/\",\"url\":\"https:\\\/\\\/iraurgiberritzen.eus\\\/wp-content\\\/uploads\\\/2024\\\/02\\\/IRAURGI-BERRITZEN-logotipoa_2.png\",\"contentUrl\":\"https:\\\/\\\/iraurgiberritzen.eus\\\/wp-content\\\/uploads\\\/2024\\\/02\\\/IRAURGI-BERRITZEN-logotipoa_2.png\",\"width\":496,\"height\":190,\"caption\":\"Iraurgi Berritzen\"},\"image\":{\"@id\":\"https:\\\/\\\/iraurgiberritzen.eus\\\/es\\\/#\\\/schema\\\/logo\\\/image\\\/\"}},{\"@type\":\"Person\",\"@id\":\"https:\\\/\\\/iraurgiberritzen.eus\\\/es\\\/#\\\/schema\\\/person\\\/5ab41aaf388a9097177601ebf45738d2\",\"name\":\"kudeatzailea\",\"sameAs\":[\"https:\\\/\\\/iraurgiberritzen.eus\"]}]}<\/script>\n<!-- \/ Yoast SEO plugin. -->","yoast_head_json":{"title":"El foro Urolanprest ha analizado la evoluci\u00f3n del desempleo y priorizado acciones para fortalecer la oferta formativa en Urola Erdia - Iraurgi Berritzen","robots":{"index":"index","follow":"follow","max-snippet":"max-snippet:-1","max-image-preview":"max-image-preview:large","max-video-preview":"max-video-preview:-1"},"canonical":"https:\/\/iraurgiberritzen.eus\/es\/el-foro-urolanprest-ha-analizado-la-evolucion-del-desempleo-y-priorizado-acciones-para-fortalecer-la-oferta-formativa-en-urola-erdia\/","og_locale":"es_ES","og_type":"article","og_title":"El foro Urolanprest ha analizado la evoluci\u00f3n del desempleo y priorizado acciones para fortalecer la oferta formativa en Urola Erdia - Iraurgi Berritzen","og_description":"El pasado 15 de junio los agentes de Empleo y Formaci\u00f3n de Urola Erdia que forman el foro Urolanprest se han reunido en Azpeitia con los representantes de los Ayuntamientos, bajo la coordinaci\u00f3n de Iraurgi Berritzen. El objetivo de Urolanprest Gunea, es ser el punto de encuentro de referencia que re\u00fana la informaci\u00f3n y oferta [&hellip;]","og_url":"https:\/\/iraurgiberritzen.eus\/es\/el-foro-urolanprest-ha-analizado-la-evolucion-del-desempleo-y-priorizado-acciones-para-fortalecer-la-oferta-formativa-en-urola-erdia\/","og_site_name":"Iraurgi Berritzen","article_published_time":"2018-06-26T04:28:16+00:00","author":"kudeatzailea","twitter_card":"summary_large_image","twitter_misc":{"Escrito por":"kudeatzailea","Tiempo de lectura":"2 minutos"},"schema":{"@context":"https:\/\/schema.org","@graph":[{"@type":"Article","@id":"https:\/\/iraurgiberritzen.eus\/es\/el-foro-urolanprest-ha-analizado-la-evolucion-del-desempleo-y-priorizado-acciones-para-fortalecer-la-oferta-formativa-en-urola-erdia\/#article","isPartOf":{"@id":"https:\/\/iraurgiberritzen.eus\/es\/el-foro-urolanprest-ha-analizado-la-evolucion-del-desempleo-y-priorizado-acciones-para-fortalecer-la-oferta-formativa-en-urola-erdia\/"},"author":{"name":"kudeatzailea","@id":"https:\/\/iraurgiberritzen.eus\/es\/#\/schema\/person\/5ab41aaf388a9097177601ebf45738d2"},"headline":"El foro Urolanprest ha analizado la evoluci\u00f3n del desempleo y priorizado acciones para fortalecer la oferta formativa en Urola Erdia","datePublished":"2018-06-26T04:28:16+00:00","mainEntityOfPage":{"@id":"https:\/\/iraurgiberritzen.eus\/es\/el-foro-urolanprest-ha-analizado-la-evolucion-del-desempleo-y-priorizado-acciones-para-fortalecer-la-oferta-formativa-en-urola-erdia\/"},"wordCount":374,"publisher":{"@id":"https:\/\/iraurgiberritzen.eus\/es\/#organization"},"image":{"@id":"https:\/\/iraurgiberritzen.eus\/es\/el-foro-urolanprest-ha-analizado-la-evolucion-del-desempleo-y-priorizado-acciones-para-fortalecer-la-oferta-formativa-en-urola-erdia\/#primaryimage"},"thumbnailUrl":"https:\/\/iraurgiberritzen.eus\/wp-content\/uploads\/2023\/09\/9e9e1351d6a763151a8613c1dd10d427.jpg","articleSection":["Noticias"],"inLanguage":"es"},{"@type":"WebPage","@id":"https:\/\/iraurgiberritzen.eus\/es\/el-foro-urolanprest-ha-analizado-la-evolucion-del-desempleo-y-priorizado-acciones-para-fortalecer-la-oferta-formativa-en-urola-erdia\/","url":"https:\/\/iraurgiberritzen.eus\/es\/el-foro-urolanprest-ha-analizado-la-evolucion-del-desempleo-y-priorizado-acciones-para-fortalecer-la-oferta-formativa-en-urola-erdia\/","name":"El foro Urolanprest ha analizado la evoluci\u00f3n del desempleo y priorizado acciones para fortalecer la oferta formativa en Urola Erdia - Iraurgi Berritzen","isPartOf":{"@id":"https:\/\/iraurgiberritzen.eus\/es\/#website"},"primaryImageOfPage":{"@id":"https:\/\/iraurgiberritzen.eus\/es\/el-foro-urolanprest-ha-analizado-la-evolucion-del-desempleo-y-priorizado-acciones-para-fortalecer-la-oferta-formativa-en-urola-erdia\/#primaryimage"},"image":{"@id":"https:\/\/iraurgiberritzen.eus\/es\/el-foro-urolanprest-ha-analizado-la-evolucion-del-desempleo-y-priorizado-acciones-para-fortalecer-la-oferta-formativa-en-urola-erdia\/#primaryimage"},"thumbnailUrl":"https:\/\/iraurgiberritzen.eus\/wp-content\/uploads\/2023\/09\/9e9e1351d6a763151a8613c1dd10d427.jpg","datePublished":"2018-06-26T04:28:16+00:00","breadcrumb":{"@id":"https:\/\/iraurgiberritzen.eus\/es\/el-foro-urolanprest-ha-analizado-la-evolucion-del-desempleo-y-priorizado-acciones-para-fortalecer-la-oferta-formativa-en-urola-erdia\/#breadcrumb"},"inLanguage":"es","potentialAction":[{"@type":"ReadAction","target":["https:\/\/iraurgiberritzen.eus\/es\/el-foro-urolanprest-ha-analizado-la-evolucion-del-desempleo-y-priorizado-acciones-para-fortalecer-la-oferta-formativa-en-urola-erdia\/"]}]},{"@type":"ImageObject","inLanguage":"es","@id":"https:\/\/iraurgiberritzen.eus\/es\/el-foro-urolanprest-ha-analizado-la-evolucion-del-desempleo-y-priorizado-acciones-para-fortalecer-la-oferta-formativa-en-urola-erdia\/#primaryimage","url":"https:\/\/iraurgiberritzen.eus\/wp-content\/uploads\/2023\/09\/9e9e1351d6a763151a8613c1dd10d427.jpg","contentUrl":"https:\/\/iraurgiberritzen.eus\/wp-content\/uploads\/2023\/09\/9e9e1351d6a763151a8613c1dd10d427.jpg","width":600,"height":386},{"@type":"BreadcrumbList","@id":"https:\/\/iraurgiberritzen.eus\/es\/el-foro-urolanprest-ha-analizado-la-evolucion-del-desempleo-y-priorizado-acciones-para-fortalecer-la-oferta-formativa-en-urola-erdia\/#breadcrumb","itemListElement":[{"@type":"ListItem","position":1,"name":"Home","item":"https:\/\/iraurgiberritzen.eus\/es\/"},{"@type":"ListItem","position":2,"name":"El foro Urolanprest ha analizado la evoluci\u00f3n del desempleo y priorizado acciones para fortalecer la oferta formativa en Urola Erdia"}]},{"@type":"WebSite","@id":"https:\/\/iraurgiberritzen.eus\/es\/#website","url":"https:\/\/iraurgiberritzen.eus\/es\/","name":"Iraurgi Berritzen","description":"Urola Erdiko Garapen Agentzia","publisher":{"@id":"https:\/\/iraurgiberritzen.eus\/es\/#organization"},"potentialAction":[{"@type":"SearchAction","target":{"@type":"EntryPoint","urlTemplate":"https:\/\/iraurgiberritzen.eus\/es\/?s={search_term_string}"},"query-input":{"@type":"PropertyValueSpecification","valueRequired":true,"valueName":"search_term_string"}}],"inLanguage":"es"},{"@type":"Organization","@id":"https:\/\/iraurgiberritzen.eus\/es\/#organization","name":"Iraurgi Berritzen","url":"https:\/\/iraurgiberritzen.eus\/es\/","logo":{"@type":"ImageObject","inLanguage":"es","@id":"https:\/\/iraurgiberritzen.eus\/es\/#\/schema\/logo\/image\/","url":"https:\/\/iraurgiberritzen.eus\/wp-content\/uploads\/2024\/02\/IRAURGI-BERRITZEN-logotipoa_2.png","contentUrl":"https:\/\/iraurgiberritzen.eus\/wp-content\/uploads\/2024\/02\/IRAURGI-BERRITZEN-logotipoa_2.png","width":496,"height":190,"caption":"Iraurgi Berritzen"},"image":{"@id":"https:\/\/iraurgiberritzen.eus\/es\/#\/schema\/logo\/image\/"}},{"@type":"Person","@id":"https:\/\/iraurgiberritzen.eus\/es\/#\/schema\/person\/5ab41aaf388a9097177601ebf45738d2","name":"kudeatzailea","sameAs":["https:\/\/iraurgiberritzen.eus"]}]}},"_links":{"self":[{"href":"https:\/\/iraurgiberritzen.eus\/es\/wp-json\/wp\/v2\/posts\/12411","targetHints":{"allow":["GET"]}}],"collection":[{"href":"https:\/\/iraurgiberritzen.eus\/es\/wp-json\/wp\/v2\/posts"}],"about":[{"href":"https:\/\/iraurgiberritzen.eus\/es\/wp-json\/wp\/v2\/types\/post"}],"author":[{"embeddable":true,"href":"https:\/\/iraurgiberritzen.eus\/es\/wp-json\/wp\/v2\/users\/1"}],"replies":[{"embeddable":true,"href":"https:\/\/iraurgiberritzen.eus\/es\/wp-json\/wp\/v2\/comments?post=12411"}],"version-history":[{"count":0,"href":"https:\/\/iraurgiberritzen.eus\/es\/wp-json\/wp\/v2\/posts\/12411\/revisions"}],"wp:featuredmedia":[{"embeddable":true,"href":"https:\/\/iraurgiberritzen.eus\/es\/wp-json\/wp\/v2\/media\/17883"}],"wp:attachment":[{"href":"https:\/\/iraurgiberritzen.eus\/es\/wp-json\/wp\/v2\/media?parent=12411"}],"wp:term":[{"taxonomy":"category","embeddable":true,"href":"https:\/\/iraurgiberritzen.eus\/es\/wp-json\/wp\/v2\/categories?post=12411"},{"taxonomy":"post_tag","embeddable":true,"href":"https:\/\/iraurgiberritzen.eus\/es\/wp-json\/wp\/v2\/tags?post=12411"}],"curies":[{"name":"wp","href":"https:\/\/api.w.org\/{rel}","templated":true}]}}