{"id":12414,"date":"2018-06-26T06:51:23","date_gmt":"2018-06-26T04:51:23","guid":{"rendered":"https:\/\/iraurgiberritzen.eus\/empresa-gunea-ha-celebrado-el-2o-encuentro-con-representantes-de-empresas-de-la-mano-de-ib\/"},"modified":"2018-06-26T06:51:23","modified_gmt":"2018-06-26T04:51:23","slug":"empresa-gunea-ha-celebrado-el-2o-encuentro-con-representantes-de-empresas-de-la-mano-de-ib","status":"publish","type":"post","link":"https:\/\/iraurgiberritzen.eus\/es\/empresa-gunea-ha-celebrado-el-2o-encuentro-con-representantes-de-empresas-de-la-mano-de-ib\/","title":{"rendered":"Empresa Gunea,  ha celebrado el 2\u00ba encuentro con representantes de empresas de la mano de IB"},"content":{"rendered":"<p style=\"text-align: justify;\">El pasado 22 de junio, se han reunido los representantes de empresas que conforman Enpresa Gunea, con el equipo t\u00e9cnico del \u00e1rea de empresa de Iraurgi Berritzen, para analizar el desarrollo de proyectos empresariales y nuevas necesidades.<\/p>\n<p style=\"text-align: justify;\">Se ha realizado el seguimiento y contraste de varios proyectos que est\u00e1n en marcha en empresas, recabando propuestas para el futuro: inicativas de capacitaci\u00f3n para empresas, transformaci\u00f3n de modelos de gesti\u00f3n y proyectos de cooperaci\u00f3n, intermediaci\u00f3n de ayudas econ\u00f3micas, servicio de intermediaci\u00f3n de ofertas de empleo.<\/p>\n<p style=\"text-align: justify;\">Adem\u00e1s, se ha valorado positivamente las nuevas acciones puestas en marcha en relaci\u00f3n a la estructura industrial, el desempleo y la formaci\u00f3n: criterios y necesidades de las empresas; orientaci\u00f3n de desempleados y cooperaci\u00f3n para cursos formativos, certificados profesionales y cursos con compromiso de contrataci\u00f3n.<\/p>\n<p style=\"text-align: justify;\">Participantes:<\/p>\n<p style=\"text-align: justify;\">Lan Mobel (Miguel Ucin); Domusa (Maria Dominguez); Xubi (Aritz Martija); Sidenor (Cruz Alberdi) ; Glual (I\u00f1aki Txapartegi); Munibe Group (Aitor Gurrutxaga).<br \/>Iraurgi Berritzen (Bego\u00f1a Beobide, Itziar Abarisketa; Jaione Valverde; I\u00f1igo Solozabal; Y Jon Zubizarreta).<\/p>\n<p style=\"text-align: justify;\"><img loading=\"lazy\" decoding=\"async\" style=\"display: block; margin-left: auto; margin-right: auto;\" src=\"images\/Partehartzaileak.png\" alt=\"Partehartzaileak.png\" width=\"567\" height=\"139\" \/><\/p>\n","protected":false},"excerpt":{"rendered":"<p>El pasado 22 de junio, se han reunido los representantes de empresas que conforman Enpresa Gunea, con el equipo t\u00e9cnico del \u00e1rea de empresa de Iraurgi Berritzen, para analizar el desarrollo de proyectos empresariales y nuevas necesidades. Se ha realizado el seguimiento y contraste de varios proyectos que est\u00e1n en marcha en empresas, recabando propuestas [&hellip;]<\/p>\n","protected":false},"author":1,"featured_media":17884,"comment_status":"","ping_status":"closed","sticky":false,"template":"","format":"standard","meta":{"_acf_changed":false,"footnotes":""},"categories":[4],"tags":[],"class_list":["post-12414","post","type-post","status-publish","format-standard","has-post-thumbnail","hentry","category-noticias"],"acf":[],"yoast_head":"<!-- This site is optimized with the Yoast SEO plugin v27.4 - https:\/\/yoast.com\/product\/yoast-seo-wordpress\/ -->\n<title>Empresa Gunea, ha celebrado el 2\u00ba encuentro con representantes de empresas de la mano de IB - Iraurgi Berritzen<\/title>\n<meta name=\"robots\" content=\"index, follow, max-snippet:-1, max-image-preview:large, max-video-preview:-1\" \/>\n<link rel=\"canonical\" href=\"https:\/\/iraurgiberritzen.eus\/es\/empresa-gunea-ha-celebrado-el-2o-encuentro-con-representantes-de-empresas-de-la-mano-de-ib\/\" \/>\n<meta property=\"og:locale\" content=\"es_ES\" \/>\n<meta property=\"og:type\" content=\"article\" \/>\n<meta property=\"og:title\" content=\"Empresa Gunea, ha celebrado el 2\u00ba encuentro con representantes de empresas de la mano de IB - Iraurgi Berritzen\" \/>\n<meta property=\"og:description\" content=\"El pasado 22 de junio, se han reunido los representantes de empresas que conforman Enpresa Gunea, con el equipo t\u00e9cnico del \u00e1rea de empresa de Iraurgi Berritzen, para analizar el desarrollo de proyectos empresariales y nuevas necesidades. Se ha realizado el seguimiento y contraste de varios proyectos que est\u00e1n en marcha en empresas, recabando propuestas [&hellip;]\" \/>\n<meta property=\"og:url\" content=\"https:\/\/iraurgiberritzen.eus\/es\/empresa-gunea-ha-celebrado-el-2o-encuentro-con-representantes-de-empresas-de-la-mano-de-ib\/\" \/>\n<meta property=\"og:site_name\" content=\"Iraurgi Berritzen\" \/>\n<meta property=\"article:published_time\" content=\"2018-06-26T04:51:23+00:00\" \/>\n<meta name=\"author\" content=\"kudeatzailea\" \/>\n<meta name=\"twitter:card\" content=\"summary_large_image\" \/>\n<meta name=\"twitter:label1\" content=\"Escrito por\" \/>\n\t<meta name=\"twitter:data1\" content=\"kudeatzailea\" \/>\n\t<meta name=\"twitter:label2\" content=\"Tiempo de lectura\" \/>\n\t<meta name=\"twitter:data2\" content=\"1 minuto\" \/>\n<script type=\"application\/ld+json\" class=\"yoast-schema-graph\">{\"@context\":\"https:\\\/\\\/schema.org\",\"@graph\":[{\"@type\":\"Article\",\"@id\":\"https:\\\/\\\/iraurgiberritzen.eus\\\/es\\\/empresa-gunea-ha-celebrado-el-2o-encuentro-con-representantes-de-empresas-de-la-mano-de-ib\\\/#article\",\"isPartOf\":{\"@id\":\"https:\\\/\\\/iraurgiberritzen.eus\\\/es\\\/empresa-gunea-ha-celebrado-el-2o-encuentro-con-representantes-de-empresas-de-la-mano-de-ib\\\/\"},\"author\":{\"name\":\"kudeatzailea\",\"@id\":\"https:\\\/\\\/iraurgiberritzen.eus\\\/es\\\/#\\\/schema\\\/person\\\/5ab41aaf388a9097177601ebf45738d2\"},\"headline\":\"Empresa Gunea, ha celebrado el 2\u00ba encuentro con representantes de empresas de la mano de IB\",\"datePublished\":\"2018-06-26T04:51:23+00:00\",\"mainEntityOfPage\":{\"@id\":\"https:\\\/\\\/iraurgiberritzen.eus\\\/es\\\/empresa-gunea-ha-celebrado-el-2o-encuentro-con-representantes-de-empresas-de-la-mano-de-ib\\\/\"},\"wordCount\":193,\"publisher\":{\"@id\":\"https:\\\/\\\/iraurgiberritzen.eus\\\/es\\\/#organization\"},\"image\":{\"@id\":\"https:\\\/\\\/iraurgiberritzen.eus\\\/es\\\/empresa-gunea-ha-celebrado-el-2o-encuentro-con-representantes-de-empresas-de-la-mano-de-ib\\\/#primaryimage\"},\"thumbnailUrl\":\"https:\\\/\\\/iraurgiberritzen.eus\\\/wp-content\\\/uploads\\\/2023\\\/09\\\/cf0c9728d8bedab6603748ee4cc837b5.jpg\",\"articleSection\":[\"Noticias\"],\"inLanguage\":\"es\"},{\"@type\":\"WebPage\",\"@id\":\"https:\\\/\\\/iraurgiberritzen.eus\\\/es\\\/empresa-gunea-ha-celebrado-el-2o-encuentro-con-representantes-de-empresas-de-la-mano-de-ib\\\/\",\"url\":\"https:\\\/\\\/iraurgiberritzen.eus\\\/es\\\/empresa-gunea-ha-celebrado-el-2o-encuentro-con-representantes-de-empresas-de-la-mano-de-ib\\\/\",\"name\":\"Empresa Gunea, ha celebrado el 2\u00ba encuentro con representantes de empresas de la mano de IB - Iraurgi Berritzen\",\"isPartOf\":{\"@id\":\"https:\\\/\\\/iraurgiberritzen.eus\\\/es\\\/#website\"},\"primaryImageOfPage\":{\"@id\":\"https:\\\/\\\/iraurgiberritzen.eus\\\/es\\\/empresa-gunea-ha-celebrado-el-2o-encuentro-con-representantes-de-empresas-de-la-mano-de-ib\\\/#primaryimage\"},\"image\":{\"@id\":\"https:\\\/\\\/iraurgiberritzen.eus\\\/es\\\/empresa-gunea-ha-celebrado-el-2o-encuentro-con-representantes-de-empresas-de-la-mano-de-ib\\\/#primaryimage\"},\"thumbnailUrl\":\"https:\\\/\\\/iraurgiberritzen.eus\\\/wp-content\\\/uploads\\\/2023\\\/09\\\/cf0c9728d8bedab6603748ee4cc837b5.jpg\",\"datePublished\":\"2018-06-26T04:51:23+00:00\",\"breadcrumb\":{\"@id\":\"https:\\\/\\\/iraurgiberritzen.eus\\\/es\\\/empresa-gunea-ha-celebrado-el-2o-encuentro-con-representantes-de-empresas-de-la-mano-de-ib\\\/#breadcrumb\"},\"inLanguage\":\"es\",\"potentialAction\":[{\"@type\":\"ReadAction\",\"target\":[\"https:\\\/\\\/iraurgiberritzen.eus\\\/es\\\/empresa-gunea-ha-celebrado-el-2o-encuentro-con-representantes-de-empresas-de-la-mano-de-ib\\\/\"]}]},{\"@type\":\"ImageObject\",\"inLanguage\":\"es\",\"@id\":\"https:\\\/\\\/iraurgiberritzen.eus\\\/es\\\/empresa-gunea-ha-celebrado-el-2o-encuentro-con-representantes-de-empresas-de-la-mano-de-ib\\\/#primaryimage\",\"url\":\"https:\\\/\\\/iraurgiberritzen.eus\\\/wp-content\\\/uploads\\\/2023\\\/09\\\/cf0c9728d8bedab6603748ee4cc837b5.jpg\",\"contentUrl\":\"https:\\\/\\\/iraurgiberritzen.eus\\\/wp-content\\\/uploads\\\/2023\\\/09\\\/cf0c9728d8bedab6603748ee4cc837b5.jpg\",\"width\":600,\"height\":386},{\"@type\":\"BreadcrumbList\",\"@id\":\"https:\\\/\\\/iraurgiberritzen.eus\\\/es\\\/empresa-gunea-ha-celebrado-el-2o-encuentro-con-representantes-de-empresas-de-la-mano-de-ib\\\/#breadcrumb\",\"itemListElement\":[{\"@type\":\"ListItem\",\"position\":1,\"name\":\"Home\",\"item\":\"https:\\\/\\\/iraurgiberritzen.eus\\\/es\\\/\"},{\"@type\":\"ListItem\",\"position\":2,\"name\":\"Empresa Gunea, ha celebrado el 2\u00ba encuentro con representantes de empresas de la mano de IB\"}]},{\"@type\":\"WebSite\",\"@id\":\"https:\\\/\\\/iraurgiberritzen.eus\\\/es\\\/#website\",\"url\":\"https:\\\/\\\/iraurgiberritzen.eus\\\/es\\\/\",\"name\":\"Iraurgi Berritzen\",\"description\":\"Urola Erdiko Garapen Agentzia\",\"publisher\":{\"@id\":\"https:\\\/\\\/iraurgiberritzen.eus\\\/es\\\/#organization\"},\"potentialAction\":[{\"@type\":\"SearchAction\",\"target\":{\"@type\":\"EntryPoint\",\"urlTemplate\":\"https:\\\/\\\/iraurgiberritzen.eus\\\/es\\\/?s={search_term_string}\"},\"query-input\":{\"@type\":\"PropertyValueSpecification\",\"valueRequired\":true,\"valueName\":\"search_term_string\"}}],\"inLanguage\":\"es\"},{\"@type\":\"Organization\",\"@id\":\"https:\\\/\\\/iraurgiberritzen.eus\\\/es\\\/#organization\",\"name\":\"Iraurgi Berritzen\",\"url\":\"https:\\\/\\\/iraurgiberritzen.eus\\\/es\\\/\",\"logo\":{\"@type\":\"ImageObject\",\"inLanguage\":\"es\",\"@id\":\"https:\\\/\\\/iraurgiberritzen.eus\\\/es\\\/#\\\/schema\\\/logo\\\/image\\\/\",\"url\":\"https:\\\/\\\/iraurgiberritzen.eus\\\/wp-content\\\/uploads\\\/2024\\\/02\\\/IRAURGI-BERRITZEN-logotipoa_2.png\",\"contentUrl\":\"https:\\\/\\\/iraurgiberritzen.eus\\\/wp-content\\\/uploads\\\/2024\\\/02\\\/IRAURGI-BERRITZEN-logotipoa_2.png\",\"width\":496,\"height\":190,\"caption\":\"Iraurgi Berritzen\"},\"image\":{\"@id\":\"https:\\\/\\\/iraurgiberritzen.eus\\\/es\\\/#\\\/schema\\\/logo\\\/image\\\/\"}},{\"@type\":\"Person\",\"@id\":\"https:\\\/\\\/iraurgiberritzen.eus\\\/es\\\/#\\\/schema\\\/person\\\/5ab41aaf388a9097177601ebf45738d2\",\"name\":\"kudeatzailea\",\"sameAs\":[\"https:\\\/\\\/iraurgiberritzen.eus\"]}]}<\/script>\n<!-- \/ Yoast SEO plugin. -->","yoast_head_json":{"title":"Empresa Gunea, ha celebrado el 2\u00ba encuentro con representantes de empresas de la mano de IB - Iraurgi Berritzen","robots":{"index":"index","follow":"follow","max-snippet":"max-snippet:-1","max-image-preview":"max-image-preview:large","max-video-preview":"max-video-preview:-1"},"canonical":"https:\/\/iraurgiberritzen.eus\/es\/empresa-gunea-ha-celebrado-el-2o-encuentro-con-representantes-de-empresas-de-la-mano-de-ib\/","og_locale":"es_ES","og_type":"article","og_title":"Empresa Gunea, ha celebrado el 2\u00ba encuentro con representantes de empresas de la mano de IB - Iraurgi Berritzen","og_description":"El pasado 22 de junio, se han reunido los representantes de empresas que conforman Enpresa Gunea, con el equipo t\u00e9cnico del \u00e1rea de empresa de Iraurgi Berritzen, para analizar el desarrollo de proyectos empresariales y nuevas necesidades. Se ha realizado el seguimiento y contraste de varios proyectos que est\u00e1n en marcha en empresas, recabando propuestas [&hellip;]","og_url":"https:\/\/iraurgiberritzen.eus\/es\/empresa-gunea-ha-celebrado-el-2o-encuentro-con-representantes-de-empresas-de-la-mano-de-ib\/","og_site_name":"Iraurgi Berritzen","article_published_time":"2018-06-26T04:51:23+00:00","author":"kudeatzailea","twitter_card":"summary_large_image","twitter_misc":{"Escrito por":"kudeatzailea","Tiempo de lectura":"1 minuto"},"schema":{"@context":"https:\/\/schema.org","@graph":[{"@type":"Article","@id":"https:\/\/iraurgiberritzen.eus\/es\/empresa-gunea-ha-celebrado-el-2o-encuentro-con-representantes-de-empresas-de-la-mano-de-ib\/#article","isPartOf":{"@id":"https:\/\/iraurgiberritzen.eus\/es\/empresa-gunea-ha-celebrado-el-2o-encuentro-con-representantes-de-empresas-de-la-mano-de-ib\/"},"author":{"name":"kudeatzailea","@id":"https:\/\/iraurgiberritzen.eus\/es\/#\/schema\/person\/5ab41aaf388a9097177601ebf45738d2"},"headline":"Empresa Gunea, ha celebrado el 2\u00ba encuentro con representantes de empresas de la mano de IB","datePublished":"2018-06-26T04:51:23+00:00","mainEntityOfPage":{"@id":"https:\/\/iraurgiberritzen.eus\/es\/empresa-gunea-ha-celebrado-el-2o-encuentro-con-representantes-de-empresas-de-la-mano-de-ib\/"},"wordCount":193,"publisher":{"@id":"https:\/\/iraurgiberritzen.eus\/es\/#organization"},"image":{"@id":"https:\/\/iraurgiberritzen.eus\/es\/empresa-gunea-ha-celebrado-el-2o-encuentro-con-representantes-de-empresas-de-la-mano-de-ib\/#primaryimage"},"thumbnailUrl":"https:\/\/iraurgiberritzen.eus\/wp-content\/uploads\/2023\/09\/cf0c9728d8bedab6603748ee4cc837b5.jpg","articleSection":["Noticias"],"inLanguage":"es"},{"@type":"WebPage","@id":"https:\/\/iraurgiberritzen.eus\/es\/empresa-gunea-ha-celebrado-el-2o-encuentro-con-representantes-de-empresas-de-la-mano-de-ib\/","url":"https:\/\/iraurgiberritzen.eus\/es\/empresa-gunea-ha-celebrado-el-2o-encuentro-con-representantes-de-empresas-de-la-mano-de-ib\/","name":"Empresa Gunea, ha celebrado el 2\u00ba encuentro con representantes de empresas de la mano de IB - Iraurgi Berritzen","isPartOf":{"@id":"https:\/\/iraurgiberritzen.eus\/es\/#website"},"primaryImageOfPage":{"@id":"https:\/\/iraurgiberritzen.eus\/es\/empresa-gunea-ha-celebrado-el-2o-encuentro-con-representantes-de-empresas-de-la-mano-de-ib\/#primaryimage"},"image":{"@id":"https:\/\/iraurgiberritzen.eus\/es\/empresa-gunea-ha-celebrado-el-2o-encuentro-con-representantes-de-empresas-de-la-mano-de-ib\/#primaryimage"},"thumbnailUrl":"https:\/\/iraurgiberritzen.eus\/wp-content\/uploads\/2023\/09\/cf0c9728d8bedab6603748ee4cc837b5.jpg","datePublished":"2018-06-26T04:51:23+00:00","breadcrumb":{"@id":"https:\/\/iraurgiberritzen.eus\/es\/empresa-gunea-ha-celebrado-el-2o-encuentro-con-representantes-de-empresas-de-la-mano-de-ib\/#breadcrumb"},"inLanguage":"es","potentialAction":[{"@type":"ReadAction","target":["https:\/\/iraurgiberritzen.eus\/es\/empresa-gunea-ha-celebrado-el-2o-encuentro-con-representantes-de-empresas-de-la-mano-de-ib\/"]}]},{"@type":"ImageObject","inLanguage":"es","@id":"https:\/\/iraurgiberritzen.eus\/es\/empresa-gunea-ha-celebrado-el-2o-encuentro-con-representantes-de-empresas-de-la-mano-de-ib\/#primaryimage","url":"https:\/\/iraurgiberritzen.eus\/wp-content\/uploads\/2023\/09\/cf0c9728d8bedab6603748ee4cc837b5.jpg","contentUrl":"https:\/\/iraurgiberritzen.eus\/wp-content\/uploads\/2023\/09\/cf0c9728d8bedab6603748ee4cc837b5.jpg","width":600,"height":386},{"@type":"BreadcrumbList","@id":"https:\/\/iraurgiberritzen.eus\/es\/empresa-gunea-ha-celebrado-el-2o-encuentro-con-representantes-de-empresas-de-la-mano-de-ib\/#breadcrumb","itemListElement":[{"@type":"ListItem","position":1,"name":"Home","item":"https:\/\/iraurgiberritzen.eus\/es\/"},{"@type":"ListItem","position":2,"name":"Empresa Gunea, ha celebrado el 2\u00ba encuentro con representantes de empresas de la mano de IB"}]},{"@type":"WebSite","@id":"https:\/\/iraurgiberritzen.eus\/es\/#website","url":"https:\/\/iraurgiberritzen.eus\/es\/","name":"Iraurgi Berritzen","description":"Urola Erdiko Garapen Agentzia","publisher":{"@id":"https:\/\/iraurgiberritzen.eus\/es\/#organization"},"potentialAction":[{"@type":"SearchAction","target":{"@type":"EntryPoint","urlTemplate":"https:\/\/iraurgiberritzen.eus\/es\/?s={search_term_string}"},"query-input":{"@type":"PropertyValueSpecification","valueRequired":true,"valueName":"search_term_string"}}],"inLanguage":"es"},{"@type":"Organization","@id":"https:\/\/iraurgiberritzen.eus\/es\/#organization","name":"Iraurgi Berritzen","url":"https:\/\/iraurgiberritzen.eus\/es\/","logo":{"@type":"ImageObject","inLanguage":"es","@id":"https:\/\/iraurgiberritzen.eus\/es\/#\/schema\/logo\/image\/","url":"https:\/\/iraurgiberritzen.eus\/wp-content\/uploads\/2024\/02\/IRAURGI-BERRITZEN-logotipoa_2.png","contentUrl":"https:\/\/iraurgiberritzen.eus\/wp-content\/uploads\/2024\/02\/IRAURGI-BERRITZEN-logotipoa_2.png","width":496,"height":190,"caption":"Iraurgi Berritzen"},"image":{"@id":"https:\/\/iraurgiberritzen.eus\/es\/#\/schema\/logo\/image\/"}},{"@type":"Person","@id":"https:\/\/iraurgiberritzen.eus\/es\/#\/schema\/person\/5ab41aaf388a9097177601ebf45738d2","name":"kudeatzailea","sameAs":["https:\/\/iraurgiberritzen.eus"]}]}},"_links":{"self":[{"href":"https:\/\/iraurgiberritzen.eus\/es\/wp-json\/wp\/v2\/posts\/12414","targetHints":{"allow":["GET"]}}],"collection":[{"href":"https:\/\/iraurgiberritzen.eus\/es\/wp-json\/wp\/v2\/posts"}],"about":[{"href":"https:\/\/iraurgiberritzen.eus\/es\/wp-json\/wp\/v2\/types\/post"}],"author":[{"embeddable":true,"href":"https:\/\/iraurgiberritzen.eus\/es\/wp-json\/wp\/v2\/users\/1"}],"replies":[{"embeddable":true,"href":"https:\/\/iraurgiberritzen.eus\/es\/wp-json\/wp\/v2\/comments?post=12414"}],"version-history":[{"count":0,"href":"https:\/\/iraurgiberritzen.eus\/es\/wp-json\/wp\/v2\/posts\/12414\/revisions"}],"wp:featuredmedia":[{"embeddable":true,"href":"https:\/\/iraurgiberritzen.eus\/es\/wp-json\/wp\/v2\/media\/17884"}],"wp:attachment":[{"href":"https:\/\/iraurgiberritzen.eus\/es\/wp-json\/wp\/v2\/media?parent=12414"}],"wp:term":[{"taxonomy":"category","embeddable":true,"href":"https:\/\/iraurgiberritzen.eus\/es\/wp-json\/wp\/v2\/categories?post=12414"},{"taxonomy":"post_tag","embeddable":true,"href":"https:\/\/iraurgiberritzen.eus\/es\/wp-json\/wp\/v2\/tags?post=12414"}],"curies":[{"name":"wp","href":"https:\/\/api.w.org\/{rel}","templated":true}]}}