{"id":12417,"date":"2018-07-13T10:26:11","date_gmt":"2018-07-13T08:26:11","guid":{"rendered":"https:\/\/iraurgiberritzen.eus\/empresas-de-zestoa-y-en-general-del-urola-erdia-trabajando-juntos-en-el-marco-de-la-agencia-iraurgi-berritzen\/"},"modified":"2018-07-13T10:26:11","modified_gmt":"2018-07-13T08:26:11","slug":"empresas-de-zestoa-y-en-general-del-urola-erdia-trabajando-juntos-en-el-marco-de-la-agencia-iraurgi-berritzen","status":"publish","type":"post","link":"https:\/\/iraurgiberritzen.eus\/es\/empresas-de-zestoa-y-en-general-del-urola-erdia-trabajando-juntos-en-el-marco-de-la-agencia-iraurgi-berritzen\/","title":{"rendered":"Empresas de Zestoa, y en general del Urola Erdia trabajando juntos en el marco de la agencia Iraurgi Berritzen"},"content":{"rendered":"<p>El pasado jueves 12 de julio se reunieron en el balneario de Zestoa representantes tanto de empresas de Zestoa como de la comarca Urola Erdia, en el marco de la agencia de innovaci\u00f3n y desarrollo Iraurgi Berritzen.<\/p>\n<p>Entre los objetivos de la reuni\u00f3n estaba la de ayudar a interiorizar a las empresas de Zestoa el modelo de trabajo de Iraurgi Berritzen con las empresas de la comarca, dar a conocer iniciativas o proyectos definidos hasta ahora desde la propia necesidad real de las empresas que ya participan en la din\u00e1mica, hacer una reflexi\u00f3n o valoraci\u00f3n conjunta en base a al modelo de relaci\u00f3n del la agencia con las empresas e identificar posibles l\u00edneas de actuaci\u00f3n que permitan acceder a diferentes tipos de din\u00e1micas.<\/p>\n<p>Tuvimos la oportunidad de conocer de cerca experiencias de KIMU BAT, TECNICUR, DOMUSA y ALBERDI MEKANIZATUAK, empresas que ya llevan trabajando en el marco de la agencia varios a\u00f1os.<\/p>\n<p>Ya han pasado 2 a\u00f1os desde que el ayuntamiento de Zestoa se incorporo a la din\u00e1mica de Iraurgi Berritzen, posibilitando as\u00ed a los diferentes agentes locales como a la ciudadan\u00eda beneficiarse de diferentes proyectos y servicios que est\u00e1n en marcha.<\/p>\n<p>Siendo el objetivo principal el mejorar y desarrollar la competitividad econ\u00f3mica local de Zestoa, esta nueva reuni\u00f3n entre las empresas de la comarca busca dar continuidad al nuevo contexto generado en base al nuevo marco. De hecho, en la segunda parte de la reuni\u00f3n se le di\u00f3 total protagonismo a las propias empresas asistentes a trav\u00e9s de una din\u00e1mica de grupos, que ten\u00eda como objetivo el valorar de forma conjunta el modelo de relaci\u00f3n existente en el marco de la agencia, entre la misma y las empresas por un lado, y la de identificar posibles l\u00edneas de actuaci\u00f3n que posibiliten ir dando pasos adelante entre las empresas de la zona y la agencia, por otro.<\/p>\n<p>Las valoraciones de las empresas all\u00ed reunidas fueron muy positivas, lo que permiti\u00f3 sacar algunas conclusiones. Entre otras, visualizar la oportunidad que brinda este espacio en cuanto a estrechar lazos y relaciones entre el tejido empresarial del territorio y fortalecer dichas relaciones de confianza. Tambi\u00e9n se puso en valor la oportunidad que se abre de poder compartir diferentes buenas pr\u00e1cticas y experiencias entre las propias empresas, junto con la posibilidad de poder trabajar desde la cercan\u00eda con la agencia Iraurgi Berritzen en base a necesidades concretas que puedan ir surgiendo.<\/p>\n<p>Las empresas priorizaron el compromiso de seguir trabajando de manera conjunta cara al futuro, partiendo de la realidad individual de cada uno. El reto ser\u00e1 la de ir identificando desde la cercan\u00eda, l\u00edneas de actuaci\u00f3n concretas que nos permitan avanzar.<\/p>\n<p>{myFlickr}photoset_id=72157698552654244{\/myFlickr}<\/p>\n","protected":false},"excerpt":{"rendered":"<p>El pasado jueves 12 de julio se reunieron en el balneario de Zestoa representantes tanto de empresas de Zestoa como de la comarca Urola Erdia, en el marco de la agencia de innovaci\u00f3n y desarrollo Iraurgi Berritzen. Entre los objetivos de la reuni\u00f3n estaba la de ayudar a interiorizar a las empresas de Zestoa el [&hellip;]<\/p>\n","protected":false},"author":1,"featured_media":17885,"comment_status":"","ping_status":"closed","sticky":false,"template":"","format":"standard","meta":{"_acf_changed":false,"footnotes":""},"categories":[4],"tags":[],"class_list":["post-12417","post","type-post","status-publish","format-standard","has-post-thumbnail","hentry","category-noticias"],"acf":[],"yoast_head":"<!-- This site is optimized with the Yoast SEO plugin v27.4 - https:\/\/yoast.com\/product\/yoast-seo-wordpress\/ -->\n<title>Empresas de Zestoa, y en general del Urola Erdia trabajando juntos en el marco de la agencia Iraurgi Berritzen - Iraurgi Berritzen<\/title>\n<meta name=\"robots\" content=\"index, follow, max-snippet:-1, max-image-preview:large, max-video-preview:-1\" \/>\n<link rel=\"canonical\" href=\"https:\/\/iraurgiberritzen.eus\/es\/empresas-de-zestoa-y-en-general-del-urola-erdia-trabajando-juntos-en-el-marco-de-la-agencia-iraurgi-berritzen\/\" \/>\n<meta property=\"og:locale\" content=\"es_ES\" \/>\n<meta property=\"og:type\" content=\"article\" \/>\n<meta property=\"og:title\" content=\"Empresas de Zestoa, y en general del Urola Erdia trabajando juntos en el marco de la agencia Iraurgi Berritzen - Iraurgi Berritzen\" \/>\n<meta property=\"og:description\" content=\"El pasado jueves 12 de julio se reunieron en el balneario de Zestoa representantes tanto de empresas de Zestoa como de la comarca Urola Erdia, en el marco de la agencia de innovaci\u00f3n y desarrollo Iraurgi Berritzen. Entre los objetivos de la reuni\u00f3n estaba la de ayudar a interiorizar a las empresas de Zestoa el [&hellip;]\" \/>\n<meta property=\"og:url\" content=\"https:\/\/iraurgiberritzen.eus\/es\/empresas-de-zestoa-y-en-general-del-urola-erdia-trabajando-juntos-en-el-marco-de-la-agencia-iraurgi-berritzen\/\" \/>\n<meta property=\"og:site_name\" content=\"Iraurgi Berritzen\" \/>\n<meta property=\"article:published_time\" content=\"2018-07-13T08:26:11+00:00\" \/>\n<meta name=\"author\" content=\"kudeatzailea\" \/>\n<meta name=\"twitter:card\" content=\"summary_large_image\" \/>\n<meta name=\"twitter:label1\" content=\"Escrito por\" \/>\n\t<meta name=\"twitter:data1\" content=\"kudeatzailea\" \/>\n\t<meta name=\"twitter:label2\" content=\"Tiempo de lectura\" \/>\n\t<meta name=\"twitter:data2\" content=\"2 minutos\" \/>\n<script type=\"application\/ld+json\" class=\"yoast-schema-graph\">{\"@context\":\"https:\\\/\\\/schema.org\",\"@graph\":[{\"@type\":\"Article\",\"@id\":\"https:\\\/\\\/iraurgiberritzen.eus\\\/es\\\/empresas-de-zestoa-y-en-general-del-urola-erdia-trabajando-juntos-en-el-marco-de-la-agencia-iraurgi-berritzen\\\/#article\",\"isPartOf\":{\"@id\":\"https:\\\/\\\/iraurgiberritzen.eus\\\/es\\\/empresas-de-zestoa-y-en-general-del-urola-erdia-trabajando-juntos-en-el-marco-de-la-agencia-iraurgi-berritzen\\\/\"},\"author\":{\"name\":\"kudeatzailea\",\"@id\":\"https:\\\/\\\/iraurgiberritzen.eus\\\/es\\\/#\\\/schema\\\/person\\\/5ab41aaf388a9097177601ebf45738d2\"},\"headline\":\"Empresas de Zestoa, y en general del Urola Erdia trabajando juntos en el marco de la agencia Iraurgi Berritzen\",\"datePublished\":\"2018-07-13T08:26:11+00:00\",\"mainEntityOfPage\":{\"@id\":\"https:\\\/\\\/iraurgiberritzen.eus\\\/es\\\/empresas-de-zestoa-y-en-general-del-urola-erdia-trabajando-juntos-en-el-marco-de-la-agencia-iraurgi-berritzen\\\/\"},\"wordCount\":487,\"publisher\":{\"@id\":\"https:\\\/\\\/iraurgiberritzen.eus\\\/es\\\/#organization\"},\"image\":{\"@id\":\"https:\\\/\\\/iraurgiberritzen.eus\\\/es\\\/empresas-de-zestoa-y-en-general-del-urola-erdia-trabajando-juntos-en-el-marco-de-la-agencia-iraurgi-berritzen\\\/#primaryimage\"},\"thumbnailUrl\":\"https:\\\/\\\/iraurgiberritzen.eus\\\/wp-content\\\/uploads\\\/2023\\\/09\\\/3f51ec9d49bc461803b454a4875d5aa8.jpg\",\"articleSection\":[\"Noticias\"],\"inLanguage\":\"es\"},{\"@type\":\"WebPage\",\"@id\":\"https:\\\/\\\/iraurgiberritzen.eus\\\/es\\\/empresas-de-zestoa-y-en-general-del-urola-erdia-trabajando-juntos-en-el-marco-de-la-agencia-iraurgi-berritzen\\\/\",\"url\":\"https:\\\/\\\/iraurgiberritzen.eus\\\/es\\\/empresas-de-zestoa-y-en-general-del-urola-erdia-trabajando-juntos-en-el-marco-de-la-agencia-iraurgi-berritzen\\\/\",\"name\":\"Empresas de Zestoa, y en general del Urola Erdia trabajando juntos en el marco de la agencia Iraurgi Berritzen - Iraurgi Berritzen\",\"isPartOf\":{\"@id\":\"https:\\\/\\\/iraurgiberritzen.eus\\\/es\\\/#website\"},\"primaryImageOfPage\":{\"@id\":\"https:\\\/\\\/iraurgiberritzen.eus\\\/es\\\/empresas-de-zestoa-y-en-general-del-urola-erdia-trabajando-juntos-en-el-marco-de-la-agencia-iraurgi-berritzen\\\/#primaryimage\"},\"image\":{\"@id\":\"https:\\\/\\\/iraurgiberritzen.eus\\\/es\\\/empresas-de-zestoa-y-en-general-del-urola-erdia-trabajando-juntos-en-el-marco-de-la-agencia-iraurgi-berritzen\\\/#primaryimage\"},\"thumbnailUrl\":\"https:\\\/\\\/iraurgiberritzen.eus\\\/wp-content\\\/uploads\\\/2023\\\/09\\\/3f51ec9d49bc461803b454a4875d5aa8.jpg\",\"datePublished\":\"2018-07-13T08:26:11+00:00\",\"breadcrumb\":{\"@id\":\"https:\\\/\\\/iraurgiberritzen.eus\\\/es\\\/empresas-de-zestoa-y-en-general-del-urola-erdia-trabajando-juntos-en-el-marco-de-la-agencia-iraurgi-berritzen\\\/#breadcrumb\"},\"inLanguage\":\"es\",\"potentialAction\":[{\"@type\":\"ReadAction\",\"target\":[\"https:\\\/\\\/iraurgiberritzen.eus\\\/es\\\/empresas-de-zestoa-y-en-general-del-urola-erdia-trabajando-juntos-en-el-marco-de-la-agencia-iraurgi-berritzen\\\/\"]}]},{\"@type\":\"ImageObject\",\"inLanguage\":\"es\",\"@id\":\"https:\\\/\\\/iraurgiberritzen.eus\\\/es\\\/empresas-de-zestoa-y-en-general-del-urola-erdia-trabajando-juntos-en-el-marco-de-la-agencia-iraurgi-berritzen\\\/#primaryimage\",\"url\":\"https:\\\/\\\/iraurgiberritzen.eus\\\/wp-content\\\/uploads\\\/2023\\\/09\\\/3f51ec9d49bc461803b454a4875d5aa8.jpg\",\"contentUrl\":\"https:\\\/\\\/iraurgiberritzen.eus\\\/wp-content\\\/uploads\\\/2023\\\/09\\\/3f51ec9d49bc461803b454a4875d5aa8.jpg\",\"width\":600,\"height\":386},{\"@type\":\"BreadcrumbList\",\"@id\":\"https:\\\/\\\/iraurgiberritzen.eus\\\/es\\\/empresas-de-zestoa-y-en-general-del-urola-erdia-trabajando-juntos-en-el-marco-de-la-agencia-iraurgi-berritzen\\\/#breadcrumb\",\"itemListElement\":[{\"@type\":\"ListItem\",\"position\":1,\"name\":\"Home\",\"item\":\"https:\\\/\\\/iraurgiberritzen.eus\\\/es\\\/\"},{\"@type\":\"ListItem\",\"position\":2,\"name\":\"Empresas de Zestoa, y en general del Urola Erdia trabajando juntos en el marco de la agencia Iraurgi Berritzen\"}]},{\"@type\":\"WebSite\",\"@id\":\"https:\\\/\\\/iraurgiberritzen.eus\\\/es\\\/#website\",\"url\":\"https:\\\/\\\/iraurgiberritzen.eus\\\/es\\\/\",\"name\":\"Iraurgi Berritzen\",\"description\":\"Urola Erdiko Garapen Agentzia\",\"publisher\":{\"@id\":\"https:\\\/\\\/iraurgiberritzen.eus\\\/es\\\/#organization\"},\"potentialAction\":[{\"@type\":\"SearchAction\",\"target\":{\"@type\":\"EntryPoint\",\"urlTemplate\":\"https:\\\/\\\/iraurgiberritzen.eus\\\/es\\\/?s={search_term_string}\"},\"query-input\":{\"@type\":\"PropertyValueSpecification\",\"valueRequired\":true,\"valueName\":\"search_term_string\"}}],\"inLanguage\":\"es\"},{\"@type\":\"Organization\",\"@id\":\"https:\\\/\\\/iraurgiberritzen.eus\\\/es\\\/#organization\",\"name\":\"Iraurgi Berritzen\",\"url\":\"https:\\\/\\\/iraurgiberritzen.eus\\\/es\\\/\",\"logo\":{\"@type\":\"ImageObject\",\"inLanguage\":\"es\",\"@id\":\"https:\\\/\\\/iraurgiberritzen.eus\\\/es\\\/#\\\/schema\\\/logo\\\/image\\\/\",\"url\":\"https:\\\/\\\/iraurgiberritzen.eus\\\/wp-content\\\/uploads\\\/2024\\\/02\\\/IRAURGI-BERRITZEN-logotipoa_2.png\",\"contentUrl\":\"https:\\\/\\\/iraurgiberritzen.eus\\\/wp-content\\\/uploads\\\/2024\\\/02\\\/IRAURGI-BERRITZEN-logotipoa_2.png\",\"width\":496,\"height\":190,\"caption\":\"Iraurgi Berritzen\"},\"image\":{\"@id\":\"https:\\\/\\\/iraurgiberritzen.eus\\\/es\\\/#\\\/schema\\\/logo\\\/image\\\/\"}},{\"@type\":\"Person\",\"@id\":\"https:\\\/\\\/iraurgiberritzen.eus\\\/es\\\/#\\\/schema\\\/person\\\/5ab41aaf388a9097177601ebf45738d2\",\"name\":\"kudeatzailea\",\"sameAs\":[\"https:\\\/\\\/iraurgiberritzen.eus\"]}]}<\/script>\n<!-- \/ Yoast SEO plugin. -->","yoast_head_json":{"title":"Empresas de Zestoa, y en general del Urola Erdia trabajando juntos en el marco de la agencia Iraurgi Berritzen - Iraurgi Berritzen","robots":{"index":"index","follow":"follow","max-snippet":"max-snippet:-1","max-image-preview":"max-image-preview:large","max-video-preview":"max-video-preview:-1"},"canonical":"https:\/\/iraurgiberritzen.eus\/es\/empresas-de-zestoa-y-en-general-del-urola-erdia-trabajando-juntos-en-el-marco-de-la-agencia-iraurgi-berritzen\/","og_locale":"es_ES","og_type":"article","og_title":"Empresas de Zestoa, y en general del Urola Erdia trabajando juntos en el marco de la agencia Iraurgi Berritzen - Iraurgi Berritzen","og_description":"El pasado jueves 12 de julio se reunieron en el balneario de Zestoa representantes tanto de empresas de Zestoa como de la comarca Urola Erdia, en el marco de la agencia de innovaci\u00f3n y desarrollo Iraurgi Berritzen. Entre los objetivos de la reuni\u00f3n estaba la de ayudar a interiorizar a las empresas de Zestoa el [&hellip;]","og_url":"https:\/\/iraurgiberritzen.eus\/es\/empresas-de-zestoa-y-en-general-del-urola-erdia-trabajando-juntos-en-el-marco-de-la-agencia-iraurgi-berritzen\/","og_site_name":"Iraurgi Berritzen","article_published_time":"2018-07-13T08:26:11+00:00","author":"kudeatzailea","twitter_card":"summary_large_image","twitter_misc":{"Escrito por":"kudeatzailea","Tiempo de lectura":"2 minutos"},"schema":{"@context":"https:\/\/schema.org","@graph":[{"@type":"Article","@id":"https:\/\/iraurgiberritzen.eus\/es\/empresas-de-zestoa-y-en-general-del-urola-erdia-trabajando-juntos-en-el-marco-de-la-agencia-iraurgi-berritzen\/#article","isPartOf":{"@id":"https:\/\/iraurgiberritzen.eus\/es\/empresas-de-zestoa-y-en-general-del-urola-erdia-trabajando-juntos-en-el-marco-de-la-agencia-iraurgi-berritzen\/"},"author":{"name":"kudeatzailea","@id":"https:\/\/iraurgiberritzen.eus\/es\/#\/schema\/person\/5ab41aaf388a9097177601ebf45738d2"},"headline":"Empresas de Zestoa, y en general del Urola Erdia trabajando juntos en el marco de la agencia Iraurgi Berritzen","datePublished":"2018-07-13T08:26:11+00:00","mainEntityOfPage":{"@id":"https:\/\/iraurgiberritzen.eus\/es\/empresas-de-zestoa-y-en-general-del-urola-erdia-trabajando-juntos-en-el-marco-de-la-agencia-iraurgi-berritzen\/"},"wordCount":487,"publisher":{"@id":"https:\/\/iraurgiberritzen.eus\/es\/#organization"},"image":{"@id":"https:\/\/iraurgiberritzen.eus\/es\/empresas-de-zestoa-y-en-general-del-urola-erdia-trabajando-juntos-en-el-marco-de-la-agencia-iraurgi-berritzen\/#primaryimage"},"thumbnailUrl":"https:\/\/iraurgiberritzen.eus\/wp-content\/uploads\/2023\/09\/3f51ec9d49bc461803b454a4875d5aa8.jpg","articleSection":["Noticias"],"inLanguage":"es"},{"@type":"WebPage","@id":"https:\/\/iraurgiberritzen.eus\/es\/empresas-de-zestoa-y-en-general-del-urola-erdia-trabajando-juntos-en-el-marco-de-la-agencia-iraurgi-berritzen\/","url":"https:\/\/iraurgiberritzen.eus\/es\/empresas-de-zestoa-y-en-general-del-urola-erdia-trabajando-juntos-en-el-marco-de-la-agencia-iraurgi-berritzen\/","name":"Empresas de Zestoa, y en general del Urola Erdia trabajando juntos en el marco de la agencia Iraurgi Berritzen - Iraurgi Berritzen","isPartOf":{"@id":"https:\/\/iraurgiberritzen.eus\/es\/#website"},"primaryImageOfPage":{"@id":"https:\/\/iraurgiberritzen.eus\/es\/empresas-de-zestoa-y-en-general-del-urola-erdia-trabajando-juntos-en-el-marco-de-la-agencia-iraurgi-berritzen\/#primaryimage"},"image":{"@id":"https:\/\/iraurgiberritzen.eus\/es\/empresas-de-zestoa-y-en-general-del-urola-erdia-trabajando-juntos-en-el-marco-de-la-agencia-iraurgi-berritzen\/#primaryimage"},"thumbnailUrl":"https:\/\/iraurgiberritzen.eus\/wp-content\/uploads\/2023\/09\/3f51ec9d49bc461803b454a4875d5aa8.jpg","datePublished":"2018-07-13T08:26:11+00:00","breadcrumb":{"@id":"https:\/\/iraurgiberritzen.eus\/es\/empresas-de-zestoa-y-en-general-del-urola-erdia-trabajando-juntos-en-el-marco-de-la-agencia-iraurgi-berritzen\/#breadcrumb"},"inLanguage":"es","potentialAction":[{"@type":"ReadAction","target":["https:\/\/iraurgiberritzen.eus\/es\/empresas-de-zestoa-y-en-general-del-urola-erdia-trabajando-juntos-en-el-marco-de-la-agencia-iraurgi-berritzen\/"]}]},{"@type":"ImageObject","inLanguage":"es","@id":"https:\/\/iraurgiberritzen.eus\/es\/empresas-de-zestoa-y-en-general-del-urola-erdia-trabajando-juntos-en-el-marco-de-la-agencia-iraurgi-berritzen\/#primaryimage","url":"https:\/\/iraurgiberritzen.eus\/wp-content\/uploads\/2023\/09\/3f51ec9d49bc461803b454a4875d5aa8.jpg","contentUrl":"https:\/\/iraurgiberritzen.eus\/wp-content\/uploads\/2023\/09\/3f51ec9d49bc461803b454a4875d5aa8.jpg","width":600,"height":386},{"@type":"BreadcrumbList","@id":"https:\/\/iraurgiberritzen.eus\/es\/empresas-de-zestoa-y-en-general-del-urola-erdia-trabajando-juntos-en-el-marco-de-la-agencia-iraurgi-berritzen\/#breadcrumb","itemListElement":[{"@type":"ListItem","position":1,"name":"Home","item":"https:\/\/iraurgiberritzen.eus\/es\/"},{"@type":"ListItem","position":2,"name":"Empresas de Zestoa, y en general del Urola Erdia trabajando juntos en el marco de la agencia Iraurgi Berritzen"}]},{"@type":"WebSite","@id":"https:\/\/iraurgiberritzen.eus\/es\/#website","url":"https:\/\/iraurgiberritzen.eus\/es\/","name":"Iraurgi Berritzen","description":"Urola Erdiko Garapen Agentzia","publisher":{"@id":"https:\/\/iraurgiberritzen.eus\/es\/#organization"},"potentialAction":[{"@type":"SearchAction","target":{"@type":"EntryPoint","urlTemplate":"https:\/\/iraurgiberritzen.eus\/es\/?s={search_term_string}"},"query-input":{"@type":"PropertyValueSpecification","valueRequired":true,"valueName":"search_term_string"}}],"inLanguage":"es"},{"@type":"Organization","@id":"https:\/\/iraurgiberritzen.eus\/es\/#organization","name":"Iraurgi Berritzen","url":"https:\/\/iraurgiberritzen.eus\/es\/","logo":{"@type":"ImageObject","inLanguage":"es","@id":"https:\/\/iraurgiberritzen.eus\/es\/#\/schema\/logo\/image\/","url":"https:\/\/iraurgiberritzen.eus\/wp-content\/uploads\/2024\/02\/IRAURGI-BERRITZEN-logotipoa_2.png","contentUrl":"https:\/\/iraurgiberritzen.eus\/wp-content\/uploads\/2024\/02\/IRAURGI-BERRITZEN-logotipoa_2.png","width":496,"height":190,"caption":"Iraurgi Berritzen"},"image":{"@id":"https:\/\/iraurgiberritzen.eus\/es\/#\/schema\/logo\/image\/"}},{"@type":"Person","@id":"https:\/\/iraurgiberritzen.eus\/es\/#\/schema\/person\/5ab41aaf388a9097177601ebf45738d2","name":"kudeatzailea","sameAs":["https:\/\/iraurgiberritzen.eus"]}]}},"_links":{"self":[{"href":"https:\/\/iraurgiberritzen.eus\/es\/wp-json\/wp\/v2\/posts\/12417","targetHints":{"allow":["GET"]}}],"collection":[{"href":"https:\/\/iraurgiberritzen.eus\/es\/wp-json\/wp\/v2\/posts"}],"about":[{"href":"https:\/\/iraurgiberritzen.eus\/es\/wp-json\/wp\/v2\/types\/post"}],"author":[{"embeddable":true,"href":"https:\/\/iraurgiberritzen.eus\/es\/wp-json\/wp\/v2\/users\/1"}],"replies":[{"embeddable":true,"href":"https:\/\/iraurgiberritzen.eus\/es\/wp-json\/wp\/v2\/comments?post=12417"}],"version-history":[{"count":0,"href":"https:\/\/iraurgiberritzen.eus\/es\/wp-json\/wp\/v2\/posts\/12417\/revisions"}],"wp:featuredmedia":[{"embeddable":true,"href":"https:\/\/iraurgiberritzen.eus\/es\/wp-json\/wp\/v2\/media\/17885"}],"wp:attachment":[{"href":"https:\/\/iraurgiberritzen.eus\/es\/wp-json\/wp\/v2\/media?parent=12417"}],"wp:term":[{"taxonomy":"category","embeddable":true,"href":"https:\/\/iraurgiberritzen.eus\/es\/wp-json\/wp\/v2\/categories?post=12417"},{"taxonomy":"post_tag","embeddable":true,"href":"https:\/\/iraurgiberritzen.eus\/es\/wp-json\/wp\/v2\/tags?post=12417"}],"curies":[{"name":"wp","href":"https:\/\/api.w.org\/{rel}","templated":true}]}}