{"id":12426,"date":"2018-07-19T10:39:09","date_gmt":"2018-07-19T08:39:09","guid":{"rendered":"https:\/\/iraurgiberritzen.eus\/finalizada-la-6a-edicion-de-la-formacion-preparacion-para-el-emprendimiento-del-programa-lanzituz\/"},"modified":"2018-07-19T10:39:09","modified_gmt":"2018-07-19T08:39:09","slug":"finalizada-la-6a-edicion-de-la-formacion-preparacion-para-el-emprendimiento-del-programa-lanzituz","status":"publish","type":"post","link":"https:\/\/iraurgiberritzen.eus\/es\/finalizada-la-6a-edicion-de-la-formacion-preparacion-para-el-emprendimiento-del-programa-lanzituz\/","title":{"rendered":"Finalizada la 6\u00aa Edici\u00f3n de la formaci\u00f3n \u201cPreparaci\u00f3n para el emprendimiento\u201d del programa Lanzituz"},"content":{"rendered":"<p style=\"text-align: justify;\">El pasado 6 de julio, finaliz\u00f3 la 6\u00aa Edici\u00f3n de la formaci\u00f3n \u00abPreparaci\u00f3n para el emprendimiento\u00bb dentro del programa LANZITUZ, LAN SOZIETATEAK SORTUZ.<\/p>\n<p style=\"text-align: justify;\">En las 4 semanas que dura la formaci\u00f3n los\/as emprendedores\/as adem\u00e1s de analizar su idea\/proyecto, conocen los pasos a dar a la hora de abrir un nuevo negocio, entre otros los tr\u00e1mites a realizar, informaci\u00f3n sobre las ayudas y subvenciones, diferentes v\u00edas de financiaci\u00f3n e informaci\u00f3n sobre los impuestos que afectar\u00e1n a la empresa.<\/p>\n<p style=\"text-align: justify;\">LANZITUZ, LAN SOZIETATEAK SORTUZ es un programa que tiene como objetivo esencial favorecer la inserci\u00f3n laboral o la reincorporaci\u00f3n al mercado de trabajo de personas desempleadas, ayud\u00e1ndolas a crear sus propios puestos de trabajo bajo la formula de la sociedad Laboral, un modelo de empresa en el que las propias personas trabajadoras deben tener la mayor\u00eda del capital social y por tanto la capacidad gesti\u00f3n y decisi\u00f3n. El proyecto ha sido cofinanciado por el Fondo Social Europeo y participan ASLE (Asociaci\u00f3n de Sociedades Laborales de Euskadi), Iraurgi Berritzen, C\u00e1mara de Gipuzkoa, GEZKI (El Instituto de Estudios Cooperativos y Econom\u00eda Social de la Universidad del Pa\u00eds Vasco) y CCOO de Euskadi.<\/p>\n<p style=\"text-align: justify;\">El programa se divide en dos apartados. En la operaci\u00f3n <strong>\u00abPreparaci\u00f3n para el emprendimiento\u00bb<\/strong>, los\/as emprendedores\/As adquieren conocimientos sobre la puesta en marcha de su idea\/proyecto. Con esta formaci\u00f3n, adem\u00e1s de mejorar la empleabilidad de los\/As participantes, se quiere fomentar su esp\u00edritu emprendedor. En la segunda operaci\u00f3n <strong>\u00abEmprendiendo activamente\u00bb<\/strong> se da asesoramiento personalizado a aquellos\/as promotores\/As que emprenden en colectivo. Los\/as promotores\/as obtienen asesoramiento durante toda su trayectoria emprendedora, en la fase de la ideaci\u00f3n, desarrollo del proyecto, en la creaci\u00f3n y tambi\u00e9n una vez creada la empresa.<\/p>\n","protected":false},"excerpt":{"rendered":"<p>El pasado 6 de julio, finaliz\u00f3 la 6\u00aa Edici\u00f3n de la formaci\u00f3n \u00abPreparaci\u00f3n para el emprendimiento\u00bb dentro del programa LANZITUZ, LAN SOZIETATEAK SORTUZ. En las 4 semanas que dura la formaci\u00f3n los\/as emprendedores\/as adem\u00e1s de analizar su idea\/proyecto, conocen los pasos a dar a la hora de abrir un nuevo negocio, entre otros los tr\u00e1mites [&hellip;]<\/p>\n","protected":false},"author":1,"featured_media":17868,"comment_status":"","ping_status":"closed","sticky":false,"template":"","format":"standard","meta":{"_acf_changed":false,"footnotes":""},"categories":[4],"tags":[],"class_list":["post-12426","post","type-post","status-publish","format-standard","has-post-thumbnail","hentry","category-noticias"],"acf":[],"yoast_head":"<!-- This site is optimized with the Yoast SEO plugin v27.4 - https:\/\/yoast.com\/product\/yoast-seo-wordpress\/ -->\n<title>Finalizada la 6\u00aa Edici\u00f3n de la formaci\u00f3n \u201cPreparaci\u00f3n para el emprendimiento\u201d del programa Lanzituz - Iraurgi Berritzen<\/title>\n<meta name=\"robots\" content=\"index, follow, max-snippet:-1, max-image-preview:large, max-video-preview:-1\" \/>\n<link rel=\"canonical\" href=\"https:\/\/iraurgiberritzen.eus\/es\/finalizada-la-6a-edicion-de-la-formacion-preparacion-para-el-emprendimiento-del-programa-lanzituz\/\" \/>\n<meta property=\"og:locale\" content=\"es_ES\" \/>\n<meta property=\"og:type\" content=\"article\" \/>\n<meta property=\"og:title\" content=\"Finalizada la 6\u00aa Edici\u00f3n de la formaci\u00f3n \u201cPreparaci\u00f3n para el emprendimiento\u201d del programa Lanzituz - Iraurgi Berritzen\" \/>\n<meta property=\"og:description\" content=\"El pasado 6 de julio, finaliz\u00f3 la 6\u00aa Edici\u00f3n de la formaci\u00f3n \u00abPreparaci\u00f3n para el emprendimiento\u00bb dentro del programa LANZITUZ, LAN SOZIETATEAK SORTUZ. En las 4 semanas que dura la formaci\u00f3n los\/as emprendedores\/as adem\u00e1s de analizar su idea\/proyecto, conocen los pasos a dar a la hora de abrir un nuevo negocio, entre otros los tr\u00e1mites [&hellip;]\" \/>\n<meta property=\"og:url\" content=\"https:\/\/iraurgiberritzen.eus\/es\/finalizada-la-6a-edicion-de-la-formacion-preparacion-para-el-emprendimiento-del-programa-lanzituz\/\" \/>\n<meta property=\"og:site_name\" content=\"Iraurgi Berritzen\" \/>\n<meta property=\"article:published_time\" content=\"2018-07-19T08:39:09+00:00\" \/>\n<meta name=\"author\" content=\"kudeatzailea\" \/>\n<meta name=\"twitter:card\" content=\"summary_large_image\" \/>\n<meta name=\"twitter:label1\" content=\"Escrito por\" \/>\n\t<meta name=\"twitter:data1\" content=\"kudeatzailea\" \/>\n\t<meta name=\"twitter:label2\" content=\"Tiempo de lectura\" \/>\n\t<meta name=\"twitter:data2\" content=\"2 minutos\" \/>\n<script type=\"application\/ld+json\" class=\"yoast-schema-graph\">{\"@context\":\"https:\\\/\\\/schema.org\",\"@graph\":[{\"@type\":\"Article\",\"@id\":\"https:\\\/\\\/iraurgiberritzen.eus\\\/es\\\/finalizada-la-6a-edicion-de-la-formacion-preparacion-para-el-emprendimiento-del-programa-lanzituz\\\/#article\",\"isPartOf\":{\"@id\":\"https:\\\/\\\/iraurgiberritzen.eus\\\/es\\\/finalizada-la-6a-edicion-de-la-formacion-preparacion-para-el-emprendimiento-del-programa-lanzituz\\\/\"},\"author\":{\"name\":\"kudeatzailea\",\"@id\":\"https:\\\/\\\/iraurgiberritzen.eus\\\/es\\\/#\\\/schema\\\/person\\\/5ab41aaf388a9097177601ebf45738d2\"},\"headline\":\"Finalizada la 6\u00aa Edici\u00f3n de la formaci\u00f3n \u201cPreparaci\u00f3n para el emprendimiento\u201d del programa Lanzituz\",\"datePublished\":\"2018-07-19T08:39:09+00:00\",\"mainEntityOfPage\":{\"@id\":\"https:\\\/\\\/iraurgiberritzen.eus\\\/es\\\/finalizada-la-6a-edicion-de-la-formacion-preparacion-para-el-emprendimiento-del-programa-lanzituz\\\/\"},\"wordCount\":329,\"publisher\":{\"@id\":\"https:\\\/\\\/iraurgiberritzen.eus\\\/es\\\/#organization\"},\"image\":{\"@id\":\"https:\\\/\\\/iraurgiberritzen.eus\\\/es\\\/finalizada-la-6a-edicion-de-la-formacion-preparacion-para-el-emprendimiento-del-programa-lanzituz\\\/#primaryimage\"},\"thumbnailUrl\":\"https:\\\/\\\/iraurgiberritzen.eus\\\/wp-content\\\/uploads\\\/2023\\\/09\\\/edb573a17581af3290eff07627fcedd0.jpg\",\"articleSection\":[\"Noticias\"],\"inLanguage\":\"es\"},{\"@type\":\"WebPage\",\"@id\":\"https:\\\/\\\/iraurgiberritzen.eus\\\/es\\\/finalizada-la-6a-edicion-de-la-formacion-preparacion-para-el-emprendimiento-del-programa-lanzituz\\\/\",\"url\":\"https:\\\/\\\/iraurgiberritzen.eus\\\/es\\\/finalizada-la-6a-edicion-de-la-formacion-preparacion-para-el-emprendimiento-del-programa-lanzituz\\\/\",\"name\":\"Finalizada la 6\u00aa Edici\u00f3n de la formaci\u00f3n \u201cPreparaci\u00f3n para el emprendimiento\u201d del programa Lanzituz - Iraurgi Berritzen\",\"isPartOf\":{\"@id\":\"https:\\\/\\\/iraurgiberritzen.eus\\\/es\\\/#website\"},\"primaryImageOfPage\":{\"@id\":\"https:\\\/\\\/iraurgiberritzen.eus\\\/es\\\/finalizada-la-6a-edicion-de-la-formacion-preparacion-para-el-emprendimiento-del-programa-lanzituz\\\/#primaryimage\"},\"image\":{\"@id\":\"https:\\\/\\\/iraurgiberritzen.eus\\\/es\\\/finalizada-la-6a-edicion-de-la-formacion-preparacion-para-el-emprendimiento-del-programa-lanzituz\\\/#primaryimage\"},\"thumbnailUrl\":\"https:\\\/\\\/iraurgiberritzen.eus\\\/wp-content\\\/uploads\\\/2023\\\/09\\\/edb573a17581af3290eff07627fcedd0.jpg\",\"datePublished\":\"2018-07-19T08:39:09+00:00\",\"breadcrumb\":{\"@id\":\"https:\\\/\\\/iraurgiberritzen.eus\\\/es\\\/finalizada-la-6a-edicion-de-la-formacion-preparacion-para-el-emprendimiento-del-programa-lanzituz\\\/#breadcrumb\"},\"inLanguage\":\"es\",\"potentialAction\":[{\"@type\":\"ReadAction\",\"target\":[\"https:\\\/\\\/iraurgiberritzen.eus\\\/es\\\/finalizada-la-6a-edicion-de-la-formacion-preparacion-para-el-emprendimiento-del-programa-lanzituz\\\/\"]}]},{\"@type\":\"ImageObject\",\"inLanguage\":\"es\",\"@id\":\"https:\\\/\\\/iraurgiberritzen.eus\\\/es\\\/finalizada-la-6a-edicion-de-la-formacion-preparacion-para-el-emprendimiento-del-programa-lanzituz\\\/#primaryimage\",\"url\":\"https:\\\/\\\/iraurgiberritzen.eus\\\/wp-content\\\/uploads\\\/2023\\\/09\\\/edb573a17581af3290eff07627fcedd0.jpg\",\"contentUrl\":\"https:\\\/\\\/iraurgiberritzen.eus\\\/wp-content\\\/uploads\\\/2023\\\/09\\\/edb573a17581af3290eff07627fcedd0.jpg\",\"width\":600,\"height\":386},{\"@type\":\"BreadcrumbList\",\"@id\":\"https:\\\/\\\/iraurgiberritzen.eus\\\/es\\\/finalizada-la-6a-edicion-de-la-formacion-preparacion-para-el-emprendimiento-del-programa-lanzituz\\\/#breadcrumb\",\"itemListElement\":[{\"@type\":\"ListItem\",\"position\":1,\"name\":\"Home\",\"item\":\"https:\\\/\\\/iraurgiberritzen.eus\\\/es\\\/\"},{\"@type\":\"ListItem\",\"position\":2,\"name\":\"Finalizada la 6\u00aa Edici\u00f3n de la formaci\u00f3n \u201cPreparaci\u00f3n para el emprendimiento\u201d del programa Lanzituz\"}]},{\"@type\":\"WebSite\",\"@id\":\"https:\\\/\\\/iraurgiberritzen.eus\\\/es\\\/#website\",\"url\":\"https:\\\/\\\/iraurgiberritzen.eus\\\/es\\\/\",\"name\":\"Iraurgi Berritzen\",\"description\":\"Urola Erdiko Garapen Agentzia\",\"publisher\":{\"@id\":\"https:\\\/\\\/iraurgiberritzen.eus\\\/es\\\/#organization\"},\"potentialAction\":[{\"@type\":\"SearchAction\",\"target\":{\"@type\":\"EntryPoint\",\"urlTemplate\":\"https:\\\/\\\/iraurgiberritzen.eus\\\/es\\\/?s={search_term_string}\"},\"query-input\":{\"@type\":\"PropertyValueSpecification\",\"valueRequired\":true,\"valueName\":\"search_term_string\"}}],\"inLanguage\":\"es\"},{\"@type\":\"Organization\",\"@id\":\"https:\\\/\\\/iraurgiberritzen.eus\\\/es\\\/#organization\",\"name\":\"Iraurgi Berritzen\",\"url\":\"https:\\\/\\\/iraurgiberritzen.eus\\\/es\\\/\",\"logo\":{\"@type\":\"ImageObject\",\"inLanguage\":\"es\",\"@id\":\"https:\\\/\\\/iraurgiberritzen.eus\\\/es\\\/#\\\/schema\\\/logo\\\/image\\\/\",\"url\":\"https:\\\/\\\/iraurgiberritzen.eus\\\/wp-content\\\/uploads\\\/2024\\\/02\\\/IRAURGI-BERRITZEN-logotipoa_2.png\",\"contentUrl\":\"https:\\\/\\\/iraurgiberritzen.eus\\\/wp-content\\\/uploads\\\/2024\\\/02\\\/IRAURGI-BERRITZEN-logotipoa_2.png\",\"width\":496,\"height\":190,\"caption\":\"Iraurgi Berritzen\"},\"image\":{\"@id\":\"https:\\\/\\\/iraurgiberritzen.eus\\\/es\\\/#\\\/schema\\\/logo\\\/image\\\/\"}},{\"@type\":\"Person\",\"@id\":\"https:\\\/\\\/iraurgiberritzen.eus\\\/es\\\/#\\\/schema\\\/person\\\/5ab41aaf388a9097177601ebf45738d2\",\"name\":\"kudeatzailea\",\"sameAs\":[\"https:\\\/\\\/iraurgiberritzen.eus\"]}]}<\/script>\n<!-- \/ Yoast SEO plugin. -->","yoast_head_json":{"title":"Finalizada la 6\u00aa Edici\u00f3n de la formaci\u00f3n \u201cPreparaci\u00f3n para el emprendimiento\u201d del programa Lanzituz - Iraurgi Berritzen","robots":{"index":"index","follow":"follow","max-snippet":"max-snippet:-1","max-image-preview":"max-image-preview:large","max-video-preview":"max-video-preview:-1"},"canonical":"https:\/\/iraurgiberritzen.eus\/es\/finalizada-la-6a-edicion-de-la-formacion-preparacion-para-el-emprendimiento-del-programa-lanzituz\/","og_locale":"es_ES","og_type":"article","og_title":"Finalizada la 6\u00aa Edici\u00f3n de la formaci\u00f3n \u201cPreparaci\u00f3n para el emprendimiento\u201d del programa Lanzituz - Iraurgi Berritzen","og_description":"El pasado 6 de julio, finaliz\u00f3 la 6\u00aa Edici\u00f3n de la formaci\u00f3n \u00abPreparaci\u00f3n para el emprendimiento\u00bb dentro del programa LANZITUZ, LAN SOZIETATEAK SORTUZ. En las 4 semanas que dura la formaci\u00f3n los\/as emprendedores\/as adem\u00e1s de analizar su idea\/proyecto, conocen los pasos a dar a la hora de abrir un nuevo negocio, entre otros los tr\u00e1mites [&hellip;]","og_url":"https:\/\/iraurgiberritzen.eus\/es\/finalizada-la-6a-edicion-de-la-formacion-preparacion-para-el-emprendimiento-del-programa-lanzituz\/","og_site_name":"Iraurgi Berritzen","article_published_time":"2018-07-19T08:39:09+00:00","author":"kudeatzailea","twitter_card":"summary_large_image","twitter_misc":{"Escrito por":"kudeatzailea","Tiempo de lectura":"2 minutos"},"schema":{"@context":"https:\/\/schema.org","@graph":[{"@type":"Article","@id":"https:\/\/iraurgiberritzen.eus\/es\/finalizada-la-6a-edicion-de-la-formacion-preparacion-para-el-emprendimiento-del-programa-lanzituz\/#article","isPartOf":{"@id":"https:\/\/iraurgiberritzen.eus\/es\/finalizada-la-6a-edicion-de-la-formacion-preparacion-para-el-emprendimiento-del-programa-lanzituz\/"},"author":{"name":"kudeatzailea","@id":"https:\/\/iraurgiberritzen.eus\/es\/#\/schema\/person\/5ab41aaf388a9097177601ebf45738d2"},"headline":"Finalizada la 6\u00aa Edici\u00f3n de la formaci\u00f3n \u201cPreparaci\u00f3n para el emprendimiento\u201d del programa Lanzituz","datePublished":"2018-07-19T08:39:09+00:00","mainEntityOfPage":{"@id":"https:\/\/iraurgiberritzen.eus\/es\/finalizada-la-6a-edicion-de-la-formacion-preparacion-para-el-emprendimiento-del-programa-lanzituz\/"},"wordCount":329,"publisher":{"@id":"https:\/\/iraurgiberritzen.eus\/es\/#organization"},"image":{"@id":"https:\/\/iraurgiberritzen.eus\/es\/finalizada-la-6a-edicion-de-la-formacion-preparacion-para-el-emprendimiento-del-programa-lanzituz\/#primaryimage"},"thumbnailUrl":"https:\/\/iraurgiberritzen.eus\/wp-content\/uploads\/2023\/09\/edb573a17581af3290eff07627fcedd0.jpg","articleSection":["Noticias"],"inLanguage":"es"},{"@type":"WebPage","@id":"https:\/\/iraurgiberritzen.eus\/es\/finalizada-la-6a-edicion-de-la-formacion-preparacion-para-el-emprendimiento-del-programa-lanzituz\/","url":"https:\/\/iraurgiberritzen.eus\/es\/finalizada-la-6a-edicion-de-la-formacion-preparacion-para-el-emprendimiento-del-programa-lanzituz\/","name":"Finalizada la 6\u00aa Edici\u00f3n de la formaci\u00f3n \u201cPreparaci\u00f3n para el emprendimiento\u201d del programa Lanzituz - Iraurgi Berritzen","isPartOf":{"@id":"https:\/\/iraurgiberritzen.eus\/es\/#website"},"primaryImageOfPage":{"@id":"https:\/\/iraurgiberritzen.eus\/es\/finalizada-la-6a-edicion-de-la-formacion-preparacion-para-el-emprendimiento-del-programa-lanzituz\/#primaryimage"},"image":{"@id":"https:\/\/iraurgiberritzen.eus\/es\/finalizada-la-6a-edicion-de-la-formacion-preparacion-para-el-emprendimiento-del-programa-lanzituz\/#primaryimage"},"thumbnailUrl":"https:\/\/iraurgiberritzen.eus\/wp-content\/uploads\/2023\/09\/edb573a17581af3290eff07627fcedd0.jpg","datePublished":"2018-07-19T08:39:09+00:00","breadcrumb":{"@id":"https:\/\/iraurgiberritzen.eus\/es\/finalizada-la-6a-edicion-de-la-formacion-preparacion-para-el-emprendimiento-del-programa-lanzituz\/#breadcrumb"},"inLanguage":"es","potentialAction":[{"@type":"ReadAction","target":["https:\/\/iraurgiberritzen.eus\/es\/finalizada-la-6a-edicion-de-la-formacion-preparacion-para-el-emprendimiento-del-programa-lanzituz\/"]}]},{"@type":"ImageObject","inLanguage":"es","@id":"https:\/\/iraurgiberritzen.eus\/es\/finalizada-la-6a-edicion-de-la-formacion-preparacion-para-el-emprendimiento-del-programa-lanzituz\/#primaryimage","url":"https:\/\/iraurgiberritzen.eus\/wp-content\/uploads\/2023\/09\/edb573a17581af3290eff07627fcedd0.jpg","contentUrl":"https:\/\/iraurgiberritzen.eus\/wp-content\/uploads\/2023\/09\/edb573a17581af3290eff07627fcedd0.jpg","width":600,"height":386},{"@type":"BreadcrumbList","@id":"https:\/\/iraurgiberritzen.eus\/es\/finalizada-la-6a-edicion-de-la-formacion-preparacion-para-el-emprendimiento-del-programa-lanzituz\/#breadcrumb","itemListElement":[{"@type":"ListItem","position":1,"name":"Home","item":"https:\/\/iraurgiberritzen.eus\/es\/"},{"@type":"ListItem","position":2,"name":"Finalizada la 6\u00aa Edici\u00f3n de la formaci\u00f3n \u201cPreparaci\u00f3n para el emprendimiento\u201d del programa Lanzituz"}]},{"@type":"WebSite","@id":"https:\/\/iraurgiberritzen.eus\/es\/#website","url":"https:\/\/iraurgiberritzen.eus\/es\/","name":"Iraurgi Berritzen","description":"Urola Erdiko Garapen Agentzia","publisher":{"@id":"https:\/\/iraurgiberritzen.eus\/es\/#organization"},"potentialAction":[{"@type":"SearchAction","target":{"@type":"EntryPoint","urlTemplate":"https:\/\/iraurgiberritzen.eus\/es\/?s={search_term_string}"},"query-input":{"@type":"PropertyValueSpecification","valueRequired":true,"valueName":"search_term_string"}}],"inLanguage":"es"},{"@type":"Organization","@id":"https:\/\/iraurgiberritzen.eus\/es\/#organization","name":"Iraurgi Berritzen","url":"https:\/\/iraurgiberritzen.eus\/es\/","logo":{"@type":"ImageObject","inLanguage":"es","@id":"https:\/\/iraurgiberritzen.eus\/es\/#\/schema\/logo\/image\/","url":"https:\/\/iraurgiberritzen.eus\/wp-content\/uploads\/2024\/02\/IRAURGI-BERRITZEN-logotipoa_2.png","contentUrl":"https:\/\/iraurgiberritzen.eus\/wp-content\/uploads\/2024\/02\/IRAURGI-BERRITZEN-logotipoa_2.png","width":496,"height":190,"caption":"Iraurgi Berritzen"},"image":{"@id":"https:\/\/iraurgiberritzen.eus\/es\/#\/schema\/logo\/image\/"}},{"@type":"Person","@id":"https:\/\/iraurgiberritzen.eus\/es\/#\/schema\/person\/5ab41aaf388a9097177601ebf45738d2","name":"kudeatzailea","sameAs":["https:\/\/iraurgiberritzen.eus"]}]}},"_links":{"self":[{"href":"https:\/\/iraurgiberritzen.eus\/es\/wp-json\/wp\/v2\/posts\/12426","targetHints":{"allow":["GET"]}}],"collection":[{"href":"https:\/\/iraurgiberritzen.eus\/es\/wp-json\/wp\/v2\/posts"}],"about":[{"href":"https:\/\/iraurgiberritzen.eus\/es\/wp-json\/wp\/v2\/types\/post"}],"author":[{"embeddable":true,"href":"https:\/\/iraurgiberritzen.eus\/es\/wp-json\/wp\/v2\/users\/1"}],"replies":[{"embeddable":true,"href":"https:\/\/iraurgiberritzen.eus\/es\/wp-json\/wp\/v2\/comments?post=12426"}],"version-history":[{"count":0,"href":"https:\/\/iraurgiberritzen.eus\/es\/wp-json\/wp\/v2\/posts\/12426\/revisions"}],"wp:featuredmedia":[{"embeddable":true,"href":"https:\/\/iraurgiberritzen.eus\/es\/wp-json\/wp\/v2\/media\/17868"}],"wp:attachment":[{"href":"https:\/\/iraurgiberritzen.eus\/es\/wp-json\/wp\/v2\/media?parent=12426"}],"wp:term":[{"taxonomy":"category","embeddable":true,"href":"https:\/\/iraurgiberritzen.eus\/es\/wp-json\/wp\/v2\/categories?post=12426"},{"taxonomy":"post_tag","embeddable":true,"href":"https:\/\/iraurgiberritzen.eus\/es\/wp-json\/wp\/v2\/tags?post=12426"}],"curies":[{"name":"wp","href":"https:\/\/api.w.org\/{rel}","templated":true}]}}