{"id":12429,"date":"2018-07-20T08:48:23","date_gmt":"2018-07-20T06:48:23","guid":{"rendered":"https:\/\/iraurgiberritzen.eus\/abierto-el-plazo-para-inscribirse-en-el-programa-lehen-aukera\/"},"modified":"2018-07-20T08:48:23","modified_gmt":"2018-07-20T06:48:23","slug":"abierto-el-plazo-para-inscribirse-en-el-programa-lehen-aukera","status":"publish","type":"post","link":"https:\/\/iraurgiberritzen.eus\/es\/abierto-el-plazo-para-inscribirse-en-el-programa-lehen-aukera\/","title":{"rendered":"Abierto el plazo para inscribirse en el Programa Lehen Aukera"},"content":{"rendered":"<p>El plazo para presentar la solicitud y los contratos en pr\u00e1cticas o indefinidos realizados a trav\u00e9s del Programa Lehen Aukera acaba el 31 de octubre.<\/p>\n<p>OBJETIVO: Contrataci\u00f3n de personas j\u00f3venes, en situaci\u00f3n de desempleo y sin previa o con escasa experiencia laboral, en empleos relacionados con su titulaci\u00f3n, por las empresas vascas.<\/p>\n<p>Las personas interesadas deber\u00e1n cumplir los siguientes requisitos:<\/p>\n<ul>\n<li>Ser mayor de 16 a\u00f1os y menor de 30 a\u00f1os<\/li>\n<li>Residir en la Comunidad Aut\u00f3noma Vasca<\/li>\n<li>Estar inscrita como demandante de Empleo en Lanbide-SVE<\/li>\n<li>Estar en situaci\u00f3n de desempleo en el momento de la formalizaci\u00f3n del contrato<\/li>\n<\/ul>\n<p>Estar en posesi\u00f3n de algunas de las titulaciones siguientes:<\/p>\n<ul>\n<li><strong>Licenciatura o Grado Universitario, ingenier\u00eda y\/o Arquitectura<\/strong><\/li>\n<li><strong>Diplomatura Universitaria, Ingenier\u00eda T\u00e9cnica y\/o Arquitectura T\u00e9cnica<\/strong><\/li>\n<li><strong>T\u00e9cnico\/a Superior o Medio de Formaci\u00f3n Profesional reglada, de la formaci\u00f3n profesional espec\u00edfica, siendo equivalentes a los anteriores los t\u00edtulos de Tecnico\/a Auxiliar (FP1) y T\u00e9cnico Especialista (FP2)<\/strong><\/li>\n<li><strong>Otras titulaciones oficialmente reconocidas como equivalentes a las anteriores<\/strong><\/li>\n<li><strong>Certificado de profesionalidad<\/strong><\/li>\n<\/ul>\n<p>Tendr\u00e1n <strong>prioridad<\/strong> en el proceso de selecci\u00f3n las personas que est\u00e9n registradas en el <strong>Sistema de Garant\u00eda Juvenil<\/strong>.<\/p>\n<p>Ofrecemos ayuda en la preparaci\u00f3n y gesti\u00f3n de los documentos necesarios para la solicitud. Llama a <strong>Iraurgi Berritzen<\/strong> al tel\u00e9fono <strong>943851100<\/strong> y pregunta por <strong>Sandra<\/strong>.<\/p>\n<p>Para m\u00e1s informaci\u00f3n sobre este programa, puede consultar el siguiente link:<\/p>\n<ul>\n<li><a href=\"http:\/\/www.lanbide.euskadi.eus\/contenidos\/informacion\/lehen_aukera\/es_def\/adjuntos\/2018\/Empresas%202018_c.pdf\" target=\"_blank\" rel=\"noopener\">Informaci\u00f3n empresas<\/a><\/li>\n<\/ul>\n","protected":false},"excerpt":{"rendered":"<p>El plazo para presentar la solicitud y los contratos en pr\u00e1cticas o indefinidos realizados a trav\u00e9s del Programa Lehen Aukera acaba el 31 de octubre. OBJETIVO: Contrataci\u00f3n de personas j\u00f3venes, en situaci\u00f3n de desempleo y sin previa o con escasa experiencia laboral, en empleos relacionados con su titulaci\u00f3n, por las empresas vascas. Las personas interesadas [&hellip;]<\/p>\n","protected":false},"author":1,"featured_media":17869,"comment_status":"","ping_status":"closed","sticky":false,"template":"","format":"standard","meta":{"_acf_changed":false,"footnotes":""},"categories":[4],"tags":[],"class_list":["post-12429","post","type-post","status-publish","format-standard","has-post-thumbnail","hentry","category-noticias"],"acf":[],"yoast_head":"<!-- This site is optimized with the Yoast SEO plugin v27.4 - https:\/\/yoast.com\/product\/yoast-seo-wordpress\/ -->\n<title>Abierto el plazo para inscribirse en el Programa Lehen Aukera - Iraurgi Berritzen<\/title>\n<meta name=\"robots\" content=\"index, follow, max-snippet:-1, max-image-preview:large, max-video-preview:-1\" \/>\n<link rel=\"canonical\" href=\"https:\/\/iraurgiberritzen.eus\/es\/abierto-el-plazo-para-inscribirse-en-el-programa-lehen-aukera\/\" \/>\n<meta property=\"og:locale\" content=\"es_ES\" \/>\n<meta property=\"og:type\" content=\"article\" \/>\n<meta property=\"og:title\" content=\"Abierto el plazo para inscribirse en el Programa Lehen Aukera - Iraurgi Berritzen\" \/>\n<meta property=\"og:description\" content=\"El plazo para presentar la solicitud y los contratos en pr\u00e1cticas o indefinidos realizados a trav\u00e9s del Programa Lehen Aukera acaba el 31 de octubre. OBJETIVO: Contrataci\u00f3n de personas j\u00f3venes, en situaci\u00f3n de desempleo y sin previa o con escasa experiencia laboral, en empleos relacionados con su titulaci\u00f3n, por las empresas vascas. Las personas interesadas [&hellip;]\" \/>\n<meta property=\"og:url\" content=\"https:\/\/iraurgiberritzen.eus\/es\/abierto-el-plazo-para-inscribirse-en-el-programa-lehen-aukera\/\" \/>\n<meta property=\"og:site_name\" content=\"Iraurgi Berritzen\" \/>\n<meta property=\"article:published_time\" content=\"2018-07-20T06:48:23+00:00\" \/>\n<meta name=\"author\" content=\"kudeatzailea\" \/>\n<meta name=\"twitter:card\" content=\"summary_large_image\" \/>\n<meta name=\"twitter:label1\" content=\"Escrito por\" \/>\n\t<meta name=\"twitter:data1\" content=\"kudeatzailea\" \/>\n\t<meta name=\"twitter:label2\" content=\"Tiempo de lectura\" \/>\n\t<meta name=\"twitter:data2\" content=\"1 minuto\" \/>\n<script type=\"application\/ld+json\" class=\"yoast-schema-graph\">{\"@context\":\"https:\\\/\\\/schema.org\",\"@graph\":[{\"@type\":\"Article\",\"@id\":\"https:\\\/\\\/iraurgiberritzen.eus\\\/es\\\/abierto-el-plazo-para-inscribirse-en-el-programa-lehen-aukera\\\/#article\",\"isPartOf\":{\"@id\":\"https:\\\/\\\/iraurgiberritzen.eus\\\/es\\\/abierto-el-plazo-para-inscribirse-en-el-programa-lehen-aukera\\\/\"},\"author\":{\"name\":\"kudeatzailea\",\"@id\":\"https:\\\/\\\/iraurgiberritzen.eus\\\/es\\\/#\\\/schema\\\/person\\\/5ab41aaf388a9097177601ebf45738d2\"},\"headline\":\"Abierto el plazo para inscribirse en el Programa Lehen Aukera\",\"datePublished\":\"2018-07-20T06:48:23+00:00\",\"mainEntityOfPage\":{\"@id\":\"https:\\\/\\\/iraurgiberritzen.eus\\\/es\\\/abierto-el-plazo-para-inscribirse-en-el-programa-lehen-aukera\\\/\"},\"wordCount\":259,\"publisher\":{\"@id\":\"https:\\\/\\\/iraurgiberritzen.eus\\\/es\\\/#organization\"},\"image\":{\"@id\":\"https:\\\/\\\/iraurgiberritzen.eus\\\/es\\\/abierto-el-plazo-para-inscribirse-en-el-programa-lehen-aukera\\\/#primaryimage\"},\"thumbnailUrl\":\"https:\\\/\\\/iraurgiberritzen.eus\\\/wp-content\\\/uploads\\\/2023\\\/09\\\/6648f45035a47efdafeee4d3f3f056e4.jpg\",\"articleSection\":[\"Noticias\"],\"inLanguage\":\"es\"},{\"@type\":\"WebPage\",\"@id\":\"https:\\\/\\\/iraurgiberritzen.eus\\\/es\\\/abierto-el-plazo-para-inscribirse-en-el-programa-lehen-aukera\\\/\",\"url\":\"https:\\\/\\\/iraurgiberritzen.eus\\\/es\\\/abierto-el-plazo-para-inscribirse-en-el-programa-lehen-aukera\\\/\",\"name\":\"Abierto el plazo para inscribirse en el Programa Lehen Aukera - Iraurgi Berritzen\",\"isPartOf\":{\"@id\":\"https:\\\/\\\/iraurgiberritzen.eus\\\/es\\\/#website\"},\"primaryImageOfPage\":{\"@id\":\"https:\\\/\\\/iraurgiberritzen.eus\\\/es\\\/abierto-el-plazo-para-inscribirse-en-el-programa-lehen-aukera\\\/#primaryimage\"},\"image\":{\"@id\":\"https:\\\/\\\/iraurgiberritzen.eus\\\/es\\\/abierto-el-plazo-para-inscribirse-en-el-programa-lehen-aukera\\\/#primaryimage\"},\"thumbnailUrl\":\"https:\\\/\\\/iraurgiberritzen.eus\\\/wp-content\\\/uploads\\\/2023\\\/09\\\/6648f45035a47efdafeee4d3f3f056e4.jpg\",\"datePublished\":\"2018-07-20T06:48:23+00:00\",\"breadcrumb\":{\"@id\":\"https:\\\/\\\/iraurgiberritzen.eus\\\/es\\\/abierto-el-plazo-para-inscribirse-en-el-programa-lehen-aukera\\\/#breadcrumb\"},\"inLanguage\":\"es\",\"potentialAction\":[{\"@type\":\"ReadAction\",\"target\":[\"https:\\\/\\\/iraurgiberritzen.eus\\\/es\\\/abierto-el-plazo-para-inscribirse-en-el-programa-lehen-aukera\\\/\"]}]},{\"@type\":\"ImageObject\",\"inLanguage\":\"es\",\"@id\":\"https:\\\/\\\/iraurgiberritzen.eus\\\/es\\\/abierto-el-plazo-para-inscribirse-en-el-programa-lehen-aukera\\\/#primaryimage\",\"url\":\"https:\\\/\\\/iraurgiberritzen.eus\\\/wp-content\\\/uploads\\\/2023\\\/09\\\/6648f45035a47efdafeee4d3f3f056e4.jpg\",\"contentUrl\":\"https:\\\/\\\/iraurgiberritzen.eus\\\/wp-content\\\/uploads\\\/2023\\\/09\\\/6648f45035a47efdafeee4d3f3f056e4.jpg\",\"width\":600,\"height\":386},{\"@type\":\"BreadcrumbList\",\"@id\":\"https:\\\/\\\/iraurgiberritzen.eus\\\/es\\\/abierto-el-plazo-para-inscribirse-en-el-programa-lehen-aukera\\\/#breadcrumb\",\"itemListElement\":[{\"@type\":\"ListItem\",\"position\":1,\"name\":\"Home\",\"item\":\"https:\\\/\\\/iraurgiberritzen.eus\\\/es\\\/\"},{\"@type\":\"ListItem\",\"position\":2,\"name\":\"Abierto el plazo para inscribirse en el Programa Lehen Aukera\"}]},{\"@type\":\"WebSite\",\"@id\":\"https:\\\/\\\/iraurgiberritzen.eus\\\/es\\\/#website\",\"url\":\"https:\\\/\\\/iraurgiberritzen.eus\\\/es\\\/\",\"name\":\"Iraurgi Berritzen\",\"description\":\"Urola Erdiko Garapen Agentzia\",\"publisher\":{\"@id\":\"https:\\\/\\\/iraurgiberritzen.eus\\\/es\\\/#organization\"},\"potentialAction\":[{\"@type\":\"SearchAction\",\"target\":{\"@type\":\"EntryPoint\",\"urlTemplate\":\"https:\\\/\\\/iraurgiberritzen.eus\\\/es\\\/?s={search_term_string}\"},\"query-input\":{\"@type\":\"PropertyValueSpecification\",\"valueRequired\":true,\"valueName\":\"search_term_string\"}}],\"inLanguage\":\"es\"},{\"@type\":\"Organization\",\"@id\":\"https:\\\/\\\/iraurgiberritzen.eus\\\/es\\\/#organization\",\"name\":\"Iraurgi Berritzen\",\"url\":\"https:\\\/\\\/iraurgiberritzen.eus\\\/es\\\/\",\"logo\":{\"@type\":\"ImageObject\",\"inLanguage\":\"es\",\"@id\":\"https:\\\/\\\/iraurgiberritzen.eus\\\/es\\\/#\\\/schema\\\/logo\\\/image\\\/\",\"url\":\"https:\\\/\\\/iraurgiberritzen.eus\\\/wp-content\\\/uploads\\\/2024\\\/02\\\/IRAURGI-BERRITZEN-logotipoa_2.png\",\"contentUrl\":\"https:\\\/\\\/iraurgiberritzen.eus\\\/wp-content\\\/uploads\\\/2024\\\/02\\\/IRAURGI-BERRITZEN-logotipoa_2.png\",\"width\":496,\"height\":190,\"caption\":\"Iraurgi Berritzen\"},\"image\":{\"@id\":\"https:\\\/\\\/iraurgiberritzen.eus\\\/es\\\/#\\\/schema\\\/logo\\\/image\\\/\"}},{\"@type\":\"Person\",\"@id\":\"https:\\\/\\\/iraurgiberritzen.eus\\\/es\\\/#\\\/schema\\\/person\\\/5ab41aaf388a9097177601ebf45738d2\",\"name\":\"kudeatzailea\",\"sameAs\":[\"https:\\\/\\\/iraurgiberritzen.eus\"]}]}<\/script>\n<!-- \/ Yoast SEO plugin. -->","yoast_head_json":{"title":"Abierto el plazo para inscribirse en el Programa Lehen Aukera - Iraurgi Berritzen","robots":{"index":"index","follow":"follow","max-snippet":"max-snippet:-1","max-image-preview":"max-image-preview:large","max-video-preview":"max-video-preview:-1"},"canonical":"https:\/\/iraurgiberritzen.eus\/es\/abierto-el-plazo-para-inscribirse-en-el-programa-lehen-aukera\/","og_locale":"es_ES","og_type":"article","og_title":"Abierto el plazo para inscribirse en el Programa Lehen Aukera - Iraurgi Berritzen","og_description":"El plazo para presentar la solicitud y los contratos en pr\u00e1cticas o indefinidos realizados a trav\u00e9s del Programa Lehen Aukera acaba el 31 de octubre. OBJETIVO: Contrataci\u00f3n de personas j\u00f3venes, en situaci\u00f3n de desempleo y sin previa o con escasa experiencia laboral, en empleos relacionados con su titulaci\u00f3n, por las empresas vascas. Las personas interesadas [&hellip;]","og_url":"https:\/\/iraurgiberritzen.eus\/es\/abierto-el-plazo-para-inscribirse-en-el-programa-lehen-aukera\/","og_site_name":"Iraurgi Berritzen","article_published_time":"2018-07-20T06:48:23+00:00","author":"kudeatzailea","twitter_card":"summary_large_image","twitter_misc":{"Escrito por":"kudeatzailea","Tiempo de lectura":"1 minuto"},"schema":{"@context":"https:\/\/schema.org","@graph":[{"@type":"Article","@id":"https:\/\/iraurgiberritzen.eus\/es\/abierto-el-plazo-para-inscribirse-en-el-programa-lehen-aukera\/#article","isPartOf":{"@id":"https:\/\/iraurgiberritzen.eus\/es\/abierto-el-plazo-para-inscribirse-en-el-programa-lehen-aukera\/"},"author":{"name":"kudeatzailea","@id":"https:\/\/iraurgiberritzen.eus\/es\/#\/schema\/person\/5ab41aaf388a9097177601ebf45738d2"},"headline":"Abierto el plazo para inscribirse en el Programa Lehen Aukera","datePublished":"2018-07-20T06:48:23+00:00","mainEntityOfPage":{"@id":"https:\/\/iraurgiberritzen.eus\/es\/abierto-el-plazo-para-inscribirse-en-el-programa-lehen-aukera\/"},"wordCount":259,"publisher":{"@id":"https:\/\/iraurgiberritzen.eus\/es\/#organization"},"image":{"@id":"https:\/\/iraurgiberritzen.eus\/es\/abierto-el-plazo-para-inscribirse-en-el-programa-lehen-aukera\/#primaryimage"},"thumbnailUrl":"https:\/\/iraurgiberritzen.eus\/wp-content\/uploads\/2023\/09\/6648f45035a47efdafeee4d3f3f056e4.jpg","articleSection":["Noticias"],"inLanguage":"es"},{"@type":"WebPage","@id":"https:\/\/iraurgiberritzen.eus\/es\/abierto-el-plazo-para-inscribirse-en-el-programa-lehen-aukera\/","url":"https:\/\/iraurgiberritzen.eus\/es\/abierto-el-plazo-para-inscribirse-en-el-programa-lehen-aukera\/","name":"Abierto el plazo para inscribirse en el Programa Lehen Aukera - Iraurgi Berritzen","isPartOf":{"@id":"https:\/\/iraurgiberritzen.eus\/es\/#website"},"primaryImageOfPage":{"@id":"https:\/\/iraurgiberritzen.eus\/es\/abierto-el-plazo-para-inscribirse-en-el-programa-lehen-aukera\/#primaryimage"},"image":{"@id":"https:\/\/iraurgiberritzen.eus\/es\/abierto-el-plazo-para-inscribirse-en-el-programa-lehen-aukera\/#primaryimage"},"thumbnailUrl":"https:\/\/iraurgiberritzen.eus\/wp-content\/uploads\/2023\/09\/6648f45035a47efdafeee4d3f3f056e4.jpg","datePublished":"2018-07-20T06:48:23+00:00","breadcrumb":{"@id":"https:\/\/iraurgiberritzen.eus\/es\/abierto-el-plazo-para-inscribirse-en-el-programa-lehen-aukera\/#breadcrumb"},"inLanguage":"es","potentialAction":[{"@type":"ReadAction","target":["https:\/\/iraurgiberritzen.eus\/es\/abierto-el-plazo-para-inscribirse-en-el-programa-lehen-aukera\/"]}]},{"@type":"ImageObject","inLanguage":"es","@id":"https:\/\/iraurgiberritzen.eus\/es\/abierto-el-plazo-para-inscribirse-en-el-programa-lehen-aukera\/#primaryimage","url":"https:\/\/iraurgiberritzen.eus\/wp-content\/uploads\/2023\/09\/6648f45035a47efdafeee4d3f3f056e4.jpg","contentUrl":"https:\/\/iraurgiberritzen.eus\/wp-content\/uploads\/2023\/09\/6648f45035a47efdafeee4d3f3f056e4.jpg","width":600,"height":386},{"@type":"BreadcrumbList","@id":"https:\/\/iraurgiberritzen.eus\/es\/abierto-el-plazo-para-inscribirse-en-el-programa-lehen-aukera\/#breadcrumb","itemListElement":[{"@type":"ListItem","position":1,"name":"Home","item":"https:\/\/iraurgiberritzen.eus\/es\/"},{"@type":"ListItem","position":2,"name":"Abierto el plazo para inscribirse en el Programa Lehen Aukera"}]},{"@type":"WebSite","@id":"https:\/\/iraurgiberritzen.eus\/es\/#website","url":"https:\/\/iraurgiberritzen.eus\/es\/","name":"Iraurgi Berritzen","description":"Urola Erdiko Garapen Agentzia","publisher":{"@id":"https:\/\/iraurgiberritzen.eus\/es\/#organization"},"potentialAction":[{"@type":"SearchAction","target":{"@type":"EntryPoint","urlTemplate":"https:\/\/iraurgiberritzen.eus\/es\/?s={search_term_string}"},"query-input":{"@type":"PropertyValueSpecification","valueRequired":true,"valueName":"search_term_string"}}],"inLanguage":"es"},{"@type":"Organization","@id":"https:\/\/iraurgiberritzen.eus\/es\/#organization","name":"Iraurgi Berritzen","url":"https:\/\/iraurgiberritzen.eus\/es\/","logo":{"@type":"ImageObject","inLanguage":"es","@id":"https:\/\/iraurgiberritzen.eus\/es\/#\/schema\/logo\/image\/","url":"https:\/\/iraurgiberritzen.eus\/wp-content\/uploads\/2024\/02\/IRAURGI-BERRITZEN-logotipoa_2.png","contentUrl":"https:\/\/iraurgiberritzen.eus\/wp-content\/uploads\/2024\/02\/IRAURGI-BERRITZEN-logotipoa_2.png","width":496,"height":190,"caption":"Iraurgi Berritzen"},"image":{"@id":"https:\/\/iraurgiberritzen.eus\/es\/#\/schema\/logo\/image\/"}},{"@type":"Person","@id":"https:\/\/iraurgiberritzen.eus\/es\/#\/schema\/person\/5ab41aaf388a9097177601ebf45738d2","name":"kudeatzailea","sameAs":["https:\/\/iraurgiberritzen.eus"]}]}},"_links":{"self":[{"href":"https:\/\/iraurgiberritzen.eus\/es\/wp-json\/wp\/v2\/posts\/12429","targetHints":{"allow":["GET"]}}],"collection":[{"href":"https:\/\/iraurgiberritzen.eus\/es\/wp-json\/wp\/v2\/posts"}],"about":[{"href":"https:\/\/iraurgiberritzen.eus\/es\/wp-json\/wp\/v2\/types\/post"}],"author":[{"embeddable":true,"href":"https:\/\/iraurgiberritzen.eus\/es\/wp-json\/wp\/v2\/users\/1"}],"replies":[{"embeddable":true,"href":"https:\/\/iraurgiberritzen.eus\/es\/wp-json\/wp\/v2\/comments?post=12429"}],"version-history":[{"count":0,"href":"https:\/\/iraurgiberritzen.eus\/es\/wp-json\/wp\/v2\/posts\/12429\/revisions"}],"wp:featuredmedia":[{"embeddable":true,"href":"https:\/\/iraurgiberritzen.eus\/es\/wp-json\/wp\/v2\/media\/17869"}],"wp:attachment":[{"href":"https:\/\/iraurgiberritzen.eus\/es\/wp-json\/wp\/v2\/media?parent=12429"}],"wp:term":[{"taxonomy":"category","embeddable":true,"href":"https:\/\/iraurgiberritzen.eus\/es\/wp-json\/wp\/v2\/categories?post=12429"},{"taxonomy":"post_tag","embeddable":true,"href":"https:\/\/iraurgiberritzen.eus\/es\/wp-json\/wp\/v2\/tags?post=12429"}],"curies":[{"name":"wp","href":"https:\/\/api.w.org\/{rel}","templated":true}]}}