{"id":12435,"date":"2018-07-26T09:10:56","date_gmt":"2018-07-26T07:10:56","guid":{"rendered":"https:\/\/iraurgiberritzen.eus\/5-paradas-en-la-historia-presentacion-del-plan-familiar-del-vallle-del-urola\/"},"modified":"2018-07-26T09:10:56","modified_gmt":"2018-07-26T07:10:56","slug":"5-paradas-en-la-historia-presentacion-del-plan-familiar-del-vallle-del-urola","status":"publish","type":"post","link":"https:\/\/iraurgiberritzen.eus\/es\/5-paradas-en-la-historia-presentacion-del-plan-familiar-del-vallle-del-urola\/","title":{"rendered":"5 Paradas en la Historia, presentaci\u00f3n del Plan Familiar del Vallle del Urola"},"content":{"rendered":"<p style=\"text-align: justify;\">El 25 de julio presentamos 5 paradas en la Historia. producto tur\u00edstico dirigido en exclusiva al segmento del Turismo Familiar.<\/p>\n<p style=\"text-align: justify;\">Acompa\u00f1ando a Eneko Etxeberria, Presidente de Iraurgi Berritzen, tomaron parte en esta presentaci\u00f3n Alfredo Retortillo, Consejero de Turismo del Gobierno Vasco, y Maite Cruzado, Directora de Turismo de la Diputaci\u00f3n Foral de Gipuzkoa. La configuraci\u00f3n de una oferta tur\u00edstica diversa y segmentada en funci\u00f3n de los diferentes tipos de p\u00fablico objetivo es una de las l\u00edneas estrat\u00e9gicas de la actividad tur\u00edstica de la comarca, y ello obedece el desarrollo y presentaci\u00f3n de este producto dirigido al turismo familiar.<\/p>\n","protected":false},"excerpt":{"rendered":"<p>El 25 de julio presentamos 5 paradas en la Historia. producto tur\u00edstico dirigido en exclusiva al segmento del Turismo Familiar. Acompa\u00f1ando a Eneko Etxeberria, Presidente de Iraurgi Berritzen, tomaron parte en esta presentaci\u00f3n Alfredo Retortillo, Consejero de Turismo del Gobierno Vasco, y Maite Cruzado, Directora de Turismo de la Diputaci\u00f3n Foral de Gipuzkoa. La configuraci\u00f3n [&hellip;]<\/p>\n","protected":false},"author":1,"featured_media":17871,"comment_status":"","ping_status":"closed","sticky":false,"template":"","format":"standard","meta":{"_acf_changed":false,"footnotes":""},"categories":[4],"tags":[],"class_list":["post-12435","post","type-post","status-publish","format-standard","has-post-thumbnail","hentry","category-noticias"],"acf":[],"yoast_head":"<!-- This site is optimized with the Yoast SEO plugin v27.4 - https:\/\/yoast.com\/product\/yoast-seo-wordpress\/ -->\n<title>5 Paradas en la Historia, presentaci\u00f3n del Plan Familiar del Vallle del Urola - Iraurgi Berritzen<\/title>\n<meta name=\"robots\" content=\"index, follow, max-snippet:-1, max-image-preview:large, max-video-preview:-1\" \/>\n<link rel=\"canonical\" href=\"https:\/\/iraurgiberritzen.eus\/es\/5-paradas-en-la-historia-presentacion-del-plan-familiar-del-vallle-del-urola\/\" \/>\n<meta property=\"og:locale\" content=\"es_ES\" \/>\n<meta property=\"og:type\" content=\"article\" \/>\n<meta property=\"og:title\" content=\"5 Paradas en la Historia, presentaci\u00f3n del Plan Familiar del Vallle del Urola - Iraurgi Berritzen\" \/>\n<meta property=\"og:description\" content=\"El 25 de julio presentamos 5 paradas en la Historia. producto tur\u00edstico dirigido en exclusiva al segmento del Turismo Familiar. Acompa\u00f1ando a Eneko Etxeberria, Presidente de Iraurgi Berritzen, tomaron parte en esta presentaci\u00f3n Alfredo Retortillo, Consejero de Turismo del Gobierno Vasco, y Maite Cruzado, Directora de Turismo de la Diputaci\u00f3n Foral de Gipuzkoa. La configuraci\u00f3n [&hellip;]\" \/>\n<meta property=\"og:url\" content=\"https:\/\/iraurgiberritzen.eus\/es\/5-paradas-en-la-historia-presentacion-del-plan-familiar-del-vallle-del-urola\/\" \/>\n<meta property=\"og:site_name\" content=\"Iraurgi Berritzen\" \/>\n<meta property=\"article:published_time\" content=\"2018-07-26T07:10:56+00:00\" \/>\n<meta name=\"author\" content=\"kudeatzailea\" \/>\n<meta name=\"twitter:card\" content=\"summary_large_image\" \/>\n<meta name=\"twitter:label1\" content=\"Escrito por\" \/>\n\t<meta name=\"twitter:data1\" content=\"kudeatzailea\" \/>\n\t<meta name=\"twitter:label2\" content=\"Tiempo de lectura\" \/>\n\t<meta name=\"twitter:data2\" content=\"1 minuto\" \/>\n<script type=\"application\/ld+json\" class=\"yoast-schema-graph\">{\"@context\":\"https:\\\/\\\/schema.org\",\"@graph\":[{\"@type\":\"Article\",\"@id\":\"https:\\\/\\\/iraurgiberritzen.eus\\\/es\\\/5-paradas-en-la-historia-presentacion-del-plan-familiar-del-vallle-del-urola\\\/#article\",\"isPartOf\":{\"@id\":\"https:\\\/\\\/iraurgiberritzen.eus\\\/es\\\/5-paradas-en-la-historia-presentacion-del-plan-familiar-del-vallle-del-urola\\\/\"},\"author\":{\"name\":\"kudeatzailea\",\"@id\":\"https:\\\/\\\/iraurgiberritzen.eus\\\/es\\\/#\\\/schema\\\/person\\\/5ab41aaf388a9097177601ebf45738d2\"},\"headline\":\"5 Paradas en la Historia, presentaci\u00f3n del Plan Familiar del Vallle del Urola\",\"datePublished\":\"2018-07-26T07:10:56+00:00\",\"mainEntityOfPage\":{\"@id\":\"https:\\\/\\\/iraurgiberritzen.eus\\\/es\\\/5-paradas-en-la-historia-presentacion-del-plan-familiar-del-vallle-del-urola\\\/\"},\"wordCount\":121,\"publisher\":{\"@id\":\"https:\\\/\\\/iraurgiberritzen.eus\\\/es\\\/#organization\"},\"image\":{\"@id\":\"https:\\\/\\\/iraurgiberritzen.eus\\\/es\\\/5-paradas-en-la-historia-presentacion-del-plan-familiar-del-vallle-del-urola\\\/#primaryimage\"},\"thumbnailUrl\":\"https:\\\/\\\/iraurgiberritzen.eus\\\/wp-content\\\/uploads\\\/2023\\\/09\\\/1f927a512a9909833c7b57ab40062fc5.jpg\",\"articleSection\":[\"Noticias\"],\"inLanguage\":\"es\"},{\"@type\":\"WebPage\",\"@id\":\"https:\\\/\\\/iraurgiberritzen.eus\\\/es\\\/5-paradas-en-la-historia-presentacion-del-plan-familiar-del-vallle-del-urola\\\/\",\"url\":\"https:\\\/\\\/iraurgiberritzen.eus\\\/es\\\/5-paradas-en-la-historia-presentacion-del-plan-familiar-del-vallle-del-urola\\\/\",\"name\":\"5 Paradas en la Historia, presentaci\u00f3n del Plan Familiar del Vallle del Urola - Iraurgi Berritzen\",\"isPartOf\":{\"@id\":\"https:\\\/\\\/iraurgiberritzen.eus\\\/es\\\/#website\"},\"primaryImageOfPage\":{\"@id\":\"https:\\\/\\\/iraurgiberritzen.eus\\\/es\\\/5-paradas-en-la-historia-presentacion-del-plan-familiar-del-vallle-del-urola\\\/#primaryimage\"},\"image\":{\"@id\":\"https:\\\/\\\/iraurgiberritzen.eus\\\/es\\\/5-paradas-en-la-historia-presentacion-del-plan-familiar-del-vallle-del-urola\\\/#primaryimage\"},\"thumbnailUrl\":\"https:\\\/\\\/iraurgiberritzen.eus\\\/wp-content\\\/uploads\\\/2023\\\/09\\\/1f927a512a9909833c7b57ab40062fc5.jpg\",\"datePublished\":\"2018-07-26T07:10:56+00:00\",\"breadcrumb\":{\"@id\":\"https:\\\/\\\/iraurgiberritzen.eus\\\/es\\\/5-paradas-en-la-historia-presentacion-del-plan-familiar-del-vallle-del-urola\\\/#breadcrumb\"},\"inLanguage\":\"es\",\"potentialAction\":[{\"@type\":\"ReadAction\",\"target\":[\"https:\\\/\\\/iraurgiberritzen.eus\\\/es\\\/5-paradas-en-la-historia-presentacion-del-plan-familiar-del-vallle-del-urola\\\/\"]}]},{\"@type\":\"ImageObject\",\"inLanguage\":\"es\",\"@id\":\"https:\\\/\\\/iraurgiberritzen.eus\\\/es\\\/5-paradas-en-la-historia-presentacion-del-plan-familiar-del-vallle-del-urola\\\/#primaryimage\",\"url\":\"https:\\\/\\\/iraurgiberritzen.eus\\\/wp-content\\\/uploads\\\/2023\\\/09\\\/1f927a512a9909833c7b57ab40062fc5.jpg\",\"contentUrl\":\"https:\\\/\\\/iraurgiberritzen.eus\\\/wp-content\\\/uploads\\\/2023\\\/09\\\/1f927a512a9909833c7b57ab40062fc5.jpg\",\"width\":600,\"height\":386},{\"@type\":\"BreadcrumbList\",\"@id\":\"https:\\\/\\\/iraurgiberritzen.eus\\\/es\\\/5-paradas-en-la-historia-presentacion-del-plan-familiar-del-vallle-del-urola\\\/#breadcrumb\",\"itemListElement\":[{\"@type\":\"ListItem\",\"position\":1,\"name\":\"Home\",\"item\":\"https:\\\/\\\/iraurgiberritzen.eus\\\/es\\\/\"},{\"@type\":\"ListItem\",\"position\":2,\"name\":\"5 Paradas en la Historia, presentaci\u00f3n del Plan Familiar del Vallle del Urola\"}]},{\"@type\":\"WebSite\",\"@id\":\"https:\\\/\\\/iraurgiberritzen.eus\\\/es\\\/#website\",\"url\":\"https:\\\/\\\/iraurgiberritzen.eus\\\/es\\\/\",\"name\":\"Iraurgi Berritzen\",\"description\":\"Urola Erdiko Garapen Agentzia\",\"publisher\":{\"@id\":\"https:\\\/\\\/iraurgiberritzen.eus\\\/es\\\/#organization\"},\"potentialAction\":[{\"@type\":\"SearchAction\",\"target\":{\"@type\":\"EntryPoint\",\"urlTemplate\":\"https:\\\/\\\/iraurgiberritzen.eus\\\/es\\\/?s={search_term_string}\"},\"query-input\":{\"@type\":\"PropertyValueSpecification\",\"valueRequired\":true,\"valueName\":\"search_term_string\"}}],\"inLanguage\":\"es\"},{\"@type\":\"Organization\",\"@id\":\"https:\\\/\\\/iraurgiberritzen.eus\\\/es\\\/#organization\",\"name\":\"Iraurgi Berritzen\",\"url\":\"https:\\\/\\\/iraurgiberritzen.eus\\\/es\\\/\",\"logo\":{\"@type\":\"ImageObject\",\"inLanguage\":\"es\",\"@id\":\"https:\\\/\\\/iraurgiberritzen.eus\\\/es\\\/#\\\/schema\\\/logo\\\/image\\\/\",\"url\":\"https:\\\/\\\/iraurgiberritzen.eus\\\/wp-content\\\/uploads\\\/2024\\\/02\\\/IRAURGI-BERRITZEN-logotipoa_2.png\",\"contentUrl\":\"https:\\\/\\\/iraurgiberritzen.eus\\\/wp-content\\\/uploads\\\/2024\\\/02\\\/IRAURGI-BERRITZEN-logotipoa_2.png\",\"width\":496,\"height\":190,\"caption\":\"Iraurgi Berritzen\"},\"image\":{\"@id\":\"https:\\\/\\\/iraurgiberritzen.eus\\\/es\\\/#\\\/schema\\\/logo\\\/image\\\/\"}},{\"@type\":\"Person\",\"@id\":\"https:\\\/\\\/iraurgiberritzen.eus\\\/es\\\/#\\\/schema\\\/person\\\/5ab41aaf388a9097177601ebf45738d2\",\"name\":\"kudeatzailea\",\"sameAs\":[\"https:\\\/\\\/iraurgiberritzen.eus\"]}]}<\/script>\n<!-- \/ Yoast SEO plugin. -->","yoast_head_json":{"title":"5 Paradas en la Historia, presentaci\u00f3n del Plan Familiar del Vallle del Urola - Iraurgi Berritzen","robots":{"index":"index","follow":"follow","max-snippet":"max-snippet:-1","max-image-preview":"max-image-preview:large","max-video-preview":"max-video-preview:-1"},"canonical":"https:\/\/iraurgiberritzen.eus\/es\/5-paradas-en-la-historia-presentacion-del-plan-familiar-del-vallle-del-urola\/","og_locale":"es_ES","og_type":"article","og_title":"5 Paradas en la Historia, presentaci\u00f3n del Plan Familiar del Vallle del Urola - Iraurgi Berritzen","og_description":"El 25 de julio presentamos 5 paradas en la Historia. producto tur\u00edstico dirigido en exclusiva al segmento del Turismo Familiar. Acompa\u00f1ando a Eneko Etxeberria, Presidente de Iraurgi Berritzen, tomaron parte en esta presentaci\u00f3n Alfredo Retortillo, Consejero de Turismo del Gobierno Vasco, y Maite Cruzado, Directora de Turismo de la Diputaci\u00f3n Foral de Gipuzkoa. La configuraci\u00f3n [&hellip;]","og_url":"https:\/\/iraurgiberritzen.eus\/es\/5-paradas-en-la-historia-presentacion-del-plan-familiar-del-vallle-del-urola\/","og_site_name":"Iraurgi Berritzen","article_published_time":"2018-07-26T07:10:56+00:00","author":"kudeatzailea","twitter_card":"summary_large_image","twitter_misc":{"Escrito por":"kudeatzailea","Tiempo de lectura":"1 minuto"},"schema":{"@context":"https:\/\/schema.org","@graph":[{"@type":"Article","@id":"https:\/\/iraurgiberritzen.eus\/es\/5-paradas-en-la-historia-presentacion-del-plan-familiar-del-vallle-del-urola\/#article","isPartOf":{"@id":"https:\/\/iraurgiberritzen.eus\/es\/5-paradas-en-la-historia-presentacion-del-plan-familiar-del-vallle-del-urola\/"},"author":{"name":"kudeatzailea","@id":"https:\/\/iraurgiberritzen.eus\/es\/#\/schema\/person\/5ab41aaf388a9097177601ebf45738d2"},"headline":"5 Paradas en la Historia, presentaci\u00f3n del Plan Familiar del Vallle del Urola","datePublished":"2018-07-26T07:10:56+00:00","mainEntityOfPage":{"@id":"https:\/\/iraurgiberritzen.eus\/es\/5-paradas-en-la-historia-presentacion-del-plan-familiar-del-vallle-del-urola\/"},"wordCount":121,"publisher":{"@id":"https:\/\/iraurgiberritzen.eus\/es\/#organization"},"image":{"@id":"https:\/\/iraurgiberritzen.eus\/es\/5-paradas-en-la-historia-presentacion-del-plan-familiar-del-vallle-del-urola\/#primaryimage"},"thumbnailUrl":"https:\/\/iraurgiberritzen.eus\/wp-content\/uploads\/2023\/09\/1f927a512a9909833c7b57ab40062fc5.jpg","articleSection":["Noticias"],"inLanguage":"es"},{"@type":"WebPage","@id":"https:\/\/iraurgiberritzen.eus\/es\/5-paradas-en-la-historia-presentacion-del-plan-familiar-del-vallle-del-urola\/","url":"https:\/\/iraurgiberritzen.eus\/es\/5-paradas-en-la-historia-presentacion-del-plan-familiar-del-vallle-del-urola\/","name":"5 Paradas en la Historia, presentaci\u00f3n del Plan Familiar del Vallle del Urola - Iraurgi Berritzen","isPartOf":{"@id":"https:\/\/iraurgiberritzen.eus\/es\/#website"},"primaryImageOfPage":{"@id":"https:\/\/iraurgiberritzen.eus\/es\/5-paradas-en-la-historia-presentacion-del-plan-familiar-del-vallle-del-urola\/#primaryimage"},"image":{"@id":"https:\/\/iraurgiberritzen.eus\/es\/5-paradas-en-la-historia-presentacion-del-plan-familiar-del-vallle-del-urola\/#primaryimage"},"thumbnailUrl":"https:\/\/iraurgiberritzen.eus\/wp-content\/uploads\/2023\/09\/1f927a512a9909833c7b57ab40062fc5.jpg","datePublished":"2018-07-26T07:10:56+00:00","breadcrumb":{"@id":"https:\/\/iraurgiberritzen.eus\/es\/5-paradas-en-la-historia-presentacion-del-plan-familiar-del-vallle-del-urola\/#breadcrumb"},"inLanguage":"es","potentialAction":[{"@type":"ReadAction","target":["https:\/\/iraurgiberritzen.eus\/es\/5-paradas-en-la-historia-presentacion-del-plan-familiar-del-vallle-del-urola\/"]}]},{"@type":"ImageObject","inLanguage":"es","@id":"https:\/\/iraurgiberritzen.eus\/es\/5-paradas-en-la-historia-presentacion-del-plan-familiar-del-vallle-del-urola\/#primaryimage","url":"https:\/\/iraurgiberritzen.eus\/wp-content\/uploads\/2023\/09\/1f927a512a9909833c7b57ab40062fc5.jpg","contentUrl":"https:\/\/iraurgiberritzen.eus\/wp-content\/uploads\/2023\/09\/1f927a512a9909833c7b57ab40062fc5.jpg","width":600,"height":386},{"@type":"BreadcrumbList","@id":"https:\/\/iraurgiberritzen.eus\/es\/5-paradas-en-la-historia-presentacion-del-plan-familiar-del-vallle-del-urola\/#breadcrumb","itemListElement":[{"@type":"ListItem","position":1,"name":"Home","item":"https:\/\/iraurgiberritzen.eus\/es\/"},{"@type":"ListItem","position":2,"name":"5 Paradas en la Historia, presentaci\u00f3n del Plan Familiar del Vallle del Urola"}]},{"@type":"WebSite","@id":"https:\/\/iraurgiberritzen.eus\/es\/#website","url":"https:\/\/iraurgiberritzen.eus\/es\/","name":"Iraurgi Berritzen","description":"Urola Erdiko Garapen Agentzia","publisher":{"@id":"https:\/\/iraurgiberritzen.eus\/es\/#organization"},"potentialAction":[{"@type":"SearchAction","target":{"@type":"EntryPoint","urlTemplate":"https:\/\/iraurgiberritzen.eus\/es\/?s={search_term_string}"},"query-input":{"@type":"PropertyValueSpecification","valueRequired":true,"valueName":"search_term_string"}}],"inLanguage":"es"},{"@type":"Organization","@id":"https:\/\/iraurgiberritzen.eus\/es\/#organization","name":"Iraurgi Berritzen","url":"https:\/\/iraurgiberritzen.eus\/es\/","logo":{"@type":"ImageObject","inLanguage":"es","@id":"https:\/\/iraurgiberritzen.eus\/es\/#\/schema\/logo\/image\/","url":"https:\/\/iraurgiberritzen.eus\/wp-content\/uploads\/2024\/02\/IRAURGI-BERRITZEN-logotipoa_2.png","contentUrl":"https:\/\/iraurgiberritzen.eus\/wp-content\/uploads\/2024\/02\/IRAURGI-BERRITZEN-logotipoa_2.png","width":496,"height":190,"caption":"Iraurgi Berritzen"},"image":{"@id":"https:\/\/iraurgiberritzen.eus\/es\/#\/schema\/logo\/image\/"}},{"@type":"Person","@id":"https:\/\/iraurgiberritzen.eus\/es\/#\/schema\/person\/5ab41aaf388a9097177601ebf45738d2","name":"kudeatzailea","sameAs":["https:\/\/iraurgiberritzen.eus"]}]}},"_links":{"self":[{"href":"https:\/\/iraurgiberritzen.eus\/es\/wp-json\/wp\/v2\/posts\/12435","targetHints":{"allow":["GET"]}}],"collection":[{"href":"https:\/\/iraurgiberritzen.eus\/es\/wp-json\/wp\/v2\/posts"}],"about":[{"href":"https:\/\/iraurgiberritzen.eus\/es\/wp-json\/wp\/v2\/types\/post"}],"author":[{"embeddable":true,"href":"https:\/\/iraurgiberritzen.eus\/es\/wp-json\/wp\/v2\/users\/1"}],"replies":[{"embeddable":true,"href":"https:\/\/iraurgiberritzen.eus\/es\/wp-json\/wp\/v2\/comments?post=12435"}],"version-history":[{"count":0,"href":"https:\/\/iraurgiberritzen.eus\/es\/wp-json\/wp\/v2\/posts\/12435\/revisions"}],"wp:featuredmedia":[{"embeddable":true,"href":"https:\/\/iraurgiberritzen.eus\/es\/wp-json\/wp\/v2\/media\/17871"}],"wp:attachment":[{"href":"https:\/\/iraurgiberritzen.eus\/es\/wp-json\/wp\/v2\/media?parent=12435"}],"wp:term":[{"taxonomy":"category","embeddable":true,"href":"https:\/\/iraurgiberritzen.eus\/es\/wp-json\/wp\/v2\/categories?post=12435"},{"taxonomy":"post_tag","embeddable":true,"href":"https:\/\/iraurgiberritzen.eus\/es\/wp-json\/wp\/v2\/tags?post=12435"}],"curies":[{"name":"wp","href":"https:\/\/api.w.org\/{rel}","templated":true}]}}