{"id":12441,"date":"2018-09-20T12:18:08","date_gmt":"2018-09-20T10:18:08","guid":{"rendered":"https:\/\/iraurgiberritzen.eus\/la-jubilacion-en-el-sector-comercial\/"},"modified":"2018-09-20T12:18:08","modified_gmt":"2018-09-20T10:18:08","slug":"la-jubilacion-en-el-sector-comercial","status":"publish","type":"post","link":"https:\/\/iraurgiberritzen.eus\/es\/la-jubilacion-en-el-sector-comercial\/","title":{"rendered":"La Jubilaci\u00f3n en el sector comercial"},"content":{"rendered":"<p><span style=\"font-size: 10pt; font-family: 'Helvetica Light';\">La mesa de comerciantes de Urola Erdia, ha organizado un ciclo de jornadas, que se estructuran en dos sesiones diferentes.&nbsp;<\/span><\/p>\n<p>La primera sesi\u00f3n tendr\u00e1 lugar el 27 de septiembre en el Sindikatu Zaharra de Azpeitia de 14.30 a 16:30 y ser\u00e1 sobre la jubilaci\u00f3n de los comerciantes. Durante la sesi\u00f3n, adem\u00e1s de presentarse la importancia de una adecuada gesti\u00f3n de la jubilaci\u00f3n, se explicar\u00e1n las variables y los detalles que deben tenerse en cuenta. Entre otras cosas, se hablar\u00e1 sobre los a\u00f1os de cotizaci\u00f3n y las cantidades. La segunda sesi\u00f3n se centrar\u00e1 en el tema de las traspasos de negocios y est\u00e1 prevista para finales de octubre.<\/p>\n<p>La experta en el tema Eunate Llona, de la empresa consultora PKF Attest dar\u00e1 las dos jornadas. Est\u00e1n abiertas a todos los comerciantes de la comarca que est\u00e9n interesados en temas de jubilaci\u00f3n y traspaso de negocios, ya sean miembros de las asociaciones comerciales o no.<\/p>\n<p><strong>MESA DE COMERCIANTES DE UROLA ERDIA:<\/strong><\/p>\n<p>La mesa de comerciantes de la comarca la conforman Azkoitiko Udala, Azpeitiko Udala, Zestoako Udala, Dendartean &#8211; Gipuzkoako merkatari, ostalari, zerbitzu enpresa eta autonomo elkarteen bilkura-, Herrixen \u2013Azkoitiko Merkatarien Elkartea-, Bertan \u2013Azpeitiko Merkatarien Elkartea, Zestoan \u2013Zestoako Merkatarien Elkartea- e Iraurgi Berritzene \u2013Urola Erdiko Garapen eta Berrikuntza Agentzia- osatzen dute eskualdeko merkataritza mahaia.<\/p>\n<p>Este especio, a trav\u00e9s del desarrollo de proyectos de colaboraci\u00f3n entre los agentes miembro, tiene como objetivo promover el peque\u00f1o comercio comarcal ,y ha lanzado varias iniciativas en los \u00faltimos meses. Entre otras, caben destacar la iniciativa \u00abMerkaUrola\u00bb cuyo objetivo fue conocer las costumbres de consumo de la comarca, y la campa\u00f1a de sensibilizaci\u00f3n que se puso en marcha para promover el comercio comarcal.<\/p>\n<p>A trav\u00e9s de estas jornadas, se quiere dar respuesta a dos necesidades identificadas en el comercio comarcal. Por un lado, ya que la edad de los comerciantes de la comarca es cada vez mayor, se ofrecer\u00e1 informaci\u00f3n a \u00e9stos para que gestionen la jubilaci\u00f3n adecuadamente. Por otro lado, el objetivo de la segunda jornada es aclarar los detalles de los procesos de transferencia de diferentes establecimientos comerciales.<\/p>\n<p><strong>CONTACTO:<\/strong><\/p>\n<p>Para obtener m\u00e1s informaci\u00f3n sobre el comunicado de prensa, comun\u00edquese con la t\u00e9cnico responsable: Alazne Larra\u00f1aga<\/p>\n<p>Alazne Larra\u00f1aga<br \/>Responsabilidad: Coordinadora del \u00c1rea de comercio.<br \/>M\u00f3vil: 688718777<br \/>e-mail: <a href=\"mailto:alarranaga@iraurgiberritzen.eus\">alarranaga@iraurgiberritzen.eus<\/a><\/p>\n<p>&nbsp;<\/p>\n","protected":false},"excerpt":{"rendered":"<p>La mesa de comerciantes de Urola Erdia, ha organizado un ciclo de jornadas, que se estructuran en dos sesiones diferentes.&nbsp; La primera sesi\u00f3n tendr\u00e1 lugar el 27 de septiembre en el Sindikatu Zaharra de Azpeitia de 14.30 a 16:30 y ser\u00e1 sobre la jubilaci\u00f3n de los comerciantes. Durante la sesi\u00f3n, adem\u00e1s de presentarse la importancia [&hellip;]<\/p>\n","protected":false},"author":1,"featured_media":17873,"comment_status":"","ping_status":"closed","sticky":false,"template":"","format":"standard","meta":{"_acf_changed":false,"footnotes":""},"categories":[4],"tags":[],"class_list":["post-12441","post","type-post","status-publish","format-standard","has-post-thumbnail","hentry","category-noticias"],"acf":[],"yoast_head":"<!-- This site is optimized with the Yoast SEO plugin v27.4 - https:\/\/yoast.com\/product\/yoast-seo-wordpress\/ -->\n<title>La Jubilaci\u00f3n en el sector comercial - Iraurgi Berritzen<\/title>\n<meta name=\"robots\" content=\"index, follow, max-snippet:-1, max-image-preview:large, max-video-preview:-1\" \/>\n<link rel=\"canonical\" href=\"https:\/\/iraurgiberritzen.eus\/es\/la-jubilacion-en-el-sector-comercial\/\" \/>\n<meta property=\"og:locale\" content=\"es_ES\" \/>\n<meta property=\"og:type\" content=\"article\" \/>\n<meta property=\"og:title\" content=\"La Jubilaci\u00f3n en el sector comercial - Iraurgi Berritzen\" \/>\n<meta property=\"og:description\" content=\"La mesa de comerciantes de Urola Erdia, ha organizado un ciclo de jornadas, que se estructuran en dos sesiones diferentes.&nbsp; La primera sesi\u00f3n tendr\u00e1 lugar el 27 de septiembre en el Sindikatu Zaharra de Azpeitia de 14.30 a 16:30 y ser\u00e1 sobre la jubilaci\u00f3n de los comerciantes. Durante la sesi\u00f3n, adem\u00e1s de presentarse la importancia [&hellip;]\" \/>\n<meta property=\"og:url\" content=\"https:\/\/iraurgiberritzen.eus\/es\/la-jubilacion-en-el-sector-comercial\/\" \/>\n<meta property=\"og:site_name\" content=\"Iraurgi Berritzen\" \/>\n<meta property=\"article:published_time\" content=\"2018-09-20T10:18:08+00:00\" \/>\n<meta name=\"author\" content=\"kudeatzailea\" \/>\n<meta name=\"twitter:card\" content=\"summary_large_image\" \/>\n<meta name=\"twitter:label1\" content=\"Escrito por\" \/>\n\t<meta name=\"twitter:data1\" content=\"kudeatzailea\" \/>\n\t<meta name=\"twitter:label2\" content=\"Tiempo de lectura\" \/>\n\t<meta name=\"twitter:data2\" content=\"2 minutos\" \/>\n<script type=\"application\/ld+json\" class=\"yoast-schema-graph\">{\"@context\":\"https:\\\/\\\/schema.org\",\"@graph\":[{\"@type\":\"Article\",\"@id\":\"https:\\\/\\\/iraurgiberritzen.eus\\\/es\\\/la-jubilacion-en-el-sector-comercial\\\/#article\",\"isPartOf\":{\"@id\":\"https:\\\/\\\/iraurgiberritzen.eus\\\/es\\\/la-jubilacion-en-el-sector-comercial\\\/\"},\"author\":{\"name\":\"kudeatzailea\",\"@id\":\"https:\\\/\\\/iraurgiberritzen.eus\\\/es\\\/#\\\/schema\\\/person\\\/5ab41aaf388a9097177601ebf45738d2\"},\"headline\":\"La Jubilaci\u00f3n en el sector comercial\",\"datePublished\":\"2018-09-20T10:18:08+00:00\",\"mainEntityOfPage\":{\"@id\":\"https:\\\/\\\/iraurgiberritzen.eus\\\/es\\\/la-jubilacion-en-el-sector-comercial\\\/\"},\"wordCount\":405,\"publisher\":{\"@id\":\"https:\\\/\\\/iraurgiberritzen.eus\\\/es\\\/#organization\"},\"image\":{\"@id\":\"https:\\\/\\\/iraurgiberritzen.eus\\\/es\\\/la-jubilacion-en-el-sector-comercial\\\/#primaryimage\"},\"thumbnailUrl\":\"https:\\\/\\\/iraurgiberritzen.eus\\\/wp-content\\\/uploads\\\/2023\\\/09\\\/178044b1339d92618b3b1af938fc75de.jpg\",\"articleSection\":[\"Noticias\"],\"inLanguage\":\"es\"},{\"@type\":\"WebPage\",\"@id\":\"https:\\\/\\\/iraurgiberritzen.eus\\\/es\\\/la-jubilacion-en-el-sector-comercial\\\/\",\"url\":\"https:\\\/\\\/iraurgiberritzen.eus\\\/es\\\/la-jubilacion-en-el-sector-comercial\\\/\",\"name\":\"La Jubilaci\u00f3n en el sector comercial - Iraurgi Berritzen\",\"isPartOf\":{\"@id\":\"https:\\\/\\\/iraurgiberritzen.eus\\\/es\\\/#website\"},\"primaryImageOfPage\":{\"@id\":\"https:\\\/\\\/iraurgiberritzen.eus\\\/es\\\/la-jubilacion-en-el-sector-comercial\\\/#primaryimage\"},\"image\":{\"@id\":\"https:\\\/\\\/iraurgiberritzen.eus\\\/es\\\/la-jubilacion-en-el-sector-comercial\\\/#primaryimage\"},\"thumbnailUrl\":\"https:\\\/\\\/iraurgiberritzen.eus\\\/wp-content\\\/uploads\\\/2023\\\/09\\\/178044b1339d92618b3b1af938fc75de.jpg\",\"datePublished\":\"2018-09-20T10:18:08+00:00\",\"breadcrumb\":{\"@id\":\"https:\\\/\\\/iraurgiberritzen.eus\\\/es\\\/la-jubilacion-en-el-sector-comercial\\\/#breadcrumb\"},\"inLanguage\":\"es\",\"potentialAction\":[{\"@type\":\"ReadAction\",\"target\":[\"https:\\\/\\\/iraurgiberritzen.eus\\\/es\\\/la-jubilacion-en-el-sector-comercial\\\/\"]}]},{\"@type\":\"ImageObject\",\"inLanguage\":\"es\",\"@id\":\"https:\\\/\\\/iraurgiberritzen.eus\\\/es\\\/la-jubilacion-en-el-sector-comercial\\\/#primaryimage\",\"url\":\"https:\\\/\\\/iraurgiberritzen.eus\\\/wp-content\\\/uploads\\\/2023\\\/09\\\/178044b1339d92618b3b1af938fc75de.jpg\",\"contentUrl\":\"https:\\\/\\\/iraurgiberritzen.eus\\\/wp-content\\\/uploads\\\/2023\\\/09\\\/178044b1339d92618b3b1af938fc75de.jpg\",\"width\":600,\"height\":386},{\"@type\":\"BreadcrumbList\",\"@id\":\"https:\\\/\\\/iraurgiberritzen.eus\\\/es\\\/la-jubilacion-en-el-sector-comercial\\\/#breadcrumb\",\"itemListElement\":[{\"@type\":\"ListItem\",\"position\":1,\"name\":\"Home\",\"item\":\"https:\\\/\\\/iraurgiberritzen.eus\\\/es\\\/\"},{\"@type\":\"ListItem\",\"position\":2,\"name\":\"La Jubilaci\u00f3n en el sector comercial\"}]},{\"@type\":\"WebSite\",\"@id\":\"https:\\\/\\\/iraurgiberritzen.eus\\\/es\\\/#website\",\"url\":\"https:\\\/\\\/iraurgiberritzen.eus\\\/es\\\/\",\"name\":\"Iraurgi Berritzen\",\"description\":\"Urola Erdiko Garapen Agentzia\",\"publisher\":{\"@id\":\"https:\\\/\\\/iraurgiberritzen.eus\\\/es\\\/#organization\"},\"potentialAction\":[{\"@type\":\"SearchAction\",\"target\":{\"@type\":\"EntryPoint\",\"urlTemplate\":\"https:\\\/\\\/iraurgiberritzen.eus\\\/es\\\/?s={search_term_string}\"},\"query-input\":{\"@type\":\"PropertyValueSpecification\",\"valueRequired\":true,\"valueName\":\"search_term_string\"}}],\"inLanguage\":\"es\"},{\"@type\":\"Organization\",\"@id\":\"https:\\\/\\\/iraurgiberritzen.eus\\\/es\\\/#organization\",\"name\":\"Iraurgi Berritzen\",\"url\":\"https:\\\/\\\/iraurgiberritzen.eus\\\/es\\\/\",\"logo\":{\"@type\":\"ImageObject\",\"inLanguage\":\"es\",\"@id\":\"https:\\\/\\\/iraurgiberritzen.eus\\\/es\\\/#\\\/schema\\\/logo\\\/image\\\/\",\"url\":\"https:\\\/\\\/iraurgiberritzen.eus\\\/wp-content\\\/uploads\\\/2024\\\/02\\\/IRAURGI-BERRITZEN-logotipoa_2.png\",\"contentUrl\":\"https:\\\/\\\/iraurgiberritzen.eus\\\/wp-content\\\/uploads\\\/2024\\\/02\\\/IRAURGI-BERRITZEN-logotipoa_2.png\",\"width\":496,\"height\":190,\"caption\":\"Iraurgi Berritzen\"},\"image\":{\"@id\":\"https:\\\/\\\/iraurgiberritzen.eus\\\/es\\\/#\\\/schema\\\/logo\\\/image\\\/\"}},{\"@type\":\"Person\",\"@id\":\"https:\\\/\\\/iraurgiberritzen.eus\\\/es\\\/#\\\/schema\\\/person\\\/5ab41aaf388a9097177601ebf45738d2\",\"name\":\"kudeatzailea\",\"sameAs\":[\"https:\\\/\\\/iraurgiberritzen.eus\"]}]}<\/script>\n<!-- \/ Yoast SEO plugin. -->","yoast_head_json":{"title":"La Jubilaci\u00f3n en el sector comercial - Iraurgi Berritzen","robots":{"index":"index","follow":"follow","max-snippet":"max-snippet:-1","max-image-preview":"max-image-preview:large","max-video-preview":"max-video-preview:-1"},"canonical":"https:\/\/iraurgiberritzen.eus\/es\/la-jubilacion-en-el-sector-comercial\/","og_locale":"es_ES","og_type":"article","og_title":"La Jubilaci\u00f3n en el sector comercial - Iraurgi Berritzen","og_description":"La mesa de comerciantes de Urola Erdia, ha organizado un ciclo de jornadas, que se estructuran en dos sesiones diferentes.&nbsp; La primera sesi\u00f3n tendr\u00e1 lugar el 27 de septiembre en el Sindikatu Zaharra de Azpeitia de 14.30 a 16:30 y ser\u00e1 sobre la jubilaci\u00f3n de los comerciantes. Durante la sesi\u00f3n, adem\u00e1s de presentarse la importancia [&hellip;]","og_url":"https:\/\/iraurgiberritzen.eus\/es\/la-jubilacion-en-el-sector-comercial\/","og_site_name":"Iraurgi Berritzen","article_published_time":"2018-09-20T10:18:08+00:00","author":"kudeatzailea","twitter_card":"summary_large_image","twitter_misc":{"Escrito por":"kudeatzailea","Tiempo de lectura":"2 minutos"},"schema":{"@context":"https:\/\/schema.org","@graph":[{"@type":"Article","@id":"https:\/\/iraurgiberritzen.eus\/es\/la-jubilacion-en-el-sector-comercial\/#article","isPartOf":{"@id":"https:\/\/iraurgiberritzen.eus\/es\/la-jubilacion-en-el-sector-comercial\/"},"author":{"name":"kudeatzailea","@id":"https:\/\/iraurgiberritzen.eus\/es\/#\/schema\/person\/5ab41aaf388a9097177601ebf45738d2"},"headline":"La Jubilaci\u00f3n en el sector comercial","datePublished":"2018-09-20T10:18:08+00:00","mainEntityOfPage":{"@id":"https:\/\/iraurgiberritzen.eus\/es\/la-jubilacion-en-el-sector-comercial\/"},"wordCount":405,"publisher":{"@id":"https:\/\/iraurgiberritzen.eus\/es\/#organization"},"image":{"@id":"https:\/\/iraurgiberritzen.eus\/es\/la-jubilacion-en-el-sector-comercial\/#primaryimage"},"thumbnailUrl":"https:\/\/iraurgiberritzen.eus\/wp-content\/uploads\/2023\/09\/178044b1339d92618b3b1af938fc75de.jpg","articleSection":["Noticias"],"inLanguage":"es"},{"@type":"WebPage","@id":"https:\/\/iraurgiberritzen.eus\/es\/la-jubilacion-en-el-sector-comercial\/","url":"https:\/\/iraurgiberritzen.eus\/es\/la-jubilacion-en-el-sector-comercial\/","name":"La Jubilaci\u00f3n en el sector comercial - Iraurgi Berritzen","isPartOf":{"@id":"https:\/\/iraurgiberritzen.eus\/es\/#website"},"primaryImageOfPage":{"@id":"https:\/\/iraurgiberritzen.eus\/es\/la-jubilacion-en-el-sector-comercial\/#primaryimage"},"image":{"@id":"https:\/\/iraurgiberritzen.eus\/es\/la-jubilacion-en-el-sector-comercial\/#primaryimage"},"thumbnailUrl":"https:\/\/iraurgiberritzen.eus\/wp-content\/uploads\/2023\/09\/178044b1339d92618b3b1af938fc75de.jpg","datePublished":"2018-09-20T10:18:08+00:00","breadcrumb":{"@id":"https:\/\/iraurgiberritzen.eus\/es\/la-jubilacion-en-el-sector-comercial\/#breadcrumb"},"inLanguage":"es","potentialAction":[{"@type":"ReadAction","target":["https:\/\/iraurgiberritzen.eus\/es\/la-jubilacion-en-el-sector-comercial\/"]}]},{"@type":"ImageObject","inLanguage":"es","@id":"https:\/\/iraurgiberritzen.eus\/es\/la-jubilacion-en-el-sector-comercial\/#primaryimage","url":"https:\/\/iraurgiberritzen.eus\/wp-content\/uploads\/2023\/09\/178044b1339d92618b3b1af938fc75de.jpg","contentUrl":"https:\/\/iraurgiberritzen.eus\/wp-content\/uploads\/2023\/09\/178044b1339d92618b3b1af938fc75de.jpg","width":600,"height":386},{"@type":"BreadcrumbList","@id":"https:\/\/iraurgiberritzen.eus\/es\/la-jubilacion-en-el-sector-comercial\/#breadcrumb","itemListElement":[{"@type":"ListItem","position":1,"name":"Home","item":"https:\/\/iraurgiberritzen.eus\/es\/"},{"@type":"ListItem","position":2,"name":"La Jubilaci\u00f3n en el sector comercial"}]},{"@type":"WebSite","@id":"https:\/\/iraurgiberritzen.eus\/es\/#website","url":"https:\/\/iraurgiberritzen.eus\/es\/","name":"Iraurgi Berritzen","description":"Urola Erdiko Garapen Agentzia","publisher":{"@id":"https:\/\/iraurgiberritzen.eus\/es\/#organization"},"potentialAction":[{"@type":"SearchAction","target":{"@type":"EntryPoint","urlTemplate":"https:\/\/iraurgiberritzen.eus\/es\/?s={search_term_string}"},"query-input":{"@type":"PropertyValueSpecification","valueRequired":true,"valueName":"search_term_string"}}],"inLanguage":"es"},{"@type":"Organization","@id":"https:\/\/iraurgiberritzen.eus\/es\/#organization","name":"Iraurgi Berritzen","url":"https:\/\/iraurgiberritzen.eus\/es\/","logo":{"@type":"ImageObject","inLanguage":"es","@id":"https:\/\/iraurgiberritzen.eus\/es\/#\/schema\/logo\/image\/","url":"https:\/\/iraurgiberritzen.eus\/wp-content\/uploads\/2024\/02\/IRAURGI-BERRITZEN-logotipoa_2.png","contentUrl":"https:\/\/iraurgiberritzen.eus\/wp-content\/uploads\/2024\/02\/IRAURGI-BERRITZEN-logotipoa_2.png","width":496,"height":190,"caption":"Iraurgi Berritzen"},"image":{"@id":"https:\/\/iraurgiberritzen.eus\/es\/#\/schema\/logo\/image\/"}},{"@type":"Person","@id":"https:\/\/iraurgiberritzen.eus\/es\/#\/schema\/person\/5ab41aaf388a9097177601ebf45738d2","name":"kudeatzailea","sameAs":["https:\/\/iraurgiberritzen.eus"]}]}},"_links":{"self":[{"href":"https:\/\/iraurgiberritzen.eus\/es\/wp-json\/wp\/v2\/posts\/12441","targetHints":{"allow":["GET"]}}],"collection":[{"href":"https:\/\/iraurgiberritzen.eus\/es\/wp-json\/wp\/v2\/posts"}],"about":[{"href":"https:\/\/iraurgiberritzen.eus\/es\/wp-json\/wp\/v2\/types\/post"}],"author":[{"embeddable":true,"href":"https:\/\/iraurgiberritzen.eus\/es\/wp-json\/wp\/v2\/users\/1"}],"replies":[{"embeddable":true,"href":"https:\/\/iraurgiberritzen.eus\/es\/wp-json\/wp\/v2\/comments?post=12441"}],"version-history":[{"count":0,"href":"https:\/\/iraurgiberritzen.eus\/es\/wp-json\/wp\/v2\/posts\/12441\/revisions"}],"wp:featuredmedia":[{"embeddable":true,"href":"https:\/\/iraurgiberritzen.eus\/es\/wp-json\/wp\/v2\/media\/17873"}],"wp:attachment":[{"href":"https:\/\/iraurgiberritzen.eus\/es\/wp-json\/wp\/v2\/media?parent=12441"}],"wp:term":[{"taxonomy":"category","embeddable":true,"href":"https:\/\/iraurgiberritzen.eus\/es\/wp-json\/wp\/v2\/categories?post=12441"},{"taxonomy":"post_tag","embeddable":true,"href":"https:\/\/iraurgiberritzen.eus\/es\/wp-json\/wp\/v2\/tags?post=12441"}],"curies":[{"name":"wp","href":"https:\/\/api.w.org\/{rel}","templated":true}]}}