{"id":12444,"date":"2018-09-21T11:45:14","date_gmt":"2018-09-21T09:45:14","guid":{"rendered":"https:\/\/iraurgiberritzen.eus\/jornadas-de-formacion-para-empresas-desde-iraurgi-berritzen\/"},"modified":"2018-09-21T11:45:14","modified_gmt":"2018-09-21T09:45:14","slug":"jornadas-de-formacion-para-empresas-desde-iraurgi-berritzen","status":"publish","type":"post","link":"https:\/\/iraurgiberritzen.eus\/es\/jornadas-de-formacion-para-empresas-desde-iraurgi-berritzen\/","title":{"rendered":"Jornadas de formaci\u00f3n para empresas desde Iraurgi Berritzen"},"content":{"rendered":"<p>IRAURGI BERRITZEN, en el marco de su apuesta por la capacitaci\u00f3n de las empresas, organiza a lo largo del a\u00f1o diversas jornadas de sensibilizaci\u00f3n y difusion, en base a diferentes propuestas de las empresas.<\/p>\n<p style=\"text-align: justify;\">Esta \u00faltima semana de setiembre, en concreto, se han convocado dos jornadas, dirigidas a empresas industriales de la comarca: uno m\u00e1s dirigido al \u00e1mbito econ\u00f3mico- fiscal, y el otro enmarcado en las tecnolog\u00edas de la industria 4.0.<\/p>\n<p style=\"text-align: justify;\">El pr\u00f3ximo 25 de setiembre, tendr\u00e1 lugar la Jornada <strong>\u00abOperativa para la Gesti\u00f3n de Informes T\u00e9cnicos de Calificaci\u00f3n a Efectos Fiscales\u00bb<\/strong> en el Palacio Intsausti de Azkoitia (de 9h a 12h,) donde participar\u00e1n como ponentes diferentes responsables del Grupo Spri y de la Diputaci\u00f3n Foral de Gipuzkoa. La jornada estar\u00e1 dirigida especialmente a aquellas empresas que desarrollan proyectos de I+D+i e Innovaci\u00f3n Tecnol\u00f3gica, y que est\u00e9n interesados en la aplicaci\u00f3n de deducciones fiscales en el Impuesto de Sociedades.<\/p>\n<p style=\"text-align: justify;\">En cuanto al \u00e1mbito tecnol\u00f3gico, el jueves 27 de Setiembre, en el Palacio Intsausti de Azkoitia, (de 9h a 12h), tendr\u00e1 lugar la Jornada <strong>\u00abVisi\u00f3n Artificial: aplicaciones y tendencias al sector industrial\u00bb<\/strong> donde participar\u00e1n ponentes de Vicomtech, jornada dirigida a empresas industriales interesadas en conocer y valorar esta tecnolog\u00eda, su aplicaci\u00f3n en la industria, as\u00ed como los beneficios y ventajas que aporta.<\/p>\n<p style=\"text-align: justify;\">Aquellas empresas interesadas en las diferentes jornadas deber\u00e1n confirmar su participaci\u00f3n llamando al telefono: 943.02.60.69.<\/p>\n","protected":false},"excerpt":{"rendered":"<p>IRAURGI BERRITZEN, en el marco de su apuesta por la capacitaci\u00f3n de las empresas, organiza a lo largo del a\u00f1o diversas jornadas de sensibilizaci\u00f3n y difusion, en base a diferentes propuestas de las empresas. Esta \u00faltima semana de setiembre, en concreto, se han convocado dos jornadas, dirigidas a empresas industriales de la comarca: uno m\u00e1s [&hellip;]<\/p>\n","protected":false},"author":1,"featured_media":17874,"comment_status":"","ping_status":"closed","sticky":false,"template":"","format":"standard","meta":{"_acf_changed":false,"footnotes":""},"categories":[4],"tags":[],"class_list":["post-12444","post","type-post","status-publish","format-standard","has-post-thumbnail","hentry","category-noticias"],"acf":[],"yoast_head":"<!-- This site is optimized with the Yoast SEO plugin v27.4 - https:\/\/yoast.com\/product\/yoast-seo-wordpress\/ -->\n<title>Jornadas de formaci\u00f3n para empresas desde Iraurgi Berritzen - Iraurgi Berritzen<\/title>\n<meta name=\"robots\" content=\"index, follow, max-snippet:-1, max-image-preview:large, max-video-preview:-1\" \/>\n<link rel=\"canonical\" href=\"https:\/\/iraurgiberritzen.eus\/es\/jornadas-de-formacion-para-empresas-desde-iraurgi-berritzen\/\" \/>\n<meta property=\"og:locale\" content=\"es_ES\" \/>\n<meta property=\"og:type\" content=\"article\" \/>\n<meta property=\"og:title\" content=\"Jornadas de formaci\u00f3n para empresas desde Iraurgi Berritzen - Iraurgi Berritzen\" \/>\n<meta property=\"og:description\" content=\"IRAURGI BERRITZEN, en el marco de su apuesta por la capacitaci\u00f3n de las empresas, organiza a lo largo del a\u00f1o diversas jornadas de sensibilizaci\u00f3n y difusion, en base a diferentes propuestas de las empresas. Esta \u00faltima semana de setiembre, en concreto, se han convocado dos jornadas, dirigidas a empresas industriales de la comarca: uno m\u00e1s [&hellip;]\" \/>\n<meta property=\"og:url\" content=\"https:\/\/iraurgiberritzen.eus\/es\/jornadas-de-formacion-para-empresas-desde-iraurgi-berritzen\/\" \/>\n<meta property=\"og:site_name\" content=\"Iraurgi Berritzen\" \/>\n<meta property=\"article:published_time\" content=\"2018-09-21T09:45:14+00:00\" \/>\n<meta name=\"author\" content=\"kudeatzailea\" \/>\n<meta name=\"twitter:card\" content=\"summary_large_image\" \/>\n<meta name=\"twitter:label1\" content=\"Escrito por\" \/>\n\t<meta name=\"twitter:data1\" content=\"kudeatzailea\" \/>\n\t<meta name=\"twitter:label2\" content=\"Tiempo de lectura\" \/>\n\t<meta name=\"twitter:data2\" content=\"1 minuto\" \/>\n<script type=\"application\/ld+json\" class=\"yoast-schema-graph\">{\"@context\":\"https:\\\/\\\/schema.org\",\"@graph\":[{\"@type\":\"Article\",\"@id\":\"https:\\\/\\\/iraurgiberritzen.eus\\\/es\\\/jornadas-de-formacion-para-empresas-desde-iraurgi-berritzen\\\/#article\",\"isPartOf\":{\"@id\":\"https:\\\/\\\/iraurgiberritzen.eus\\\/es\\\/jornadas-de-formacion-para-empresas-desde-iraurgi-berritzen\\\/\"},\"author\":{\"name\":\"kudeatzailea\",\"@id\":\"https:\\\/\\\/iraurgiberritzen.eus\\\/es\\\/#\\\/schema\\\/person\\\/5ab41aaf388a9097177601ebf45738d2\"},\"headline\":\"Jornadas de formaci\u00f3n para empresas desde Iraurgi Berritzen\",\"datePublished\":\"2018-09-21T09:45:14+00:00\",\"mainEntityOfPage\":{\"@id\":\"https:\\\/\\\/iraurgiberritzen.eus\\\/es\\\/jornadas-de-formacion-para-empresas-desde-iraurgi-berritzen\\\/\"},\"wordCount\":256,\"publisher\":{\"@id\":\"https:\\\/\\\/iraurgiberritzen.eus\\\/es\\\/#organization\"},\"image\":{\"@id\":\"https:\\\/\\\/iraurgiberritzen.eus\\\/es\\\/jornadas-de-formacion-para-empresas-desde-iraurgi-berritzen\\\/#primaryimage\"},\"thumbnailUrl\":\"https:\\\/\\\/iraurgiberritzen.eus\\\/wp-content\\\/uploads\\\/2023\\\/09\\\/10dc0c0d83cf5ec5b13a99f94232defb.jpg\",\"articleSection\":[\"Noticias\"],\"inLanguage\":\"es\"},{\"@type\":\"WebPage\",\"@id\":\"https:\\\/\\\/iraurgiberritzen.eus\\\/es\\\/jornadas-de-formacion-para-empresas-desde-iraurgi-berritzen\\\/\",\"url\":\"https:\\\/\\\/iraurgiberritzen.eus\\\/es\\\/jornadas-de-formacion-para-empresas-desde-iraurgi-berritzen\\\/\",\"name\":\"Jornadas de formaci\u00f3n para empresas desde Iraurgi Berritzen - Iraurgi Berritzen\",\"isPartOf\":{\"@id\":\"https:\\\/\\\/iraurgiberritzen.eus\\\/es\\\/#website\"},\"primaryImageOfPage\":{\"@id\":\"https:\\\/\\\/iraurgiberritzen.eus\\\/es\\\/jornadas-de-formacion-para-empresas-desde-iraurgi-berritzen\\\/#primaryimage\"},\"image\":{\"@id\":\"https:\\\/\\\/iraurgiberritzen.eus\\\/es\\\/jornadas-de-formacion-para-empresas-desde-iraurgi-berritzen\\\/#primaryimage\"},\"thumbnailUrl\":\"https:\\\/\\\/iraurgiberritzen.eus\\\/wp-content\\\/uploads\\\/2023\\\/09\\\/10dc0c0d83cf5ec5b13a99f94232defb.jpg\",\"datePublished\":\"2018-09-21T09:45:14+00:00\",\"breadcrumb\":{\"@id\":\"https:\\\/\\\/iraurgiberritzen.eus\\\/es\\\/jornadas-de-formacion-para-empresas-desde-iraurgi-berritzen\\\/#breadcrumb\"},\"inLanguage\":\"es\",\"potentialAction\":[{\"@type\":\"ReadAction\",\"target\":[\"https:\\\/\\\/iraurgiberritzen.eus\\\/es\\\/jornadas-de-formacion-para-empresas-desde-iraurgi-berritzen\\\/\"]}]},{\"@type\":\"ImageObject\",\"inLanguage\":\"es\",\"@id\":\"https:\\\/\\\/iraurgiberritzen.eus\\\/es\\\/jornadas-de-formacion-para-empresas-desde-iraurgi-berritzen\\\/#primaryimage\",\"url\":\"https:\\\/\\\/iraurgiberritzen.eus\\\/wp-content\\\/uploads\\\/2023\\\/09\\\/10dc0c0d83cf5ec5b13a99f94232defb.jpg\",\"contentUrl\":\"https:\\\/\\\/iraurgiberritzen.eus\\\/wp-content\\\/uploads\\\/2023\\\/09\\\/10dc0c0d83cf5ec5b13a99f94232defb.jpg\",\"width\":600,\"height\":386},{\"@type\":\"BreadcrumbList\",\"@id\":\"https:\\\/\\\/iraurgiberritzen.eus\\\/es\\\/jornadas-de-formacion-para-empresas-desde-iraurgi-berritzen\\\/#breadcrumb\",\"itemListElement\":[{\"@type\":\"ListItem\",\"position\":1,\"name\":\"Home\",\"item\":\"https:\\\/\\\/iraurgiberritzen.eus\\\/es\\\/\"},{\"@type\":\"ListItem\",\"position\":2,\"name\":\"Jornadas de formaci\u00f3n para empresas desde Iraurgi Berritzen\"}]},{\"@type\":\"WebSite\",\"@id\":\"https:\\\/\\\/iraurgiberritzen.eus\\\/es\\\/#website\",\"url\":\"https:\\\/\\\/iraurgiberritzen.eus\\\/es\\\/\",\"name\":\"Iraurgi Berritzen\",\"description\":\"Urola Erdiko Garapen Agentzia\",\"publisher\":{\"@id\":\"https:\\\/\\\/iraurgiberritzen.eus\\\/es\\\/#organization\"},\"potentialAction\":[{\"@type\":\"SearchAction\",\"target\":{\"@type\":\"EntryPoint\",\"urlTemplate\":\"https:\\\/\\\/iraurgiberritzen.eus\\\/es\\\/?s={search_term_string}\"},\"query-input\":{\"@type\":\"PropertyValueSpecification\",\"valueRequired\":true,\"valueName\":\"search_term_string\"}}],\"inLanguage\":\"es\"},{\"@type\":\"Organization\",\"@id\":\"https:\\\/\\\/iraurgiberritzen.eus\\\/es\\\/#organization\",\"name\":\"Iraurgi Berritzen\",\"url\":\"https:\\\/\\\/iraurgiberritzen.eus\\\/es\\\/\",\"logo\":{\"@type\":\"ImageObject\",\"inLanguage\":\"es\",\"@id\":\"https:\\\/\\\/iraurgiberritzen.eus\\\/es\\\/#\\\/schema\\\/logo\\\/image\\\/\",\"url\":\"https:\\\/\\\/iraurgiberritzen.eus\\\/wp-content\\\/uploads\\\/2024\\\/02\\\/IRAURGI-BERRITZEN-logotipoa_2.png\",\"contentUrl\":\"https:\\\/\\\/iraurgiberritzen.eus\\\/wp-content\\\/uploads\\\/2024\\\/02\\\/IRAURGI-BERRITZEN-logotipoa_2.png\",\"width\":496,\"height\":190,\"caption\":\"Iraurgi Berritzen\"},\"image\":{\"@id\":\"https:\\\/\\\/iraurgiberritzen.eus\\\/es\\\/#\\\/schema\\\/logo\\\/image\\\/\"}},{\"@type\":\"Person\",\"@id\":\"https:\\\/\\\/iraurgiberritzen.eus\\\/es\\\/#\\\/schema\\\/person\\\/5ab41aaf388a9097177601ebf45738d2\",\"name\":\"kudeatzailea\",\"sameAs\":[\"https:\\\/\\\/iraurgiberritzen.eus\"]}]}<\/script>\n<!-- \/ Yoast SEO plugin. -->","yoast_head_json":{"title":"Jornadas de formaci\u00f3n para empresas desde Iraurgi Berritzen - Iraurgi Berritzen","robots":{"index":"index","follow":"follow","max-snippet":"max-snippet:-1","max-image-preview":"max-image-preview:large","max-video-preview":"max-video-preview:-1"},"canonical":"https:\/\/iraurgiberritzen.eus\/es\/jornadas-de-formacion-para-empresas-desde-iraurgi-berritzen\/","og_locale":"es_ES","og_type":"article","og_title":"Jornadas de formaci\u00f3n para empresas desde Iraurgi Berritzen - Iraurgi Berritzen","og_description":"IRAURGI BERRITZEN, en el marco de su apuesta por la capacitaci\u00f3n de las empresas, organiza a lo largo del a\u00f1o diversas jornadas de sensibilizaci\u00f3n y difusion, en base a diferentes propuestas de las empresas. Esta \u00faltima semana de setiembre, en concreto, se han convocado dos jornadas, dirigidas a empresas industriales de la comarca: uno m\u00e1s [&hellip;]","og_url":"https:\/\/iraurgiberritzen.eus\/es\/jornadas-de-formacion-para-empresas-desde-iraurgi-berritzen\/","og_site_name":"Iraurgi Berritzen","article_published_time":"2018-09-21T09:45:14+00:00","author":"kudeatzailea","twitter_card":"summary_large_image","twitter_misc":{"Escrito por":"kudeatzailea","Tiempo de lectura":"1 minuto"},"schema":{"@context":"https:\/\/schema.org","@graph":[{"@type":"Article","@id":"https:\/\/iraurgiberritzen.eus\/es\/jornadas-de-formacion-para-empresas-desde-iraurgi-berritzen\/#article","isPartOf":{"@id":"https:\/\/iraurgiberritzen.eus\/es\/jornadas-de-formacion-para-empresas-desde-iraurgi-berritzen\/"},"author":{"name":"kudeatzailea","@id":"https:\/\/iraurgiberritzen.eus\/es\/#\/schema\/person\/5ab41aaf388a9097177601ebf45738d2"},"headline":"Jornadas de formaci\u00f3n para empresas desde Iraurgi Berritzen","datePublished":"2018-09-21T09:45:14+00:00","mainEntityOfPage":{"@id":"https:\/\/iraurgiberritzen.eus\/es\/jornadas-de-formacion-para-empresas-desde-iraurgi-berritzen\/"},"wordCount":256,"publisher":{"@id":"https:\/\/iraurgiberritzen.eus\/es\/#organization"},"image":{"@id":"https:\/\/iraurgiberritzen.eus\/es\/jornadas-de-formacion-para-empresas-desde-iraurgi-berritzen\/#primaryimage"},"thumbnailUrl":"https:\/\/iraurgiberritzen.eus\/wp-content\/uploads\/2023\/09\/10dc0c0d83cf5ec5b13a99f94232defb.jpg","articleSection":["Noticias"],"inLanguage":"es"},{"@type":"WebPage","@id":"https:\/\/iraurgiberritzen.eus\/es\/jornadas-de-formacion-para-empresas-desde-iraurgi-berritzen\/","url":"https:\/\/iraurgiberritzen.eus\/es\/jornadas-de-formacion-para-empresas-desde-iraurgi-berritzen\/","name":"Jornadas de formaci\u00f3n para empresas desde Iraurgi Berritzen - Iraurgi Berritzen","isPartOf":{"@id":"https:\/\/iraurgiberritzen.eus\/es\/#website"},"primaryImageOfPage":{"@id":"https:\/\/iraurgiberritzen.eus\/es\/jornadas-de-formacion-para-empresas-desde-iraurgi-berritzen\/#primaryimage"},"image":{"@id":"https:\/\/iraurgiberritzen.eus\/es\/jornadas-de-formacion-para-empresas-desde-iraurgi-berritzen\/#primaryimage"},"thumbnailUrl":"https:\/\/iraurgiberritzen.eus\/wp-content\/uploads\/2023\/09\/10dc0c0d83cf5ec5b13a99f94232defb.jpg","datePublished":"2018-09-21T09:45:14+00:00","breadcrumb":{"@id":"https:\/\/iraurgiberritzen.eus\/es\/jornadas-de-formacion-para-empresas-desde-iraurgi-berritzen\/#breadcrumb"},"inLanguage":"es","potentialAction":[{"@type":"ReadAction","target":["https:\/\/iraurgiberritzen.eus\/es\/jornadas-de-formacion-para-empresas-desde-iraurgi-berritzen\/"]}]},{"@type":"ImageObject","inLanguage":"es","@id":"https:\/\/iraurgiberritzen.eus\/es\/jornadas-de-formacion-para-empresas-desde-iraurgi-berritzen\/#primaryimage","url":"https:\/\/iraurgiberritzen.eus\/wp-content\/uploads\/2023\/09\/10dc0c0d83cf5ec5b13a99f94232defb.jpg","contentUrl":"https:\/\/iraurgiberritzen.eus\/wp-content\/uploads\/2023\/09\/10dc0c0d83cf5ec5b13a99f94232defb.jpg","width":600,"height":386},{"@type":"BreadcrumbList","@id":"https:\/\/iraurgiberritzen.eus\/es\/jornadas-de-formacion-para-empresas-desde-iraurgi-berritzen\/#breadcrumb","itemListElement":[{"@type":"ListItem","position":1,"name":"Home","item":"https:\/\/iraurgiberritzen.eus\/es\/"},{"@type":"ListItem","position":2,"name":"Jornadas de formaci\u00f3n para empresas desde Iraurgi Berritzen"}]},{"@type":"WebSite","@id":"https:\/\/iraurgiberritzen.eus\/es\/#website","url":"https:\/\/iraurgiberritzen.eus\/es\/","name":"Iraurgi Berritzen","description":"Urola Erdiko Garapen Agentzia","publisher":{"@id":"https:\/\/iraurgiberritzen.eus\/es\/#organization"},"potentialAction":[{"@type":"SearchAction","target":{"@type":"EntryPoint","urlTemplate":"https:\/\/iraurgiberritzen.eus\/es\/?s={search_term_string}"},"query-input":{"@type":"PropertyValueSpecification","valueRequired":true,"valueName":"search_term_string"}}],"inLanguage":"es"},{"@type":"Organization","@id":"https:\/\/iraurgiberritzen.eus\/es\/#organization","name":"Iraurgi Berritzen","url":"https:\/\/iraurgiberritzen.eus\/es\/","logo":{"@type":"ImageObject","inLanguage":"es","@id":"https:\/\/iraurgiberritzen.eus\/es\/#\/schema\/logo\/image\/","url":"https:\/\/iraurgiberritzen.eus\/wp-content\/uploads\/2024\/02\/IRAURGI-BERRITZEN-logotipoa_2.png","contentUrl":"https:\/\/iraurgiberritzen.eus\/wp-content\/uploads\/2024\/02\/IRAURGI-BERRITZEN-logotipoa_2.png","width":496,"height":190,"caption":"Iraurgi Berritzen"},"image":{"@id":"https:\/\/iraurgiberritzen.eus\/es\/#\/schema\/logo\/image\/"}},{"@type":"Person","@id":"https:\/\/iraurgiberritzen.eus\/es\/#\/schema\/person\/5ab41aaf388a9097177601ebf45738d2","name":"kudeatzailea","sameAs":["https:\/\/iraurgiberritzen.eus"]}]}},"_links":{"self":[{"href":"https:\/\/iraurgiberritzen.eus\/es\/wp-json\/wp\/v2\/posts\/12444","targetHints":{"allow":["GET"]}}],"collection":[{"href":"https:\/\/iraurgiberritzen.eus\/es\/wp-json\/wp\/v2\/posts"}],"about":[{"href":"https:\/\/iraurgiberritzen.eus\/es\/wp-json\/wp\/v2\/types\/post"}],"author":[{"embeddable":true,"href":"https:\/\/iraurgiberritzen.eus\/es\/wp-json\/wp\/v2\/users\/1"}],"replies":[{"embeddable":true,"href":"https:\/\/iraurgiberritzen.eus\/es\/wp-json\/wp\/v2\/comments?post=12444"}],"version-history":[{"count":0,"href":"https:\/\/iraurgiberritzen.eus\/es\/wp-json\/wp\/v2\/posts\/12444\/revisions"}],"wp:featuredmedia":[{"embeddable":true,"href":"https:\/\/iraurgiberritzen.eus\/es\/wp-json\/wp\/v2\/media\/17874"}],"wp:attachment":[{"href":"https:\/\/iraurgiberritzen.eus\/es\/wp-json\/wp\/v2\/media?parent=12444"}],"wp:term":[{"taxonomy":"category","embeddable":true,"href":"https:\/\/iraurgiberritzen.eus\/es\/wp-json\/wp\/v2\/categories?post=12444"},{"taxonomy":"post_tag","embeddable":true,"href":"https:\/\/iraurgiberritzen.eus\/es\/wp-json\/wp\/v2\/tags?post=12444"}],"curies":[{"name":"wp","href":"https:\/\/api.w.org\/{rel}","templated":true}]}}