{"id":12450,"date":"2019-01-08T08:14:45","date_gmt":"2019-01-08T06:14:45","guid":{"rendered":"https:\/\/iraurgiberritzen.eus\/en-breve-comenzara-el-curso-para-obtener-el-certificado-de-profesionalidad-carniceria-y-elaboracion-de-productos-carnicos\/"},"modified":"2019-01-08T08:14:45","modified_gmt":"2019-01-08T06:14:45","slug":"en-breve-comenzara-el-curso-para-obtener-el-certificado-de-profesionalidad-carniceria-y-elaboracion-de-productos-carnicos","status":"publish","type":"post","link":"https:\/\/iraurgiberritzen.eus\/es\/en-breve-comenzara-el-curso-para-obtener-el-certificado-de-profesionalidad-carniceria-y-elaboracion-de-productos-carnicos\/","title":{"rendered":"En breve comenzar\u00e1 el curso para obtener el Certificado de Profesionalidad \u00abCarnicer\u00eda y elaboraci\u00f3n de productos c\u00e1rnicos\u00bb"},"content":{"rendered":"<p style=\"text-align: justify;\">El curso, tendr\u00e1 una duraci\u00f3n de de 5 meses, y los participantes obtendr\u00e1n el Certificado de Profesionalidad <strong>\u00abCarnicer\u00eda y elaboraci\u00f3n de productos c\u00e1rnicos\u00bb<\/strong>.<\/p>\n<p style=\"text-align: justify;\">Se trata de un curso gratuito que ofrece Hazi, junto a Lanbide- el Servicio Vasco de Empleo y el Departamento de Desarrollo Econ\u00f3mico e Infraestructuras, en colaboraci\u00f3n con las empresas Urkaiko y Basatxerri, y con la ayuda de Iraurgi Berritzen y la Mancomunicad Urola Kosta. Las personas desempleadas que participen obtendr\u00e1n el Certificado de Profesionalidad de \u00abCarnicer\u00eda y elaboraci\u00f3n de productos c\u00e1rnicos\u00bb de nivel 2.<\/p>\n<p style=\"text-align: justify;\">El curso se ha dise\u00f1ado dentro del programa de formaci\u00f3n sobre industrias alimentarias con el objetivo de adecuar la cualificaci\u00f3n profesional y competencias de las personas desempleadas de la zona. Sobre todo, para poder facilitar su acceso al mercado laboral y mejorar su empleabilidad. Las personas desempleadas que busquen incorporarse al mundo laboral de la industria c\u00e1rnica recibir\u00e1n una formaci\u00f3n de 5 meses. El curso ser\u00e1 completamente gratuito.<\/p>\n<p style=\"text-align: justify;\"><strong>El objetivo de la formaci\u00f3n y la adquisici\u00f3n de competencias:<\/strong><\/p>\n<p style=\"text-align: justify;\">La formaci\u00f3n se ha dise\u00f1ado teniendo en cuenta las competencias y habilidades que demandan las empresas del sector c\u00e1rnico, con la intenci\u00f3n de ofrecer a las personas desempleadas herramientas apropiadas para facilitar la incorporaci\u00f3n al mundo laboral.<\/p>\n<p style=\"text-align: justify;\">Por un lado, los participantes aprender\u00e1n c\u00f3mo realizar las operaciones de valoraci\u00f3n de carne, de despiece, de la preparaci\u00f3n y elaboraci\u00f3n de productos y, de todo tipo de preparados c\u00e1rnicos. Por otro lado, conocer\u00e1n todos los pasos necesarios para poder cumplir con la normativa t\u00e9cnico-sanitaria vigente. Por \u00faltimo, profundizar\u00e1n en c\u00f3mo realizar la comercializaci\u00f3n de productos c\u00e1rnicos en una peque\u00f1a empresa.<\/p>\n<p style=\"text-align: justify;\"><strong>Durante 5 meses, 5 m\u00f3dulos formativos:<\/strong><\/p>\n<p style=\"text-align: justify;\">El curso ser\u00e1 de 5 meses. En total, ser\u00e1 un proceso formativo de&nbsp;510&nbsp;horas para poder obtener el certificado de profesionalidad. Las clases se impartir\u00e1n en castellano y ser\u00e1 completamente gratuito. El curso tendr\u00e1 lugar en las instalaciones de la cooperativa URKAIKO, en Zestoa.<\/p>\n<p style=\"text-align: justify;\"><strong>A continuaci\u00f3n se detallan los m\u00f3dulos formativos:<\/strong><\/p>\n<p style=\"text-align: justify;\">Almacenaje y expedici\u00f3n de carne y productos c\u00e1rnicos (40 horas)<br \/>Acondicionamiento y tecnolog\u00eda de la carne (120 horas)<br \/>Elaboraci\u00f3n de preparados c\u00e1rnicos frescos (90 horas)<br \/>Elaboraci\u00f3n y trazabilidad de productos c\u00e1rnicos industriales (180 horas)<br \/>Pr\u00e1cticas profesionales no laborales de carnicer\u00eda y elaboraci\u00f3n de productos c\u00e1rnicos (80 horas)<\/p>\n<p style=\"text-align: justify;\"><strong>Informaci\u00f3n e inscripci\u00f3n:<\/strong><\/p>\n<p style=\"text-align: justify;\">Para obtener m\u00e1s informaci\u00f3n o inscribirse en el curso, puedes enviarnos un e-mail a la direcci\u00f3n <a href=\"mailto:enpleguzentroa@iraurgiberritzen.eus\">enpleguzentroa@iraurgiberritzen.eus<\/a> o bien contactar por tel\u00e9fono:<\/p>\n<p style=\"text-align: justify;\">Oficina de Azpeitia 943 02 60 69<br \/>Oficina de Azkoitia 943 85 11 00<\/p>\n<p style=\"text-align: justify;\">El plazo de inscripci\u00f3n est\u00e1 abierto.<\/p>\n","protected":false},"excerpt":{"rendered":"<p>El curso, tendr\u00e1 una duraci\u00f3n de de 5 meses, y los participantes obtendr\u00e1n el Certificado de Profesionalidad \u00abCarnicer\u00eda y elaboraci\u00f3n de productos c\u00e1rnicos\u00bb. Se trata de un curso gratuito que ofrece Hazi, junto a Lanbide- el Servicio Vasco de Empleo y el Departamento de Desarrollo Econ\u00f3mico e Infraestructuras, en colaboraci\u00f3n con las empresas Urkaiko y [&hellip;]<\/p>\n","protected":false},"author":1,"featured_media":17856,"comment_status":"","ping_status":"closed","sticky":false,"template":"","format":"standard","meta":{"_acf_changed":false,"footnotes":""},"categories":[4],"tags":[],"class_list":["post-12450","post","type-post","status-publish","format-standard","has-post-thumbnail","hentry","category-noticias"],"acf":[],"yoast_head":"<!-- This site is optimized with the Yoast SEO plugin v27.4 - https:\/\/yoast.com\/product\/yoast-seo-wordpress\/ -->\n<title>En breve comenzar\u00e1 el curso para obtener el Certificado de Profesionalidad &quot;Carnicer\u00eda y elaboraci\u00f3n de productos c\u00e1rnicos&quot; - Iraurgi Berritzen<\/title>\n<meta name=\"robots\" content=\"index, follow, max-snippet:-1, max-image-preview:large, max-video-preview:-1\" \/>\n<link rel=\"canonical\" href=\"https:\/\/iraurgiberritzen.eus\/es\/en-breve-comenzara-el-curso-para-obtener-el-certificado-de-profesionalidad-carniceria-y-elaboracion-de-productos-carnicos\/\" \/>\n<meta property=\"og:locale\" content=\"es_ES\" \/>\n<meta property=\"og:type\" content=\"article\" \/>\n<meta property=\"og:title\" content=\"En breve comenzar\u00e1 el curso para obtener el Certificado de Profesionalidad &quot;Carnicer\u00eda y elaboraci\u00f3n de productos c\u00e1rnicos&quot; - Iraurgi Berritzen\" \/>\n<meta property=\"og:description\" content=\"El curso, tendr\u00e1 una duraci\u00f3n de de 5 meses, y los participantes obtendr\u00e1n el Certificado de Profesionalidad \u00abCarnicer\u00eda y elaboraci\u00f3n de productos c\u00e1rnicos\u00bb. Se trata de un curso gratuito que ofrece Hazi, junto a Lanbide- el Servicio Vasco de Empleo y el Departamento de Desarrollo Econ\u00f3mico e Infraestructuras, en colaboraci\u00f3n con las empresas Urkaiko y [&hellip;]\" \/>\n<meta property=\"og:url\" content=\"https:\/\/iraurgiberritzen.eus\/es\/en-breve-comenzara-el-curso-para-obtener-el-certificado-de-profesionalidad-carniceria-y-elaboracion-de-productos-carnicos\/\" \/>\n<meta property=\"og:site_name\" content=\"Iraurgi Berritzen\" \/>\n<meta property=\"article:published_time\" content=\"2019-01-08T06:14:45+00:00\" \/>\n<meta name=\"author\" content=\"kudeatzailea\" \/>\n<meta name=\"twitter:card\" content=\"summary_large_image\" \/>\n<meta name=\"twitter:label1\" content=\"Escrito por\" \/>\n\t<meta name=\"twitter:data1\" content=\"kudeatzailea\" \/>\n\t<meta name=\"twitter:label2\" content=\"Tiempo de lectura\" \/>\n\t<meta name=\"twitter:data2\" content=\"2 minutos\" \/>\n<script type=\"application\/ld+json\" class=\"yoast-schema-graph\">{\"@context\":\"https:\\\/\\\/schema.org\",\"@graph\":[{\"@type\":\"Article\",\"@id\":\"https:\\\/\\\/iraurgiberritzen.eus\\\/es\\\/en-breve-comenzara-el-curso-para-obtener-el-certificado-de-profesionalidad-carniceria-y-elaboracion-de-productos-carnicos\\\/#article\",\"isPartOf\":{\"@id\":\"https:\\\/\\\/iraurgiberritzen.eus\\\/es\\\/en-breve-comenzara-el-curso-para-obtener-el-certificado-de-profesionalidad-carniceria-y-elaboracion-de-productos-carnicos\\\/\"},\"author\":{\"name\":\"kudeatzailea\",\"@id\":\"https:\\\/\\\/iraurgiberritzen.eus\\\/es\\\/#\\\/schema\\\/person\\\/5ab41aaf388a9097177601ebf45738d2\"},\"headline\":\"En breve comenzar\u00e1 el curso para obtener el Certificado de Profesionalidad \u00abCarnicer\u00eda y elaboraci\u00f3n de productos c\u00e1rnicos\u00bb\",\"datePublished\":\"2019-01-08T06:14:45+00:00\",\"mainEntityOfPage\":{\"@id\":\"https:\\\/\\\/iraurgiberritzen.eus\\\/es\\\/en-breve-comenzara-el-curso-para-obtener-el-certificado-de-profesionalidad-carniceria-y-elaboracion-de-productos-carnicos\\\/\"},\"wordCount\":477,\"publisher\":{\"@id\":\"https:\\\/\\\/iraurgiberritzen.eus\\\/es\\\/#organization\"},\"image\":{\"@id\":\"https:\\\/\\\/iraurgiberritzen.eus\\\/es\\\/en-breve-comenzara-el-curso-para-obtener-el-certificado-de-profesionalidad-carniceria-y-elaboracion-de-productos-carnicos\\\/#primaryimage\"},\"thumbnailUrl\":\"https:\\\/\\\/iraurgiberritzen.eus\\\/wp-content\\\/uploads\\\/2023\\\/09\\\/feb7e9c589993a5a644987614f09b605.jpg\",\"articleSection\":[\"Noticias\"],\"inLanguage\":\"es\"},{\"@type\":\"WebPage\",\"@id\":\"https:\\\/\\\/iraurgiberritzen.eus\\\/es\\\/en-breve-comenzara-el-curso-para-obtener-el-certificado-de-profesionalidad-carniceria-y-elaboracion-de-productos-carnicos\\\/\",\"url\":\"https:\\\/\\\/iraurgiberritzen.eus\\\/es\\\/en-breve-comenzara-el-curso-para-obtener-el-certificado-de-profesionalidad-carniceria-y-elaboracion-de-productos-carnicos\\\/\",\"name\":\"En breve comenzar\u00e1 el curso para obtener el Certificado de Profesionalidad \\\"Carnicer\u00eda y elaboraci\u00f3n de productos c\u00e1rnicos\\\" - Iraurgi Berritzen\",\"isPartOf\":{\"@id\":\"https:\\\/\\\/iraurgiberritzen.eus\\\/es\\\/#website\"},\"primaryImageOfPage\":{\"@id\":\"https:\\\/\\\/iraurgiberritzen.eus\\\/es\\\/en-breve-comenzara-el-curso-para-obtener-el-certificado-de-profesionalidad-carniceria-y-elaboracion-de-productos-carnicos\\\/#primaryimage\"},\"image\":{\"@id\":\"https:\\\/\\\/iraurgiberritzen.eus\\\/es\\\/en-breve-comenzara-el-curso-para-obtener-el-certificado-de-profesionalidad-carniceria-y-elaboracion-de-productos-carnicos\\\/#primaryimage\"},\"thumbnailUrl\":\"https:\\\/\\\/iraurgiberritzen.eus\\\/wp-content\\\/uploads\\\/2023\\\/09\\\/feb7e9c589993a5a644987614f09b605.jpg\",\"datePublished\":\"2019-01-08T06:14:45+00:00\",\"breadcrumb\":{\"@id\":\"https:\\\/\\\/iraurgiberritzen.eus\\\/es\\\/en-breve-comenzara-el-curso-para-obtener-el-certificado-de-profesionalidad-carniceria-y-elaboracion-de-productos-carnicos\\\/#breadcrumb\"},\"inLanguage\":\"es\",\"potentialAction\":[{\"@type\":\"ReadAction\",\"target\":[\"https:\\\/\\\/iraurgiberritzen.eus\\\/es\\\/en-breve-comenzara-el-curso-para-obtener-el-certificado-de-profesionalidad-carniceria-y-elaboracion-de-productos-carnicos\\\/\"]}]},{\"@type\":\"ImageObject\",\"inLanguage\":\"es\",\"@id\":\"https:\\\/\\\/iraurgiberritzen.eus\\\/es\\\/en-breve-comenzara-el-curso-para-obtener-el-certificado-de-profesionalidad-carniceria-y-elaboracion-de-productos-carnicos\\\/#primaryimage\",\"url\":\"https:\\\/\\\/iraurgiberritzen.eus\\\/wp-content\\\/uploads\\\/2023\\\/09\\\/feb7e9c589993a5a644987614f09b605.jpg\",\"contentUrl\":\"https:\\\/\\\/iraurgiberritzen.eus\\\/wp-content\\\/uploads\\\/2023\\\/09\\\/feb7e9c589993a5a644987614f09b605.jpg\",\"width\":600,\"height\":386},{\"@type\":\"BreadcrumbList\",\"@id\":\"https:\\\/\\\/iraurgiberritzen.eus\\\/es\\\/en-breve-comenzara-el-curso-para-obtener-el-certificado-de-profesionalidad-carniceria-y-elaboracion-de-productos-carnicos\\\/#breadcrumb\",\"itemListElement\":[{\"@type\":\"ListItem\",\"position\":1,\"name\":\"Home\",\"item\":\"https:\\\/\\\/iraurgiberritzen.eus\\\/es\\\/\"},{\"@type\":\"ListItem\",\"position\":2,\"name\":\"En breve comenzar\u00e1 el curso para obtener el Certificado de Profesionalidad &#8220;Carnicer\u00eda y elaboraci\u00f3n de productos c\u00e1rnicos&#8221;\"}]},{\"@type\":\"WebSite\",\"@id\":\"https:\\\/\\\/iraurgiberritzen.eus\\\/es\\\/#website\",\"url\":\"https:\\\/\\\/iraurgiberritzen.eus\\\/es\\\/\",\"name\":\"Iraurgi Berritzen\",\"description\":\"Urola Erdiko Garapen Agentzia\",\"publisher\":{\"@id\":\"https:\\\/\\\/iraurgiberritzen.eus\\\/es\\\/#organization\"},\"potentialAction\":[{\"@type\":\"SearchAction\",\"target\":{\"@type\":\"EntryPoint\",\"urlTemplate\":\"https:\\\/\\\/iraurgiberritzen.eus\\\/es\\\/?s={search_term_string}\"},\"query-input\":{\"@type\":\"PropertyValueSpecification\",\"valueRequired\":true,\"valueName\":\"search_term_string\"}}],\"inLanguage\":\"es\"},{\"@type\":\"Organization\",\"@id\":\"https:\\\/\\\/iraurgiberritzen.eus\\\/es\\\/#organization\",\"name\":\"Iraurgi Berritzen\",\"url\":\"https:\\\/\\\/iraurgiberritzen.eus\\\/es\\\/\",\"logo\":{\"@type\":\"ImageObject\",\"inLanguage\":\"es\",\"@id\":\"https:\\\/\\\/iraurgiberritzen.eus\\\/es\\\/#\\\/schema\\\/logo\\\/image\\\/\",\"url\":\"https:\\\/\\\/iraurgiberritzen.eus\\\/wp-content\\\/uploads\\\/2024\\\/02\\\/IRAURGI-BERRITZEN-logotipoa_2.png\",\"contentUrl\":\"https:\\\/\\\/iraurgiberritzen.eus\\\/wp-content\\\/uploads\\\/2024\\\/02\\\/IRAURGI-BERRITZEN-logotipoa_2.png\",\"width\":496,\"height\":190,\"caption\":\"Iraurgi Berritzen\"},\"image\":{\"@id\":\"https:\\\/\\\/iraurgiberritzen.eus\\\/es\\\/#\\\/schema\\\/logo\\\/image\\\/\"}},{\"@type\":\"Person\",\"@id\":\"https:\\\/\\\/iraurgiberritzen.eus\\\/es\\\/#\\\/schema\\\/person\\\/5ab41aaf388a9097177601ebf45738d2\",\"name\":\"kudeatzailea\",\"sameAs\":[\"https:\\\/\\\/iraurgiberritzen.eus\"]}]}<\/script>\n<!-- \/ Yoast SEO plugin. -->","yoast_head_json":{"title":"En breve comenzar\u00e1 el curso para obtener el Certificado de Profesionalidad \"Carnicer\u00eda y elaboraci\u00f3n de productos c\u00e1rnicos\" - Iraurgi Berritzen","robots":{"index":"index","follow":"follow","max-snippet":"max-snippet:-1","max-image-preview":"max-image-preview:large","max-video-preview":"max-video-preview:-1"},"canonical":"https:\/\/iraurgiberritzen.eus\/es\/en-breve-comenzara-el-curso-para-obtener-el-certificado-de-profesionalidad-carniceria-y-elaboracion-de-productos-carnicos\/","og_locale":"es_ES","og_type":"article","og_title":"En breve comenzar\u00e1 el curso para obtener el Certificado de Profesionalidad \"Carnicer\u00eda y elaboraci\u00f3n de productos c\u00e1rnicos\" - Iraurgi Berritzen","og_description":"El curso, tendr\u00e1 una duraci\u00f3n de de 5 meses, y los participantes obtendr\u00e1n el Certificado de Profesionalidad \u00abCarnicer\u00eda y elaboraci\u00f3n de productos c\u00e1rnicos\u00bb. Se trata de un curso gratuito que ofrece Hazi, junto a Lanbide- el Servicio Vasco de Empleo y el Departamento de Desarrollo Econ\u00f3mico e Infraestructuras, en colaboraci\u00f3n con las empresas Urkaiko y [&hellip;]","og_url":"https:\/\/iraurgiberritzen.eus\/es\/en-breve-comenzara-el-curso-para-obtener-el-certificado-de-profesionalidad-carniceria-y-elaboracion-de-productos-carnicos\/","og_site_name":"Iraurgi Berritzen","article_published_time":"2019-01-08T06:14:45+00:00","author":"kudeatzailea","twitter_card":"summary_large_image","twitter_misc":{"Escrito por":"kudeatzailea","Tiempo de lectura":"2 minutos"},"schema":{"@context":"https:\/\/schema.org","@graph":[{"@type":"Article","@id":"https:\/\/iraurgiberritzen.eus\/es\/en-breve-comenzara-el-curso-para-obtener-el-certificado-de-profesionalidad-carniceria-y-elaboracion-de-productos-carnicos\/#article","isPartOf":{"@id":"https:\/\/iraurgiberritzen.eus\/es\/en-breve-comenzara-el-curso-para-obtener-el-certificado-de-profesionalidad-carniceria-y-elaboracion-de-productos-carnicos\/"},"author":{"name":"kudeatzailea","@id":"https:\/\/iraurgiberritzen.eus\/es\/#\/schema\/person\/5ab41aaf388a9097177601ebf45738d2"},"headline":"En breve comenzar\u00e1 el curso para obtener el Certificado de Profesionalidad \u00abCarnicer\u00eda y elaboraci\u00f3n de productos c\u00e1rnicos\u00bb","datePublished":"2019-01-08T06:14:45+00:00","mainEntityOfPage":{"@id":"https:\/\/iraurgiberritzen.eus\/es\/en-breve-comenzara-el-curso-para-obtener-el-certificado-de-profesionalidad-carniceria-y-elaboracion-de-productos-carnicos\/"},"wordCount":477,"publisher":{"@id":"https:\/\/iraurgiberritzen.eus\/es\/#organization"},"image":{"@id":"https:\/\/iraurgiberritzen.eus\/es\/en-breve-comenzara-el-curso-para-obtener-el-certificado-de-profesionalidad-carniceria-y-elaboracion-de-productos-carnicos\/#primaryimage"},"thumbnailUrl":"https:\/\/iraurgiberritzen.eus\/wp-content\/uploads\/2023\/09\/feb7e9c589993a5a644987614f09b605.jpg","articleSection":["Noticias"],"inLanguage":"es"},{"@type":"WebPage","@id":"https:\/\/iraurgiberritzen.eus\/es\/en-breve-comenzara-el-curso-para-obtener-el-certificado-de-profesionalidad-carniceria-y-elaboracion-de-productos-carnicos\/","url":"https:\/\/iraurgiberritzen.eus\/es\/en-breve-comenzara-el-curso-para-obtener-el-certificado-de-profesionalidad-carniceria-y-elaboracion-de-productos-carnicos\/","name":"En breve comenzar\u00e1 el curso para obtener el Certificado de Profesionalidad \"Carnicer\u00eda y elaboraci\u00f3n de productos c\u00e1rnicos\" - Iraurgi Berritzen","isPartOf":{"@id":"https:\/\/iraurgiberritzen.eus\/es\/#website"},"primaryImageOfPage":{"@id":"https:\/\/iraurgiberritzen.eus\/es\/en-breve-comenzara-el-curso-para-obtener-el-certificado-de-profesionalidad-carniceria-y-elaboracion-de-productos-carnicos\/#primaryimage"},"image":{"@id":"https:\/\/iraurgiberritzen.eus\/es\/en-breve-comenzara-el-curso-para-obtener-el-certificado-de-profesionalidad-carniceria-y-elaboracion-de-productos-carnicos\/#primaryimage"},"thumbnailUrl":"https:\/\/iraurgiberritzen.eus\/wp-content\/uploads\/2023\/09\/feb7e9c589993a5a644987614f09b605.jpg","datePublished":"2019-01-08T06:14:45+00:00","breadcrumb":{"@id":"https:\/\/iraurgiberritzen.eus\/es\/en-breve-comenzara-el-curso-para-obtener-el-certificado-de-profesionalidad-carniceria-y-elaboracion-de-productos-carnicos\/#breadcrumb"},"inLanguage":"es","potentialAction":[{"@type":"ReadAction","target":["https:\/\/iraurgiberritzen.eus\/es\/en-breve-comenzara-el-curso-para-obtener-el-certificado-de-profesionalidad-carniceria-y-elaboracion-de-productos-carnicos\/"]}]},{"@type":"ImageObject","inLanguage":"es","@id":"https:\/\/iraurgiberritzen.eus\/es\/en-breve-comenzara-el-curso-para-obtener-el-certificado-de-profesionalidad-carniceria-y-elaboracion-de-productos-carnicos\/#primaryimage","url":"https:\/\/iraurgiberritzen.eus\/wp-content\/uploads\/2023\/09\/feb7e9c589993a5a644987614f09b605.jpg","contentUrl":"https:\/\/iraurgiberritzen.eus\/wp-content\/uploads\/2023\/09\/feb7e9c589993a5a644987614f09b605.jpg","width":600,"height":386},{"@type":"BreadcrumbList","@id":"https:\/\/iraurgiberritzen.eus\/es\/en-breve-comenzara-el-curso-para-obtener-el-certificado-de-profesionalidad-carniceria-y-elaboracion-de-productos-carnicos\/#breadcrumb","itemListElement":[{"@type":"ListItem","position":1,"name":"Home","item":"https:\/\/iraurgiberritzen.eus\/es\/"},{"@type":"ListItem","position":2,"name":"En breve comenzar\u00e1 el curso para obtener el Certificado de Profesionalidad &#8220;Carnicer\u00eda y elaboraci\u00f3n de productos c\u00e1rnicos&#8221;"}]},{"@type":"WebSite","@id":"https:\/\/iraurgiberritzen.eus\/es\/#website","url":"https:\/\/iraurgiberritzen.eus\/es\/","name":"Iraurgi Berritzen","description":"Urola Erdiko Garapen Agentzia","publisher":{"@id":"https:\/\/iraurgiberritzen.eus\/es\/#organization"},"potentialAction":[{"@type":"SearchAction","target":{"@type":"EntryPoint","urlTemplate":"https:\/\/iraurgiberritzen.eus\/es\/?s={search_term_string}"},"query-input":{"@type":"PropertyValueSpecification","valueRequired":true,"valueName":"search_term_string"}}],"inLanguage":"es"},{"@type":"Organization","@id":"https:\/\/iraurgiberritzen.eus\/es\/#organization","name":"Iraurgi Berritzen","url":"https:\/\/iraurgiberritzen.eus\/es\/","logo":{"@type":"ImageObject","inLanguage":"es","@id":"https:\/\/iraurgiberritzen.eus\/es\/#\/schema\/logo\/image\/","url":"https:\/\/iraurgiberritzen.eus\/wp-content\/uploads\/2024\/02\/IRAURGI-BERRITZEN-logotipoa_2.png","contentUrl":"https:\/\/iraurgiberritzen.eus\/wp-content\/uploads\/2024\/02\/IRAURGI-BERRITZEN-logotipoa_2.png","width":496,"height":190,"caption":"Iraurgi Berritzen"},"image":{"@id":"https:\/\/iraurgiberritzen.eus\/es\/#\/schema\/logo\/image\/"}},{"@type":"Person","@id":"https:\/\/iraurgiberritzen.eus\/es\/#\/schema\/person\/5ab41aaf388a9097177601ebf45738d2","name":"kudeatzailea","sameAs":["https:\/\/iraurgiberritzen.eus"]}]}},"_links":{"self":[{"href":"https:\/\/iraurgiberritzen.eus\/es\/wp-json\/wp\/v2\/posts\/12450","targetHints":{"allow":["GET"]}}],"collection":[{"href":"https:\/\/iraurgiberritzen.eus\/es\/wp-json\/wp\/v2\/posts"}],"about":[{"href":"https:\/\/iraurgiberritzen.eus\/es\/wp-json\/wp\/v2\/types\/post"}],"author":[{"embeddable":true,"href":"https:\/\/iraurgiberritzen.eus\/es\/wp-json\/wp\/v2\/users\/1"}],"replies":[{"embeddable":true,"href":"https:\/\/iraurgiberritzen.eus\/es\/wp-json\/wp\/v2\/comments?post=12450"}],"version-history":[{"count":0,"href":"https:\/\/iraurgiberritzen.eus\/es\/wp-json\/wp\/v2\/posts\/12450\/revisions"}],"wp:featuredmedia":[{"embeddable":true,"href":"https:\/\/iraurgiberritzen.eus\/es\/wp-json\/wp\/v2\/media\/17856"}],"wp:attachment":[{"href":"https:\/\/iraurgiberritzen.eus\/es\/wp-json\/wp\/v2\/media?parent=12450"}],"wp:term":[{"taxonomy":"category","embeddable":true,"href":"https:\/\/iraurgiberritzen.eus\/es\/wp-json\/wp\/v2\/categories?post=12450"},{"taxonomy":"post_tag","embeddable":true,"href":"https:\/\/iraurgiberritzen.eus\/es\/wp-json\/wp\/v2\/tags?post=12450"}],"curies":[{"name":"wp","href":"https:\/\/api.w.org\/{rel}","templated":true}]}}