{"id":12453,"date":"2018-10-03T06:50:12","date_gmt":"2018-10-03T04:50:12","guid":{"rendered":"https:\/\/iraurgiberritzen.eus\/se-han-organizado-dosis-de-formacion-para-ls-emprendedors-que-quieren-mejorar-su-gestion-diaria\/"},"modified":"2018-10-03T06:50:12","modified_gmt":"2018-10-03T04:50:12","slug":"se-han-organizado-dosis-de-formacion-para-ls-emprendedors-que-quieren-mejorar-su-gestion-diaria","status":"publish","type":"post","link":"https:\/\/iraurgiberritzen.eus\/es\/se-han-organizado-dosis-de-formacion-para-ls-emprendedors-que-quieren-mejorar-su-gestion-diaria\/","title":{"rendered":"Se han organizado dosis de formaci\u00f3n para l@s emprendedor@s que quieren mejorar su gesti\u00f3n diaria"},"content":{"rendered":"<p>Dentro del programa KLINK, todos los meses se organizan dosis de capacitaci\u00f3n que tienen como objetivo ayudar en la gesti\u00f3n empresarial de l@s emprendedor@s.<\/p>\n<p style=\"text-align: justify;\">Este pasado Septiembre, julio, se organiz\u00f3 una dosis de formaci\u00f3n acerca de las aplicaciones m\u00f3viles que facilitan la gesti\u00f3n de los negocios.<\/p>\n<p style=\"text-align: justify;\">Las dosis se caracterizan por ser cortas y pr\u00e1cticas, con una duraci\u00f3n de aproximadamente dos horas. Cada mes se trabajan diferentes temas, tales como, gesti\u00f3n fiscal para Empresarios Individuales y Comunidad de Bienes, novedades en la nueva ley de aut\u00f3nomos, entrada en vigor de la nueva ley de protecci\u00f3n de datos, utilizaci\u00f3n de nuevas tecnolog\u00edas&#8230;<\/p>\n<p style=\"text-align: justify;\">Estas dosis de capacitacion conocimiento, tienen como fin ofrecer al emprendedor\/a conocimientos t\u00e9cnicos que ayudar\u00e1n en la gesti\u00f3n diaria de sus negocios. Este recurso que se ofrece al emprendedor\/a se enmarca dentro del programa KLINK.<\/p>\n<p style=\"text-align: justify;\">El eje principal de KLINK es el de crear una comarca atractiva para la actividad emprendedora mediante la realizaci\u00f3n de diferentes actividades en colaboraci\u00f3n con diferentes agentes que act\u00faan en el \u00e1mbito del emprendimiento.<\/p>\n<p style=\"text-align: justify;\">M\u00e1s informaci\u00f3n; <a href=\"http:\/\/www.klink.eus\">www.klink.eus<\/a><\/p>\n<p style=\"text-align: justify;\">&nbsp;<\/p>\n","protected":false},"excerpt":{"rendered":"<p>Dentro del programa KLINK, todos los meses se organizan dosis de capacitaci\u00f3n que tienen como objetivo ayudar en la gesti\u00f3n empresarial de l@s emprendedor@s. Este pasado Septiembre, julio, se organiz\u00f3 una dosis de formaci\u00f3n acerca de las aplicaciones m\u00f3viles que facilitan la gesti\u00f3n de los negocios. Las dosis se caracterizan por ser cortas y pr\u00e1cticas, [&hellip;]<\/p>\n","protected":false},"author":1,"featured_media":17857,"comment_status":"","ping_status":"closed","sticky":false,"template":"","format":"standard","meta":{"_acf_changed":false,"footnotes":""},"categories":[4],"tags":[],"class_list":["post-12453","post","type-post","status-publish","format-standard","has-post-thumbnail","hentry","category-noticias"],"acf":[],"yoast_head":"<!-- This site is optimized with the Yoast SEO plugin v27.4 - https:\/\/yoast.com\/product\/yoast-seo-wordpress\/ -->\n<title>Se han organizado dosis de formaci\u00f3n para l@s emprendedor@s que quieren mejorar su gesti\u00f3n diaria - Iraurgi Berritzen<\/title>\n<meta name=\"robots\" content=\"index, follow, max-snippet:-1, max-image-preview:large, max-video-preview:-1\" \/>\n<link rel=\"canonical\" href=\"https:\/\/iraurgiberritzen.eus\/es\/se-han-organizado-dosis-de-formacion-para-ls-emprendedors-que-quieren-mejorar-su-gestion-diaria\/\" \/>\n<meta property=\"og:locale\" content=\"es_ES\" \/>\n<meta property=\"og:type\" content=\"article\" \/>\n<meta property=\"og:title\" content=\"Se han organizado dosis de formaci\u00f3n para l@s emprendedor@s que quieren mejorar su gesti\u00f3n diaria - Iraurgi Berritzen\" \/>\n<meta property=\"og:description\" content=\"Dentro del programa KLINK, todos los meses se organizan dosis de capacitaci\u00f3n que tienen como objetivo ayudar en la gesti\u00f3n empresarial de l@s emprendedor@s. Este pasado Septiembre, julio, se organiz\u00f3 una dosis de formaci\u00f3n acerca de las aplicaciones m\u00f3viles que facilitan la gesti\u00f3n de los negocios. Las dosis se caracterizan por ser cortas y pr\u00e1cticas, [&hellip;]\" \/>\n<meta property=\"og:url\" content=\"https:\/\/iraurgiberritzen.eus\/es\/se-han-organizado-dosis-de-formacion-para-ls-emprendedors-que-quieren-mejorar-su-gestion-diaria\/\" \/>\n<meta property=\"og:site_name\" content=\"Iraurgi Berritzen\" \/>\n<meta property=\"article:published_time\" content=\"2018-10-03T04:50:12+00:00\" \/>\n<meta name=\"author\" content=\"kudeatzailea\" \/>\n<meta name=\"twitter:card\" content=\"summary_large_image\" \/>\n<meta name=\"twitter:label1\" content=\"Escrito por\" \/>\n\t<meta name=\"twitter:data1\" content=\"kudeatzailea\" \/>\n\t<meta name=\"twitter:label2\" content=\"Tiempo de lectura\" \/>\n\t<meta name=\"twitter:data2\" content=\"1 minuto\" \/>\n<script type=\"application\/ld+json\" class=\"yoast-schema-graph\">{\"@context\":\"https:\\\/\\\/schema.org\",\"@graph\":[{\"@type\":\"Article\",\"@id\":\"https:\\\/\\\/iraurgiberritzen.eus\\\/es\\\/se-han-organizado-dosis-de-formacion-para-ls-emprendedors-que-quieren-mejorar-su-gestion-diaria\\\/#article\",\"isPartOf\":{\"@id\":\"https:\\\/\\\/iraurgiberritzen.eus\\\/es\\\/se-han-organizado-dosis-de-formacion-para-ls-emprendedors-que-quieren-mejorar-su-gestion-diaria\\\/\"},\"author\":{\"name\":\"kudeatzailea\",\"@id\":\"https:\\\/\\\/iraurgiberritzen.eus\\\/es\\\/#\\\/schema\\\/person\\\/5ab41aaf388a9097177601ebf45738d2\"},\"headline\":\"Se han organizado dosis de formaci\u00f3n para l@s emprendedor@s que quieren mejorar su gesti\u00f3n diaria\",\"datePublished\":\"2018-10-03T04:50:12+00:00\",\"mainEntityOfPage\":{\"@id\":\"https:\\\/\\\/iraurgiberritzen.eus\\\/es\\\/se-han-organizado-dosis-de-formacion-para-ls-emprendedors-que-quieren-mejorar-su-gestion-diaria\\\/\"},\"wordCount\":219,\"publisher\":{\"@id\":\"https:\\\/\\\/iraurgiberritzen.eus\\\/es\\\/#organization\"},\"image\":{\"@id\":\"https:\\\/\\\/iraurgiberritzen.eus\\\/es\\\/se-han-organizado-dosis-de-formacion-para-ls-emprendedors-que-quieren-mejorar-su-gestion-diaria\\\/#primaryimage\"},\"thumbnailUrl\":\"https:\\\/\\\/iraurgiberritzen.eus\\\/wp-content\\\/uploads\\\/2023\\\/09\\\/fe9f389134b872478c99a836d55de88e.jpg\",\"articleSection\":[\"Noticias\"],\"inLanguage\":\"es\"},{\"@type\":\"WebPage\",\"@id\":\"https:\\\/\\\/iraurgiberritzen.eus\\\/es\\\/se-han-organizado-dosis-de-formacion-para-ls-emprendedors-que-quieren-mejorar-su-gestion-diaria\\\/\",\"url\":\"https:\\\/\\\/iraurgiberritzen.eus\\\/es\\\/se-han-organizado-dosis-de-formacion-para-ls-emprendedors-que-quieren-mejorar-su-gestion-diaria\\\/\",\"name\":\"Se han organizado dosis de formaci\u00f3n para l@s emprendedor@s que quieren mejorar su gesti\u00f3n diaria - Iraurgi Berritzen\",\"isPartOf\":{\"@id\":\"https:\\\/\\\/iraurgiberritzen.eus\\\/es\\\/#website\"},\"primaryImageOfPage\":{\"@id\":\"https:\\\/\\\/iraurgiberritzen.eus\\\/es\\\/se-han-organizado-dosis-de-formacion-para-ls-emprendedors-que-quieren-mejorar-su-gestion-diaria\\\/#primaryimage\"},\"image\":{\"@id\":\"https:\\\/\\\/iraurgiberritzen.eus\\\/es\\\/se-han-organizado-dosis-de-formacion-para-ls-emprendedors-que-quieren-mejorar-su-gestion-diaria\\\/#primaryimage\"},\"thumbnailUrl\":\"https:\\\/\\\/iraurgiberritzen.eus\\\/wp-content\\\/uploads\\\/2023\\\/09\\\/fe9f389134b872478c99a836d55de88e.jpg\",\"datePublished\":\"2018-10-03T04:50:12+00:00\",\"breadcrumb\":{\"@id\":\"https:\\\/\\\/iraurgiberritzen.eus\\\/es\\\/se-han-organizado-dosis-de-formacion-para-ls-emprendedors-que-quieren-mejorar-su-gestion-diaria\\\/#breadcrumb\"},\"inLanguage\":\"es\",\"potentialAction\":[{\"@type\":\"ReadAction\",\"target\":[\"https:\\\/\\\/iraurgiberritzen.eus\\\/es\\\/se-han-organizado-dosis-de-formacion-para-ls-emprendedors-que-quieren-mejorar-su-gestion-diaria\\\/\"]}]},{\"@type\":\"ImageObject\",\"inLanguage\":\"es\",\"@id\":\"https:\\\/\\\/iraurgiberritzen.eus\\\/es\\\/se-han-organizado-dosis-de-formacion-para-ls-emprendedors-que-quieren-mejorar-su-gestion-diaria\\\/#primaryimage\",\"url\":\"https:\\\/\\\/iraurgiberritzen.eus\\\/wp-content\\\/uploads\\\/2023\\\/09\\\/fe9f389134b872478c99a836d55de88e.jpg\",\"contentUrl\":\"https:\\\/\\\/iraurgiberritzen.eus\\\/wp-content\\\/uploads\\\/2023\\\/09\\\/fe9f389134b872478c99a836d55de88e.jpg\",\"width\":600,\"height\":386},{\"@type\":\"BreadcrumbList\",\"@id\":\"https:\\\/\\\/iraurgiberritzen.eus\\\/es\\\/se-han-organizado-dosis-de-formacion-para-ls-emprendedors-que-quieren-mejorar-su-gestion-diaria\\\/#breadcrumb\",\"itemListElement\":[{\"@type\":\"ListItem\",\"position\":1,\"name\":\"Home\",\"item\":\"https:\\\/\\\/iraurgiberritzen.eus\\\/es\\\/\"},{\"@type\":\"ListItem\",\"position\":2,\"name\":\"Se han organizado dosis de formaci\u00f3n para l@s emprendedor@s que quieren mejorar su gesti\u00f3n diaria\"}]},{\"@type\":\"WebSite\",\"@id\":\"https:\\\/\\\/iraurgiberritzen.eus\\\/es\\\/#website\",\"url\":\"https:\\\/\\\/iraurgiberritzen.eus\\\/es\\\/\",\"name\":\"Iraurgi Berritzen\",\"description\":\"Urola Erdiko Garapen Agentzia\",\"publisher\":{\"@id\":\"https:\\\/\\\/iraurgiberritzen.eus\\\/es\\\/#organization\"},\"potentialAction\":[{\"@type\":\"SearchAction\",\"target\":{\"@type\":\"EntryPoint\",\"urlTemplate\":\"https:\\\/\\\/iraurgiberritzen.eus\\\/es\\\/?s={search_term_string}\"},\"query-input\":{\"@type\":\"PropertyValueSpecification\",\"valueRequired\":true,\"valueName\":\"search_term_string\"}}],\"inLanguage\":\"es\"},{\"@type\":\"Organization\",\"@id\":\"https:\\\/\\\/iraurgiberritzen.eus\\\/es\\\/#organization\",\"name\":\"Iraurgi Berritzen\",\"url\":\"https:\\\/\\\/iraurgiberritzen.eus\\\/es\\\/\",\"logo\":{\"@type\":\"ImageObject\",\"inLanguage\":\"es\",\"@id\":\"https:\\\/\\\/iraurgiberritzen.eus\\\/es\\\/#\\\/schema\\\/logo\\\/image\\\/\",\"url\":\"https:\\\/\\\/iraurgiberritzen.eus\\\/wp-content\\\/uploads\\\/2024\\\/02\\\/IRAURGI-BERRITZEN-logotipoa_2.png\",\"contentUrl\":\"https:\\\/\\\/iraurgiberritzen.eus\\\/wp-content\\\/uploads\\\/2024\\\/02\\\/IRAURGI-BERRITZEN-logotipoa_2.png\",\"width\":496,\"height\":190,\"caption\":\"Iraurgi Berritzen\"},\"image\":{\"@id\":\"https:\\\/\\\/iraurgiberritzen.eus\\\/es\\\/#\\\/schema\\\/logo\\\/image\\\/\"}},{\"@type\":\"Person\",\"@id\":\"https:\\\/\\\/iraurgiberritzen.eus\\\/es\\\/#\\\/schema\\\/person\\\/5ab41aaf388a9097177601ebf45738d2\",\"name\":\"kudeatzailea\",\"sameAs\":[\"https:\\\/\\\/iraurgiberritzen.eus\"]}]}<\/script>\n<!-- \/ Yoast SEO plugin. -->","yoast_head_json":{"title":"Se han organizado dosis de formaci\u00f3n para l@s emprendedor@s que quieren mejorar su gesti\u00f3n diaria - Iraurgi Berritzen","robots":{"index":"index","follow":"follow","max-snippet":"max-snippet:-1","max-image-preview":"max-image-preview:large","max-video-preview":"max-video-preview:-1"},"canonical":"https:\/\/iraurgiberritzen.eus\/es\/se-han-organizado-dosis-de-formacion-para-ls-emprendedors-que-quieren-mejorar-su-gestion-diaria\/","og_locale":"es_ES","og_type":"article","og_title":"Se han organizado dosis de formaci\u00f3n para l@s emprendedor@s que quieren mejorar su gesti\u00f3n diaria - Iraurgi Berritzen","og_description":"Dentro del programa KLINK, todos los meses se organizan dosis de capacitaci\u00f3n que tienen como objetivo ayudar en la gesti\u00f3n empresarial de l@s emprendedor@s. Este pasado Septiembre, julio, se organiz\u00f3 una dosis de formaci\u00f3n acerca de las aplicaciones m\u00f3viles que facilitan la gesti\u00f3n de los negocios. Las dosis se caracterizan por ser cortas y pr\u00e1cticas, [&hellip;]","og_url":"https:\/\/iraurgiberritzen.eus\/es\/se-han-organizado-dosis-de-formacion-para-ls-emprendedors-que-quieren-mejorar-su-gestion-diaria\/","og_site_name":"Iraurgi Berritzen","article_published_time":"2018-10-03T04:50:12+00:00","author":"kudeatzailea","twitter_card":"summary_large_image","twitter_misc":{"Escrito por":"kudeatzailea","Tiempo de lectura":"1 minuto"},"schema":{"@context":"https:\/\/schema.org","@graph":[{"@type":"Article","@id":"https:\/\/iraurgiberritzen.eus\/es\/se-han-organizado-dosis-de-formacion-para-ls-emprendedors-que-quieren-mejorar-su-gestion-diaria\/#article","isPartOf":{"@id":"https:\/\/iraurgiberritzen.eus\/es\/se-han-organizado-dosis-de-formacion-para-ls-emprendedors-que-quieren-mejorar-su-gestion-diaria\/"},"author":{"name":"kudeatzailea","@id":"https:\/\/iraurgiberritzen.eus\/es\/#\/schema\/person\/5ab41aaf388a9097177601ebf45738d2"},"headline":"Se han organizado dosis de formaci\u00f3n para l@s emprendedor@s que quieren mejorar su gesti\u00f3n diaria","datePublished":"2018-10-03T04:50:12+00:00","mainEntityOfPage":{"@id":"https:\/\/iraurgiberritzen.eus\/es\/se-han-organizado-dosis-de-formacion-para-ls-emprendedors-que-quieren-mejorar-su-gestion-diaria\/"},"wordCount":219,"publisher":{"@id":"https:\/\/iraurgiberritzen.eus\/es\/#organization"},"image":{"@id":"https:\/\/iraurgiberritzen.eus\/es\/se-han-organizado-dosis-de-formacion-para-ls-emprendedors-que-quieren-mejorar-su-gestion-diaria\/#primaryimage"},"thumbnailUrl":"https:\/\/iraurgiberritzen.eus\/wp-content\/uploads\/2023\/09\/fe9f389134b872478c99a836d55de88e.jpg","articleSection":["Noticias"],"inLanguage":"es"},{"@type":"WebPage","@id":"https:\/\/iraurgiberritzen.eus\/es\/se-han-organizado-dosis-de-formacion-para-ls-emprendedors-que-quieren-mejorar-su-gestion-diaria\/","url":"https:\/\/iraurgiberritzen.eus\/es\/se-han-organizado-dosis-de-formacion-para-ls-emprendedors-que-quieren-mejorar-su-gestion-diaria\/","name":"Se han organizado dosis de formaci\u00f3n para l@s emprendedor@s que quieren mejorar su gesti\u00f3n diaria - Iraurgi Berritzen","isPartOf":{"@id":"https:\/\/iraurgiberritzen.eus\/es\/#website"},"primaryImageOfPage":{"@id":"https:\/\/iraurgiberritzen.eus\/es\/se-han-organizado-dosis-de-formacion-para-ls-emprendedors-que-quieren-mejorar-su-gestion-diaria\/#primaryimage"},"image":{"@id":"https:\/\/iraurgiberritzen.eus\/es\/se-han-organizado-dosis-de-formacion-para-ls-emprendedors-que-quieren-mejorar-su-gestion-diaria\/#primaryimage"},"thumbnailUrl":"https:\/\/iraurgiberritzen.eus\/wp-content\/uploads\/2023\/09\/fe9f389134b872478c99a836d55de88e.jpg","datePublished":"2018-10-03T04:50:12+00:00","breadcrumb":{"@id":"https:\/\/iraurgiberritzen.eus\/es\/se-han-organizado-dosis-de-formacion-para-ls-emprendedors-que-quieren-mejorar-su-gestion-diaria\/#breadcrumb"},"inLanguage":"es","potentialAction":[{"@type":"ReadAction","target":["https:\/\/iraurgiberritzen.eus\/es\/se-han-organizado-dosis-de-formacion-para-ls-emprendedors-que-quieren-mejorar-su-gestion-diaria\/"]}]},{"@type":"ImageObject","inLanguage":"es","@id":"https:\/\/iraurgiberritzen.eus\/es\/se-han-organizado-dosis-de-formacion-para-ls-emprendedors-que-quieren-mejorar-su-gestion-diaria\/#primaryimage","url":"https:\/\/iraurgiberritzen.eus\/wp-content\/uploads\/2023\/09\/fe9f389134b872478c99a836d55de88e.jpg","contentUrl":"https:\/\/iraurgiberritzen.eus\/wp-content\/uploads\/2023\/09\/fe9f389134b872478c99a836d55de88e.jpg","width":600,"height":386},{"@type":"BreadcrumbList","@id":"https:\/\/iraurgiberritzen.eus\/es\/se-han-organizado-dosis-de-formacion-para-ls-emprendedors-que-quieren-mejorar-su-gestion-diaria\/#breadcrumb","itemListElement":[{"@type":"ListItem","position":1,"name":"Home","item":"https:\/\/iraurgiberritzen.eus\/es\/"},{"@type":"ListItem","position":2,"name":"Se han organizado dosis de formaci\u00f3n para l@s emprendedor@s que quieren mejorar su gesti\u00f3n diaria"}]},{"@type":"WebSite","@id":"https:\/\/iraurgiberritzen.eus\/es\/#website","url":"https:\/\/iraurgiberritzen.eus\/es\/","name":"Iraurgi Berritzen","description":"Urola Erdiko Garapen Agentzia","publisher":{"@id":"https:\/\/iraurgiberritzen.eus\/es\/#organization"},"potentialAction":[{"@type":"SearchAction","target":{"@type":"EntryPoint","urlTemplate":"https:\/\/iraurgiberritzen.eus\/es\/?s={search_term_string}"},"query-input":{"@type":"PropertyValueSpecification","valueRequired":true,"valueName":"search_term_string"}}],"inLanguage":"es"},{"@type":"Organization","@id":"https:\/\/iraurgiberritzen.eus\/es\/#organization","name":"Iraurgi Berritzen","url":"https:\/\/iraurgiberritzen.eus\/es\/","logo":{"@type":"ImageObject","inLanguage":"es","@id":"https:\/\/iraurgiberritzen.eus\/es\/#\/schema\/logo\/image\/","url":"https:\/\/iraurgiberritzen.eus\/wp-content\/uploads\/2024\/02\/IRAURGI-BERRITZEN-logotipoa_2.png","contentUrl":"https:\/\/iraurgiberritzen.eus\/wp-content\/uploads\/2024\/02\/IRAURGI-BERRITZEN-logotipoa_2.png","width":496,"height":190,"caption":"Iraurgi Berritzen"},"image":{"@id":"https:\/\/iraurgiberritzen.eus\/es\/#\/schema\/logo\/image\/"}},{"@type":"Person","@id":"https:\/\/iraurgiberritzen.eus\/es\/#\/schema\/person\/5ab41aaf388a9097177601ebf45738d2","name":"kudeatzailea","sameAs":["https:\/\/iraurgiberritzen.eus"]}]}},"_links":{"self":[{"href":"https:\/\/iraurgiberritzen.eus\/es\/wp-json\/wp\/v2\/posts\/12453","targetHints":{"allow":["GET"]}}],"collection":[{"href":"https:\/\/iraurgiberritzen.eus\/es\/wp-json\/wp\/v2\/posts"}],"about":[{"href":"https:\/\/iraurgiberritzen.eus\/es\/wp-json\/wp\/v2\/types\/post"}],"author":[{"embeddable":true,"href":"https:\/\/iraurgiberritzen.eus\/es\/wp-json\/wp\/v2\/users\/1"}],"replies":[{"embeddable":true,"href":"https:\/\/iraurgiberritzen.eus\/es\/wp-json\/wp\/v2\/comments?post=12453"}],"version-history":[{"count":0,"href":"https:\/\/iraurgiberritzen.eus\/es\/wp-json\/wp\/v2\/posts\/12453\/revisions"}],"wp:featuredmedia":[{"embeddable":true,"href":"https:\/\/iraurgiberritzen.eus\/es\/wp-json\/wp\/v2\/media\/17857"}],"wp:attachment":[{"href":"https:\/\/iraurgiberritzen.eus\/es\/wp-json\/wp\/v2\/media?parent=12453"}],"wp:term":[{"taxonomy":"category","embeddable":true,"href":"https:\/\/iraurgiberritzen.eus\/es\/wp-json\/wp\/v2\/categories?post=12453"},{"taxonomy":"post_tag","embeddable":true,"href":"https:\/\/iraurgiberritzen.eus\/es\/wp-json\/wp\/v2\/tags?post=12453"}],"curies":[{"name":"wp","href":"https:\/\/api.w.org\/{rel}","templated":true}]}}