{"id":12456,"date":"2018-09-27T07:20:18","date_gmt":"2018-09-27T05:20:18","guid":{"rendered":"https:\/\/iraurgiberritzen.eus\/verano-2018-actividad-turistica-en-urola-erdia-datos-y-valoracion\/"},"modified":"2018-09-27T07:20:18","modified_gmt":"2018-09-27T05:20:18","slug":"verano-2018-actividad-turistica-en-urola-erdia-datos-y-valoracion","status":"publish","type":"post","link":"https:\/\/iraurgiberritzen.eus\/es\/verano-2018-actividad-turistica-en-urola-erdia-datos-y-valoracion\/","title":{"rendered":"Verano 2018, actividad tur\u00edstica en Urola Erdia, datos y valoraci\u00f3n"},"content":{"rendered":"<p style=\"text-align: justify;\">La oficina de turismo de la comarca de Urola Erdia (Santuario Loiola), gestionada por la Agencia de Desarrollo e Innovaci\u00f3n Iraurgi Berritzen, ha atendido a<strong> 7.950<\/strong> personas en los meses de verano de 2018, julio y agosto.<\/p>\n<p style=\"text-align: justify;\">En comparaci\u00f3n con los datos registrados en a\u00f1o pasado en el mismo periodo, el n\u00famero de personas atendidas ha descendido. Este a\u00f1o se ha atendido a 645 personas menos. El descenso ha sido de un 7,5%. La impresi\u00f3n negativa provocada por estos datos a primera vista se convierte en optimismo tan pronto como los datos comienzan a ser analizados.<\/p>\n<p style=\"text-align: justify;\">Seg\u00fan los datos, el turismo que ha viajado en privado, ha aumentado. Se han contabilizado <strong>4.751<\/strong> personas, 430 m\u00e1s que el a\u00f1o pasado. El aumento ha sido de un<strong> 12%<\/strong>. Adem\u00e1s, entre estos turistas, el n\u00famero de los que han viajado desde Espa\u00f1a o desde el extranjero ha aumentado.<\/p>\n<p style=\"text-align: justify;\">La tendencia a la baja en los datos generales ha sido provocada por los turistas que nos han visitado en grupo en viajes organizados.<\/p>\n<p style=\"text-align: justify;\">En principio, el turismo individual realiza una mayor actividad tur\u00edstica, y por lo tanto, tiene un mayor impacto econ\u00f3mico que el turismo de grupo. Los datos recibidos en la comarca lo han confirmado.<\/p>\n<p style=\"text-align: justify;\">Por ejemplo:<\/p>\n<ul>\n<li style=\"text-align: justify;\">Los principales museos de la comarca han mejorado los datos de los visitantes, en comparaci\u00f3n con el a\u00f1o 2017.<\/li>\n<li style=\"text-align: justify;\">El n\u00famero de flujos tur\u00edsticos de los municipios de la comarca tambi\u00e9n ha sido notable en la temporada de verano de este a\u00f1o.<\/li>\n<li style=\"text-align: justify;\">Nivel de ocupaci\u00f3n: Los alojamientos de la comarca han realizado una valoraci\u00f3n positiva de las actividades de verano. Si bien en la primera quincena de julio fue dificil elevar el nivel de ocupaci\u00f3n en m\u00e1s del 50%, desde esa fecha hasta finales de agosto la mayor\u00eda de ellos pr\u00e1cticamente estuvieron llenos, alcanzando el 100% de ocupaci\u00f3n en la primera quincena de agosto.<\/li>\n<\/ul>\n<p style=\"text-align: justify;\">Teniendo en cuenta todos estos datos, se valora positivamente la acitividad tur\u00edstica de verano, sabiendo que el a\u00f1o es largo, el verano se limita a dos meses, y una comarca de interior como la nuestra necesita continuar trabajando la oferta tur\u00edstica para atraer a visitantes durante el a\u00f1o.<\/p>\n","protected":false},"excerpt":{"rendered":"<p>La oficina de turismo de la comarca de Urola Erdia (Santuario Loiola), gestionada por la Agencia de Desarrollo e Innovaci\u00f3n Iraurgi Berritzen, ha atendido a 7.950 personas en los meses de verano de 2018, julio y agosto. En comparaci\u00f3n con los datos registrados en a\u00f1o pasado en el mismo periodo, el n\u00famero de personas atendidas [&hellip;]<\/p>\n","protected":false},"author":1,"featured_media":17858,"comment_status":"","ping_status":"closed","sticky":false,"template":"","format":"standard","meta":{"_acf_changed":false,"footnotes":""},"categories":[4],"tags":[],"class_list":["post-12456","post","type-post","status-publish","format-standard","has-post-thumbnail","hentry","category-noticias"],"acf":[],"yoast_head":"<!-- This site is optimized with the Yoast SEO plugin v27.4 - https:\/\/yoast.com\/product\/yoast-seo-wordpress\/ -->\n<title>Verano 2018, actividad tur\u00edstica en Urola Erdia, datos y valoraci\u00f3n - Iraurgi Berritzen<\/title>\n<meta name=\"robots\" content=\"index, follow, max-snippet:-1, max-image-preview:large, max-video-preview:-1\" \/>\n<link rel=\"canonical\" href=\"https:\/\/iraurgiberritzen.eus\/es\/verano-2018-actividad-turistica-en-urola-erdia-datos-y-valoracion\/\" \/>\n<meta property=\"og:locale\" content=\"es_ES\" \/>\n<meta property=\"og:type\" content=\"article\" \/>\n<meta property=\"og:title\" content=\"Verano 2018, actividad tur\u00edstica en Urola Erdia, datos y valoraci\u00f3n - Iraurgi Berritzen\" \/>\n<meta property=\"og:description\" content=\"La oficina de turismo de la comarca de Urola Erdia (Santuario Loiola), gestionada por la Agencia de Desarrollo e Innovaci\u00f3n Iraurgi Berritzen, ha atendido a 7.950 personas en los meses de verano de 2018, julio y agosto. En comparaci\u00f3n con los datos registrados en a\u00f1o pasado en el mismo periodo, el n\u00famero de personas atendidas [&hellip;]\" \/>\n<meta property=\"og:url\" content=\"https:\/\/iraurgiberritzen.eus\/es\/verano-2018-actividad-turistica-en-urola-erdia-datos-y-valoracion\/\" \/>\n<meta property=\"og:site_name\" content=\"Iraurgi Berritzen\" \/>\n<meta property=\"article:published_time\" content=\"2018-09-27T05:20:18+00:00\" \/>\n<meta name=\"author\" content=\"kudeatzailea\" \/>\n<meta name=\"twitter:card\" content=\"summary_large_image\" \/>\n<meta name=\"twitter:label1\" content=\"Escrito por\" \/>\n\t<meta name=\"twitter:data1\" content=\"kudeatzailea\" \/>\n\t<meta name=\"twitter:label2\" content=\"Tiempo de lectura\" \/>\n\t<meta name=\"twitter:data2\" content=\"2 minutos\" \/>\n<script type=\"application\/ld+json\" class=\"yoast-schema-graph\">{\"@context\":\"https:\\\/\\\/schema.org\",\"@graph\":[{\"@type\":\"Article\",\"@id\":\"https:\\\/\\\/iraurgiberritzen.eus\\\/es\\\/verano-2018-actividad-turistica-en-urola-erdia-datos-y-valoracion\\\/#article\",\"isPartOf\":{\"@id\":\"https:\\\/\\\/iraurgiberritzen.eus\\\/es\\\/verano-2018-actividad-turistica-en-urola-erdia-datos-y-valoracion\\\/\"},\"author\":{\"name\":\"kudeatzailea\",\"@id\":\"https:\\\/\\\/iraurgiberritzen.eus\\\/es\\\/#\\\/schema\\\/person\\\/5ab41aaf388a9097177601ebf45738d2\"},\"headline\":\"Verano 2018, actividad tur\u00edstica en Urola Erdia, datos y valoraci\u00f3n\",\"datePublished\":\"2018-09-27T05:20:18+00:00\",\"mainEntityOfPage\":{\"@id\":\"https:\\\/\\\/iraurgiberritzen.eus\\\/es\\\/verano-2018-actividad-turistica-en-urola-erdia-datos-y-valoracion\\\/\"},\"wordCount\":388,\"publisher\":{\"@id\":\"https:\\\/\\\/iraurgiberritzen.eus\\\/es\\\/#organization\"},\"image\":{\"@id\":\"https:\\\/\\\/iraurgiberritzen.eus\\\/es\\\/verano-2018-actividad-turistica-en-urola-erdia-datos-y-valoracion\\\/#primaryimage\"},\"thumbnailUrl\":\"https:\\\/\\\/iraurgiberritzen.eus\\\/wp-content\\\/uploads\\\/2023\\\/09\\\/e6f7eb86455f00eeac074fd25095dcde.jpg\",\"articleSection\":[\"Noticias\"],\"inLanguage\":\"es\"},{\"@type\":\"WebPage\",\"@id\":\"https:\\\/\\\/iraurgiberritzen.eus\\\/es\\\/verano-2018-actividad-turistica-en-urola-erdia-datos-y-valoracion\\\/\",\"url\":\"https:\\\/\\\/iraurgiberritzen.eus\\\/es\\\/verano-2018-actividad-turistica-en-urola-erdia-datos-y-valoracion\\\/\",\"name\":\"Verano 2018, actividad tur\u00edstica en Urola Erdia, datos y valoraci\u00f3n - Iraurgi Berritzen\",\"isPartOf\":{\"@id\":\"https:\\\/\\\/iraurgiberritzen.eus\\\/es\\\/#website\"},\"primaryImageOfPage\":{\"@id\":\"https:\\\/\\\/iraurgiberritzen.eus\\\/es\\\/verano-2018-actividad-turistica-en-urola-erdia-datos-y-valoracion\\\/#primaryimage\"},\"image\":{\"@id\":\"https:\\\/\\\/iraurgiberritzen.eus\\\/es\\\/verano-2018-actividad-turistica-en-urola-erdia-datos-y-valoracion\\\/#primaryimage\"},\"thumbnailUrl\":\"https:\\\/\\\/iraurgiberritzen.eus\\\/wp-content\\\/uploads\\\/2023\\\/09\\\/e6f7eb86455f00eeac074fd25095dcde.jpg\",\"datePublished\":\"2018-09-27T05:20:18+00:00\",\"breadcrumb\":{\"@id\":\"https:\\\/\\\/iraurgiberritzen.eus\\\/es\\\/verano-2018-actividad-turistica-en-urola-erdia-datos-y-valoracion\\\/#breadcrumb\"},\"inLanguage\":\"es\",\"potentialAction\":[{\"@type\":\"ReadAction\",\"target\":[\"https:\\\/\\\/iraurgiberritzen.eus\\\/es\\\/verano-2018-actividad-turistica-en-urola-erdia-datos-y-valoracion\\\/\"]}]},{\"@type\":\"ImageObject\",\"inLanguage\":\"es\",\"@id\":\"https:\\\/\\\/iraurgiberritzen.eus\\\/es\\\/verano-2018-actividad-turistica-en-urola-erdia-datos-y-valoracion\\\/#primaryimage\",\"url\":\"https:\\\/\\\/iraurgiberritzen.eus\\\/wp-content\\\/uploads\\\/2023\\\/09\\\/e6f7eb86455f00eeac074fd25095dcde.jpg\",\"contentUrl\":\"https:\\\/\\\/iraurgiberritzen.eus\\\/wp-content\\\/uploads\\\/2023\\\/09\\\/e6f7eb86455f00eeac074fd25095dcde.jpg\",\"width\":600,\"height\":386},{\"@type\":\"BreadcrumbList\",\"@id\":\"https:\\\/\\\/iraurgiberritzen.eus\\\/es\\\/verano-2018-actividad-turistica-en-urola-erdia-datos-y-valoracion\\\/#breadcrumb\",\"itemListElement\":[{\"@type\":\"ListItem\",\"position\":1,\"name\":\"Home\",\"item\":\"https:\\\/\\\/iraurgiberritzen.eus\\\/es\\\/\"},{\"@type\":\"ListItem\",\"position\":2,\"name\":\"Verano 2018, actividad tur\u00edstica en Urola Erdia, datos y valoraci\u00f3n\"}]},{\"@type\":\"WebSite\",\"@id\":\"https:\\\/\\\/iraurgiberritzen.eus\\\/es\\\/#website\",\"url\":\"https:\\\/\\\/iraurgiberritzen.eus\\\/es\\\/\",\"name\":\"Iraurgi Berritzen\",\"description\":\"Urola Erdiko Garapen Agentzia\",\"publisher\":{\"@id\":\"https:\\\/\\\/iraurgiberritzen.eus\\\/es\\\/#organization\"},\"potentialAction\":[{\"@type\":\"SearchAction\",\"target\":{\"@type\":\"EntryPoint\",\"urlTemplate\":\"https:\\\/\\\/iraurgiberritzen.eus\\\/es\\\/?s={search_term_string}\"},\"query-input\":{\"@type\":\"PropertyValueSpecification\",\"valueRequired\":true,\"valueName\":\"search_term_string\"}}],\"inLanguage\":\"es\"},{\"@type\":\"Organization\",\"@id\":\"https:\\\/\\\/iraurgiberritzen.eus\\\/es\\\/#organization\",\"name\":\"Iraurgi Berritzen\",\"url\":\"https:\\\/\\\/iraurgiberritzen.eus\\\/es\\\/\",\"logo\":{\"@type\":\"ImageObject\",\"inLanguage\":\"es\",\"@id\":\"https:\\\/\\\/iraurgiberritzen.eus\\\/es\\\/#\\\/schema\\\/logo\\\/image\\\/\",\"url\":\"https:\\\/\\\/iraurgiberritzen.eus\\\/wp-content\\\/uploads\\\/2024\\\/02\\\/IRAURGI-BERRITZEN-logotipoa_2.png\",\"contentUrl\":\"https:\\\/\\\/iraurgiberritzen.eus\\\/wp-content\\\/uploads\\\/2024\\\/02\\\/IRAURGI-BERRITZEN-logotipoa_2.png\",\"width\":496,\"height\":190,\"caption\":\"Iraurgi Berritzen\"},\"image\":{\"@id\":\"https:\\\/\\\/iraurgiberritzen.eus\\\/es\\\/#\\\/schema\\\/logo\\\/image\\\/\"}},{\"@type\":\"Person\",\"@id\":\"https:\\\/\\\/iraurgiberritzen.eus\\\/es\\\/#\\\/schema\\\/person\\\/5ab41aaf388a9097177601ebf45738d2\",\"name\":\"kudeatzailea\",\"sameAs\":[\"https:\\\/\\\/iraurgiberritzen.eus\"]}]}<\/script>\n<!-- \/ Yoast SEO plugin. -->","yoast_head_json":{"title":"Verano 2018, actividad tur\u00edstica en Urola Erdia, datos y valoraci\u00f3n - Iraurgi Berritzen","robots":{"index":"index","follow":"follow","max-snippet":"max-snippet:-1","max-image-preview":"max-image-preview:large","max-video-preview":"max-video-preview:-1"},"canonical":"https:\/\/iraurgiberritzen.eus\/es\/verano-2018-actividad-turistica-en-urola-erdia-datos-y-valoracion\/","og_locale":"es_ES","og_type":"article","og_title":"Verano 2018, actividad tur\u00edstica en Urola Erdia, datos y valoraci\u00f3n - Iraurgi Berritzen","og_description":"La oficina de turismo de la comarca de Urola Erdia (Santuario Loiola), gestionada por la Agencia de Desarrollo e Innovaci\u00f3n Iraurgi Berritzen, ha atendido a 7.950 personas en los meses de verano de 2018, julio y agosto. En comparaci\u00f3n con los datos registrados en a\u00f1o pasado en el mismo periodo, el n\u00famero de personas atendidas [&hellip;]","og_url":"https:\/\/iraurgiberritzen.eus\/es\/verano-2018-actividad-turistica-en-urola-erdia-datos-y-valoracion\/","og_site_name":"Iraurgi Berritzen","article_published_time":"2018-09-27T05:20:18+00:00","author":"kudeatzailea","twitter_card":"summary_large_image","twitter_misc":{"Escrito por":"kudeatzailea","Tiempo de lectura":"2 minutos"},"schema":{"@context":"https:\/\/schema.org","@graph":[{"@type":"Article","@id":"https:\/\/iraurgiberritzen.eus\/es\/verano-2018-actividad-turistica-en-urola-erdia-datos-y-valoracion\/#article","isPartOf":{"@id":"https:\/\/iraurgiberritzen.eus\/es\/verano-2018-actividad-turistica-en-urola-erdia-datos-y-valoracion\/"},"author":{"name":"kudeatzailea","@id":"https:\/\/iraurgiberritzen.eus\/es\/#\/schema\/person\/5ab41aaf388a9097177601ebf45738d2"},"headline":"Verano 2018, actividad tur\u00edstica en Urola Erdia, datos y valoraci\u00f3n","datePublished":"2018-09-27T05:20:18+00:00","mainEntityOfPage":{"@id":"https:\/\/iraurgiberritzen.eus\/es\/verano-2018-actividad-turistica-en-urola-erdia-datos-y-valoracion\/"},"wordCount":388,"publisher":{"@id":"https:\/\/iraurgiberritzen.eus\/es\/#organization"},"image":{"@id":"https:\/\/iraurgiberritzen.eus\/es\/verano-2018-actividad-turistica-en-urola-erdia-datos-y-valoracion\/#primaryimage"},"thumbnailUrl":"https:\/\/iraurgiberritzen.eus\/wp-content\/uploads\/2023\/09\/e6f7eb86455f00eeac074fd25095dcde.jpg","articleSection":["Noticias"],"inLanguage":"es"},{"@type":"WebPage","@id":"https:\/\/iraurgiberritzen.eus\/es\/verano-2018-actividad-turistica-en-urola-erdia-datos-y-valoracion\/","url":"https:\/\/iraurgiberritzen.eus\/es\/verano-2018-actividad-turistica-en-urola-erdia-datos-y-valoracion\/","name":"Verano 2018, actividad tur\u00edstica en Urola Erdia, datos y valoraci\u00f3n - Iraurgi Berritzen","isPartOf":{"@id":"https:\/\/iraurgiberritzen.eus\/es\/#website"},"primaryImageOfPage":{"@id":"https:\/\/iraurgiberritzen.eus\/es\/verano-2018-actividad-turistica-en-urola-erdia-datos-y-valoracion\/#primaryimage"},"image":{"@id":"https:\/\/iraurgiberritzen.eus\/es\/verano-2018-actividad-turistica-en-urola-erdia-datos-y-valoracion\/#primaryimage"},"thumbnailUrl":"https:\/\/iraurgiberritzen.eus\/wp-content\/uploads\/2023\/09\/e6f7eb86455f00eeac074fd25095dcde.jpg","datePublished":"2018-09-27T05:20:18+00:00","breadcrumb":{"@id":"https:\/\/iraurgiberritzen.eus\/es\/verano-2018-actividad-turistica-en-urola-erdia-datos-y-valoracion\/#breadcrumb"},"inLanguage":"es","potentialAction":[{"@type":"ReadAction","target":["https:\/\/iraurgiberritzen.eus\/es\/verano-2018-actividad-turistica-en-urola-erdia-datos-y-valoracion\/"]}]},{"@type":"ImageObject","inLanguage":"es","@id":"https:\/\/iraurgiberritzen.eus\/es\/verano-2018-actividad-turistica-en-urola-erdia-datos-y-valoracion\/#primaryimage","url":"https:\/\/iraurgiberritzen.eus\/wp-content\/uploads\/2023\/09\/e6f7eb86455f00eeac074fd25095dcde.jpg","contentUrl":"https:\/\/iraurgiberritzen.eus\/wp-content\/uploads\/2023\/09\/e6f7eb86455f00eeac074fd25095dcde.jpg","width":600,"height":386},{"@type":"BreadcrumbList","@id":"https:\/\/iraurgiberritzen.eus\/es\/verano-2018-actividad-turistica-en-urola-erdia-datos-y-valoracion\/#breadcrumb","itemListElement":[{"@type":"ListItem","position":1,"name":"Home","item":"https:\/\/iraurgiberritzen.eus\/es\/"},{"@type":"ListItem","position":2,"name":"Verano 2018, actividad tur\u00edstica en Urola Erdia, datos y valoraci\u00f3n"}]},{"@type":"WebSite","@id":"https:\/\/iraurgiberritzen.eus\/es\/#website","url":"https:\/\/iraurgiberritzen.eus\/es\/","name":"Iraurgi Berritzen","description":"Urola Erdiko Garapen Agentzia","publisher":{"@id":"https:\/\/iraurgiberritzen.eus\/es\/#organization"},"potentialAction":[{"@type":"SearchAction","target":{"@type":"EntryPoint","urlTemplate":"https:\/\/iraurgiberritzen.eus\/es\/?s={search_term_string}"},"query-input":{"@type":"PropertyValueSpecification","valueRequired":true,"valueName":"search_term_string"}}],"inLanguage":"es"},{"@type":"Organization","@id":"https:\/\/iraurgiberritzen.eus\/es\/#organization","name":"Iraurgi Berritzen","url":"https:\/\/iraurgiberritzen.eus\/es\/","logo":{"@type":"ImageObject","inLanguage":"es","@id":"https:\/\/iraurgiberritzen.eus\/es\/#\/schema\/logo\/image\/","url":"https:\/\/iraurgiberritzen.eus\/wp-content\/uploads\/2024\/02\/IRAURGI-BERRITZEN-logotipoa_2.png","contentUrl":"https:\/\/iraurgiberritzen.eus\/wp-content\/uploads\/2024\/02\/IRAURGI-BERRITZEN-logotipoa_2.png","width":496,"height":190,"caption":"Iraurgi Berritzen"},"image":{"@id":"https:\/\/iraurgiberritzen.eus\/es\/#\/schema\/logo\/image\/"}},{"@type":"Person","@id":"https:\/\/iraurgiberritzen.eus\/es\/#\/schema\/person\/5ab41aaf388a9097177601ebf45738d2","name":"kudeatzailea","sameAs":["https:\/\/iraurgiberritzen.eus"]}]}},"_links":{"self":[{"href":"https:\/\/iraurgiberritzen.eus\/es\/wp-json\/wp\/v2\/posts\/12456","targetHints":{"allow":["GET"]}}],"collection":[{"href":"https:\/\/iraurgiberritzen.eus\/es\/wp-json\/wp\/v2\/posts"}],"about":[{"href":"https:\/\/iraurgiberritzen.eus\/es\/wp-json\/wp\/v2\/types\/post"}],"author":[{"embeddable":true,"href":"https:\/\/iraurgiberritzen.eus\/es\/wp-json\/wp\/v2\/users\/1"}],"replies":[{"embeddable":true,"href":"https:\/\/iraurgiberritzen.eus\/es\/wp-json\/wp\/v2\/comments?post=12456"}],"version-history":[{"count":0,"href":"https:\/\/iraurgiberritzen.eus\/es\/wp-json\/wp\/v2\/posts\/12456\/revisions"}],"wp:featuredmedia":[{"embeddable":true,"href":"https:\/\/iraurgiberritzen.eus\/es\/wp-json\/wp\/v2\/media\/17858"}],"wp:attachment":[{"href":"https:\/\/iraurgiberritzen.eus\/es\/wp-json\/wp\/v2\/media?parent=12456"}],"wp:term":[{"taxonomy":"category","embeddable":true,"href":"https:\/\/iraurgiberritzen.eus\/es\/wp-json\/wp\/v2\/categories?post=12456"},{"taxonomy":"post_tag","embeddable":true,"href":"https:\/\/iraurgiberritzen.eus\/es\/wp-json\/wp\/v2\/tags?post=12456"}],"curies":[{"name":"wp","href":"https:\/\/api.w.org\/{rel}","templated":true}]}}