{"id":12462,"date":"2018-10-04T11:11:09","date_gmt":"2018-10-04T09:11:09","guid":{"rendered":"https:\/\/iraurgiberritzen.eus\/el-grupo-de-trabajo-de-los-directores-de-los-centros-educativos-ha-consensuado-las-principales-lineas-de-trabajo-para-el-nuevo-curso\/"},"modified":"2018-10-04T11:11:09","modified_gmt":"2018-10-04T09:11:09","slug":"el-grupo-de-trabajo-de-los-directores-de-los-centros-educativos-ha-consensuado-las-principales-lineas-de-trabajo-para-el-nuevo-curso","status":"publish","type":"post","link":"https:\/\/iraurgiberritzen.eus\/es\/el-grupo-de-trabajo-de-los-directores-de-los-centros-educativos-ha-consensuado-las-principales-lineas-de-trabajo-para-el-nuevo-curso\/","title":{"rendered":"El Grupo de Trabajo de los Directores de los Centros Educativos ha consensuado las principales l\u00edneas de trabajo para el nuevo curso"},"content":{"rendered":"<p style=\"text-align: justify;\">El grupo de trabajo de los 5 centros escolares de la comarca se ha reunido el 1 de octubre en el marco de la agencia Iraurgi Berritzen. El objetivo de la reuni\u00f3n ha sido la de valorar los resultados desarrollados durante el curso pasado 17\/18 y a su vez, buscar consenso en base a la planificaci\u00f3n de las l\u00edneas a trabajar el nuevo curso 18\/19.<\/p>\n<p style=\"text-align: justify;\">Entre las l\u00edneas de trabajo consensuadas:<\/p>\n<ul style=\"text-align: justify;\">\n<li>Trabajar en la consolidaci\u00f3n de los proyectos \u00ab<strong>ELKARREKIN ERAIKITZEN<\/strong>\u00bb y <strong>\u00abZTIM UROLA ERDIAN\u00bb<\/strong>, proyectos que se est\u00e1n desarrollando en cada centro durante los \u00faltimos a\u00f1os.<\/li>\n<li>Despliegue del proyecto <strong>IZAN EKINTZAILE<\/strong> a los centros que as\u00ed lo han considerado.<\/li>\n<li>Ir dando pasos al frente en la aplicaci\u00f3n del proyecto <strong>GEROLAN<\/strong>.<\/li>\n<\/ul>\n<p style=\"text-align: justify;\">El grupo de trabajo se re\u00fane tres veces al a\u00f1o y como ya se ha mencionado su cometido es la de consensuar prioridades desde la perspectiva estrat\u00e9gica de la agencia, realizar las valoraciones correspondientes y tomar las decisiones clave que tocan durante cada curso.<\/p>\n<p style=\"text-align: justify;\">El seguimiento de cada proyecto desde la perspectiva operativa, se realiza con el equipo de proyecto que cada uno de los centros haya nombrado para ello.<\/p>\n<p style=\"text-align: justify;\">El nuevo representante del \u00c1rea de Educaci\u00f3n en el Consejo Gestor de la agencia para este curso ser\u00e1 Jon Osinalde (Azkoitia BHI), quien tomar\u00e1 el testigo de Maje Agirre (Iraurgi Ikastetxea) en dicha responsabilidad.<\/p>\n<img decoding=\"async\" style=\"display: block; margin-left: auto; margin-right: auto;\" src=\"images\/Ikastetxeak.png\" alt=\"Ikastetxeak.png\" \/>\n","protected":false},"excerpt":{"rendered":"<p>El grupo de trabajo de los 5 centros escolares de la comarca se ha reunido el 1 de octubre en el marco de la agencia Iraurgi Berritzen. El objetivo de la reuni\u00f3n ha sido la de valorar los resultados desarrollados durante el curso pasado 17\/18 y a su vez, buscar consenso en base a la [&hellip;]<\/p>\n","protected":false},"author":1,"featured_media":17860,"comment_status":"","ping_status":"closed","sticky":false,"template":"","format":"standard","meta":{"_acf_changed":false,"footnotes":""},"categories":[4],"tags":[],"class_list":["post-12462","post","type-post","status-publish","format-standard","has-post-thumbnail","hentry","category-noticias"],"acf":[],"yoast_head":"<!-- This site is optimized with the Yoast SEO plugin v27.4 - https:\/\/yoast.com\/product\/yoast-seo-wordpress\/ -->\n<title>El Grupo de Trabajo de los Directores de los Centros Educativos ha consensuado las principales l\u00edneas de trabajo para el nuevo curso - Iraurgi Berritzen<\/title>\n<meta name=\"robots\" content=\"index, follow, max-snippet:-1, max-image-preview:large, max-video-preview:-1\" \/>\n<link rel=\"canonical\" href=\"https:\/\/iraurgiberritzen.eus\/es\/el-grupo-de-trabajo-de-los-directores-de-los-centros-educativos-ha-consensuado-las-principales-lineas-de-trabajo-para-el-nuevo-curso\/\" \/>\n<meta property=\"og:locale\" content=\"es_ES\" \/>\n<meta property=\"og:type\" content=\"article\" \/>\n<meta property=\"og:title\" content=\"El Grupo de Trabajo de los Directores de los Centros Educativos ha consensuado las principales l\u00edneas de trabajo para el nuevo curso - Iraurgi Berritzen\" \/>\n<meta property=\"og:description\" content=\"El grupo de trabajo de los 5 centros escolares de la comarca se ha reunido el 1 de octubre en el marco de la agencia Iraurgi Berritzen. El objetivo de la reuni\u00f3n ha sido la de valorar los resultados desarrollados durante el curso pasado 17\/18 y a su vez, buscar consenso en base a la [&hellip;]\" \/>\n<meta property=\"og:url\" content=\"https:\/\/iraurgiberritzen.eus\/es\/el-grupo-de-trabajo-de-los-directores-de-los-centros-educativos-ha-consensuado-las-principales-lineas-de-trabajo-para-el-nuevo-curso\/\" \/>\n<meta property=\"og:site_name\" content=\"Iraurgi Berritzen\" \/>\n<meta property=\"article:published_time\" content=\"2018-10-04T09:11:09+00:00\" \/>\n<meta name=\"author\" content=\"kudeatzailea\" \/>\n<meta name=\"twitter:card\" content=\"summary_large_image\" \/>\n<meta name=\"twitter:label1\" content=\"Escrito por\" \/>\n\t<meta name=\"twitter:data1\" content=\"kudeatzailea\" \/>\n\t<meta name=\"twitter:label2\" content=\"Tiempo de lectura\" \/>\n\t<meta name=\"twitter:data2\" content=\"1 minuto\" \/>\n<script type=\"application\/ld+json\" class=\"yoast-schema-graph\">{\"@context\":\"https:\\\/\\\/schema.org\",\"@graph\":[{\"@type\":\"Article\",\"@id\":\"https:\\\/\\\/iraurgiberritzen.eus\\\/es\\\/el-grupo-de-trabajo-de-los-directores-de-los-centros-educativos-ha-consensuado-las-principales-lineas-de-trabajo-para-el-nuevo-curso\\\/#article\",\"isPartOf\":{\"@id\":\"https:\\\/\\\/iraurgiberritzen.eus\\\/es\\\/el-grupo-de-trabajo-de-los-directores-de-los-centros-educativos-ha-consensuado-las-principales-lineas-de-trabajo-para-el-nuevo-curso\\\/\"},\"author\":{\"name\":\"kudeatzailea\",\"@id\":\"https:\\\/\\\/iraurgiberritzen.eus\\\/es\\\/#\\\/schema\\\/person\\\/5ab41aaf388a9097177601ebf45738d2\"},\"headline\":\"El Grupo de Trabajo de los Directores de los Centros Educativos ha consensuado las principales l\u00edneas de trabajo para el nuevo curso\",\"datePublished\":\"2018-10-04T09:11:09+00:00\",\"mainEntityOfPage\":{\"@id\":\"https:\\\/\\\/iraurgiberritzen.eus\\\/es\\\/el-grupo-de-trabajo-de-los-directores-de-los-centros-educativos-ha-consensuado-las-principales-lineas-de-trabajo-para-el-nuevo-curso\\\/\"},\"wordCount\":255,\"publisher\":{\"@id\":\"https:\\\/\\\/iraurgiberritzen.eus\\\/es\\\/#organization\"},\"image\":{\"@id\":\"https:\\\/\\\/iraurgiberritzen.eus\\\/es\\\/el-grupo-de-trabajo-de-los-directores-de-los-centros-educativos-ha-consensuado-las-principales-lineas-de-trabajo-para-el-nuevo-curso\\\/#primaryimage\"},\"thumbnailUrl\":\"https:\\\/\\\/iraurgiberritzen.eus\\\/wp-content\\\/uploads\\\/2023\\\/09\\\/8aa5d86c6efa5c856b1990d375cdb2f6.jpg\",\"articleSection\":[\"Noticias\"],\"inLanguage\":\"es\"},{\"@type\":\"WebPage\",\"@id\":\"https:\\\/\\\/iraurgiberritzen.eus\\\/es\\\/el-grupo-de-trabajo-de-los-directores-de-los-centros-educativos-ha-consensuado-las-principales-lineas-de-trabajo-para-el-nuevo-curso\\\/\",\"url\":\"https:\\\/\\\/iraurgiberritzen.eus\\\/es\\\/el-grupo-de-trabajo-de-los-directores-de-los-centros-educativos-ha-consensuado-las-principales-lineas-de-trabajo-para-el-nuevo-curso\\\/\",\"name\":\"El Grupo de Trabajo de los Directores de los Centros Educativos ha consensuado las principales l\u00edneas de trabajo para el nuevo curso - Iraurgi Berritzen\",\"isPartOf\":{\"@id\":\"https:\\\/\\\/iraurgiberritzen.eus\\\/es\\\/#website\"},\"primaryImageOfPage\":{\"@id\":\"https:\\\/\\\/iraurgiberritzen.eus\\\/es\\\/el-grupo-de-trabajo-de-los-directores-de-los-centros-educativos-ha-consensuado-las-principales-lineas-de-trabajo-para-el-nuevo-curso\\\/#primaryimage\"},\"image\":{\"@id\":\"https:\\\/\\\/iraurgiberritzen.eus\\\/es\\\/el-grupo-de-trabajo-de-los-directores-de-los-centros-educativos-ha-consensuado-las-principales-lineas-de-trabajo-para-el-nuevo-curso\\\/#primaryimage\"},\"thumbnailUrl\":\"https:\\\/\\\/iraurgiberritzen.eus\\\/wp-content\\\/uploads\\\/2023\\\/09\\\/8aa5d86c6efa5c856b1990d375cdb2f6.jpg\",\"datePublished\":\"2018-10-04T09:11:09+00:00\",\"breadcrumb\":{\"@id\":\"https:\\\/\\\/iraurgiberritzen.eus\\\/es\\\/el-grupo-de-trabajo-de-los-directores-de-los-centros-educativos-ha-consensuado-las-principales-lineas-de-trabajo-para-el-nuevo-curso\\\/#breadcrumb\"},\"inLanguage\":\"es\",\"potentialAction\":[{\"@type\":\"ReadAction\",\"target\":[\"https:\\\/\\\/iraurgiberritzen.eus\\\/es\\\/el-grupo-de-trabajo-de-los-directores-de-los-centros-educativos-ha-consensuado-las-principales-lineas-de-trabajo-para-el-nuevo-curso\\\/\"]}]},{\"@type\":\"ImageObject\",\"inLanguage\":\"es\",\"@id\":\"https:\\\/\\\/iraurgiberritzen.eus\\\/es\\\/el-grupo-de-trabajo-de-los-directores-de-los-centros-educativos-ha-consensuado-las-principales-lineas-de-trabajo-para-el-nuevo-curso\\\/#primaryimage\",\"url\":\"https:\\\/\\\/iraurgiberritzen.eus\\\/wp-content\\\/uploads\\\/2023\\\/09\\\/8aa5d86c6efa5c856b1990d375cdb2f6.jpg\",\"contentUrl\":\"https:\\\/\\\/iraurgiberritzen.eus\\\/wp-content\\\/uploads\\\/2023\\\/09\\\/8aa5d86c6efa5c856b1990d375cdb2f6.jpg\",\"width\":600,\"height\":386},{\"@type\":\"BreadcrumbList\",\"@id\":\"https:\\\/\\\/iraurgiberritzen.eus\\\/es\\\/el-grupo-de-trabajo-de-los-directores-de-los-centros-educativos-ha-consensuado-las-principales-lineas-de-trabajo-para-el-nuevo-curso\\\/#breadcrumb\",\"itemListElement\":[{\"@type\":\"ListItem\",\"position\":1,\"name\":\"Home\",\"item\":\"https:\\\/\\\/iraurgiberritzen.eus\\\/es\\\/\"},{\"@type\":\"ListItem\",\"position\":2,\"name\":\"El Grupo de Trabajo de los Directores de los Centros Educativos ha consensuado las principales l\u00edneas de trabajo para el nuevo curso\"}]},{\"@type\":\"WebSite\",\"@id\":\"https:\\\/\\\/iraurgiberritzen.eus\\\/es\\\/#website\",\"url\":\"https:\\\/\\\/iraurgiberritzen.eus\\\/es\\\/\",\"name\":\"Iraurgi Berritzen\",\"description\":\"Urola Erdiko Garapen Agentzia\",\"publisher\":{\"@id\":\"https:\\\/\\\/iraurgiberritzen.eus\\\/es\\\/#organization\"},\"potentialAction\":[{\"@type\":\"SearchAction\",\"target\":{\"@type\":\"EntryPoint\",\"urlTemplate\":\"https:\\\/\\\/iraurgiberritzen.eus\\\/es\\\/?s={search_term_string}\"},\"query-input\":{\"@type\":\"PropertyValueSpecification\",\"valueRequired\":true,\"valueName\":\"search_term_string\"}}],\"inLanguage\":\"es\"},{\"@type\":\"Organization\",\"@id\":\"https:\\\/\\\/iraurgiberritzen.eus\\\/es\\\/#organization\",\"name\":\"Iraurgi Berritzen\",\"url\":\"https:\\\/\\\/iraurgiberritzen.eus\\\/es\\\/\",\"logo\":{\"@type\":\"ImageObject\",\"inLanguage\":\"es\",\"@id\":\"https:\\\/\\\/iraurgiberritzen.eus\\\/es\\\/#\\\/schema\\\/logo\\\/image\\\/\",\"url\":\"https:\\\/\\\/iraurgiberritzen.eus\\\/wp-content\\\/uploads\\\/2024\\\/02\\\/IRAURGI-BERRITZEN-logotipoa_2.png\",\"contentUrl\":\"https:\\\/\\\/iraurgiberritzen.eus\\\/wp-content\\\/uploads\\\/2024\\\/02\\\/IRAURGI-BERRITZEN-logotipoa_2.png\",\"width\":496,\"height\":190,\"caption\":\"Iraurgi Berritzen\"},\"image\":{\"@id\":\"https:\\\/\\\/iraurgiberritzen.eus\\\/es\\\/#\\\/schema\\\/logo\\\/image\\\/\"}},{\"@type\":\"Person\",\"@id\":\"https:\\\/\\\/iraurgiberritzen.eus\\\/es\\\/#\\\/schema\\\/person\\\/5ab41aaf388a9097177601ebf45738d2\",\"name\":\"kudeatzailea\",\"sameAs\":[\"https:\\\/\\\/iraurgiberritzen.eus\"]}]}<\/script>\n<!-- \/ Yoast SEO plugin. -->","yoast_head_json":{"title":"El Grupo de Trabajo de los Directores de los Centros Educativos ha consensuado las principales l\u00edneas de trabajo para el nuevo curso - Iraurgi Berritzen","robots":{"index":"index","follow":"follow","max-snippet":"max-snippet:-1","max-image-preview":"max-image-preview:large","max-video-preview":"max-video-preview:-1"},"canonical":"https:\/\/iraurgiberritzen.eus\/es\/el-grupo-de-trabajo-de-los-directores-de-los-centros-educativos-ha-consensuado-las-principales-lineas-de-trabajo-para-el-nuevo-curso\/","og_locale":"es_ES","og_type":"article","og_title":"El Grupo de Trabajo de los Directores de los Centros Educativos ha consensuado las principales l\u00edneas de trabajo para el nuevo curso - Iraurgi Berritzen","og_description":"El grupo de trabajo de los 5 centros escolares de la comarca se ha reunido el 1 de octubre en el marco de la agencia Iraurgi Berritzen. El objetivo de la reuni\u00f3n ha sido la de valorar los resultados desarrollados durante el curso pasado 17\/18 y a su vez, buscar consenso en base a la [&hellip;]","og_url":"https:\/\/iraurgiberritzen.eus\/es\/el-grupo-de-trabajo-de-los-directores-de-los-centros-educativos-ha-consensuado-las-principales-lineas-de-trabajo-para-el-nuevo-curso\/","og_site_name":"Iraurgi Berritzen","article_published_time":"2018-10-04T09:11:09+00:00","author":"kudeatzailea","twitter_card":"summary_large_image","twitter_misc":{"Escrito por":"kudeatzailea","Tiempo de lectura":"1 minuto"},"schema":{"@context":"https:\/\/schema.org","@graph":[{"@type":"Article","@id":"https:\/\/iraurgiberritzen.eus\/es\/el-grupo-de-trabajo-de-los-directores-de-los-centros-educativos-ha-consensuado-las-principales-lineas-de-trabajo-para-el-nuevo-curso\/#article","isPartOf":{"@id":"https:\/\/iraurgiberritzen.eus\/es\/el-grupo-de-trabajo-de-los-directores-de-los-centros-educativos-ha-consensuado-las-principales-lineas-de-trabajo-para-el-nuevo-curso\/"},"author":{"name":"kudeatzailea","@id":"https:\/\/iraurgiberritzen.eus\/es\/#\/schema\/person\/5ab41aaf388a9097177601ebf45738d2"},"headline":"El Grupo de Trabajo de los Directores de los Centros Educativos ha consensuado las principales l\u00edneas de trabajo para el nuevo curso","datePublished":"2018-10-04T09:11:09+00:00","mainEntityOfPage":{"@id":"https:\/\/iraurgiberritzen.eus\/es\/el-grupo-de-trabajo-de-los-directores-de-los-centros-educativos-ha-consensuado-las-principales-lineas-de-trabajo-para-el-nuevo-curso\/"},"wordCount":255,"publisher":{"@id":"https:\/\/iraurgiberritzen.eus\/es\/#organization"},"image":{"@id":"https:\/\/iraurgiberritzen.eus\/es\/el-grupo-de-trabajo-de-los-directores-de-los-centros-educativos-ha-consensuado-las-principales-lineas-de-trabajo-para-el-nuevo-curso\/#primaryimage"},"thumbnailUrl":"https:\/\/iraurgiberritzen.eus\/wp-content\/uploads\/2023\/09\/8aa5d86c6efa5c856b1990d375cdb2f6.jpg","articleSection":["Noticias"],"inLanguage":"es"},{"@type":"WebPage","@id":"https:\/\/iraurgiberritzen.eus\/es\/el-grupo-de-trabajo-de-los-directores-de-los-centros-educativos-ha-consensuado-las-principales-lineas-de-trabajo-para-el-nuevo-curso\/","url":"https:\/\/iraurgiberritzen.eus\/es\/el-grupo-de-trabajo-de-los-directores-de-los-centros-educativos-ha-consensuado-las-principales-lineas-de-trabajo-para-el-nuevo-curso\/","name":"El Grupo de Trabajo de los Directores de los Centros Educativos ha consensuado las principales l\u00edneas de trabajo para el nuevo curso - Iraurgi Berritzen","isPartOf":{"@id":"https:\/\/iraurgiberritzen.eus\/es\/#website"},"primaryImageOfPage":{"@id":"https:\/\/iraurgiberritzen.eus\/es\/el-grupo-de-trabajo-de-los-directores-de-los-centros-educativos-ha-consensuado-las-principales-lineas-de-trabajo-para-el-nuevo-curso\/#primaryimage"},"image":{"@id":"https:\/\/iraurgiberritzen.eus\/es\/el-grupo-de-trabajo-de-los-directores-de-los-centros-educativos-ha-consensuado-las-principales-lineas-de-trabajo-para-el-nuevo-curso\/#primaryimage"},"thumbnailUrl":"https:\/\/iraurgiberritzen.eus\/wp-content\/uploads\/2023\/09\/8aa5d86c6efa5c856b1990d375cdb2f6.jpg","datePublished":"2018-10-04T09:11:09+00:00","breadcrumb":{"@id":"https:\/\/iraurgiberritzen.eus\/es\/el-grupo-de-trabajo-de-los-directores-de-los-centros-educativos-ha-consensuado-las-principales-lineas-de-trabajo-para-el-nuevo-curso\/#breadcrumb"},"inLanguage":"es","potentialAction":[{"@type":"ReadAction","target":["https:\/\/iraurgiberritzen.eus\/es\/el-grupo-de-trabajo-de-los-directores-de-los-centros-educativos-ha-consensuado-las-principales-lineas-de-trabajo-para-el-nuevo-curso\/"]}]},{"@type":"ImageObject","inLanguage":"es","@id":"https:\/\/iraurgiberritzen.eus\/es\/el-grupo-de-trabajo-de-los-directores-de-los-centros-educativos-ha-consensuado-las-principales-lineas-de-trabajo-para-el-nuevo-curso\/#primaryimage","url":"https:\/\/iraurgiberritzen.eus\/wp-content\/uploads\/2023\/09\/8aa5d86c6efa5c856b1990d375cdb2f6.jpg","contentUrl":"https:\/\/iraurgiberritzen.eus\/wp-content\/uploads\/2023\/09\/8aa5d86c6efa5c856b1990d375cdb2f6.jpg","width":600,"height":386},{"@type":"BreadcrumbList","@id":"https:\/\/iraurgiberritzen.eus\/es\/el-grupo-de-trabajo-de-los-directores-de-los-centros-educativos-ha-consensuado-las-principales-lineas-de-trabajo-para-el-nuevo-curso\/#breadcrumb","itemListElement":[{"@type":"ListItem","position":1,"name":"Home","item":"https:\/\/iraurgiberritzen.eus\/es\/"},{"@type":"ListItem","position":2,"name":"El Grupo de Trabajo de los Directores de los Centros Educativos ha consensuado las principales l\u00edneas de trabajo para el nuevo curso"}]},{"@type":"WebSite","@id":"https:\/\/iraurgiberritzen.eus\/es\/#website","url":"https:\/\/iraurgiberritzen.eus\/es\/","name":"Iraurgi Berritzen","description":"Urola Erdiko Garapen Agentzia","publisher":{"@id":"https:\/\/iraurgiberritzen.eus\/es\/#organization"},"potentialAction":[{"@type":"SearchAction","target":{"@type":"EntryPoint","urlTemplate":"https:\/\/iraurgiberritzen.eus\/es\/?s={search_term_string}"},"query-input":{"@type":"PropertyValueSpecification","valueRequired":true,"valueName":"search_term_string"}}],"inLanguage":"es"},{"@type":"Organization","@id":"https:\/\/iraurgiberritzen.eus\/es\/#organization","name":"Iraurgi Berritzen","url":"https:\/\/iraurgiberritzen.eus\/es\/","logo":{"@type":"ImageObject","inLanguage":"es","@id":"https:\/\/iraurgiberritzen.eus\/es\/#\/schema\/logo\/image\/","url":"https:\/\/iraurgiberritzen.eus\/wp-content\/uploads\/2024\/02\/IRAURGI-BERRITZEN-logotipoa_2.png","contentUrl":"https:\/\/iraurgiberritzen.eus\/wp-content\/uploads\/2024\/02\/IRAURGI-BERRITZEN-logotipoa_2.png","width":496,"height":190,"caption":"Iraurgi Berritzen"},"image":{"@id":"https:\/\/iraurgiberritzen.eus\/es\/#\/schema\/logo\/image\/"}},{"@type":"Person","@id":"https:\/\/iraurgiberritzen.eus\/es\/#\/schema\/person\/5ab41aaf388a9097177601ebf45738d2","name":"kudeatzailea","sameAs":["https:\/\/iraurgiberritzen.eus"]}]}},"_links":{"self":[{"href":"https:\/\/iraurgiberritzen.eus\/es\/wp-json\/wp\/v2\/posts\/12462","targetHints":{"allow":["GET"]}}],"collection":[{"href":"https:\/\/iraurgiberritzen.eus\/es\/wp-json\/wp\/v2\/posts"}],"about":[{"href":"https:\/\/iraurgiberritzen.eus\/es\/wp-json\/wp\/v2\/types\/post"}],"author":[{"embeddable":true,"href":"https:\/\/iraurgiberritzen.eus\/es\/wp-json\/wp\/v2\/users\/1"}],"replies":[{"embeddable":true,"href":"https:\/\/iraurgiberritzen.eus\/es\/wp-json\/wp\/v2\/comments?post=12462"}],"version-history":[{"count":0,"href":"https:\/\/iraurgiberritzen.eus\/es\/wp-json\/wp\/v2\/posts\/12462\/revisions"}],"wp:featuredmedia":[{"embeddable":true,"href":"https:\/\/iraurgiberritzen.eus\/es\/wp-json\/wp\/v2\/media\/17860"}],"wp:attachment":[{"href":"https:\/\/iraurgiberritzen.eus\/es\/wp-json\/wp\/v2\/media?parent=12462"}],"wp:term":[{"taxonomy":"category","embeddable":true,"href":"https:\/\/iraurgiberritzen.eus\/es\/wp-json\/wp\/v2\/categories?post=12462"},{"taxonomy":"post_tag","embeddable":true,"href":"https:\/\/iraurgiberritzen.eus\/es\/wp-json\/wp\/v2\/tags?post=12462"}],"curies":[{"name":"wp","href":"https:\/\/api.w.org\/{rel}","templated":true}]}}