{"id":12465,"date":"2018-10-01T09:45:24","date_gmt":"2018-10-01T07:45:24","guid":{"rendered":"https:\/\/iraurgiberritzen.eus\/el-centro-de-empleo-y-de-orientacion-impulsando-el-empleo-en-cooperacion-con-empresas-y-agentes\/"},"modified":"2018-10-01T09:45:24","modified_gmt":"2018-10-01T07:45:24","slug":"el-centro-de-empleo-y-de-orientacion-impulsando-el-empleo-en-cooperacion-con-empresas-y-agentes","status":"publish","type":"post","link":"https:\/\/iraurgiberritzen.eus\/es\/el-centro-de-empleo-y-de-orientacion-impulsando-el-empleo-en-cooperacion-con-empresas-y-agentes\/","title":{"rendered":"El Centro de Empleo y de Orientaci\u00f3n impulsando el empleo en cooperaci\u00f3n con empresas y agentes"},"content":{"rendered":"<p style=\"text-align: justify;\">La cooperaci\u00f3n e intermediaci\u00f3n entre el servicio de empleo y las empresas est\u00e1 siendo una apuesta estrat\u00e9gica de Iraurgi Berritzen para impulsar el empleo en la comarca.<\/p>\n<p style=\"text-align: justify;\">El Centro de Empleo de Iraurgi Berritzen ha gestionado hasta setiembre de este a\u00f1o, un total de 211 ofertas de empleo de diferentes sectores: industria (91), servicios (99), construcci\u00f3n (7), primer sector (3) , de los cuales el 28% se han cerrado a trav\u00e9s del centro de empleo.<\/p>\n<p style=\"text-align: justify;\">En lo que se refiere al sector industrial, los perfiles que m\u00e1s ofertas de empleo presentan son: T\u00e9cnicos de Mec\u00e1nica; Operarios Industriales; Delineantes; Soldadores; Ingenieros Mec\u00e1nicos; T\u00e9cnicos de Metalurgia; Montadores de estructuras mec\u00e1nicas; profesionales de Marketing y Publicidad; Ingenieros Industriales y de Producci\u00f3n; Ingenieros Electr\u00f3nicos; Peones de Transporte; Operarios de la Madera &#8230;<\/p>\n<p style=\"text-align: justify;\">Para la gesti\u00f3n de estas ofertas de empleo se utilizan diferentes fuentes de captaci\u00f3n y difusi\u00f3n: Base de datos de usuarios del centro; publicaci\u00f3n en <a href=\"http:\/\/www.urolanprest.eus\">www.urolanprest.eus<\/a>&nbsp;y redes sociales, env\u00edo de bolet\u00edn semanal a los usuarios, etc. Posteriormente, se env\u00eda una relaci\u00f3n de candidatos interesados que encajen en el perfil.<\/p>\n<p style=\"text-align: justify;\">En Urola Erdia, seg\u00fan los \u00faltimos datos de setiembre se encuentran 1.325 personas en desempleo, situando el \u00edndice de desempleo en el 8,6%, 6% de hombres y 11,7% de mujeres. En comparaci\u00f3n con setiembre de 2017, en Urola Erdia el paro ha descendido en 149 personas, (10,1%). En el mismo per\u00edodo, en Gipuzkoa el descenso ha sido menor (7,7%).<\/p>\n<p style=\"text-align: justify;\">En base al perfil de desempleado y a la demanda de las empresas , se est\u00e1n poniendo en marcha nuevas iniciativas a lo largo del a\u00f1o desde el \u00c1rea de Empleo: programas de orientaci\u00f3n adaptados a mujeres (Bidelan); cursos para desempleados con compromiso de contrataci\u00f3n y servicios de orientaci\u00f3n personalizados. A partir de octubre, adem\u00e1s de Azpeitia y Azkoitia tambi\u00e9n se ofrecer\u00e1n estos servicios de orientaci\u00f3n para desempleados en el Ayuntamiento de Zestoa.<\/p>\n","protected":false},"excerpt":{"rendered":"<p>La cooperaci\u00f3n e intermediaci\u00f3n entre el servicio de empleo y las empresas est\u00e1 siendo una apuesta estrat\u00e9gica de Iraurgi Berritzen para impulsar el empleo en la comarca. El Centro de Empleo de Iraurgi Berritzen ha gestionado hasta setiembre de este a\u00f1o, un total de 211 ofertas de empleo de diferentes sectores: industria (91), servicios (99), [&hellip;]<\/p>\n","protected":false},"author":1,"featured_media":17861,"comment_status":"","ping_status":"closed","sticky":false,"template":"","format":"standard","meta":{"_acf_changed":false,"footnotes":""},"categories":[4],"tags":[],"class_list":["post-12465","post","type-post","status-publish","format-standard","has-post-thumbnail","hentry","category-noticias"],"acf":[],"yoast_head":"<!-- This site is optimized with the Yoast SEO plugin v27.4 - https:\/\/yoast.com\/product\/yoast-seo-wordpress\/ -->\n<title>El Centro de Empleo y de Orientaci\u00f3n impulsando el empleo en cooperaci\u00f3n con empresas y agentes - Iraurgi Berritzen<\/title>\n<meta name=\"robots\" content=\"index, follow, max-snippet:-1, max-image-preview:large, max-video-preview:-1\" \/>\n<link rel=\"canonical\" href=\"https:\/\/iraurgiberritzen.eus\/es\/el-centro-de-empleo-y-de-orientacion-impulsando-el-empleo-en-cooperacion-con-empresas-y-agentes\/\" \/>\n<meta property=\"og:locale\" content=\"es_ES\" \/>\n<meta property=\"og:type\" content=\"article\" \/>\n<meta property=\"og:title\" content=\"El Centro de Empleo y de Orientaci\u00f3n impulsando el empleo en cooperaci\u00f3n con empresas y agentes - Iraurgi Berritzen\" \/>\n<meta property=\"og:description\" content=\"La cooperaci\u00f3n e intermediaci\u00f3n entre el servicio de empleo y las empresas est\u00e1 siendo una apuesta estrat\u00e9gica de Iraurgi Berritzen para impulsar el empleo en la comarca. El Centro de Empleo de Iraurgi Berritzen ha gestionado hasta setiembre de este a\u00f1o, un total de 211 ofertas de empleo de diferentes sectores: industria (91), servicios (99), [&hellip;]\" \/>\n<meta property=\"og:url\" content=\"https:\/\/iraurgiberritzen.eus\/es\/el-centro-de-empleo-y-de-orientacion-impulsando-el-empleo-en-cooperacion-con-empresas-y-agentes\/\" \/>\n<meta property=\"og:site_name\" content=\"Iraurgi Berritzen\" \/>\n<meta property=\"article:published_time\" content=\"2018-10-01T07:45:24+00:00\" \/>\n<meta name=\"author\" content=\"kudeatzailea\" \/>\n<meta name=\"twitter:card\" content=\"summary_large_image\" \/>\n<meta name=\"twitter:label1\" content=\"Escrito por\" \/>\n\t<meta name=\"twitter:data1\" content=\"kudeatzailea\" \/>\n\t<meta name=\"twitter:label2\" content=\"Tiempo de lectura\" \/>\n\t<meta name=\"twitter:data2\" content=\"2 minutos\" \/>\n<script type=\"application\/ld+json\" class=\"yoast-schema-graph\">{\"@context\":\"https:\\\/\\\/schema.org\",\"@graph\":[{\"@type\":\"Article\",\"@id\":\"https:\\\/\\\/iraurgiberritzen.eus\\\/es\\\/el-centro-de-empleo-y-de-orientacion-impulsando-el-empleo-en-cooperacion-con-empresas-y-agentes\\\/#article\",\"isPartOf\":{\"@id\":\"https:\\\/\\\/iraurgiberritzen.eus\\\/es\\\/el-centro-de-empleo-y-de-orientacion-impulsando-el-empleo-en-cooperacion-con-empresas-y-agentes\\\/\"},\"author\":{\"name\":\"kudeatzailea\",\"@id\":\"https:\\\/\\\/iraurgiberritzen.eus\\\/es\\\/#\\\/schema\\\/person\\\/5ab41aaf388a9097177601ebf45738d2\"},\"headline\":\"El Centro de Empleo y de Orientaci\u00f3n impulsando el empleo en cooperaci\u00f3n con empresas y agentes\",\"datePublished\":\"2018-10-01T07:45:24+00:00\",\"mainEntityOfPage\":{\"@id\":\"https:\\\/\\\/iraurgiberritzen.eus\\\/es\\\/el-centro-de-empleo-y-de-orientacion-impulsando-el-empleo-en-cooperacion-con-empresas-y-agentes\\\/\"},\"wordCount\":348,\"publisher\":{\"@id\":\"https:\\\/\\\/iraurgiberritzen.eus\\\/es\\\/#organization\"},\"image\":{\"@id\":\"https:\\\/\\\/iraurgiberritzen.eus\\\/es\\\/el-centro-de-empleo-y-de-orientacion-impulsando-el-empleo-en-cooperacion-con-empresas-y-agentes\\\/#primaryimage\"},\"thumbnailUrl\":\"https:\\\/\\\/iraurgiberritzen.eus\\\/wp-content\\\/uploads\\\/2023\\\/09\\\/d12fc2ba4cae84a5ddd14475d5a89895.jpg\",\"articleSection\":[\"Noticias\"],\"inLanguage\":\"es\"},{\"@type\":\"WebPage\",\"@id\":\"https:\\\/\\\/iraurgiberritzen.eus\\\/es\\\/el-centro-de-empleo-y-de-orientacion-impulsando-el-empleo-en-cooperacion-con-empresas-y-agentes\\\/\",\"url\":\"https:\\\/\\\/iraurgiberritzen.eus\\\/es\\\/el-centro-de-empleo-y-de-orientacion-impulsando-el-empleo-en-cooperacion-con-empresas-y-agentes\\\/\",\"name\":\"El Centro de Empleo y de Orientaci\u00f3n impulsando el empleo en cooperaci\u00f3n con empresas y agentes - Iraurgi Berritzen\",\"isPartOf\":{\"@id\":\"https:\\\/\\\/iraurgiberritzen.eus\\\/es\\\/#website\"},\"primaryImageOfPage\":{\"@id\":\"https:\\\/\\\/iraurgiberritzen.eus\\\/es\\\/el-centro-de-empleo-y-de-orientacion-impulsando-el-empleo-en-cooperacion-con-empresas-y-agentes\\\/#primaryimage\"},\"image\":{\"@id\":\"https:\\\/\\\/iraurgiberritzen.eus\\\/es\\\/el-centro-de-empleo-y-de-orientacion-impulsando-el-empleo-en-cooperacion-con-empresas-y-agentes\\\/#primaryimage\"},\"thumbnailUrl\":\"https:\\\/\\\/iraurgiberritzen.eus\\\/wp-content\\\/uploads\\\/2023\\\/09\\\/d12fc2ba4cae84a5ddd14475d5a89895.jpg\",\"datePublished\":\"2018-10-01T07:45:24+00:00\",\"breadcrumb\":{\"@id\":\"https:\\\/\\\/iraurgiberritzen.eus\\\/es\\\/el-centro-de-empleo-y-de-orientacion-impulsando-el-empleo-en-cooperacion-con-empresas-y-agentes\\\/#breadcrumb\"},\"inLanguage\":\"es\",\"potentialAction\":[{\"@type\":\"ReadAction\",\"target\":[\"https:\\\/\\\/iraurgiberritzen.eus\\\/es\\\/el-centro-de-empleo-y-de-orientacion-impulsando-el-empleo-en-cooperacion-con-empresas-y-agentes\\\/\"]}]},{\"@type\":\"ImageObject\",\"inLanguage\":\"es\",\"@id\":\"https:\\\/\\\/iraurgiberritzen.eus\\\/es\\\/el-centro-de-empleo-y-de-orientacion-impulsando-el-empleo-en-cooperacion-con-empresas-y-agentes\\\/#primaryimage\",\"url\":\"https:\\\/\\\/iraurgiberritzen.eus\\\/wp-content\\\/uploads\\\/2023\\\/09\\\/d12fc2ba4cae84a5ddd14475d5a89895.jpg\",\"contentUrl\":\"https:\\\/\\\/iraurgiberritzen.eus\\\/wp-content\\\/uploads\\\/2023\\\/09\\\/d12fc2ba4cae84a5ddd14475d5a89895.jpg\",\"width\":600,\"height\":386},{\"@type\":\"BreadcrumbList\",\"@id\":\"https:\\\/\\\/iraurgiberritzen.eus\\\/es\\\/el-centro-de-empleo-y-de-orientacion-impulsando-el-empleo-en-cooperacion-con-empresas-y-agentes\\\/#breadcrumb\",\"itemListElement\":[{\"@type\":\"ListItem\",\"position\":1,\"name\":\"Home\",\"item\":\"https:\\\/\\\/iraurgiberritzen.eus\\\/es\\\/\"},{\"@type\":\"ListItem\",\"position\":2,\"name\":\"El Centro de Empleo y de Orientaci\u00f3n impulsando el empleo en cooperaci\u00f3n con empresas y agentes\"}]},{\"@type\":\"WebSite\",\"@id\":\"https:\\\/\\\/iraurgiberritzen.eus\\\/es\\\/#website\",\"url\":\"https:\\\/\\\/iraurgiberritzen.eus\\\/es\\\/\",\"name\":\"Iraurgi Berritzen\",\"description\":\"Urola Erdiko Garapen Agentzia\",\"publisher\":{\"@id\":\"https:\\\/\\\/iraurgiberritzen.eus\\\/es\\\/#organization\"},\"potentialAction\":[{\"@type\":\"SearchAction\",\"target\":{\"@type\":\"EntryPoint\",\"urlTemplate\":\"https:\\\/\\\/iraurgiberritzen.eus\\\/es\\\/?s={search_term_string}\"},\"query-input\":{\"@type\":\"PropertyValueSpecification\",\"valueRequired\":true,\"valueName\":\"search_term_string\"}}],\"inLanguage\":\"es\"},{\"@type\":\"Organization\",\"@id\":\"https:\\\/\\\/iraurgiberritzen.eus\\\/es\\\/#organization\",\"name\":\"Iraurgi Berritzen\",\"url\":\"https:\\\/\\\/iraurgiberritzen.eus\\\/es\\\/\",\"logo\":{\"@type\":\"ImageObject\",\"inLanguage\":\"es\",\"@id\":\"https:\\\/\\\/iraurgiberritzen.eus\\\/es\\\/#\\\/schema\\\/logo\\\/image\\\/\",\"url\":\"https:\\\/\\\/iraurgiberritzen.eus\\\/wp-content\\\/uploads\\\/2024\\\/02\\\/IRAURGI-BERRITZEN-logotipoa_2.png\",\"contentUrl\":\"https:\\\/\\\/iraurgiberritzen.eus\\\/wp-content\\\/uploads\\\/2024\\\/02\\\/IRAURGI-BERRITZEN-logotipoa_2.png\",\"width\":496,\"height\":190,\"caption\":\"Iraurgi Berritzen\"},\"image\":{\"@id\":\"https:\\\/\\\/iraurgiberritzen.eus\\\/es\\\/#\\\/schema\\\/logo\\\/image\\\/\"}},{\"@type\":\"Person\",\"@id\":\"https:\\\/\\\/iraurgiberritzen.eus\\\/es\\\/#\\\/schema\\\/person\\\/5ab41aaf388a9097177601ebf45738d2\",\"name\":\"kudeatzailea\",\"sameAs\":[\"https:\\\/\\\/iraurgiberritzen.eus\"]}]}<\/script>\n<!-- \/ Yoast SEO plugin. -->","yoast_head_json":{"title":"El Centro de Empleo y de Orientaci\u00f3n impulsando el empleo en cooperaci\u00f3n con empresas y agentes - Iraurgi Berritzen","robots":{"index":"index","follow":"follow","max-snippet":"max-snippet:-1","max-image-preview":"max-image-preview:large","max-video-preview":"max-video-preview:-1"},"canonical":"https:\/\/iraurgiberritzen.eus\/es\/el-centro-de-empleo-y-de-orientacion-impulsando-el-empleo-en-cooperacion-con-empresas-y-agentes\/","og_locale":"es_ES","og_type":"article","og_title":"El Centro de Empleo y de Orientaci\u00f3n impulsando el empleo en cooperaci\u00f3n con empresas y agentes - Iraurgi Berritzen","og_description":"La cooperaci\u00f3n e intermediaci\u00f3n entre el servicio de empleo y las empresas est\u00e1 siendo una apuesta estrat\u00e9gica de Iraurgi Berritzen para impulsar el empleo en la comarca. El Centro de Empleo de Iraurgi Berritzen ha gestionado hasta setiembre de este a\u00f1o, un total de 211 ofertas de empleo de diferentes sectores: industria (91), servicios (99), [&hellip;]","og_url":"https:\/\/iraurgiberritzen.eus\/es\/el-centro-de-empleo-y-de-orientacion-impulsando-el-empleo-en-cooperacion-con-empresas-y-agentes\/","og_site_name":"Iraurgi Berritzen","article_published_time":"2018-10-01T07:45:24+00:00","author":"kudeatzailea","twitter_card":"summary_large_image","twitter_misc":{"Escrito por":"kudeatzailea","Tiempo de lectura":"2 minutos"},"schema":{"@context":"https:\/\/schema.org","@graph":[{"@type":"Article","@id":"https:\/\/iraurgiberritzen.eus\/es\/el-centro-de-empleo-y-de-orientacion-impulsando-el-empleo-en-cooperacion-con-empresas-y-agentes\/#article","isPartOf":{"@id":"https:\/\/iraurgiberritzen.eus\/es\/el-centro-de-empleo-y-de-orientacion-impulsando-el-empleo-en-cooperacion-con-empresas-y-agentes\/"},"author":{"name":"kudeatzailea","@id":"https:\/\/iraurgiberritzen.eus\/es\/#\/schema\/person\/5ab41aaf388a9097177601ebf45738d2"},"headline":"El Centro de Empleo y de Orientaci\u00f3n impulsando el empleo en cooperaci\u00f3n con empresas y agentes","datePublished":"2018-10-01T07:45:24+00:00","mainEntityOfPage":{"@id":"https:\/\/iraurgiberritzen.eus\/es\/el-centro-de-empleo-y-de-orientacion-impulsando-el-empleo-en-cooperacion-con-empresas-y-agentes\/"},"wordCount":348,"publisher":{"@id":"https:\/\/iraurgiberritzen.eus\/es\/#organization"},"image":{"@id":"https:\/\/iraurgiberritzen.eus\/es\/el-centro-de-empleo-y-de-orientacion-impulsando-el-empleo-en-cooperacion-con-empresas-y-agentes\/#primaryimage"},"thumbnailUrl":"https:\/\/iraurgiberritzen.eus\/wp-content\/uploads\/2023\/09\/d12fc2ba4cae84a5ddd14475d5a89895.jpg","articleSection":["Noticias"],"inLanguage":"es"},{"@type":"WebPage","@id":"https:\/\/iraurgiberritzen.eus\/es\/el-centro-de-empleo-y-de-orientacion-impulsando-el-empleo-en-cooperacion-con-empresas-y-agentes\/","url":"https:\/\/iraurgiberritzen.eus\/es\/el-centro-de-empleo-y-de-orientacion-impulsando-el-empleo-en-cooperacion-con-empresas-y-agentes\/","name":"El Centro de Empleo y de Orientaci\u00f3n impulsando el empleo en cooperaci\u00f3n con empresas y agentes - Iraurgi Berritzen","isPartOf":{"@id":"https:\/\/iraurgiberritzen.eus\/es\/#website"},"primaryImageOfPage":{"@id":"https:\/\/iraurgiberritzen.eus\/es\/el-centro-de-empleo-y-de-orientacion-impulsando-el-empleo-en-cooperacion-con-empresas-y-agentes\/#primaryimage"},"image":{"@id":"https:\/\/iraurgiberritzen.eus\/es\/el-centro-de-empleo-y-de-orientacion-impulsando-el-empleo-en-cooperacion-con-empresas-y-agentes\/#primaryimage"},"thumbnailUrl":"https:\/\/iraurgiberritzen.eus\/wp-content\/uploads\/2023\/09\/d12fc2ba4cae84a5ddd14475d5a89895.jpg","datePublished":"2018-10-01T07:45:24+00:00","breadcrumb":{"@id":"https:\/\/iraurgiberritzen.eus\/es\/el-centro-de-empleo-y-de-orientacion-impulsando-el-empleo-en-cooperacion-con-empresas-y-agentes\/#breadcrumb"},"inLanguage":"es","potentialAction":[{"@type":"ReadAction","target":["https:\/\/iraurgiberritzen.eus\/es\/el-centro-de-empleo-y-de-orientacion-impulsando-el-empleo-en-cooperacion-con-empresas-y-agentes\/"]}]},{"@type":"ImageObject","inLanguage":"es","@id":"https:\/\/iraurgiberritzen.eus\/es\/el-centro-de-empleo-y-de-orientacion-impulsando-el-empleo-en-cooperacion-con-empresas-y-agentes\/#primaryimage","url":"https:\/\/iraurgiberritzen.eus\/wp-content\/uploads\/2023\/09\/d12fc2ba4cae84a5ddd14475d5a89895.jpg","contentUrl":"https:\/\/iraurgiberritzen.eus\/wp-content\/uploads\/2023\/09\/d12fc2ba4cae84a5ddd14475d5a89895.jpg","width":600,"height":386},{"@type":"BreadcrumbList","@id":"https:\/\/iraurgiberritzen.eus\/es\/el-centro-de-empleo-y-de-orientacion-impulsando-el-empleo-en-cooperacion-con-empresas-y-agentes\/#breadcrumb","itemListElement":[{"@type":"ListItem","position":1,"name":"Home","item":"https:\/\/iraurgiberritzen.eus\/es\/"},{"@type":"ListItem","position":2,"name":"El Centro de Empleo y de Orientaci\u00f3n impulsando el empleo en cooperaci\u00f3n con empresas y agentes"}]},{"@type":"WebSite","@id":"https:\/\/iraurgiberritzen.eus\/es\/#website","url":"https:\/\/iraurgiberritzen.eus\/es\/","name":"Iraurgi Berritzen","description":"Urola Erdiko Garapen Agentzia","publisher":{"@id":"https:\/\/iraurgiberritzen.eus\/es\/#organization"},"potentialAction":[{"@type":"SearchAction","target":{"@type":"EntryPoint","urlTemplate":"https:\/\/iraurgiberritzen.eus\/es\/?s={search_term_string}"},"query-input":{"@type":"PropertyValueSpecification","valueRequired":true,"valueName":"search_term_string"}}],"inLanguage":"es"},{"@type":"Organization","@id":"https:\/\/iraurgiberritzen.eus\/es\/#organization","name":"Iraurgi Berritzen","url":"https:\/\/iraurgiberritzen.eus\/es\/","logo":{"@type":"ImageObject","inLanguage":"es","@id":"https:\/\/iraurgiberritzen.eus\/es\/#\/schema\/logo\/image\/","url":"https:\/\/iraurgiberritzen.eus\/wp-content\/uploads\/2024\/02\/IRAURGI-BERRITZEN-logotipoa_2.png","contentUrl":"https:\/\/iraurgiberritzen.eus\/wp-content\/uploads\/2024\/02\/IRAURGI-BERRITZEN-logotipoa_2.png","width":496,"height":190,"caption":"Iraurgi Berritzen"},"image":{"@id":"https:\/\/iraurgiberritzen.eus\/es\/#\/schema\/logo\/image\/"}},{"@type":"Person","@id":"https:\/\/iraurgiberritzen.eus\/es\/#\/schema\/person\/5ab41aaf388a9097177601ebf45738d2","name":"kudeatzailea","sameAs":["https:\/\/iraurgiberritzen.eus"]}]}},"_links":{"self":[{"href":"https:\/\/iraurgiberritzen.eus\/es\/wp-json\/wp\/v2\/posts\/12465","targetHints":{"allow":["GET"]}}],"collection":[{"href":"https:\/\/iraurgiberritzen.eus\/es\/wp-json\/wp\/v2\/posts"}],"about":[{"href":"https:\/\/iraurgiberritzen.eus\/es\/wp-json\/wp\/v2\/types\/post"}],"author":[{"embeddable":true,"href":"https:\/\/iraurgiberritzen.eus\/es\/wp-json\/wp\/v2\/users\/1"}],"replies":[{"embeddable":true,"href":"https:\/\/iraurgiberritzen.eus\/es\/wp-json\/wp\/v2\/comments?post=12465"}],"version-history":[{"count":0,"href":"https:\/\/iraurgiberritzen.eus\/es\/wp-json\/wp\/v2\/posts\/12465\/revisions"}],"wp:featuredmedia":[{"embeddable":true,"href":"https:\/\/iraurgiberritzen.eus\/es\/wp-json\/wp\/v2\/media\/17861"}],"wp:attachment":[{"href":"https:\/\/iraurgiberritzen.eus\/es\/wp-json\/wp\/v2\/media?parent=12465"}],"wp:term":[{"taxonomy":"category","embeddable":true,"href":"https:\/\/iraurgiberritzen.eus\/es\/wp-json\/wp\/v2\/categories?post=12465"},{"taxonomy":"post_tag","embeddable":true,"href":"https:\/\/iraurgiberritzen.eus\/es\/wp-json\/wp\/v2\/tags?post=12465"}],"curies":[{"name":"wp","href":"https:\/\/api.w.org\/{rel}","templated":true}]}}