{"id":12468,"date":"2018-10-17T10:20:10","date_gmt":"2018-10-17T08:20:10","guid":{"rendered":"https:\/\/iraurgiberritzen.eus\/traspaso-de-negocios-en-el-sector-del-comercio\/"},"modified":"2018-10-17T10:20:10","modified_gmt":"2018-10-17T08:20:10","slug":"traspaso-de-negocios-en-el-sector-del-comercio","status":"publish","type":"post","link":"https:\/\/iraurgiberritzen.eus\/es\/traspaso-de-negocios-en-el-sector-del-comercio\/","title":{"rendered":"Traspaso de negocios en el Sector del  Comercio"},"content":{"rendered":"<p class=\"MsoNormal\" style=\"text-align: justify; background-image: initial; background-position: initial; background-size: initial; background-repeat: initial; background-attachment: initial; background-origin: initial; background-clip: initial;\"><span style=\"font-size: 10.0pt; font-family: 'Arial','sans-serif'; mso-ansi-language: ES;\">La mesa de comerciantes de Urola Erdia, ha organizado en las \u00faltimas semanas 2 jornadas informativas en relaci\u00f3n a la jubilaci\u00f3n y el traspaso de negocios, dirigidas a los comerciantes de la comarca.<\/span><\/p>\n<p style=\"text-align: justify;\">El ciclo de jornadas se ha estructurado en 2 sesiones diferentes. La primera sesi\u00f3n tuvo lugar el 27 de septiembre en el Sindikatu Zaharra de Azpeitia y el tema tratado fue la jubilaci\u00f3n de los comerciantes. Durante la sesi\u00f3n, adem\u00e1s de presentarse la importancia de una adecuada gesti\u00f3n de la jubilaci\u00f3n, se explicaron las variables y los detalles que deben tenerse en cuenta. Durante la jornada, la experta en el tema Eunate Llona, de la empresa consultora PKF Attest trat\u00f3 de responder a las preguntas y preocupaciones de los diferentes comerciantes de la comarca. En total, asistieron alrededor de 30 comerciantes de Azpeitia, Azkoitia y Zestoa.<\/p>\n<p style=\"text-align: justify;\">La segunda y \u00faltima sesi\u00f3n, titulada <strong>\u00abComercio: Valoraci\u00f3n y Transferencia de Negocios\u00bb<\/strong>, tendr\u00e1 lugar el jueves 25 de octubre en el primer piso del Sindikatu Zahrra de Azpeitia, de 14:30 a 16:30 de la tarde. Durante la jornada, se presentar\u00e1n los detalles a tener en cuenta en la valoraci\u00f3n econ\u00f3mica de negocios y en su transferencia. Asimismo, los conceptos te\u00f3ricos se enriquecer\u00e1n con la presentaci\u00f3n de situaciones reales y pr\u00e1cticas. La persona responsable de dinamizar esta segunda jornada ser\u00e1 Eunate Llona, de la empresa de consultor\u00eda PKF Attess, la misma del primer evento.<\/p>\n<p style=\"text-align: justify;\">La jornada est\u00e1 abierta a todos los comerciantes de la comarca interesados en temas de jubilaci\u00f3n y traspaso de negocios, ya sean miembros de asociaciones comerciales o no. Para participar en las jornadas se recomienda inscribirse antes del martes, 23 de octubre utilizando los siguientes medios:<\/p>\n<ul style=\"font-family: Arial, Helvetica, sans-serif; font-size: 12.0097px; background-color: #f9f9f9;\">\n<li>Azpeitia: Xabier Aldalur;&nbsp;<span style=\"color: #025a8d;\"><span style=\"outline-color: initial; outline-width: initial;\"><a href=\"mailto:bertan.azpeitia@gmail.com\">bertan.azpeitia@gmail.com<\/a><\/span><\/span>; 688 823 944<\/li>\n<li>Azkoitia: Sara Rodriguez;&nbsp;<span style=\"color: #025a8d;\"><span style=\"outline-color: initial; outline-width: initial;\"><a href=\"mailto:herrixen@hotmail.com\">herrixen@hotmail.com<\/a><\/span><\/span>; 608 313 024<\/li>\n<li>Zestoa: Juanjo Allur;&nbsp;<span style=\"color: #025a8d;\"><span style=\"outline-color: initial; outline-width: initial;\"><a href=\"mailto:jjallur@siadeco.eus\">jjallur@siadeco.eus<\/a><\/span><\/span>; 678 085 387<\/li>\n<\/ul>\n<p style=\"text-align: justify;\"><span style=\"text-decoration: underline;\"><strong>MESA DE COMERCIANTES DE UROLA ERDIA:<\/strong><\/span><\/p>\n<p style=\"text-align: justify;\">La mesa de comerciantes de la comarca la conforman Azkoitiko Udala, Azpeitiko Udala, Zestoako Udala, Dendartean &#8211; Gipuzkoako merkatari, ostalari, zerbitzu enpresa eta autonomo elkarteen bilkura-, Herrixen \u2013Azkoitiko Merkatarien Elkartea-, Bertan \u2013Azpeitiko Merkatarien Elkartea, Zestoan \u2013Zestoako Merkatarien Elkartea- e Iraurgi Berritzene \u2013Urola Erdiko Garapen eta Berrikuntza Agentzia- osatzen dute eskualdeko merkataritza mahaia.<\/p>\n<p style=\"text-align: justify;\">Este especio, a trav\u00e9s del desarrollo de proyectos de colaboraci\u00f3n entre los agentes miembro, tiene como objetivo promover el peque\u00f1o comercio comarcal ,y ha lanzado varias iniciativas en los \u00faltimos meses. Entre otras, caben destacar la iniciativa \u00abMerkaUrola\u00bb cuyo objetivo fue conocer las costumbres de consumo de la comarca, y la campa\u00f1a de sensibilizaci\u00f3n que se puso en marcha para promover el comercio comarcal.<\/p>\n<p style=\"text-align: justify;\">A trav\u00e9s de estas jornadas, se quiere dar respuesta a dos necesidades identificadas en el comercio comarcal. Por un lado, ya que la edad de los comerciantes de la comarca es cada vez mayor, se ofrecer\u00e1 informaci\u00f3n a \u00e9stos para que gestionen la jubilaci\u00f3n adecuadamente. Por otro lado, el objetivo de la segunda jornada es aclarar los detalles de los procesos de transferencia de diferentes establecimientos comerciales.<\/p>\n<p style=\"text-align: justify;\"><span style=\"text-decoration: underline;\"><strong>NUEVO DECRETO DEL COMERCIO, NOTA:<\/strong><\/span><\/p>\n<p style=\"text-align: justify;\"><span style=\"text-decoration: underline;\"><\/span>Finalmente, se informa sobre una subvenci\u00f3n publicada por el Departamento de Turismo, Comercio y Consumo de la CAPV el 2 de octubre. As\u00ed podr\u00e1n beneficiarse de esta ayuda los nuevos establecimientos comerciales que se han dado de alta en IAE desde el 1 de julio de 2017, o que han abierto un nuevo punto de venta. En general, se apoyar\u00e1n los gastos realizados en la creaci\u00f3n o ampliaci\u00f3n de empresas.<\/p>\n<p style=\"text-align: justify;\">Cualquier comerciante que est\u00e1 interesado en esta ayuda, puede ponerse en contacto con el\/la responsable t\u00e9cnico de la asociaci\u00f3n de comerciantes de su municipio correspondiente siguiendo la informaci\u00f3n de contacto mencionada anteriormente.<\/p>\n","protected":false},"excerpt":{"rendered":"<p>La mesa de comerciantes de Urola Erdia, ha organizado en las \u00faltimas semanas 2 jornadas informativas en relaci\u00f3n a la jubilaci\u00f3n y el traspaso de negocios, dirigidas a los comerciantes de la comarca. El ciclo de jornadas se ha estructurado en 2 sesiones diferentes. La primera sesi\u00f3n tuvo lugar el 27 de septiembre en el [&hellip;]<\/p>\n","protected":false},"author":1,"featured_media":17862,"comment_status":"","ping_status":"closed","sticky":false,"template":"","format":"standard","meta":{"_acf_changed":false,"footnotes":""},"categories":[4],"tags":[],"class_list":["post-12468","post","type-post","status-publish","format-standard","has-post-thumbnail","hentry","category-noticias"],"acf":[],"yoast_head":"<!-- This site is optimized with the Yoast SEO plugin v27.4 - https:\/\/yoast.com\/product\/yoast-seo-wordpress\/ -->\n<title>Traspaso de negocios en el Sector del Comercio - Iraurgi Berritzen<\/title>\n<meta name=\"robots\" content=\"index, follow, max-snippet:-1, max-image-preview:large, max-video-preview:-1\" \/>\n<link rel=\"canonical\" href=\"https:\/\/iraurgiberritzen.eus\/es\/traspaso-de-negocios-en-el-sector-del-comercio\/\" \/>\n<meta property=\"og:locale\" content=\"es_ES\" \/>\n<meta property=\"og:type\" content=\"article\" \/>\n<meta property=\"og:title\" content=\"Traspaso de negocios en el Sector del Comercio - Iraurgi Berritzen\" \/>\n<meta property=\"og:description\" content=\"La mesa de comerciantes de Urola Erdia, ha organizado en las \u00faltimas semanas 2 jornadas informativas en relaci\u00f3n a la jubilaci\u00f3n y el traspaso de negocios, dirigidas a los comerciantes de la comarca. El ciclo de jornadas se ha estructurado en 2 sesiones diferentes. La primera sesi\u00f3n tuvo lugar el 27 de septiembre en el [&hellip;]\" \/>\n<meta property=\"og:url\" content=\"https:\/\/iraurgiberritzen.eus\/es\/traspaso-de-negocios-en-el-sector-del-comercio\/\" \/>\n<meta property=\"og:site_name\" content=\"Iraurgi Berritzen\" \/>\n<meta property=\"article:published_time\" content=\"2018-10-17T08:20:10+00:00\" \/>\n<meta name=\"author\" content=\"kudeatzailea\" \/>\n<meta name=\"twitter:card\" content=\"summary_large_image\" \/>\n<meta name=\"twitter:label1\" content=\"Escrito por\" \/>\n\t<meta name=\"twitter:data1\" content=\"kudeatzailea\" \/>\n\t<meta name=\"twitter:label2\" content=\"Tiempo de lectura\" \/>\n\t<meta name=\"twitter:data2\" content=\"3 minutos\" \/>\n<script type=\"application\/ld+json\" class=\"yoast-schema-graph\">{\"@context\":\"https:\\\/\\\/schema.org\",\"@graph\":[{\"@type\":\"Article\",\"@id\":\"https:\\\/\\\/iraurgiberritzen.eus\\\/es\\\/traspaso-de-negocios-en-el-sector-del-comercio\\\/#article\",\"isPartOf\":{\"@id\":\"https:\\\/\\\/iraurgiberritzen.eus\\\/es\\\/traspaso-de-negocios-en-el-sector-del-comercio\\\/\"},\"author\":{\"name\":\"kudeatzailea\",\"@id\":\"https:\\\/\\\/iraurgiberritzen.eus\\\/es\\\/#\\\/schema\\\/person\\\/5ab41aaf388a9097177601ebf45738d2\"},\"headline\":\"Traspaso de negocios en el Sector del Comercio\",\"datePublished\":\"2018-10-17T08:20:10+00:00\",\"mainEntityOfPage\":{\"@id\":\"https:\\\/\\\/iraurgiberritzen.eus\\\/es\\\/traspaso-de-negocios-en-el-sector-del-comercio\\\/\"},\"wordCount\":629,\"publisher\":{\"@id\":\"https:\\\/\\\/iraurgiberritzen.eus\\\/es\\\/#organization\"},\"image\":{\"@id\":\"https:\\\/\\\/iraurgiberritzen.eus\\\/es\\\/traspaso-de-negocios-en-el-sector-del-comercio\\\/#primaryimage\"},\"thumbnailUrl\":\"https:\\\/\\\/iraurgiberritzen.eus\\\/wp-content\\\/uploads\\\/2023\\\/09\\\/cc7d5309aa94aa0d0b6c12a9b8c6f0e5.jpg\",\"articleSection\":[\"Noticias\"],\"inLanguage\":\"es\"},{\"@type\":\"WebPage\",\"@id\":\"https:\\\/\\\/iraurgiberritzen.eus\\\/es\\\/traspaso-de-negocios-en-el-sector-del-comercio\\\/\",\"url\":\"https:\\\/\\\/iraurgiberritzen.eus\\\/es\\\/traspaso-de-negocios-en-el-sector-del-comercio\\\/\",\"name\":\"Traspaso de negocios en el Sector del Comercio - Iraurgi Berritzen\",\"isPartOf\":{\"@id\":\"https:\\\/\\\/iraurgiberritzen.eus\\\/es\\\/#website\"},\"primaryImageOfPage\":{\"@id\":\"https:\\\/\\\/iraurgiberritzen.eus\\\/es\\\/traspaso-de-negocios-en-el-sector-del-comercio\\\/#primaryimage\"},\"image\":{\"@id\":\"https:\\\/\\\/iraurgiberritzen.eus\\\/es\\\/traspaso-de-negocios-en-el-sector-del-comercio\\\/#primaryimage\"},\"thumbnailUrl\":\"https:\\\/\\\/iraurgiberritzen.eus\\\/wp-content\\\/uploads\\\/2023\\\/09\\\/cc7d5309aa94aa0d0b6c12a9b8c6f0e5.jpg\",\"datePublished\":\"2018-10-17T08:20:10+00:00\",\"breadcrumb\":{\"@id\":\"https:\\\/\\\/iraurgiberritzen.eus\\\/es\\\/traspaso-de-negocios-en-el-sector-del-comercio\\\/#breadcrumb\"},\"inLanguage\":\"es\",\"potentialAction\":[{\"@type\":\"ReadAction\",\"target\":[\"https:\\\/\\\/iraurgiberritzen.eus\\\/es\\\/traspaso-de-negocios-en-el-sector-del-comercio\\\/\"]}]},{\"@type\":\"ImageObject\",\"inLanguage\":\"es\",\"@id\":\"https:\\\/\\\/iraurgiberritzen.eus\\\/es\\\/traspaso-de-negocios-en-el-sector-del-comercio\\\/#primaryimage\",\"url\":\"https:\\\/\\\/iraurgiberritzen.eus\\\/wp-content\\\/uploads\\\/2023\\\/09\\\/cc7d5309aa94aa0d0b6c12a9b8c6f0e5.jpg\",\"contentUrl\":\"https:\\\/\\\/iraurgiberritzen.eus\\\/wp-content\\\/uploads\\\/2023\\\/09\\\/cc7d5309aa94aa0d0b6c12a9b8c6f0e5.jpg\",\"width\":600,\"height\":386},{\"@type\":\"BreadcrumbList\",\"@id\":\"https:\\\/\\\/iraurgiberritzen.eus\\\/es\\\/traspaso-de-negocios-en-el-sector-del-comercio\\\/#breadcrumb\",\"itemListElement\":[{\"@type\":\"ListItem\",\"position\":1,\"name\":\"Home\",\"item\":\"https:\\\/\\\/iraurgiberritzen.eus\\\/es\\\/\"},{\"@type\":\"ListItem\",\"position\":2,\"name\":\"Traspaso de negocios en el Sector del Comercio\"}]},{\"@type\":\"WebSite\",\"@id\":\"https:\\\/\\\/iraurgiberritzen.eus\\\/es\\\/#website\",\"url\":\"https:\\\/\\\/iraurgiberritzen.eus\\\/es\\\/\",\"name\":\"Iraurgi Berritzen\",\"description\":\"Urola Erdiko Garapen Agentzia\",\"publisher\":{\"@id\":\"https:\\\/\\\/iraurgiberritzen.eus\\\/es\\\/#organization\"},\"potentialAction\":[{\"@type\":\"SearchAction\",\"target\":{\"@type\":\"EntryPoint\",\"urlTemplate\":\"https:\\\/\\\/iraurgiberritzen.eus\\\/es\\\/?s={search_term_string}\"},\"query-input\":{\"@type\":\"PropertyValueSpecification\",\"valueRequired\":true,\"valueName\":\"search_term_string\"}}],\"inLanguage\":\"es\"},{\"@type\":\"Organization\",\"@id\":\"https:\\\/\\\/iraurgiberritzen.eus\\\/es\\\/#organization\",\"name\":\"Iraurgi Berritzen\",\"url\":\"https:\\\/\\\/iraurgiberritzen.eus\\\/es\\\/\",\"logo\":{\"@type\":\"ImageObject\",\"inLanguage\":\"es\",\"@id\":\"https:\\\/\\\/iraurgiberritzen.eus\\\/es\\\/#\\\/schema\\\/logo\\\/image\\\/\",\"url\":\"https:\\\/\\\/iraurgiberritzen.eus\\\/wp-content\\\/uploads\\\/2024\\\/02\\\/IRAURGI-BERRITZEN-logotipoa_2.png\",\"contentUrl\":\"https:\\\/\\\/iraurgiberritzen.eus\\\/wp-content\\\/uploads\\\/2024\\\/02\\\/IRAURGI-BERRITZEN-logotipoa_2.png\",\"width\":496,\"height\":190,\"caption\":\"Iraurgi Berritzen\"},\"image\":{\"@id\":\"https:\\\/\\\/iraurgiberritzen.eus\\\/es\\\/#\\\/schema\\\/logo\\\/image\\\/\"}},{\"@type\":\"Person\",\"@id\":\"https:\\\/\\\/iraurgiberritzen.eus\\\/es\\\/#\\\/schema\\\/person\\\/5ab41aaf388a9097177601ebf45738d2\",\"name\":\"kudeatzailea\",\"sameAs\":[\"https:\\\/\\\/iraurgiberritzen.eus\"]}]}<\/script>\n<!-- \/ Yoast SEO plugin. -->","yoast_head_json":{"title":"Traspaso de negocios en el Sector del Comercio - Iraurgi Berritzen","robots":{"index":"index","follow":"follow","max-snippet":"max-snippet:-1","max-image-preview":"max-image-preview:large","max-video-preview":"max-video-preview:-1"},"canonical":"https:\/\/iraurgiberritzen.eus\/es\/traspaso-de-negocios-en-el-sector-del-comercio\/","og_locale":"es_ES","og_type":"article","og_title":"Traspaso de negocios en el Sector del Comercio - Iraurgi Berritzen","og_description":"La mesa de comerciantes de Urola Erdia, ha organizado en las \u00faltimas semanas 2 jornadas informativas en relaci\u00f3n a la jubilaci\u00f3n y el traspaso de negocios, dirigidas a los comerciantes de la comarca. El ciclo de jornadas se ha estructurado en 2 sesiones diferentes. La primera sesi\u00f3n tuvo lugar el 27 de septiembre en el [&hellip;]","og_url":"https:\/\/iraurgiberritzen.eus\/es\/traspaso-de-negocios-en-el-sector-del-comercio\/","og_site_name":"Iraurgi Berritzen","article_published_time":"2018-10-17T08:20:10+00:00","author":"kudeatzailea","twitter_card":"summary_large_image","twitter_misc":{"Escrito por":"kudeatzailea","Tiempo de lectura":"3 minutos"},"schema":{"@context":"https:\/\/schema.org","@graph":[{"@type":"Article","@id":"https:\/\/iraurgiberritzen.eus\/es\/traspaso-de-negocios-en-el-sector-del-comercio\/#article","isPartOf":{"@id":"https:\/\/iraurgiberritzen.eus\/es\/traspaso-de-negocios-en-el-sector-del-comercio\/"},"author":{"name":"kudeatzailea","@id":"https:\/\/iraurgiberritzen.eus\/es\/#\/schema\/person\/5ab41aaf388a9097177601ebf45738d2"},"headline":"Traspaso de negocios en el Sector del Comercio","datePublished":"2018-10-17T08:20:10+00:00","mainEntityOfPage":{"@id":"https:\/\/iraurgiberritzen.eus\/es\/traspaso-de-negocios-en-el-sector-del-comercio\/"},"wordCount":629,"publisher":{"@id":"https:\/\/iraurgiberritzen.eus\/es\/#organization"},"image":{"@id":"https:\/\/iraurgiberritzen.eus\/es\/traspaso-de-negocios-en-el-sector-del-comercio\/#primaryimage"},"thumbnailUrl":"https:\/\/iraurgiberritzen.eus\/wp-content\/uploads\/2023\/09\/cc7d5309aa94aa0d0b6c12a9b8c6f0e5.jpg","articleSection":["Noticias"],"inLanguage":"es"},{"@type":"WebPage","@id":"https:\/\/iraurgiberritzen.eus\/es\/traspaso-de-negocios-en-el-sector-del-comercio\/","url":"https:\/\/iraurgiberritzen.eus\/es\/traspaso-de-negocios-en-el-sector-del-comercio\/","name":"Traspaso de negocios en el Sector del Comercio - Iraurgi Berritzen","isPartOf":{"@id":"https:\/\/iraurgiberritzen.eus\/es\/#website"},"primaryImageOfPage":{"@id":"https:\/\/iraurgiberritzen.eus\/es\/traspaso-de-negocios-en-el-sector-del-comercio\/#primaryimage"},"image":{"@id":"https:\/\/iraurgiberritzen.eus\/es\/traspaso-de-negocios-en-el-sector-del-comercio\/#primaryimage"},"thumbnailUrl":"https:\/\/iraurgiberritzen.eus\/wp-content\/uploads\/2023\/09\/cc7d5309aa94aa0d0b6c12a9b8c6f0e5.jpg","datePublished":"2018-10-17T08:20:10+00:00","breadcrumb":{"@id":"https:\/\/iraurgiberritzen.eus\/es\/traspaso-de-negocios-en-el-sector-del-comercio\/#breadcrumb"},"inLanguage":"es","potentialAction":[{"@type":"ReadAction","target":["https:\/\/iraurgiberritzen.eus\/es\/traspaso-de-negocios-en-el-sector-del-comercio\/"]}]},{"@type":"ImageObject","inLanguage":"es","@id":"https:\/\/iraurgiberritzen.eus\/es\/traspaso-de-negocios-en-el-sector-del-comercio\/#primaryimage","url":"https:\/\/iraurgiberritzen.eus\/wp-content\/uploads\/2023\/09\/cc7d5309aa94aa0d0b6c12a9b8c6f0e5.jpg","contentUrl":"https:\/\/iraurgiberritzen.eus\/wp-content\/uploads\/2023\/09\/cc7d5309aa94aa0d0b6c12a9b8c6f0e5.jpg","width":600,"height":386},{"@type":"BreadcrumbList","@id":"https:\/\/iraurgiberritzen.eus\/es\/traspaso-de-negocios-en-el-sector-del-comercio\/#breadcrumb","itemListElement":[{"@type":"ListItem","position":1,"name":"Home","item":"https:\/\/iraurgiberritzen.eus\/es\/"},{"@type":"ListItem","position":2,"name":"Traspaso de negocios en el Sector del Comercio"}]},{"@type":"WebSite","@id":"https:\/\/iraurgiberritzen.eus\/es\/#website","url":"https:\/\/iraurgiberritzen.eus\/es\/","name":"Iraurgi Berritzen","description":"Urola Erdiko Garapen Agentzia","publisher":{"@id":"https:\/\/iraurgiberritzen.eus\/es\/#organization"},"potentialAction":[{"@type":"SearchAction","target":{"@type":"EntryPoint","urlTemplate":"https:\/\/iraurgiberritzen.eus\/es\/?s={search_term_string}"},"query-input":{"@type":"PropertyValueSpecification","valueRequired":true,"valueName":"search_term_string"}}],"inLanguage":"es"},{"@type":"Organization","@id":"https:\/\/iraurgiberritzen.eus\/es\/#organization","name":"Iraurgi Berritzen","url":"https:\/\/iraurgiberritzen.eus\/es\/","logo":{"@type":"ImageObject","inLanguage":"es","@id":"https:\/\/iraurgiberritzen.eus\/es\/#\/schema\/logo\/image\/","url":"https:\/\/iraurgiberritzen.eus\/wp-content\/uploads\/2024\/02\/IRAURGI-BERRITZEN-logotipoa_2.png","contentUrl":"https:\/\/iraurgiberritzen.eus\/wp-content\/uploads\/2024\/02\/IRAURGI-BERRITZEN-logotipoa_2.png","width":496,"height":190,"caption":"Iraurgi Berritzen"},"image":{"@id":"https:\/\/iraurgiberritzen.eus\/es\/#\/schema\/logo\/image\/"}},{"@type":"Person","@id":"https:\/\/iraurgiberritzen.eus\/es\/#\/schema\/person\/5ab41aaf388a9097177601ebf45738d2","name":"kudeatzailea","sameAs":["https:\/\/iraurgiberritzen.eus"]}]}},"_links":{"self":[{"href":"https:\/\/iraurgiberritzen.eus\/es\/wp-json\/wp\/v2\/posts\/12468","targetHints":{"allow":["GET"]}}],"collection":[{"href":"https:\/\/iraurgiberritzen.eus\/es\/wp-json\/wp\/v2\/posts"}],"about":[{"href":"https:\/\/iraurgiberritzen.eus\/es\/wp-json\/wp\/v2\/types\/post"}],"author":[{"embeddable":true,"href":"https:\/\/iraurgiberritzen.eus\/es\/wp-json\/wp\/v2\/users\/1"}],"replies":[{"embeddable":true,"href":"https:\/\/iraurgiberritzen.eus\/es\/wp-json\/wp\/v2\/comments?post=12468"}],"version-history":[{"count":0,"href":"https:\/\/iraurgiberritzen.eus\/es\/wp-json\/wp\/v2\/posts\/12468\/revisions"}],"wp:featuredmedia":[{"embeddable":true,"href":"https:\/\/iraurgiberritzen.eus\/es\/wp-json\/wp\/v2\/media\/17862"}],"wp:attachment":[{"href":"https:\/\/iraurgiberritzen.eus\/es\/wp-json\/wp\/v2\/media?parent=12468"}],"wp:term":[{"taxonomy":"category","embeddable":true,"href":"https:\/\/iraurgiberritzen.eus\/es\/wp-json\/wp\/v2\/categories?post=12468"},{"taxonomy":"post_tag","embeddable":true,"href":"https:\/\/iraurgiberritzen.eus\/es\/wp-json\/wp\/v2\/tags?post=12468"}],"curies":[{"name":"wp","href":"https:\/\/api.w.org\/{rel}","templated":true}]}}