{"id":12471,"date":"2018-10-26T13:26:54","date_gmt":"2018-10-26T11:26:54","guid":{"rendered":"https:\/\/iraurgiberritzen.eus\/ciclo-de-jornadas-en-el-comercio-la-jubilacion-y-la-valoracion-de-negocios\/"},"modified":"2018-10-26T13:26:54","modified_gmt":"2018-10-26T11:26:54","slug":"ciclo-de-jornadas-en-el-comercio-la-jubilacion-y-la-valoracion-de-negocios","status":"publish","type":"post","link":"https:\/\/iraurgiberritzen.eus\/es\/ciclo-de-jornadas-en-el-comercio-la-jubilacion-y-la-valoracion-de-negocios\/","title":{"rendered":"Ciclo de jornadas en el Comercio. La jubilaci\u00f3n y la valoraci\u00f3n de negocios"},"content":{"rendered":"<p style=\"text-align: justify;\">La mesa de comercio de Urola Erdia, ha organizado en las ultimas semanas, 2 jornadas informativas sobre el tema de la jubilaci\u00f3n y el traspaso de negocios.<\/p>\n<p style=\"text-align: justify;\">El ciclo de jornadas, se ha estructurado en 2 sesiones y la primera de las mismas, se celebr\u00f3 el <strong>27<\/strong> <strong>de Septiembre<\/strong>. La primera jornada, tuvo como t\u00edtulo <strong>\u00abLa jubilaci\u00f3n en el sector comercial\u00bb<\/strong>, y se habl\u00f3 sobre la importancia de gestionar correctamente la jubilaci\u00f3n, as\u00ed como los aspectos a tener en cuenta. El <strong>25 de Octubre<\/strong>, se habl\u00f3 sobre el tema del traspaso y los criterios a tener en cuenta, as\u00ed como sobre el traspaso de negocios, y los aspectos que se deben cuidar. La jornada tuvo como t\u00edtulo <strong>\u00abLa valoraci\u00f3n y traspaso de negocios en el sector comercial\u00bb<\/strong>.<\/p>\n<p style=\"text-align: justify;\">En ambas jornadas, adem\u00e1s de los conceptos te\u00f3ricos, se presentaron casos reales para tratar de visualizar problem\u00e1ticas y cuestiones que suelen surgir en este tipo de situaciones, y de esta manera dar respuesta a posibles dudas. En ambas jornadas, la ponente fue Eunate Llona, de la empresa PKF Attest.<\/p>\n<p style=\"text-align: justify;\">Ambas sesiones, se han celebrado en el Sindikatu Zaharra de Azpeitia, y estaban dirigidas a todos los comerciantes de la comarca. En cada una de las jornadas, han participado una media de 30 establecimientos comerciales.<\/p>\n<p style=\"text-align: justify;\">El general, podemos decir que la valoraci\u00f3n del ciclo, ha sido muy positiva por parte de la mesa de comercio de Urola Erdia. Se ha cumplido con el objetivo de dar visibilidad, a la problem\u00e1tica que existe, a mas de 30 comercios en cada jornada. En los pr\u00f3ximos meses, se prev\u00e9 poner en marcha un grupo de trabajo para trabajar sobre el tema.<\/p>\n<p style=\"text-align: justify;\"><span style=\"text-decoration: underline;\"><strong>MESA DE COMERCIANTES DE UROLA ERDIA:<\/strong><\/span><\/p>\n<p style=\"text-align: justify;\">La mesa de comerciantes de la comarca la conforman Azkoitiko Udala, Azpeitiko Udala, Zestoako Udala, Dendartean &#8211; Gipuzkoako merkatari, ostalari, zerbitzu enpresa eta autonomo elkarteen bilkura-, Herrixen \u2013Azkoitiko Merkatarien Elkartea-, Bertan \u2013Azpeitiko Merkatarien Elkartea, Zestoan \u2013Zestoako Merkatarien Elkartea- e Iraurgi Berritzene \u2013Urola Erdiko Garapen eta Berrikuntza Agentzia- osatzen dute eskualdeko merkataritza mahaia.<\/p>\n<p style=\"text-align: justify;\">Este especio, a trav\u00e9s del desarrollo de proyectos de colaboraci\u00f3n entre los agentes miembro, tiene como objetivo promover el peque\u00f1o comercio comarcal ,y ha lanzado varias iniciativas en los \u00faltimos meses. Entre otras, caben destacar la iniciativa \u00abMerkaUrola\u00bb cuyo objetivo fue conocer las costumbres de consumo de la comarca, y la campa\u00f1a de sensibilizaci\u00f3n que se puso en marcha para promover el comercio comarcal. En los pr\u00f3ximos meses,la mesa de comerciantes de Urola Erdia seguir\u00e1 desarrollando en cooperaci\u00f3n otras l\u00edneas de trabajo.&nbsp;<span style=\"font-size: 10.0pt; font-family: 'Helvetica Light';\" lang=\"ES-TRAD\">En los pr\u00f3ximos meses, la mesa de comerciantes de Urola Erdia seguir\u00e1 desarrollando en cooperaci\u00f3n otras l\u00edneas de trabajo.<\/span><\/p>\n<p>&nbsp;<\/p>\n","protected":false},"excerpt":{"rendered":"<p>La mesa de comercio de Urola Erdia, ha organizado en las ultimas semanas, 2 jornadas informativas sobre el tema de la jubilaci\u00f3n y el traspaso de negocios. El ciclo de jornadas, se ha estructurado en 2 sesiones y la primera de las mismas, se celebr\u00f3 el 27 de Septiembre. La primera jornada, tuvo como t\u00edtulo [&hellip;]<\/p>\n","protected":false},"author":1,"featured_media":17863,"comment_status":"","ping_status":"closed","sticky":false,"template":"","format":"standard","meta":{"_acf_changed":false,"footnotes":""},"categories":[4],"tags":[],"class_list":["post-12471","post","type-post","status-publish","format-standard","has-post-thumbnail","hentry","category-noticias"],"acf":[],"yoast_head":"<!-- This site is optimized with the Yoast SEO plugin v27.4 - https:\/\/yoast.com\/product\/yoast-seo-wordpress\/ -->\n<title>Ciclo de jornadas en el Comercio. La jubilaci\u00f3n y la valoraci\u00f3n de negocios - Iraurgi Berritzen<\/title>\n<meta name=\"robots\" content=\"index, follow, max-snippet:-1, max-image-preview:large, max-video-preview:-1\" \/>\n<link rel=\"canonical\" href=\"https:\/\/iraurgiberritzen.eus\/es\/ciclo-de-jornadas-en-el-comercio-la-jubilacion-y-la-valoracion-de-negocios\/\" \/>\n<meta property=\"og:locale\" content=\"es_ES\" \/>\n<meta property=\"og:type\" content=\"article\" \/>\n<meta property=\"og:title\" content=\"Ciclo de jornadas en el Comercio. La jubilaci\u00f3n y la valoraci\u00f3n de negocios - Iraurgi Berritzen\" \/>\n<meta property=\"og:description\" content=\"La mesa de comercio de Urola Erdia, ha organizado en las ultimas semanas, 2 jornadas informativas sobre el tema de la jubilaci\u00f3n y el traspaso de negocios. El ciclo de jornadas, se ha estructurado en 2 sesiones y la primera de las mismas, se celebr\u00f3 el 27 de Septiembre. La primera jornada, tuvo como t\u00edtulo [&hellip;]\" \/>\n<meta property=\"og:url\" content=\"https:\/\/iraurgiberritzen.eus\/es\/ciclo-de-jornadas-en-el-comercio-la-jubilacion-y-la-valoracion-de-negocios\/\" \/>\n<meta property=\"og:site_name\" content=\"Iraurgi Berritzen\" \/>\n<meta property=\"article:published_time\" content=\"2018-10-26T11:26:54+00:00\" \/>\n<meta name=\"author\" content=\"kudeatzailea\" \/>\n<meta name=\"twitter:card\" content=\"summary_large_image\" \/>\n<meta name=\"twitter:label1\" content=\"Escrito por\" \/>\n\t<meta name=\"twitter:data1\" content=\"kudeatzailea\" \/>\n\t<meta name=\"twitter:label2\" content=\"Tiempo de lectura\" \/>\n\t<meta name=\"twitter:data2\" content=\"2 minutos\" \/>\n<script type=\"application\/ld+json\" class=\"yoast-schema-graph\">{\"@context\":\"https:\\\/\\\/schema.org\",\"@graph\":[{\"@type\":\"Article\",\"@id\":\"https:\\\/\\\/iraurgiberritzen.eus\\\/es\\\/ciclo-de-jornadas-en-el-comercio-la-jubilacion-y-la-valoracion-de-negocios\\\/#article\",\"isPartOf\":{\"@id\":\"https:\\\/\\\/iraurgiberritzen.eus\\\/es\\\/ciclo-de-jornadas-en-el-comercio-la-jubilacion-y-la-valoracion-de-negocios\\\/\"},\"author\":{\"name\":\"kudeatzailea\",\"@id\":\"https:\\\/\\\/iraurgiberritzen.eus\\\/es\\\/#\\\/schema\\\/person\\\/5ab41aaf388a9097177601ebf45738d2\"},\"headline\":\"Ciclo de jornadas en el Comercio. La jubilaci\u00f3n y la valoraci\u00f3n de negocios\",\"datePublished\":\"2018-10-26T11:26:54+00:00\",\"mainEntityOfPage\":{\"@id\":\"https:\\\/\\\/iraurgiberritzen.eus\\\/es\\\/ciclo-de-jornadas-en-el-comercio-la-jubilacion-y-la-valoracion-de-negocios\\\/\"},\"wordCount\":468,\"publisher\":{\"@id\":\"https:\\\/\\\/iraurgiberritzen.eus\\\/es\\\/#organization\"},\"image\":{\"@id\":\"https:\\\/\\\/iraurgiberritzen.eus\\\/es\\\/ciclo-de-jornadas-en-el-comercio-la-jubilacion-y-la-valoracion-de-negocios\\\/#primaryimage\"},\"thumbnailUrl\":\"https:\\\/\\\/iraurgiberritzen.eus\\\/wp-content\\\/uploads\\\/2023\\\/09\\\/c5c0a28a3994ca1491828123987c79bf.jpg\",\"articleSection\":[\"Noticias\"],\"inLanguage\":\"es\"},{\"@type\":\"WebPage\",\"@id\":\"https:\\\/\\\/iraurgiberritzen.eus\\\/es\\\/ciclo-de-jornadas-en-el-comercio-la-jubilacion-y-la-valoracion-de-negocios\\\/\",\"url\":\"https:\\\/\\\/iraurgiberritzen.eus\\\/es\\\/ciclo-de-jornadas-en-el-comercio-la-jubilacion-y-la-valoracion-de-negocios\\\/\",\"name\":\"Ciclo de jornadas en el Comercio. La jubilaci\u00f3n y la valoraci\u00f3n de negocios - Iraurgi Berritzen\",\"isPartOf\":{\"@id\":\"https:\\\/\\\/iraurgiberritzen.eus\\\/es\\\/#website\"},\"primaryImageOfPage\":{\"@id\":\"https:\\\/\\\/iraurgiberritzen.eus\\\/es\\\/ciclo-de-jornadas-en-el-comercio-la-jubilacion-y-la-valoracion-de-negocios\\\/#primaryimage\"},\"image\":{\"@id\":\"https:\\\/\\\/iraurgiberritzen.eus\\\/es\\\/ciclo-de-jornadas-en-el-comercio-la-jubilacion-y-la-valoracion-de-negocios\\\/#primaryimage\"},\"thumbnailUrl\":\"https:\\\/\\\/iraurgiberritzen.eus\\\/wp-content\\\/uploads\\\/2023\\\/09\\\/c5c0a28a3994ca1491828123987c79bf.jpg\",\"datePublished\":\"2018-10-26T11:26:54+00:00\",\"breadcrumb\":{\"@id\":\"https:\\\/\\\/iraurgiberritzen.eus\\\/es\\\/ciclo-de-jornadas-en-el-comercio-la-jubilacion-y-la-valoracion-de-negocios\\\/#breadcrumb\"},\"inLanguage\":\"es\",\"potentialAction\":[{\"@type\":\"ReadAction\",\"target\":[\"https:\\\/\\\/iraurgiberritzen.eus\\\/es\\\/ciclo-de-jornadas-en-el-comercio-la-jubilacion-y-la-valoracion-de-negocios\\\/\"]}]},{\"@type\":\"ImageObject\",\"inLanguage\":\"es\",\"@id\":\"https:\\\/\\\/iraurgiberritzen.eus\\\/es\\\/ciclo-de-jornadas-en-el-comercio-la-jubilacion-y-la-valoracion-de-negocios\\\/#primaryimage\",\"url\":\"https:\\\/\\\/iraurgiberritzen.eus\\\/wp-content\\\/uploads\\\/2023\\\/09\\\/c5c0a28a3994ca1491828123987c79bf.jpg\",\"contentUrl\":\"https:\\\/\\\/iraurgiberritzen.eus\\\/wp-content\\\/uploads\\\/2023\\\/09\\\/c5c0a28a3994ca1491828123987c79bf.jpg\",\"width\":600,\"height\":386},{\"@type\":\"BreadcrumbList\",\"@id\":\"https:\\\/\\\/iraurgiberritzen.eus\\\/es\\\/ciclo-de-jornadas-en-el-comercio-la-jubilacion-y-la-valoracion-de-negocios\\\/#breadcrumb\",\"itemListElement\":[{\"@type\":\"ListItem\",\"position\":1,\"name\":\"Home\",\"item\":\"https:\\\/\\\/iraurgiberritzen.eus\\\/es\\\/\"},{\"@type\":\"ListItem\",\"position\":2,\"name\":\"Ciclo de jornadas en el Comercio. La jubilaci\u00f3n y la valoraci\u00f3n de negocios\"}]},{\"@type\":\"WebSite\",\"@id\":\"https:\\\/\\\/iraurgiberritzen.eus\\\/es\\\/#website\",\"url\":\"https:\\\/\\\/iraurgiberritzen.eus\\\/es\\\/\",\"name\":\"Iraurgi Berritzen\",\"description\":\"Urola Erdiko Garapen Agentzia\",\"publisher\":{\"@id\":\"https:\\\/\\\/iraurgiberritzen.eus\\\/es\\\/#organization\"},\"potentialAction\":[{\"@type\":\"SearchAction\",\"target\":{\"@type\":\"EntryPoint\",\"urlTemplate\":\"https:\\\/\\\/iraurgiberritzen.eus\\\/es\\\/?s={search_term_string}\"},\"query-input\":{\"@type\":\"PropertyValueSpecification\",\"valueRequired\":true,\"valueName\":\"search_term_string\"}}],\"inLanguage\":\"es\"},{\"@type\":\"Organization\",\"@id\":\"https:\\\/\\\/iraurgiberritzen.eus\\\/es\\\/#organization\",\"name\":\"Iraurgi Berritzen\",\"url\":\"https:\\\/\\\/iraurgiberritzen.eus\\\/es\\\/\",\"logo\":{\"@type\":\"ImageObject\",\"inLanguage\":\"es\",\"@id\":\"https:\\\/\\\/iraurgiberritzen.eus\\\/es\\\/#\\\/schema\\\/logo\\\/image\\\/\",\"url\":\"https:\\\/\\\/iraurgiberritzen.eus\\\/wp-content\\\/uploads\\\/2024\\\/02\\\/IRAURGI-BERRITZEN-logotipoa_2.png\",\"contentUrl\":\"https:\\\/\\\/iraurgiberritzen.eus\\\/wp-content\\\/uploads\\\/2024\\\/02\\\/IRAURGI-BERRITZEN-logotipoa_2.png\",\"width\":496,\"height\":190,\"caption\":\"Iraurgi Berritzen\"},\"image\":{\"@id\":\"https:\\\/\\\/iraurgiberritzen.eus\\\/es\\\/#\\\/schema\\\/logo\\\/image\\\/\"}},{\"@type\":\"Person\",\"@id\":\"https:\\\/\\\/iraurgiberritzen.eus\\\/es\\\/#\\\/schema\\\/person\\\/5ab41aaf388a9097177601ebf45738d2\",\"name\":\"kudeatzailea\",\"sameAs\":[\"https:\\\/\\\/iraurgiberritzen.eus\"]}]}<\/script>\n<!-- \/ Yoast SEO plugin. -->","yoast_head_json":{"title":"Ciclo de jornadas en el Comercio. La jubilaci\u00f3n y la valoraci\u00f3n de negocios - Iraurgi Berritzen","robots":{"index":"index","follow":"follow","max-snippet":"max-snippet:-1","max-image-preview":"max-image-preview:large","max-video-preview":"max-video-preview:-1"},"canonical":"https:\/\/iraurgiberritzen.eus\/es\/ciclo-de-jornadas-en-el-comercio-la-jubilacion-y-la-valoracion-de-negocios\/","og_locale":"es_ES","og_type":"article","og_title":"Ciclo de jornadas en el Comercio. La jubilaci\u00f3n y la valoraci\u00f3n de negocios - Iraurgi Berritzen","og_description":"La mesa de comercio de Urola Erdia, ha organizado en las ultimas semanas, 2 jornadas informativas sobre el tema de la jubilaci\u00f3n y el traspaso de negocios. El ciclo de jornadas, se ha estructurado en 2 sesiones y la primera de las mismas, se celebr\u00f3 el 27 de Septiembre. La primera jornada, tuvo como t\u00edtulo [&hellip;]","og_url":"https:\/\/iraurgiberritzen.eus\/es\/ciclo-de-jornadas-en-el-comercio-la-jubilacion-y-la-valoracion-de-negocios\/","og_site_name":"Iraurgi Berritzen","article_published_time":"2018-10-26T11:26:54+00:00","author":"kudeatzailea","twitter_card":"summary_large_image","twitter_misc":{"Escrito por":"kudeatzailea","Tiempo de lectura":"2 minutos"},"schema":{"@context":"https:\/\/schema.org","@graph":[{"@type":"Article","@id":"https:\/\/iraurgiberritzen.eus\/es\/ciclo-de-jornadas-en-el-comercio-la-jubilacion-y-la-valoracion-de-negocios\/#article","isPartOf":{"@id":"https:\/\/iraurgiberritzen.eus\/es\/ciclo-de-jornadas-en-el-comercio-la-jubilacion-y-la-valoracion-de-negocios\/"},"author":{"name":"kudeatzailea","@id":"https:\/\/iraurgiberritzen.eus\/es\/#\/schema\/person\/5ab41aaf388a9097177601ebf45738d2"},"headline":"Ciclo de jornadas en el Comercio. La jubilaci\u00f3n y la valoraci\u00f3n de negocios","datePublished":"2018-10-26T11:26:54+00:00","mainEntityOfPage":{"@id":"https:\/\/iraurgiberritzen.eus\/es\/ciclo-de-jornadas-en-el-comercio-la-jubilacion-y-la-valoracion-de-negocios\/"},"wordCount":468,"publisher":{"@id":"https:\/\/iraurgiberritzen.eus\/es\/#organization"},"image":{"@id":"https:\/\/iraurgiberritzen.eus\/es\/ciclo-de-jornadas-en-el-comercio-la-jubilacion-y-la-valoracion-de-negocios\/#primaryimage"},"thumbnailUrl":"https:\/\/iraurgiberritzen.eus\/wp-content\/uploads\/2023\/09\/c5c0a28a3994ca1491828123987c79bf.jpg","articleSection":["Noticias"],"inLanguage":"es"},{"@type":"WebPage","@id":"https:\/\/iraurgiberritzen.eus\/es\/ciclo-de-jornadas-en-el-comercio-la-jubilacion-y-la-valoracion-de-negocios\/","url":"https:\/\/iraurgiberritzen.eus\/es\/ciclo-de-jornadas-en-el-comercio-la-jubilacion-y-la-valoracion-de-negocios\/","name":"Ciclo de jornadas en el Comercio. La jubilaci\u00f3n y la valoraci\u00f3n de negocios - Iraurgi Berritzen","isPartOf":{"@id":"https:\/\/iraurgiberritzen.eus\/es\/#website"},"primaryImageOfPage":{"@id":"https:\/\/iraurgiberritzen.eus\/es\/ciclo-de-jornadas-en-el-comercio-la-jubilacion-y-la-valoracion-de-negocios\/#primaryimage"},"image":{"@id":"https:\/\/iraurgiberritzen.eus\/es\/ciclo-de-jornadas-en-el-comercio-la-jubilacion-y-la-valoracion-de-negocios\/#primaryimage"},"thumbnailUrl":"https:\/\/iraurgiberritzen.eus\/wp-content\/uploads\/2023\/09\/c5c0a28a3994ca1491828123987c79bf.jpg","datePublished":"2018-10-26T11:26:54+00:00","breadcrumb":{"@id":"https:\/\/iraurgiberritzen.eus\/es\/ciclo-de-jornadas-en-el-comercio-la-jubilacion-y-la-valoracion-de-negocios\/#breadcrumb"},"inLanguage":"es","potentialAction":[{"@type":"ReadAction","target":["https:\/\/iraurgiberritzen.eus\/es\/ciclo-de-jornadas-en-el-comercio-la-jubilacion-y-la-valoracion-de-negocios\/"]}]},{"@type":"ImageObject","inLanguage":"es","@id":"https:\/\/iraurgiberritzen.eus\/es\/ciclo-de-jornadas-en-el-comercio-la-jubilacion-y-la-valoracion-de-negocios\/#primaryimage","url":"https:\/\/iraurgiberritzen.eus\/wp-content\/uploads\/2023\/09\/c5c0a28a3994ca1491828123987c79bf.jpg","contentUrl":"https:\/\/iraurgiberritzen.eus\/wp-content\/uploads\/2023\/09\/c5c0a28a3994ca1491828123987c79bf.jpg","width":600,"height":386},{"@type":"BreadcrumbList","@id":"https:\/\/iraurgiberritzen.eus\/es\/ciclo-de-jornadas-en-el-comercio-la-jubilacion-y-la-valoracion-de-negocios\/#breadcrumb","itemListElement":[{"@type":"ListItem","position":1,"name":"Home","item":"https:\/\/iraurgiberritzen.eus\/es\/"},{"@type":"ListItem","position":2,"name":"Ciclo de jornadas en el Comercio. La jubilaci\u00f3n y la valoraci\u00f3n de negocios"}]},{"@type":"WebSite","@id":"https:\/\/iraurgiberritzen.eus\/es\/#website","url":"https:\/\/iraurgiberritzen.eus\/es\/","name":"Iraurgi Berritzen","description":"Urola Erdiko Garapen Agentzia","publisher":{"@id":"https:\/\/iraurgiberritzen.eus\/es\/#organization"},"potentialAction":[{"@type":"SearchAction","target":{"@type":"EntryPoint","urlTemplate":"https:\/\/iraurgiberritzen.eus\/es\/?s={search_term_string}"},"query-input":{"@type":"PropertyValueSpecification","valueRequired":true,"valueName":"search_term_string"}}],"inLanguage":"es"},{"@type":"Organization","@id":"https:\/\/iraurgiberritzen.eus\/es\/#organization","name":"Iraurgi Berritzen","url":"https:\/\/iraurgiberritzen.eus\/es\/","logo":{"@type":"ImageObject","inLanguage":"es","@id":"https:\/\/iraurgiberritzen.eus\/es\/#\/schema\/logo\/image\/","url":"https:\/\/iraurgiberritzen.eus\/wp-content\/uploads\/2024\/02\/IRAURGI-BERRITZEN-logotipoa_2.png","contentUrl":"https:\/\/iraurgiberritzen.eus\/wp-content\/uploads\/2024\/02\/IRAURGI-BERRITZEN-logotipoa_2.png","width":496,"height":190,"caption":"Iraurgi Berritzen"},"image":{"@id":"https:\/\/iraurgiberritzen.eus\/es\/#\/schema\/logo\/image\/"}},{"@type":"Person","@id":"https:\/\/iraurgiberritzen.eus\/es\/#\/schema\/person\/5ab41aaf388a9097177601ebf45738d2","name":"kudeatzailea","sameAs":["https:\/\/iraurgiberritzen.eus"]}]}},"_links":{"self":[{"href":"https:\/\/iraurgiberritzen.eus\/es\/wp-json\/wp\/v2\/posts\/12471","targetHints":{"allow":["GET"]}}],"collection":[{"href":"https:\/\/iraurgiberritzen.eus\/es\/wp-json\/wp\/v2\/posts"}],"about":[{"href":"https:\/\/iraurgiberritzen.eus\/es\/wp-json\/wp\/v2\/types\/post"}],"author":[{"embeddable":true,"href":"https:\/\/iraurgiberritzen.eus\/es\/wp-json\/wp\/v2\/users\/1"}],"replies":[{"embeddable":true,"href":"https:\/\/iraurgiberritzen.eus\/es\/wp-json\/wp\/v2\/comments?post=12471"}],"version-history":[{"count":0,"href":"https:\/\/iraurgiberritzen.eus\/es\/wp-json\/wp\/v2\/posts\/12471\/revisions"}],"wp:featuredmedia":[{"embeddable":true,"href":"https:\/\/iraurgiberritzen.eus\/es\/wp-json\/wp\/v2\/media\/17863"}],"wp:attachment":[{"href":"https:\/\/iraurgiberritzen.eus\/es\/wp-json\/wp\/v2\/media?parent=12471"}],"wp:term":[{"taxonomy":"category","embeddable":true,"href":"https:\/\/iraurgiberritzen.eus\/es\/wp-json\/wp\/v2\/categories?post=12471"},{"taxonomy":"post_tag","embeddable":true,"href":"https:\/\/iraurgiberritzen.eus\/es\/wp-json\/wp\/v2\/tags?post=12471"}],"curies":[{"name":"wp","href":"https:\/\/api.w.org\/{rel}","templated":true}]}}