{"id":12474,"date":"2018-11-06T08:46:36","date_gmt":"2018-11-06T06:46:36","guid":{"rendered":"https:\/\/iraurgiberritzen.eus\/desarrollada-la-tercera-edicion-del-programa-bidelan\/"},"modified":"2018-11-06T08:46:36","modified_gmt":"2018-11-06T06:46:36","slug":"desarrollada-la-tercera-edicion-del-programa-bidelan","status":"publish","type":"post","link":"https:\/\/iraurgiberritzen.eus\/es\/desarrollada-la-tercera-edicion-del-programa-bidelan\/","title":{"rendered":"Desarrollada la tercera edici\u00f3n del Programa Bidelan"},"content":{"rendered":"<p>Desde el \u00e1rea de Empleo de Iraurgi Berritzen se ha desarrollado, del 15 al 23 de octubre, la tercera edici\u00f3n del Programa Bidelan, con la participaci\u00f3n de 15 personas.<\/p>\n<p style=\"text-align: justify;\">Todas las personas participantes han sido mujeres y nos hemos dirigido sobre todo a este colectivo, porque su tasa de desempleo es mayor en comparaci\u00f3n con los hombres. En 7 sesiones y utilizando la t\u00e9cnica Coaching, hemos realizado diferentes ejercicios para desarrollar sus habilidades personales y profesionales. Por otro lado, tambi\u00e9n hemos tenido visitas de agentes de diferentes sectores de la comarca:<\/p>\n<ul>\n<li style=\"text-align: justify;\">Del sector primario Olatz Lacomba (Urkome)<\/li>\n<li style=\"text-align: justify;\">Del sector industrial Marta Garcia (Sarralle)<\/li>\n<li style=\"text-align: justify;\">Dependencia y Tercera Edad Oihane y Naiara (Mugat)<\/li>\n<li style=\"text-align: justify;\">Autoempleo &#8211; Alazne Larra\u00f1aga (Iraurgi Berritzen)<\/li>\n<\/ul>\n<p style=\"text-align: justify;\">Las personas participantes han valorado muy positivamente el curso y estas visitas ya que han recibido una informaci\u00f3n muy \u00fatil, por ejemplo el tipo de perfil que se requiere para el trabajo. El objetivo de este programa ha sido motivar a estas personas para obtener un trabajo o formaci\u00f3n, y de momento algunas participantes se han inscrito a distintos cursos que Izarraitz Lanbide Heziketa va a impartir.<\/p>\n","protected":false},"excerpt":{"rendered":"<p>Desde el \u00e1rea de Empleo de Iraurgi Berritzen se ha desarrollado, del 15 al 23 de octubre, la tercera edici\u00f3n del Programa Bidelan, con la participaci\u00f3n de 15 personas. Todas las personas participantes han sido mujeres y nos hemos dirigido sobre todo a este colectivo, porque su tasa de desempleo es mayor en comparaci\u00f3n con [&hellip;]<\/p>\n","protected":false},"author":1,"featured_media":17864,"comment_status":"","ping_status":"closed","sticky":false,"template":"","format":"standard","meta":{"_acf_changed":false,"footnotes":""},"categories":[4],"tags":[],"class_list":["post-12474","post","type-post","status-publish","format-standard","has-post-thumbnail","hentry","category-noticias"],"acf":[],"yoast_head":"<!-- This site is optimized with the Yoast SEO plugin v27.4 - https:\/\/yoast.com\/product\/yoast-seo-wordpress\/ -->\n<title>Desarrollada la tercera edici\u00f3n del Programa Bidelan - Iraurgi Berritzen<\/title>\n<meta name=\"robots\" content=\"index, follow, max-snippet:-1, max-image-preview:large, max-video-preview:-1\" \/>\n<link rel=\"canonical\" href=\"https:\/\/iraurgiberritzen.eus\/es\/desarrollada-la-tercera-edicion-del-programa-bidelan\/\" \/>\n<meta property=\"og:locale\" content=\"es_ES\" \/>\n<meta property=\"og:type\" content=\"article\" \/>\n<meta property=\"og:title\" content=\"Desarrollada la tercera edici\u00f3n del Programa Bidelan - Iraurgi Berritzen\" \/>\n<meta property=\"og:description\" content=\"Desde el \u00e1rea de Empleo de Iraurgi Berritzen se ha desarrollado, del 15 al 23 de octubre, la tercera edici\u00f3n del Programa Bidelan, con la participaci\u00f3n de 15 personas. Todas las personas participantes han sido mujeres y nos hemos dirigido sobre todo a este colectivo, porque su tasa de desempleo es mayor en comparaci\u00f3n con [&hellip;]\" \/>\n<meta property=\"og:url\" content=\"https:\/\/iraurgiberritzen.eus\/es\/desarrollada-la-tercera-edicion-del-programa-bidelan\/\" \/>\n<meta property=\"og:site_name\" content=\"Iraurgi Berritzen\" \/>\n<meta property=\"article:published_time\" content=\"2018-11-06T06:46:36+00:00\" \/>\n<meta name=\"author\" content=\"kudeatzailea\" \/>\n<meta name=\"twitter:card\" content=\"summary_large_image\" \/>\n<meta name=\"twitter:label1\" content=\"Escrito por\" \/>\n\t<meta name=\"twitter:data1\" content=\"kudeatzailea\" \/>\n\t<meta name=\"twitter:label2\" content=\"Tiempo de lectura\" \/>\n\t<meta name=\"twitter:data2\" content=\"1 minuto\" \/>\n<script type=\"application\/ld+json\" class=\"yoast-schema-graph\">{\"@context\":\"https:\\\/\\\/schema.org\",\"@graph\":[{\"@type\":\"Article\",\"@id\":\"https:\\\/\\\/iraurgiberritzen.eus\\\/es\\\/desarrollada-la-tercera-edicion-del-programa-bidelan\\\/#article\",\"isPartOf\":{\"@id\":\"https:\\\/\\\/iraurgiberritzen.eus\\\/es\\\/desarrollada-la-tercera-edicion-del-programa-bidelan\\\/\"},\"author\":{\"name\":\"kudeatzailea\",\"@id\":\"https:\\\/\\\/iraurgiberritzen.eus\\\/es\\\/#\\\/schema\\\/person\\\/5ab41aaf388a9097177601ebf45738d2\"},\"headline\":\"Desarrollada la tercera edici\u00f3n del Programa Bidelan\",\"datePublished\":\"2018-11-06T06:46:36+00:00\",\"mainEntityOfPage\":{\"@id\":\"https:\\\/\\\/iraurgiberritzen.eus\\\/es\\\/desarrollada-la-tercera-edicion-del-programa-bidelan\\\/\"},\"wordCount\":196,\"publisher\":{\"@id\":\"https:\\\/\\\/iraurgiberritzen.eus\\\/es\\\/#organization\"},\"image\":{\"@id\":\"https:\\\/\\\/iraurgiberritzen.eus\\\/es\\\/desarrollada-la-tercera-edicion-del-programa-bidelan\\\/#primaryimage\"},\"thumbnailUrl\":\"https:\\\/\\\/iraurgiberritzen.eus\\\/wp-content\\\/uploads\\\/2023\\\/09\\\/e914558b2d1ba8901152392da365c367.jpg\",\"articleSection\":[\"Noticias\"],\"inLanguage\":\"es\"},{\"@type\":\"WebPage\",\"@id\":\"https:\\\/\\\/iraurgiberritzen.eus\\\/es\\\/desarrollada-la-tercera-edicion-del-programa-bidelan\\\/\",\"url\":\"https:\\\/\\\/iraurgiberritzen.eus\\\/es\\\/desarrollada-la-tercera-edicion-del-programa-bidelan\\\/\",\"name\":\"Desarrollada la tercera edici\u00f3n del Programa Bidelan - Iraurgi Berritzen\",\"isPartOf\":{\"@id\":\"https:\\\/\\\/iraurgiberritzen.eus\\\/es\\\/#website\"},\"primaryImageOfPage\":{\"@id\":\"https:\\\/\\\/iraurgiberritzen.eus\\\/es\\\/desarrollada-la-tercera-edicion-del-programa-bidelan\\\/#primaryimage\"},\"image\":{\"@id\":\"https:\\\/\\\/iraurgiberritzen.eus\\\/es\\\/desarrollada-la-tercera-edicion-del-programa-bidelan\\\/#primaryimage\"},\"thumbnailUrl\":\"https:\\\/\\\/iraurgiberritzen.eus\\\/wp-content\\\/uploads\\\/2023\\\/09\\\/e914558b2d1ba8901152392da365c367.jpg\",\"datePublished\":\"2018-11-06T06:46:36+00:00\",\"breadcrumb\":{\"@id\":\"https:\\\/\\\/iraurgiberritzen.eus\\\/es\\\/desarrollada-la-tercera-edicion-del-programa-bidelan\\\/#breadcrumb\"},\"inLanguage\":\"es\",\"potentialAction\":[{\"@type\":\"ReadAction\",\"target\":[\"https:\\\/\\\/iraurgiberritzen.eus\\\/es\\\/desarrollada-la-tercera-edicion-del-programa-bidelan\\\/\"]}]},{\"@type\":\"ImageObject\",\"inLanguage\":\"es\",\"@id\":\"https:\\\/\\\/iraurgiberritzen.eus\\\/es\\\/desarrollada-la-tercera-edicion-del-programa-bidelan\\\/#primaryimage\",\"url\":\"https:\\\/\\\/iraurgiberritzen.eus\\\/wp-content\\\/uploads\\\/2023\\\/09\\\/e914558b2d1ba8901152392da365c367.jpg\",\"contentUrl\":\"https:\\\/\\\/iraurgiberritzen.eus\\\/wp-content\\\/uploads\\\/2023\\\/09\\\/e914558b2d1ba8901152392da365c367.jpg\",\"width\":600,\"height\":386},{\"@type\":\"BreadcrumbList\",\"@id\":\"https:\\\/\\\/iraurgiberritzen.eus\\\/es\\\/desarrollada-la-tercera-edicion-del-programa-bidelan\\\/#breadcrumb\",\"itemListElement\":[{\"@type\":\"ListItem\",\"position\":1,\"name\":\"Home\",\"item\":\"https:\\\/\\\/iraurgiberritzen.eus\\\/es\\\/\"},{\"@type\":\"ListItem\",\"position\":2,\"name\":\"Desarrollada la tercera edici\u00f3n del Programa Bidelan\"}]},{\"@type\":\"WebSite\",\"@id\":\"https:\\\/\\\/iraurgiberritzen.eus\\\/es\\\/#website\",\"url\":\"https:\\\/\\\/iraurgiberritzen.eus\\\/es\\\/\",\"name\":\"Iraurgi Berritzen\",\"description\":\"Urola Erdiko Garapen Agentzia\",\"publisher\":{\"@id\":\"https:\\\/\\\/iraurgiberritzen.eus\\\/es\\\/#organization\"},\"potentialAction\":[{\"@type\":\"SearchAction\",\"target\":{\"@type\":\"EntryPoint\",\"urlTemplate\":\"https:\\\/\\\/iraurgiberritzen.eus\\\/es\\\/?s={search_term_string}\"},\"query-input\":{\"@type\":\"PropertyValueSpecification\",\"valueRequired\":true,\"valueName\":\"search_term_string\"}}],\"inLanguage\":\"es\"},{\"@type\":\"Organization\",\"@id\":\"https:\\\/\\\/iraurgiberritzen.eus\\\/es\\\/#organization\",\"name\":\"Iraurgi Berritzen\",\"url\":\"https:\\\/\\\/iraurgiberritzen.eus\\\/es\\\/\",\"logo\":{\"@type\":\"ImageObject\",\"inLanguage\":\"es\",\"@id\":\"https:\\\/\\\/iraurgiberritzen.eus\\\/es\\\/#\\\/schema\\\/logo\\\/image\\\/\",\"url\":\"https:\\\/\\\/iraurgiberritzen.eus\\\/wp-content\\\/uploads\\\/2024\\\/02\\\/IRAURGI-BERRITZEN-logotipoa_2.png\",\"contentUrl\":\"https:\\\/\\\/iraurgiberritzen.eus\\\/wp-content\\\/uploads\\\/2024\\\/02\\\/IRAURGI-BERRITZEN-logotipoa_2.png\",\"width\":496,\"height\":190,\"caption\":\"Iraurgi Berritzen\"},\"image\":{\"@id\":\"https:\\\/\\\/iraurgiberritzen.eus\\\/es\\\/#\\\/schema\\\/logo\\\/image\\\/\"}},{\"@type\":\"Person\",\"@id\":\"https:\\\/\\\/iraurgiberritzen.eus\\\/es\\\/#\\\/schema\\\/person\\\/5ab41aaf388a9097177601ebf45738d2\",\"name\":\"kudeatzailea\",\"sameAs\":[\"https:\\\/\\\/iraurgiberritzen.eus\"]}]}<\/script>\n<!-- \/ Yoast SEO plugin. -->","yoast_head_json":{"title":"Desarrollada la tercera edici\u00f3n del Programa Bidelan - Iraurgi Berritzen","robots":{"index":"index","follow":"follow","max-snippet":"max-snippet:-1","max-image-preview":"max-image-preview:large","max-video-preview":"max-video-preview:-1"},"canonical":"https:\/\/iraurgiberritzen.eus\/es\/desarrollada-la-tercera-edicion-del-programa-bidelan\/","og_locale":"es_ES","og_type":"article","og_title":"Desarrollada la tercera edici\u00f3n del Programa Bidelan - Iraurgi Berritzen","og_description":"Desde el \u00e1rea de Empleo de Iraurgi Berritzen se ha desarrollado, del 15 al 23 de octubre, la tercera edici\u00f3n del Programa Bidelan, con la participaci\u00f3n de 15 personas. Todas las personas participantes han sido mujeres y nos hemos dirigido sobre todo a este colectivo, porque su tasa de desempleo es mayor en comparaci\u00f3n con [&hellip;]","og_url":"https:\/\/iraurgiberritzen.eus\/es\/desarrollada-la-tercera-edicion-del-programa-bidelan\/","og_site_name":"Iraurgi Berritzen","article_published_time":"2018-11-06T06:46:36+00:00","author":"kudeatzailea","twitter_card":"summary_large_image","twitter_misc":{"Escrito por":"kudeatzailea","Tiempo de lectura":"1 minuto"},"schema":{"@context":"https:\/\/schema.org","@graph":[{"@type":"Article","@id":"https:\/\/iraurgiberritzen.eus\/es\/desarrollada-la-tercera-edicion-del-programa-bidelan\/#article","isPartOf":{"@id":"https:\/\/iraurgiberritzen.eus\/es\/desarrollada-la-tercera-edicion-del-programa-bidelan\/"},"author":{"name":"kudeatzailea","@id":"https:\/\/iraurgiberritzen.eus\/es\/#\/schema\/person\/5ab41aaf388a9097177601ebf45738d2"},"headline":"Desarrollada la tercera edici\u00f3n del Programa Bidelan","datePublished":"2018-11-06T06:46:36+00:00","mainEntityOfPage":{"@id":"https:\/\/iraurgiberritzen.eus\/es\/desarrollada-la-tercera-edicion-del-programa-bidelan\/"},"wordCount":196,"publisher":{"@id":"https:\/\/iraurgiberritzen.eus\/es\/#organization"},"image":{"@id":"https:\/\/iraurgiberritzen.eus\/es\/desarrollada-la-tercera-edicion-del-programa-bidelan\/#primaryimage"},"thumbnailUrl":"https:\/\/iraurgiberritzen.eus\/wp-content\/uploads\/2023\/09\/e914558b2d1ba8901152392da365c367.jpg","articleSection":["Noticias"],"inLanguage":"es"},{"@type":"WebPage","@id":"https:\/\/iraurgiberritzen.eus\/es\/desarrollada-la-tercera-edicion-del-programa-bidelan\/","url":"https:\/\/iraurgiberritzen.eus\/es\/desarrollada-la-tercera-edicion-del-programa-bidelan\/","name":"Desarrollada la tercera edici\u00f3n del Programa Bidelan - Iraurgi Berritzen","isPartOf":{"@id":"https:\/\/iraurgiberritzen.eus\/es\/#website"},"primaryImageOfPage":{"@id":"https:\/\/iraurgiberritzen.eus\/es\/desarrollada-la-tercera-edicion-del-programa-bidelan\/#primaryimage"},"image":{"@id":"https:\/\/iraurgiberritzen.eus\/es\/desarrollada-la-tercera-edicion-del-programa-bidelan\/#primaryimage"},"thumbnailUrl":"https:\/\/iraurgiberritzen.eus\/wp-content\/uploads\/2023\/09\/e914558b2d1ba8901152392da365c367.jpg","datePublished":"2018-11-06T06:46:36+00:00","breadcrumb":{"@id":"https:\/\/iraurgiberritzen.eus\/es\/desarrollada-la-tercera-edicion-del-programa-bidelan\/#breadcrumb"},"inLanguage":"es","potentialAction":[{"@type":"ReadAction","target":["https:\/\/iraurgiberritzen.eus\/es\/desarrollada-la-tercera-edicion-del-programa-bidelan\/"]}]},{"@type":"ImageObject","inLanguage":"es","@id":"https:\/\/iraurgiberritzen.eus\/es\/desarrollada-la-tercera-edicion-del-programa-bidelan\/#primaryimage","url":"https:\/\/iraurgiberritzen.eus\/wp-content\/uploads\/2023\/09\/e914558b2d1ba8901152392da365c367.jpg","contentUrl":"https:\/\/iraurgiberritzen.eus\/wp-content\/uploads\/2023\/09\/e914558b2d1ba8901152392da365c367.jpg","width":600,"height":386},{"@type":"BreadcrumbList","@id":"https:\/\/iraurgiberritzen.eus\/es\/desarrollada-la-tercera-edicion-del-programa-bidelan\/#breadcrumb","itemListElement":[{"@type":"ListItem","position":1,"name":"Home","item":"https:\/\/iraurgiberritzen.eus\/es\/"},{"@type":"ListItem","position":2,"name":"Desarrollada la tercera edici\u00f3n del Programa Bidelan"}]},{"@type":"WebSite","@id":"https:\/\/iraurgiberritzen.eus\/es\/#website","url":"https:\/\/iraurgiberritzen.eus\/es\/","name":"Iraurgi Berritzen","description":"Urola Erdiko Garapen Agentzia","publisher":{"@id":"https:\/\/iraurgiberritzen.eus\/es\/#organization"},"potentialAction":[{"@type":"SearchAction","target":{"@type":"EntryPoint","urlTemplate":"https:\/\/iraurgiberritzen.eus\/es\/?s={search_term_string}"},"query-input":{"@type":"PropertyValueSpecification","valueRequired":true,"valueName":"search_term_string"}}],"inLanguage":"es"},{"@type":"Organization","@id":"https:\/\/iraurgiberritzen.eus\/es\/#organization","name":"Iraurgi Berritzen","url":"https:\/\/iraurgiberritzen.eus\/es\/","logo":{"@type":"ImageObject","inLanguage":"es","@id":"https:\/\/iraurgiberritzen.eus\/es\/#\/schema\/logo\/image\/","url":"https:\/\/iraurgiberritzen.eus\/wp-content\/uploads\/2024\/02\/IRAURGI-BERRITZEN-logotipoa_2.png","contentUrl":"https:\/\/iraurgiberritzen.eus\/wp-content\/uploads\/2024\/02\/IRAURGI-BERRITZEN-logotipoa_2.png","width":496,"height":190,"caption":"Iraurgi Berritzen"},"image":{"@id":"https:\/\/iraurgiberritzen.eus\/es\/#\/schema\/logo\/image\/"}},{"@type":"Person","@id":"https:\/\/iraurgiberritzen.eus\/es\/#\/schema\/person\/5ab41aaf388a9097177601ebf45738d2","name":"kudeatzailea","sameAs":["https:\/\/iraurgiberritzen.eus"]}]}},"_links":{"self":[{"href":"https:\/\/iraurgiberritzen.eus\/es\/wp-json\/wp\/v2\/posts\/12474","targetHints":{"allow":["GET"]}}],"collection":[{"href":"https:\/\/iraurgiberritzen.eus\/es\/wp-json\/wp\/v2\/posts"}],"about":[{"href":"https:\/\/iraurgiberritzen.eus\/es\/wp-json\/wp\/v2\/types\/post"}],"author":[{"embeddable":true,"href":"https:\/\/iraurgiberritzen.eus\/es\/wp-json\/wp\/v2\/users\/1"}],"replies":[{"embeddable":true,"href":"https:\/\/iraurgiberritzen.eus\/es\/wp-json\/wp\/v2\/comments?post=12474"}],"version-history":[{"count":0,"href":"https:\/\/iraurgiberritzen.eus\/es\/wp-json\/wp\/v2\/posts\/12474\/revisions"}],"wp:featuredmedia":[{"embeddable":true,"href":"https:\/\/iraurgiberritzen.eus\/es\/wp-json\/wp\/v2\/media\/17864"}],"wp:attachment":[{"href":"https:\/\/iraurgiberritzen.eus\/es\/wp-json\/wp\/v2\/media?parent=12474"}],"wp:term":[{"taxonomy":"category","embeddable":true,"href":"https:\/\/iraurgiberritzen.eus\/es\/wp-json\/wp\/v2\/categories?post=12474"},{"taxonomy":"post_tag","embeddable":true,"href":"https:\/\/iraurgiberritzen.eus\/es\/wp-json\/wp\/v2\/tags?post=12474"}],"curies":[{"name":"wp","href":"https:\/\/api.w.org\/{rel}","templated":true}]}}