{"id":12477,"date":"2018-11-07T06:22:14","date_gmt":"2018-11-07T04:22:14","guid":{"rendered":"https:\/\/iraurgiberritzen.eus\/de-la-mano-de-ib-enpresa-gunea-ha-celebrado-el-3er-encuentro-durante-este-2018\/"},"modified":"2018-11-07T06:22:14","modified_gmt":"2018-11-07T04:22:14","slug":"de-la-mano-de-ib-enpresa-gunea-ha-celebrado-el-3er-encuentro-durante-este-2018","status":"publish","type":"post","link":"https:\/\/iraurgiberritzen.eus\/es\/de-la-mano-de-ib-enpresa-gunea-ha-celebrado-el-3er-encuentro-durante-este-2018\/","title":{"rendered":"De la mano de IB, ENPRESA GUNEA ha celebrado el 3er encuentro durante este 2018"},"content":{"rendered":"<p style=\"text-align: justify;\">El pasado 18 de octubre, se han reunido los representantes de las empresas que conforman Enpresa Gunea y el equipo t\u00e9cnico del \u00e1rea de empresa de Iraurgi Berritzen, para analizar el desarrollo de los proyectos empresariales actuales, y de nuevas necesidades de cara a los meses siguientes.<\/p>\n<p style=\"text-align: justify;\">La finalizaci\u00f3n en Julio de algunos de los proyectos financiados por la Diputaci\u00f3n Foral de Gipuzkoa (Hornitu III, Ur3dtzen, etc), desde el \u00e1rea de empresa de IB se han realizado solicitudes para el desarrollo de nuevos proyectos con empresas de la comarca, obteniendo en total una financiaci\u00f3n de 107.038,13\u20ac (un 97% de lo solicitado). Los siguientes proyectos ya han comenzado a desarrollarse, analiz\u00e1ndose en el encuentro sus objetivos y acciones: BalioKaEratuz, MegaLana, DigiTek, SarElkartzen, KalEnplentuz.<\/p>\n<ul style=\"text-align: justify;\">\n<li style=\"text-align: justify;\"><strong>BalioKaEraTuz:<\/strong> An\u00e1lisis de las cadenas de valor del tejido econ\u00f3mico de la comarca e identificaci\u00f3n de nuevos nichos de oportunidad.<\/li>\n<li style=\"text-align: justify;\"><strong>DigiTek:<\/strong> Promover la gesti\u00f3n cliente-proveedor en las empresas del sector de m\u00e1quina herramienta mediante herramientas TIC.<\/li>\n<li style=\"text-align: justify;\"><strong>SarElkarltzen:<\/strong> Promover la colaboraci\u00f3n de las empresas de la comarca acerc\u00e1ndose m\u00e1s a las empresas de Zestoa.<\/li>\n<li style=\"text-align: justify;\"><strong>MegaLana:<\/strong> Promover la colaboraci\u00f3n entre mecanizadores y caldereros en base a sus necesidades.<\/li>\n<li style=\"text-align: justify;\"><strong>KalEnplentuz:<\/strong> Promoci\u00f3n del empleo de calidad.<\/li>\n<\/ul>\n<p style=\"text-align: justify;\">Adem\u00e1s de estos proyectos, se ha realizado el seguimiento y contraste de varios proyectos ya en marcha, recabando propuestas para el futuro: iniciativas de capacitaci\u00f3n para empresas, empleo, servicio de intermediaci\u00f3n de ofertas de empleo y pr\u00e1cticas, cursos con compromiso de contrataci\u00f3n, planes de igualdad, prevenci\u00f3n de riesgos en el sector del metal, etc.&nbsp;<\/p>\n<p style=\"text-align: justify;\">En este encuentro tambi\u00e9n se ha decidido la composici\u00f3n del nuevo Enpresa Gunea de cara al 2019: Nerea Iriarte (Lan Mobel); Maria Dominguez (Domusa); Pello (Kimu Bat) y Edurne Odriozola (Odrinox) representantes de empresas que llevan m\u00e1s de 2 a\u00f1os, ser\u00e1n relevados por representantes de nuevas empresas: Marta Garcia (Sarralle); Naiara Aldazabal (Biele); Diego Benitez (Tecnicur).<\/p>\n<p style=\"text-align: justify;\">Participantes:<\/p>\n<p style=\"text-align: justify;\">Lan Mobel (Miguel Ucin); Domusa (Maria Dominguez); Xubi (Aritz Martija); Sidenor (Cruz Alberdi); Glual (I\u00f1aki Txapartegi); Munibe Group (Aitor Gurrutxaga).<br \/>Iraurgi Berritzen (Bego\u00f1a Beobide, Itziar Abarisketa; Jaione Valverde; I\u00f1igo Solozabal; y Jon Zubizarreta).<\/p>\n<p style=\"text-align: justify;\">Gracias a todos por vuestra colaboraci\u00f3n y bienvenidos a los nuevos miembros.<\/p>\n<img decoding=\"async\" style=\"text-align: center; display: block; margin-left: auto; margin-right: auto;\" src=\"images\/Enpresa_Gunea_logoak.png\" alt=\"Enpresa_Gunea_logoak.png\" \/>\n","protected":false},"excerpt":{"rendered":"<p>El pasado 18 de octubre, se han reunido los representantes de las empresas que conforman Enpresa Gunea y el equipo t\u00e9cnico del \u00e1rea de empresa de Iraurgi Berritzen, para analizar el desarrollo de los proyectos empresariales actuales, y de nuevas necesidades de cara a los meses siguientes. La finalizaci\u00f3n en Julio de algunos de los [&hellip;]<\/p>\n","protected":false},"author":1,"featured_media":17865,"comment_status":"","ping_status":"closed","sticky":false,"template":"","format":"standard","meta":{"_acf_changed":false,"footnotes":""},"categories":[4],"tags":[],"class_list":["post-12477","post","type-post","status-publish","format-standard","has-post-thumbnail","hentry","category-noticias"],"acf":[],"yoast_head":"<!-- This site is optimized with the Yoast SEO plugin v27.4 - https:\/\/yoast.com\/product\/yoast-seo-wordpress\/ -->\n<title>De la mano de IB, ENPRESA GUNEA ha celebrado el 3er encuentro durante este 2018 - Iraurgi Berritzen<\/title>\n<meta name=\"robots\" content=\"index, follow, max-snippet:-1, max-image-preview:large, max-video-preview:-1\" \/>\n<link rel=\"canonical\" href=\"https:\/\/iraurgiberritzen.eus\/es\/de-la-mano-de-ib-enpresa-gunea-ha-celebrado-el-3er-encuentro-durante-este-2018\/\" \/>\n<meta property=\"og:locale\" content=\"es_ES\" \/>\n<meta property=\"og:type\" content=\"article\" \/>\n<meta property=\"og:title\" content=\"De la mano de IB, ENPRESA GUNEA ha celebrado el 3er encuentro durante este 2018 - Iraurgi Berritzen\" \/>\n<meta property=\"og:description\" content=\"El pasado 18 de octubre, se han reunido los representantes de las empresas que conforman Enpresa Gunea y el equipo t\u00e9cnico del \u00e1rea de empresa de Iraurgi Berritzen, para analizar el desarrollo de los proyectos empresariales actuales, y de nuevas necesidades de cara a los meses siguientes. La finalizaci\u00f3n en Julio de algunos de los [&hellip;]\" \/>\n<meta property=\"og:url\" content=\"https:\/\/iraurgiberritzen.eus\/es\/de-la-mano-de-ib-enpresa-gunea-ha-celebrado-el-3er-encuentro-durante-este-2018\/\" \/>\n<meta property=\"og:site_name\" content=\"Iraurgi Berritzen\" \/>\n<meta property=\"article:published_time\" content=\"2018-11-07T04:22:14+00:00\" \/>\n<meta name=\"author\" content=\"kudeatzailea\" \/>\n<meta name=\"twitter:card\" content=\"summary_large_image\" \/>\n<meta name=\"twitter:label1\" content=\"Escrito por\" \/>\n\t<meta name=\"twitter:data1\" content=\"kudeatzailea\" \/>\n\t<meta name=\"twitter:label2\" content=\"Tiempo de lectura\" \/>\n\t<meta name=\"twitter:data2\" content=\"2 minutos\" \/>\n<script type=\"application\/ld+json\" class=\"yoast-schema-graph\">{\"@context\":\"https:\\\/\\\/schema.org\",\"@graph\":[{\"@type\":\"Article\",\"@id\":\"https:\\\/\\\/iraurgiberritzen.eus\\\/es\\\/de-la-mano-de-ib-enpresa-gunea-ha-celebrado-el-3er-encuentro-durante-este-2018\\\/#article\",\"isPartOf\":{\"@id\":\"https:\\\/\\\/iraurgiberritzen.eus\\\/es\\\/de-la-mano-de-ib-enpresa-gunea-ha-celebrado-el-3er-encuentro-durante-este-2018\\\/\"},\"author\":{\"name\":\"kudeatzailea\",\"@id\":\"https:\\\/\\\/iraurgiberritzen.eus\\\/es\\\/#\\\/schema\\\/person\\\/5ab41aaf388a9097177601ebf45738d2\"},\"headline\":\"De la mano de IB, ENPRESA GUNEA ha celebrado el 3er encuentro durante este 2018\",\"datePublished\":\"2018-11-07T04:22:14+00:00\",\"mainEntityOfPage\":{\"@id\":\"https:\\\/\\\/iraurgiberritzen.eus\\\/es\\\/de-la-mano-de-ib-enpresa-gunea-ha-celebrado-el-3er-encuentro-durante-este-2018\\\/\"},\"wordCount\":391,\"publisher\":{\"@id\":\"https:\\\/\\\/iraurgiberritzen.eus\\\/es\\\/#organization\"},\"image\":{\"@id\":\"https:\\\/\\\/iraurgiberritzen.eus\\\/es\\\/de-la-mano-de-ib-enpresa-gunea-ha-celebrado-el-3er-encuentro-durante-este-2018\\\/#primaryimage\"},\"thumbnailUrl\":\"https:\\\/\\\/iraurgiberritzen.eus\\\/wp-content\\\/uploads\\\/2023\\\/09\\\/1fb8d2d7c882fbaba1a2c09d1d9cbe68.jpg\",\"articleSection\":[\"Noticias\"],\"inLanguage\":\"es\"},{\"@type\":\"WebPage\",\"@id\":\"https:\\\/\\\/iraurgiberritzen.eus\\\/es\\\/de-la-mano-de-ib-enpresa-gunea-ha-celebrado-el-3er-encuentro-durante-este-2018\\\/\",\"url\":\"https:\\\/\\\/iraurgiberritzen.eus\\\/es\\\/de-la-mano-de-ib-enpresa-gunea-ha-celebrado-el-3er-encuentro-durante-este-2018\\\/\",\"name\":\"De la mano de IB, ENPRESA GUNEA ha celebrado el 3er encuentro durante este 2018 - Iraurgi Berritzen\",\"isPartOf\":{\"@id\":\"https:\\\/\\\/iraurgiberritzen.eus\\\/es\\\/#website\"},\"primaryImageOfPage\":{\"@id\":\"https:\\\/\\\/iraurgiberritzen.eus\\\/es\\\/de-la-mano-de-ib-enpresa-gunea-ha-celebrado-el-3er-encuentro-durante-este-2018\\\/#primaryimage\"},\"image\":{\"@id\":\"https:\\\/\\\/iraurgiberritzen.eus\\\/es\\\/de-la-mano-de-ib-enpresa-gunea-ha-celebrado-el-3er-encuentro-durante-este-2018\\\/#primaryimage\"},\"thumbnailUrl\":\"https:\\\/\\\/iraurgiberritzen.eus\\\/wp-content\\\/uploads\\\/2023\\\/09\\\/1fb8d2d7c882fbaba1a2c09d1d9cbe68.jpg\",\"datePublished\":\"2018-11-07T04:22:14+00:00\",\"breadcrumb\":{\"@id\":\"https:\\\/\\\/iraurgiberritzen.eus\\\/es\\\/de-la-mano-de-ib-enpresa-gunea-ha-celebrado-el-3er-encuentro-durante-este-2018\\\/#breadcrumb\"},\"inLanguage\":\"es\",\"potentialAction\":[{\"@type\":\"ReadAction\",\"target\":[\"https:\\\/\\\/iraurgiberritzen.eus\\\/es\\\/de-la-mano-de-ib-enpresa-gunea-ha-celebrado-el-3er-encuentro-durante-este-2018\\\/\"]}]},{\"@type\":\"ImageObject\",\"inLanguage\":\"es\",\"@id\":\"https:\\\/\\\/iraurgiberritzen.eus\\\/es\\\/de-la-mano-de-ib-enpresa-gunea-ha-celebrado-el-3er-encuentro-durante-este-2018\\\/#primaryimage\",\"url\":\"https:\\\/\\\/iraurgiberritzen.eus\\\/wp-content\\\/uploads\\\/2023\\\/09\\\/1fb8d2d7c882fbaba1a2c09d1d9cbe68.jpg\",\"contentUrl\":\"https:\\\/\\\/iraurgiberritzen.eus\\\/wp-content\\\/uploads\\\/2023\\\/09\\\/1fb8d2d7c882fbaba1a2c09d1d9cbe68.jpg\",\"width\":600,\"height\":386},{\"@type\":\"BreadcrumbList\",\"@id\":\"https:\\\/\\\/iraurgiberritzen.eus\\\/es\\\/de-la-mano-de-ib-enpresa-gunea-ha-celebrado-el-3er-encuentro-durante-este-2018\\\/#breadcrumb\",\"itemListElement\":[{\"@type\":\"ListItem\",\"position\":1,\"name\":\"Home\",\"item\":\"https:\\\/\\\/iraurgiberritzen.eus\\\/es\\\/\"},{\"@type\":\"ListItem\",\"position\":2,\"name\":\"De la mano de IB, ENPRESA GUNEA ha celebrado el 3er encuentro durante este 2018\"}]},{\"@type\":\"WebSite\",\"@id\":\"https:\\\/\\\/iraurgiberritzen.eus\\\/es\\\/#website\",\"url\":\"https:\\\/\\\/iraurgiberritzen.eus\\\/es\\\/\",\"name\":\"Iraurgi Berritzen\",\"description\":\"Urola Erdiko Garapen Agentzia\",\"publisher\":{\"@id\":\"https:\\\/\\\/iraurgiberritzen.eus\\\/es\\\/#organization\"},\"potentialAction\":[{\"@type\":\"SearchAction\",\"target\":{\"@type\":\"EntryPoint\",\"urlTemplate\":\"https:\\\/\\\/iraurgiberritzen.eus\\\/es\\\/?s={search_term_string}\"},\"query-input\":{\"@type\":\"PropertyValueSpecification\",\"valueRequired\":true,\"valueName\":\"search_term_string\"}}],\"inLanguage\":\"es\"},{\"@type\":\"Organization\",\"@id\":\"https:\\\/\\\/iraurgiberritzen.eus\\\/es\\\/#organization\",\"name\":\"Iraurgi Berritzen\",\"url\":\"https:\\\/\\\/iraurgiberritzen.eus\\\/es\\\/\",\"logo\":{\"@type\":\"ImageObject\",\"inLanguage\":\"es\",\"@id\":\"https:\\\/\\\/iraurgiberritzen.eus\\\/es\\\/#\\\/schema\\\/logo\\\/image\\\/\",\"url\":\"https:\\\/\\\/iraurgiberritzen.eus\\\/wp-content\\\/uploads\\\/2024\\\/02\\\/IRAURGI-BERRITZEN-logotipoa_2.png\",\"contentUrl\":\"https:\\\/\\\/iraurgiberritzen.eus\\\/wp-content\\\/uploads\\\/2024\\\/02\\\/IRAURGI-BERRITZEN-logotipoa_2.png\",\"width\":496,\"height\":190,\"caption\":\"Iraurgi Berritzen\"},\"image\":{\"@id\":\"https:\\\/\\\/iraurgiberritzen.eus\\\/es\\\/#\\\/schema\\\/logo\\\/image\\\/\"}},{\"@type\":\"Person\",\"@id\":\"https:\\\/\\\/iraurgiberritzen.eus\\\/es\\\/#\\\/schema\\\/person\\\/5ab41aaf388a9097177601ebf45738d2\",\"name\":\"kudeatzailea\",\"sameAs\":[\"https:\\\/\\\/iraurgiberritzen.eus\"]}]}<\/script>\n<!-- \/ Yoast SEO plugin. -->","yoast_head_json":{"title":"De la mano de IB, ENPRESA GUNEA ha celebrado el 3er encuentro durante este 2018 - Iraurgi Berritzen","robots":{"index":"index","follow":"follow","max-snippet":"max-snippet:-1","max-image-preview":"max-image-preview:large","max-video-preview":"max-video-preview:-1"},"canonical":"https:\/\/iraurgiberritzen.eus\/es\/de-la-mano-de-ib-enpresa-gunea-ha-celebrado-el-3er-encuentro-durante-este-2018\/","og_locale":"es_ES","og_type":"article","og_title":"De la mano de IB, ENPRESA GUNEA ha celebrado el 3er encuentro durante este 2018 - Iraurgi Berritzen","og_description":"El pasado 18 de octubre, se han reunido los representantes de las empresas que conforman Enpresa Gunea y el equipo t\u00e9cnico del \u00e1rea de empresa de Iraurgi Berritzen, para analizar el desarrollo de los proyectos empresariales actuales, y de nuevas necesidades de cara a los meses siguientes. La finalizaci\u00f3n en Julio de algunos de los [&hellip;]","og_url":"https:\/\/iraurgiberritzen.eus\/es\/de-la-mano-de-ib-enpresa-gunea-ha-celebrado-el-3er-encuentro-durante-este-2018\/","og_site_name":"Iraurgi Berritzen","article_published_time":"2018-11-07T04:22:14+00:00","author":"kudeatzailea","twitter_card":"summary_large_image","twitter_misc":{"Escrito por":"kudeatzailea","Tiempo de lectura":"2 minutos"},"schema":{"@context":"https:\/\/schema.org","@graph":[{"@type":"Article","@id":"https:\/\/iraurgiberritzen.eus\/es\/de-la-mano-de-ib-enpresa-gunea-ha-celebrado-el-3er-encuentro-durante-este-2018\/#article","isPartOf":{"@id":"https:\/\/iraurgiberritzen.eus\/es\/de-la-mano-de-ib-enpresa-gunea-ha-celebrado-el-3er-encuentro-durante-este-2018\/"},"author":{"name":"kudeatzailea","@id":"https:\/\/iraurgiberritzen.eus\/es\/#\/schema\/person\/5ab41aaf388a9097177601ebf45738d2"},"headline":"De la mano de IB, ENPRESA GUNEA ha celebrado el 3er encuentro durante este 2018","datePublished":"2018-11-07T04:22:14+00:00","mainEntityOfPage":{"@id":"https:\/\/iraurgiberritzen.eus\/es\/de-la-mano-de-ib-enpresa-gunea-ha-celebrado-el-3er-encuentro-durante-este-2018\/"},"wordCount":391,"publisher":{"@id":"https:\/\/iraurgiberritzen.eus\/es\/#organization"},"image":{"@id":"https:\/\/iraurgiberritzen.eus\/es\/de-la-mano-de-ib-enpresa-gunea-ha-celebrado-el-3er-encuentro-durante-este-2018\/#primaryimage"},"thumbnailUrl":"https:\/\/iraurgiberritzen.eus\/wp-content\/uploads\/2023\/09\/1fb8d2d7c882fbaba1a2c09d1d9cbe68.jpg","articleSection":["Noticias"],"inLanguage":"es"},{"@type":"WebPage","@id":"https:\/\/iraurgiberritzen.eus\/es\/de-la-mano-de-ib-enpresa-gunea-ha-celebrado-el-3er-encuentro-durante-este-2018\/","url":"https:\/\/iraurgiberritzen.eus\/es\/de-la-mano-de-ib-enpresa-gunea-ha-celebrado-el-3er-encuentro-durante-este-2018\/","name":"De la mano de IB, ENPRESA GUNEA ha celebrado el 3er encuentro durante este 2018 - Iraurgi Berritzen","isPartOf":{"@id":"https:\/\/iraurgiberritzen.eus\/es\/#website"},"primaryImageOfPage":{"@id":"https:\/\/iraurgiberritzen.eus\/es\/de-la-mano-de-ib-enpresa-gunea-ha-celebrado-el-3er-encuentro-durante-este-2018\/#primaryimage"},"image":{"@id":"https:\/\/iraurgiberritzen.eus\/es\/de-la-mano-de-ib-enpresa-gunea-ha-celebrado-el-3er-encuentro-durante-este-2018\/#primaryimage"},"thumbnailUrl":"https:\/\/iraurgiberritzen.eus\/wp-content\/uploads\/2023\/09\/1fb8d2d7c882fbaba1a2c09d1d9cbe68.jpg","datePublished":"2018-11-07T04:22:14+00:00","breadcrumb":{"@id":"https:\/\/iraurgiberritzen.eus\/es\/de-la-mano-de-ib-enpresa-gunea-ha-celebrado-el-3er-encuentro-durante-este-2018\/#breadcrumb"},"inLanguage":"es","potentialAction":[{"@type":"ReadAction","target":["https:\/\/iraurgiberritzen.eus\/es\/de-la-mano-de-ib-enpresa-gunea-ha-celebrado-el-3er-encuentro-durante-este-2018\/"]}]},{"@type":"ImageObject","inLanguage":"es","@id":"https:\/\/iraurgiberritzen.eus\/es\/de-la-mano-de-ib-enpresa-gunea-ha-celebrado-el-3er-encuentro-durante-este-2018\/#primaryimage","url":"https:\/\/iraurgiberritzen.eus\/wp-content\/uploads\/2023\/09\/1fb8d2d7c882fbaba1a2c09d1d9cbe68.jpg","contentUrl":"https:\/\/iraurgiberritzen.eus\/wp-content\/uploads\/2023\/09\/1fb8d2d7c882fbaba1a2c09d1d9cbe68.jpg","width":600,"height":386},{"@type":"BreadcrumbList","@id":"https:\/\/iraurgiberritzen.eus\/es\/de-la-mano-de-ib-enpresa-gunea-ha-celebrado-el-3er-encuentro-durante-este-2018\/#breadcrumb","itemListElement":[{"@type":"ListItem","position":1,"name":"Home","item":"https:\/\/iraurgiberritzen.eus\/es\/"},{"@type":"ListItem","position":2,"name":"De la mano de IB, ENPRESA GUNEA ha celebrado el 3er encuentro durante este 2018"}]},{"@type":"WebSite","@id":"https:\/\/iraurgiberritzen.eus\/es\/#website","url":"https:\/\/iraurgiberritzen.eus\/es\/","name":"Iraurgi Berritzen","description":"Urola Erdiko Garapen Agentzia","publisher":{"@id":"https:\/\/iraurgiberritzen.eus\/es\/#organization"},"potentialAction":[{"@type":"SearchAction","target":{"@type":"EntryPoint","urlTemplate":"https:\/\/iraurgiberritzen.eus\/es\/?s={search_term_string}"},"query-input":{"@type":"PropertyValueSpecification","valueRequired":true,"valueName":"search_term_string"}}],"inLanguage":"es"},{"@type":"Organization","@id":"https:\/\/iraurgiberritzen.eus\/es\/#organization","name":"Iraurgi Berritzen","url":"https:\/\/iraurgiberritzen.eus\/es\/","logo":{"@type":"ImageObject","inLanguage":"es","@id":"https:\/\/iraurgiberritzen.eus\/es\/#\/schema\/logo\/image\/","url":"https:\/\/iraurgiberritzen.eus\/wp-content\/uploads\/2024\/02\/IRAURGI-BERRITZEN-logotipoa_2.png","contentUrl":"https:\/\/iraurgiberritzen.eus\/wp-content\/uploads\/2024\/02\/IRAURGI-BERRITZEN-logotipoa_2.png","width":496,"height":190,"caption":"Iraurgi Berritzen"},"image":{"@id":"https:\/\/iraurgiberritzen.eus\/es\/#\/schema\/logo\/image\/"}},{"@type":"Person","@id":"https:\/\/iraurgiberritzen.eus\/es\/#\/schema\/person\/5ab41aaf388a9097177601ebf45738d2","name":"kudeatzailea","sameAs":["https:\/\/iraurgiberritzen.eus"]}]}},"_links":{"self":[{"href":"https:\/\/iraurgiberritzen.eus\/es\/wp-json\/wp\/v2\/posts\/12477","targetHints":{"allow":["GET"]}}],"collection":[{"href":"https:\/\/iraurgiberritzen.eus\/es\/wp-json\/wp\/v2\/posts"}],"about":[{"href":"https:\/\/iraurgiberritzen.eus\/es\/wp-json\/wp\/v2\/types\/post"}],"author":[{"embeddable":true,"href":"https:\/\/iraurgiberritzen.eus\/es\/wp-json\/wp\/v2\/users\/1"}],"replies":[{"embeddable":true,"href":"https:\/\/iraurgiberritzen.eus\/es\/wp-json\/wp\/v2\/comments?post=12477"}],"version-history":[{"count":0,"href":"https:\/\/iraurgiberritzen.eus\/es\/wp-json\/wp\/v2\/posts\/12477\/revisions"}],"wp:featuredmedia":[{"embeddable":true,"href":"https:\/\/iraurgiberritzen.eus\/es\/wp-json\/wp\/v2\/media\/17865"}],"wp:attachment":[{"href":"https:\/\/iraurgiberritzen.eus\/es\/wp-json\/wp\/v2\/media?parent=12477"}],"wp:term":[{"taxonomy":"category","embeddable":true,"href":"https:\/\/iraurgiberritzen.eus\/es\/wp-json\/wp\/v2\/categories?post=12477"},{"taxonomy":"post_tag","embeddable":true,"href":"https:\/\/iraurgiberritzen.eus\/es\/wp-json\/wp\/v2\/tags?post=12477"}],"curies":[{"name":"wp","href":"https:\/\/api.w.org\/{rel}","templated":true}]}}