{"id":12483,"date":"2018-11-26T06:49:53","date_gmt":"2018-11-26T04:49:53","guid":{"rendered":"https:\/\/iraurgiberritzen.eus\/iii-cafe-tertulia-miedos-y-desarrollo-personal\/"},"modified":"2018-11-26T06:49:53","modified_gmt":"2018-11-26T04:49:53","slug":"iii-cafe-tertulia-miedos-y-desarrollo-personal","status":"publish","type":"post","link":"https:\/\/iraurgiberritzen.eus\/es\/iii-cafe-tertulia-miedos-y-desarrollo-personal\/","title":{"rendered":"III Caf\u00e9 tertulia. Miedos y desarrollo personal"},"content":{"rendered":"<p>El 22 de noviembre celebramos la III Caf\u00e9 Tertulia, dentro de la l\u00ednea de trabajo \u00abKLINK Gune\u00bb.<\/p>\n<p style=\"text-align: justify;\">En esta ocasi\u00f3n, el tema a tratar fue la gesti\u00f3n de las emociones, y para ello, contamos con la presencia de Leire Olaberria, ciclista profesional, que nos habl\u00f3 de los miedos y del desarrollo personal.<\/p>\n<p style=\"text-align: justify;\">Partiendo desde su experiencia profesional, comparti\u00f3 sus vivencias y la verdad fue tan interesante como emocionante. Remarc\u00f3 la importancia que tiene el fijar objetivos para conseguir resultados, \u00absin objetivos no hay resultados\u00bb. Por otra parte, tambi\u00e9n incidi\u00f3 en la necesidad de ser autocr\u00edticos con nosotros mismos, como emprendedores.<\/p>\n<p style=\"text-align: justify;\">En cuanto al tema de los miedos, el mensaje fue claro, \u00abel superarlos es una motivaci\u00f3n extra para conseguir resultados\u00bb. En el aspecto personal, dec\u00eda que la persona no esta preparada para fracasar pero que tampoco para el \u00e9xito excesivo.<\/p>\n<p style=\"text-align: justify;\">En resumen, y si tuvi\u00e9semos que dar un mensaje a los emprendedores seria el siguiente, \u00absin objetivos no hay resultados, y por tanto tampoco motivaci\u00f3n, y para ello es necesario superar miedos y contar con el apoyo de alguien (pareja, madre, hermano&#8230;) que nos acompa\u00f1e en esa trayectoria\u00bb.<\/p>\n<p style=\"text-align: justify;\">Tras conocer la experiencia de Leire, y en la parte de la tertulia, los participantes tuvieron la ocasi\u00f3n de compartir con Leire sus miedos y reflexiones desde la cercan\u00eda, acompa\u00f1ado de un caf\u00e9. Una experiencia maravillosa.<\/p>\n<p style=\"text-align: justify;\">URKOME e IRAURGI BERRITZEN, son lo promotores de esta iniciativa, y gracias a KIROLGI, pudimos contar con la presencia de Leire Olaberria.<\/p>\n","protected":false},"excerpt":{"rendered":"<p>El 22 de noviembre celebramos la III Caf\u00e9 Tertulia, dentro de la l\u00ednea de trabajo \u00abKLINK Gune\u00bb. En esta ocasi\u00f3n, el tema a tratar fue la gesti\u00f3n de las emociones, y para ello, contamos con la presencia de Leire Olaberria, ciclista profesional, que nos habl\u00f3 de los miedos y del desarrollo personal. Partiendo desde su [&hellip;]<\/p>\n","protected":false},"author":1,"featured_media":17848,"comment_status":"","ping_status":"closed","sticky":false,"template":"","format":"standard","meta":{"_acf_changed":false,"footnotes":""},"categories":[4],"tags":[],"class_list":["post-12483","post","type-post","status-publish","format-standard","has-post-thumbnail","hentry","category-noticias"],"acf":[],"yoast_head":"<!-- This site is optimized with the Yoast SEO plugin v27.4 - https:\/\/yoast.com\/product\/yoast-seo-wordpress\/ -->\n<title>III Caf\u00e9 tertulia. Miedos y desarrollo personal - Iraurgi Berritzen<\/title>\n<meta name=\"robots\" content=\"index, follow, max-snippet:-1, max-image-preview:large, max-video-preview:-1\" \/>\n<link rel=\"canonical\" href=\"https:\/\/iraurgiberritzen.eus\/es\/iii-cafe-tertulia-miedos-y-desarrollo-personal\/\" \/>\n<meta property=\"og:locale\" content=\"es_ES\" \/>\n<meta property=\"og:type\" content=\"article\" \/>\n<meta property=\"og:title\" content=\"III Caf\u00e9 tertulia. Miedos y desarrollo personal - Iraurgi Berritzen\" \/>\n<meta property=\"og:description\" content=\"El 22 de noviembre celebramos la III Caf\u00e9 Tertulia, dentro de la l\u00ednea de trabajo \u00abKLINK Gune\u00bb. En esta ocasi\u00f3n, el tema a tratar fue la gesti\u00f3n de las emociones, y para ello, contamos con la presencia de Leire Olaberria, ciclista profesional, que nos habl\u00f3 de los miedos y del desarrollo personal. Partiendo desde su [&hellip;]\" \/>\n<meta property=\"og:url\" content=\"https:\/\/iraurgiberritzen.eus\/es\/iii-cafe-tertulia-miedos-y-desarrollo-personal\/\" \/>\n<meta property=\"og:site_name\" content=\"Iraurgi Berritzen\" \/>\n<meta property=\"article:published_time\" content=\"2018-11-26T04:49:53+00:00\" \/>\n<meta name=\"author\" content=\"kudeatzailea\" \/>\n<meta name=\"twitter:card\" content=\"summary_large_image\" \/>\n<meta name=\"twitter:label1\" content=\"Escrito por\" \/>\n\t<meta name=\"twitter:data1\" content=\"kudeatzailea\" \/>\n\t<meta name=\"twitter:label2\" content=\"Tiempo de lectura\" \/>\n\t<meta name=\"twitter:data2\" content=\"1 minuto\" \/>\n<script type=\"application\/ld+json\" class=\"yoast-schema-graph\">{\"@context\":\"https:\\\/\\\/schema.org\",\"@graph\":[{\"@type\":\"Article\",\"@id\":\"https:\\\/\\\/iraurgiberritzen.eus\\\/es\\\/iii-cafe-tertulia-miedos-y-desarrollo-personal\\\/#article\",\"isPartOf\":{\"@id\":\"https:\\\/\\\/iraurgiberritzen.eus\\\/es\\\/iii-cafe-tertulia-miedos-y-desarrollo-personal\\\/\"},\"author\":{\"name\":\"kudeatzailea\",\"@id\":\"https:\\\/\\\/iraurgiberritzen.eus\\\/es\\\/#\\\/schema\\\/person\\\/5ab41aaf388a9097177601ebf45738d2\"},\"headline\":\"III Caf\u00e9 tertulia. Miedos y desarrollo personal\",\"datePublished\":\"2018-11-26T04:49:53+00:00\",\"mainEntityOfPage\":{\"@id\":\"https:\\\/\\\/iraurgiberritzen.eus\\\/es\\\/iii-cafe-tertulia-miedos-y-desarrollo-personal\\\/\"},\"wordCount\":265,\"publisher\":{\"@id\":\"https:\\\/\\\/iraurgiberritzen.eus\\\/es\\\/#organization\"},\"image\":{\"@id\":\"https:\\\/\\\/iraurgiberritzen.eus\\\/es\\\/iii-cafe-tertulia-miedos-y-desarrollo-personal\\\/#primaryimage\"},\"thumbnailUrl\":\"https:\\\/\\\/iraurgiberritzen.eus\\\/wp-content\\\/uploads\\\/2023\\\/09\\\/893c4fdc824f051f07606f44d5d60e5a.jpg\",\"articleSection\":[\"Noticias\"],\"inLanguage\":\"es\"},{\"@type\":\"WebPage\",\"@id\":\"https:\\\/\\\/iraurgiberritzen.eus\\\/es\\\/iii-cafe-tertulia-miedos-y-desarrollo-personal\\\/\",\"url\":\"https:\\\/\\\/iraurgiberritzen.eus\\\/es\\\/iii-cafe-tertulia-miedos-y-desarrollo-personal\\\/\",\"name\":\"III Caf\u00e9 tertulia. Miedos y desarrollo personal - Iraurgi Berritzen\",\"isPartOf\":{\"@id\":\"https:\\\/\\\/iraurgiberritzen.eus\\\/es\\\/#website\"},\"primaryImageOfPage\":{\"@id\":\"https:\\\/\\\/iraurgiberritzen.eus\\\/es\\\/iii-cafe-tertulia-miedos-y-desarrollo-personal\\\/#primaryimage\"},\"image\":{\"@id\":\"https:\\\/\\\/iraurgiberritzen.eus\\\/es\\\/iii-cafe-tertulia-miedos-y-desarrollo-personal\\\/#primaryimage\"},\"thumbnailUrl\":\"https:\\\/\\\/iraurgiberritzen.eus\\\/wp-content\\\/uploads\\\/2023\\\/09\\\/893c4fdc824f051f07606f44d5d60e5a.jpg\",\"datePublished\":\"2018-11-26T04:49:53+00:00\",\"breadcrumb\":{\"@id\":\"https:\\\/\\\/iraurgiberritzen.eus\\\/es\\\/iii-cafe-tertulia-miedos-y-desarrollo-personal\\\/#breadcrumb\"},\"inLanguage\":\"es\",\"potentialAction\":[{\"@type\":\"ReadAction\",\"target\":[\"https:\\\/\\\/iraurgiberritzen.eus\\\/es\\\/iii-cafe-tertulia-miedos-y-desarrollo-personal\\\/\"]}]},{\"@type\":\"ImageObject\",\"inLanguage\":\"es\",\"@id\":\"https:\\\/\\\/iraurgiberritzen.eus\\\/es\\\/iii-cafe-tertulia-miedos-y-desarrollo-personal\\\/#primaryimage\",\"url\":\"https:\\\/\\\/iraurgiberritzen.eus\\\/wp-content\\\/uploads\\\/2023\\\/09\\\/893c4fdc824f051f07606f44d5d60e5a.jpg\",\"contentUrl\":\"https:\\\/\\\/iraurgiberritzen.eus\\\/wp-content\\\/uploads\\\/2023\\\/09\\\/893c4fdc824f051f07606f44d5d60e5a.jpg\",\"width\":600,\"height\":386},{\"@type\":\"BreadcrumbList\",\"@id\":\"https:\\\/\\\/iraurgiberritzen.eus\\\/es\\\/iii-cafe-tertulia-miedos-y-desarrollo-personal\\\/#breadcrumb\",\"itemListElement\":[{\"@type\":\"ListItem\",\"position\":1,\"name\":\"Home\",\"item\":\"https:\\\/\\\/iraurgiberritzen.eus\\\/es\\\/\"},{\"@type\":\"ListItem\",\"position\":2,\"name\":\"III Caf\u00e9 tertulia. Miedos y desarrollo personal\"}]},{\"@type\":\"WebSite\",\"@id\":\"https:\\\/\\\/iraurgiberritzen.eus\\\/es\\\/#website\",\"url\":\"https:\\\/\\\/iraurgiberritzen.eus\\\/es\\\/\",\"name\":\"Iraurgi Berritzen\",\"description\":\"Urola Erdiko Garapen Agentzia\",\"publisher\":{\"@id\":\"https:\\\/\\\/iraurgiberritzen.eus\\\/es\\\/#organization\"},\"potentialAction\":[{\"@type\":\"SearchAction\",\"target\":{\"@type\":\"EntryPoint\",\"urlTemplate\":\"https:\\\/\\\/iraurgiberritzen.eus\\\/es\\\/?s={search_term_string}\"},\"query-input\":{\"@type\":\"PropertyValueSpecification\",\"valueRequired\":true,\"valueName\":\"search_term_string\"}}],\"inLanguage\":\"es\"},{\"@type\":\"Organization\",\"@id\":\"https:\\\/\\\/iraurgiberritzen.eus\\\/es\\\/#organization\",\"name\":\"Iraurgi Berritzen\",\"url\":\"https:\\\/\\\/iraurgiberritzen.eus\\\/es\\\/\",\"logo\":{\"@type\":\"ImageObject\",\"inLanguage\":\"es\",\"@id\":\"https:\\\/\\\/iraurgiberritzen.eus\\\/es\\\/#\\\/schema\\\/logo\\\/image\\\/\",\"url\":\"https:\\\/\\\/iraurgiberritzen.eus\\\/wp-content\\\/uploads\\\/2024\\\/02\\\/IRAURGI-BERRITZEN-logotipoa_2.png\",\"contentUrl\":\"https:\\\/\\\/iraurgiberritzen.eus\\\/wp-content\\\/uploads\\\/2024\\\/02\\\/IRAURGI-BERRITZEN-logotipoa_2.png\",\"width\":496,\"height\":190,\"caption\":\"Iraurgi Berritzen\"},\"image\":{\"@id\":\"https:\\\/\\\/iraurgiberritzen.eus\\\/es\\\/#\\\/schema\\\/logo\\\/image\\\/\"}},{\"@type\":\"Person\",\"@id\":\"https:\\\/\\\/iraurgiberritzen.eus\\\/es\\\/#\\\/schema\\\/person\\\/5ab41aaf388a9097177601ebf45738d2\",\"name\":\"kudeatzailea\",\"sameAs\":[\"https:\\\/\\\/iraurgiberritzen.eus\"]}]}<\/script>\n<!-- \/ Yoast SEO plugin. -->","yoast_head_json":{"title":"III Caf\u00e9 tertulia. Miedos y desarrollo personal - Iraurgi Berritzen","robots":{"index":"index","follow":"follow","max-snippet":"max-snippet:-1","max-image-preview":"max-image-preview:large","max-video-preview":"max-video-preview:-1"},"canonical":"https:\/\/iraurgiberritzen.eus\/es\/iii-cafe-tertulia-miedos-y-desarrollo-personal\/","og_locale":"es_ES","og_type":"article","og_title":"III Caf\u00e9 tertulia. Miedos y desarrollo personal - Iraurgi Berritzen","og_description":"El 22 de noviembre celebramos la III Caf\u00e9 Tertulia, dentro de la l\u00ednea de trabajo \u00abKLINK Gune\u00bb. En esta ocasi\u00f3n, el tema a tratar fue la gesti\u00f3n de las emociones, y para ello, contamos con la presencia de Leire Olaberria, ciclista profesional, que nos habl\u00f3 de los miedos y del desarrollo personal. Partiendo desde su [&hellip;]","og_url":"https:\/\/iraurgiberritzen.eus\/es\/iii-cafe-tertulia-miedos-y-desarrollo-personal\/","og_site_name":"Iraurgi Berritzen","article_published_time":"2018-11-26T04:49:53+00:00","author":"kudeatzailea","twitter_card":"summary_large_image","twitter_misc":{"Escrito por":"kudeatzailea","Tiempo de lectura":"1 minuto"},"schema":{"@context":"https:\/\/schema.org","@graph":[{"@type":"Article","@id":"https:\/\/iraurgiberritzen.eus\/es\/iii-cafe-tertulia-miedos-y-desarrollo-personal\/#article","isPartOf":{"@id":"https:\/\/iraurgiberritzen.eus\/es\/iii-cafe-tertulia-miedos-y-desarrollo-personal\/"},"author":{"name":"kudeatzailea","@id":"https:\/\/iraurgiberritzen.eus\/es\/#\/schema\/person\/5ab41aaf388a9097177601ebf45738d2"},"headline":"III Caf\u00e9 tertulia. Miedos y desarrollo personal","datePublished":"2018-11-26T04:49:53+00:00","mainEntityOfPage":{"@id":"https:\/\/iraurgiberritzen.eus\/es\/iii-cafe-tertulia-miedos-y-desarrollo-personal\/"},"wordCount":265,"publisher":{"@id":"https:\/\/iraurgiberritzen.eus\/es\/#organization"},"image":{"@id":"https:\/\/iraurgiberritzen.eus\/es\/iii-cafe-tertulia-miedos-y-desarrollo-personal\/#primaryimage"},"thumbnailUrl":"https:\/\/iraurgiberritzen.eus\/wp-content\/uploads\/2023\/09\/893c4fdc824f051f07606f44d5d60e5a.jpg","articleSection":["Noticias"],"inLanguage":"es"},{"@type":"WebPage","@id":"https:\/\/iraurgiberritzen.eus\/es\/iii-cafe-tertulia-miedos-y-desarrollo-personal\/","url":"https:\/\/iraurgiberritzen.eus\/es\/iii-cafe-tertulia-miedos-y-desarrollo-personal\/","name":"III Caf\u00e9 tertulia. Miedos y desarrollo personal - Iraurgi Berritzen","isPartOf":{"@id":"https:\/\/iraurgiberritzen.eus\/es\/#website"},"primaryImageOfPage":{"@id":"https:\/\/iraurgiberritzen.eus\/es\/iii-cafe-tertulia-miedos-y-desarrollo-personal\/#primaryimage"},"image":{"@id":"https:\/\/iraurgiberritzen.eus\/es\/iii-cafe-tertulia-miedos-y-desarrollo-personal\/#primaryimage"},"thumbnailUrl":"https:\/\/iraurgiberritzen.eus\/wp-content\/uploads\/2023\/09\/893c4fdc824f051f07606f44d5d60e5a.jpg","datePublished":"2018-11-26T04:49:53+00:00","breadcrumb":{"@id":"https:\/\/iraurgiberritzen.eus\/es\/iii-cafe-tertulia-miedos-y-desarrollo-personal\/#breadcrumb"},"inLanguage":"es","potentialAction":[{"@type":"ReadAction","target":["https:\/\/iraurgiberritzen.eus\/es\/iii-cafe-tertulia-miedos-y-desarrollo-personal\/"]}]},{"@type":"ImageObject","inLanguage":"es","@id":"https:\/\/iraurgiberritzen.eus\/es\/iii-cafe-tertulia-miedos-y-desarrollo-personal\/#primaryimage","url":"https:\/\/iraurgiberritzen.eus\/wp-content\/uploads\/2023\/09\/893c4fdc824f051f07606f44d5d60e5a.jpg","contentUrl":"https:\/\/iraurgiberritzen.eus\/wp-content\/uploads\/2023\/09\/893c4fdc824f051f07606f44d5d60e5a.jpg","width":600,"height":386},{"@type":"BreadcrumbList","@id":"https:\/\/iraurgiberritzen.eus\/es\/iii-cafe-tertulia-miedos-y-desarrollo-personal\/#breadcrumb","itemListElement":[{"@type":"ListItem","position":1,"name":"Home","item":"https:\/\/iraurgiberritzen.eus\/es\/"},{"@type":"ListItem","position":2,"name":"III Caf\u00e9 tertulia. Miedos y desarrollo personal"}]},{"@type":"WebSite","@id":"https:\/\/iraurgiberritzen.eus\/es\/#website","url":"https:\/\/iraurgiberritzen.eus\/es\/","name":"Iraurgi Berritzen","description":"Urola Erdiko Garapen Agentzia","publisher":{"@id":"https:\/\/iraurgiberritzen.eus\/es\/#organization"},"potentialAction":[{"@type":"SearchAction","target":{"@type":"EntryPoint","urlTemplate":"https:\/\/iraurgiberritzen.eus\/es\/?s={search_term_string}"},"query-input":{"@type":"PropertyValueSpecification","valueRequired":true,"valueName":"search_term_string"}}],"inLanguage":"es"},{"@type":"Organization","@id":"https:\/\/iraurgiberritzen.eus\/es\/#organization","name":"Iraurgi Berritzen","url":"https:\/\/iraurgiberritzen.eus\/es\/","logo":{"@type":"ImageObject","inLanguage":"es","@id":"https:\/\/iraurgiberritzen.eus\/es\/#\/schema\/logo\/image\/","url":"https:\/\/iraurgiberritzen.eus\/wp-content\/uploads\/2024\/02\/IRAURGI-BERRITZEN-logotipoa_2.png","contentUrl":"https:\/\/iraurgiberritzen.eus\/wp-content\/uploads\/2024\/02\/IRAURGI-BERRITZEN-logotipoa_2.png","width":496,"height":190,"caption":"Iraurgi Berritzen"},"image":{"@id":"https:\/\/iraurgiberritzen.eus\/es\/#\/schema\/logo\/image\/"}},{"@type":"Person","@id":"https:\/\/iraurgiberritzen.eus\/es\/#\/schema\/person\/5ab41aaf388a9097177601ebf45738d2","name":"kudeatzailea","sameAs":["https:\/\/iraurgiberritzen.eus"]}]}},"_links":{"self":[{"href":"https:\/\/iraurgiberritzen.eus\/es\/wp-json\/wp\/v2\/posts\/12483","targetHints":{"allow":["GET"]}}],"collection":[{"href":"https:\/\/iraurgiberritzen.eus\/es\/wp-json\/wp\/v2\/posts"}],"about":[{"href":"https:\/\/iraurgiberritzen.eus\/es\/wp-json\/wp\/v2\/types\/post"}],"author":[{"embeddable":true,"href":"https:\/\/iraurgiberritzen.eus\/es\/wp-json\/wp\/v2\/users\/1"}],"replies":[{"embeddable":true,"href":"https:\/\/iraurgiberritzen.eus\/es\/wp-json\/wp\/v2\/comments?post=12483"}],"version-history":[{"count":0,"href":"https:\/\/iraurgiberritzen.eus\/es\/wp-json\/wp\/v2\/posts\/12483\/revisions"}],"wp:featuredmedia":[{"embeddable":true,"href":"https:\/\/iraurgiberritzen.eus\/es\/wp-json\/wp\/v2\/media\/17848"}],"wp:attachment":[{"href":"https:\/\/iraurgiberritzen.eus\/es\/wp-json\/wp\/v2\/media?parent=12483"}],"wp:term":[{"taxonomy":"category","embeddable":true,"href":"https:\/\/iraurgiberritzen.eus\/es\/wp-json\/wp\/v2\/categories?post=12483"},{"taxonomy":"post_tag","embeddable":true,"href":"https:\/\/iraurgiberritzen.eus\/es\/wp-json\/wp\/v2\/tags?post=12483"}],"curies":[{"name":"wp","href":"https:\/\/api.w.org\/{rel}","templated":true}]}}