{"id":12486,"date":"2018-11-29T09:35:30","date_gmt":"2018-11-29T07:35:30","guid":{"rendered":"https:\/\/iraurgiberritzen.eus\/visita-a-la-empresa-sidenor-en-el-marco-del-proyecto-ikasiz\/"},"modified":"2018-11-29T09:35:30","modified_gmt":"2018-11-29T07:35:30","slug":"visita-a-la-empresa-sidenor-en-el-marco-del-proyecto-ikasiz","status":"publish","type":"post","link":"https:\/\/iraurgiberritzen.eus\/es\/visita-a-la-empresa-sidenor-en-el-marco-del-proyecto-ikasiz\/","title":{"rendered":"Visita a la empresa SIDENOR en el marco del proyecto IKASIZ"},"content":{"rendered":"<p>El pasado 7 de Noviembre visitamos la empresa <strong>SIDENOR 18 representantes de 11 empresas<\/strong> de la comarca dentro del marco del proyecto Ikasiz,<\/p>\n<p style=\"text-align: justify;\">en la cual tuvimos la oportunidad de conocer su experiencia en cuanto al desarrollo de la Nueva Cultura de Participaci\u00f3n sobre la que est\u00e1n trabajando en la planta de Azkoitia durante los \u00faltimos a\u00f1os.<\/p>\n<p style=\"text-align: justify;\">En respuesta a la propuesta de los representantes de Enpresa Gunea, esta iniciativa esta orientada a posibilitar el compartir buenas pr\u00e1cticas en cuanto a proyectos, procesos y experiencias de gesti\u00f3n entre las mismas.<\/p>\n<p style=\"text-align: justify;\">El objetivo principal de la visita realizada a Sidenor ha sido dar a conocer y compartir las pr\u00e1cticas desarrolladas en cuanto al impulso de la participaci\u00f3n de los trabajadores en la transformaci\u00f3n de la cultura operativa en la empresa, a trav\u00e9s del desarrollo de diferentes herramientas de gesti\u00f3n concretas, facilitadoras del propio proceso.<\/p>\n<p style=\"text-align: justify;\">Despu\u00e9s de la reuni\u00f3n inicial para conocer el proceso llevado a cabo durante los \u00faltimos a\u00f1os y lo que ha supuesto, tuvimos la oportunidad de visitar las instalaciones productivas, lo que permiti\u00f3 visualizar ejemplos concretos de aplicaci\u00f3n por equipos, rematando el despliegue del enfoque con la presentaci\u00f3n de algunos proyectos de mejora trabajados por los propios trabajadores desde su experiencia.<\/p>\n<p style=\"text-align: justify;\">Valoraci\u00f3n muy positiva de la visita, poniendo en valor la posibilidad que nos ofrece en este sentido el marco de Iraurgi Berritzen.<\/p>\n<p style=\"text-align: justify;\">Mil gracias a todo el equipo de Sidenor.<\/p>\n","protected":false},"excerpt":{"rendered":"<p>El pasado 7 de Noviembre visitamos la empresa SIDENOR 18 representantes de 11 empresas de la comarca dentro del marco del proyecto Ikasiz, en la cual tuvimos la oportunidad de conocer su experiencia en cuanto al desarrollo de la Nueva Cultura de Participaci\u00f3n sobre la que est\u00e1n trabajando en la planta de Azkoitia durante los [&hellip;]<\/p>\n","protected":false},"author":1,"featured_media":17849,"comment_status":"","ping_status":"closed","sticky":false,"template":"","format":"standard","meta":{"_acf_changed":false,"footnotes":""},"categories":[4],"tags":[],"class_list":["post-12486","post","type-post","status-publish","format-standard","has-post-thumbnail","hentry","category-noticias"],"acf":[],"yoast_head":"<!-- This site is optimized with the Yoast SEO plugin v27.4 - https:\/\/yoast.com\/product\/yoast-seo-wordpress\/ -->\n<title>Visita a la empresa SIDENOR en el marco del proyecto IKASIZ - Iraurgi Berritzen<\/title>\n<meta name=\"robots\" content=\"index, follow, max-snippet:-1, max-image-preview:large, max-video-preview:-1\" \/>\n<link rel=\"canonical\" href=\"https:\/\/iraurgiberritzen.eus\/es\/visita-a-la-empresa-sidenor-en-el-marco-del-proyecto-ikasiz\/\" \/>\n<meta property=\"og:locale\" content=\"es_ES\" \/>\n<meta property=\"og:type\" content=\"article\" \/>\n<meta property=\"og:title\" content=\"Visita a la empresa SIDENOR en el marco del proyecto IKASIZ - Iraurgi Berritzen\" \/>\n<meta property=\"og:description\" content=\"El pasado 7 de Noviembre visitamos la empresa SIDENOR 18 representantes de 11 empresas de la comarca dentro del marco del proyecto Ikasiz, en la cual tuvimos la oportunidad de conocer su experiencia en cuanto al desarrollo de la Nueva Cultura de Participaci\u00f3n sobre la que est\u00e1n trabajando en la planta de Azkoitia durante los [&hellip;]\" \/>\n<meta property=\"og:url\" content=\"https:\/\/iraurgiberritzen.eus\/es\/visita-a-la-empresa-sidenor-en-el-marco-del-proyecto-ikasiz\/\" \/>\n<meta property=\"og:site_name\" content=\"Iraurgi Berritzen\" \/>\n<meta property=\"article:published_time\" content=\"2018-11-29T07:35:30+00:00\" \/>\n<meta name=\"author\" content=\"kudeatzailea\" \/>\n<meta name=\"twitter:card\" content=\"summary_large_image\" \/>\n<meta name=\"twitter:label1\" content=\"Escrito por\" \/>\n\t<meta name=\"twitter:data1\" content=\"kudeatzailea\" \/>\n\t<meta name=\"twitter:label2\" content=\"Tiempo de lectura\" \/>\n\t<meta name=\"twitter:data2\" content=\"1 minuto\" \/>\n<script type=\"application\/ld+json\" class=\"yoast-schema-graph\">{\"@context\":\"https:\\\/\\\/schema.org\",\"@graph\":[{\"@type\":\"Article\",\"@id\":\"https:\\\/\\\/iraurgiberritzen.eus\\\/es\\\/visita-a-la-empresa-sidenor-en-el-marco-del-proyecto-ikasiz\\\/#article\",\"isPartOf\":{\"@id\":\"https:\\\/\\\/iraurgiberritzen.eus\\\/es\\\/visita-a-la-empresa-sidenor-en-el-marco-del-proyecto-ikasiz\\\/\"},\"author\":{\"name\":\"kudeatzailea\",\"@id\":\"https:\\\/\\\/iraurgiberritzen.eus\\\/es\\\/#\\\/schema\\\/person\\\/5ab41aaf388a9097177601ebf45738d2\"},\"headline\":\"Visita a la empresa SIDENOR en el marco del proyecto IKASIZ\",\"datePublished\":\"2018-11-29T07:35:30+00:00\",\"mainEntityOfPage\":{\"@id\":\"https:\\\/\\\/iraurgiberritzen.eus\\\/es\\\/visita-a-la-empresa-sidenor-en-el-marco-del-proyecto-ikasiz\\\/\"},\"wordCount\":257,\"publisher\":{\"@id\":\"https:\\\/\\\/iraurgiberritzen.eus\\\/es\\\/#organization\"},\"image\":{\"@id\":\"https:\\\/\\\/iraurgiberritzen.eus\\\/es\\\/visita-a-la-empresa-sidenor-en-el-marco-del-proyecto-ikasiz\\\/#primaryimage\"},\"thumbnailUrl\":\"https:\\\/\\\/iraurgiberritzen.eus\\\/wp-content\\\/uploads\\\/2023\\\/09\\\/0ee70163e29bae5db9d4be0d088a4c1c.jpg\",\"articleSection\":[\"Noticias\"],\"inLanguage\":\"es\"},{\"@type\":\"WebPage\",\"@id\":\"https:\\\/\\\/iraurgiberritzen.eus\\\/es\\\/visita-a-la-empresa-sidenor-en-el-marco-del-proyecto-ikasiz\\\/\",\"url\":\"https:\\\/\\\/iraurgiberritzen.eus\\\/es\\\/visita-a-la-empresa-sidenor-en-el-marco-del-proyecto-ikasiz\\\/\",\"name\":\"Visita a la empresa SIDENOR en el marco del proyecto IKASIZ - Iraurgi Berritzen\",\"isPartOf\":{\"@id\":\"https:\\\/\\\/iraurgiberritzen.eus\\\/es\\\/#website\"},\"primaryImageOfPage\":{\"@id\":\"https:\\\/\\\/iraurgiberritzen.eus\\\/es\\\/visita-a-la-empresa-sidenor-en-el-marco-del-proyecto-ikasiz\\\/#primaryimage\"},\"image\":{\"@id\":\"https:\\\/\\\/iraurgiberritzen.eus\\\/es\\\/visita-a-la-empresa-sidenor-en-el-marco-del-proyecto-ikasiz\\\/#primaryimage\"},\"thumbnailUrl\":\"https:\\\/\\\/iraurgiberritzen.eus\\\/wp-content\\\/uploads\\\/2023\\\/09\\\/0ee70163e29bae5db9d4be0d088a4c1c.jpg\",\"datePublished\":\"2018-11-29T07:35:30+00:00\",\"breadcrumb\":{\"@id\":\"https:\\\/\\\/iraurgiberritzen.eus\\\/es\\\/visita-a-la-empresa-sidenor-en-el-marco-del-proyecto-ikasiz\\\/#breadcrumb\"},\"inLanguage\":\"es\",\"potentialAction\":[{\"@type\":\"ReadAction\",\"target\":[\"https:\\\/\\\/iraurgiberritzen.eus\\\/es\\\/visita-a-la-empresa-sidenor-en-el-marco-del-proyecto-ikasiz\\\/\"]}]},{\"@type\":\"ImageObject\",\"inLanguage\":\"es\",\"@id\":\"https:\\\/\\\/iraurgiberritzen.eus\\\/es\\\/visita-a-la-empresa-sidenor-en-el-marco-del-proyecto-ikasiz\\\/#primaryimage\",\"url\":\"https:\\\/\\\/iraurgiberritzen.eus\\\/wp-content\\\/uploads\\\/2023\\\/09\\\/0ee70163e29bae5db9d4be0d088a4c1c.jpg\",\"contentUrl\":\"https:\\\/\\\/iraurgiberritzen.eus\\\/wp-content\\\/uploads\\\/2023\\\/09\\\/0ee70163e29bae5db9d4be0d088a4c1c.jpg\",\"width\":600,\"height\":386},{\"@type\":\"BreadcrumbList\",\"@id\":\"https:\\\/\\\/iraurgiberritzen.eus\\\/es\\\/visita-a-la-empresa-sidenor-en-el-marco-del-proyecto-ikasiz\\\/#breadcrumb\",\"itemListElement\":[{\"@type\":\"ListItem\",\"position\":1,\"name\":\"Home\",\"item\":\"https:\\\/\\\/iraurgiberritzen.eus\\\/es\\\/\"},{\"@type\":\"ListItem\",\"position\":2,\"name\":\"Visita a la empresa SIDENOR en el marco del proyecto IKASIZ\"}]},{\"@type\":\"WebSite\",\"@id\":\"https:\\\/\\\/iraurgiberritzen.eus\\\/es\\\/#website\",\"url\":\"https:\\\/\\\/iraurgiberritzen.eus\\\/es\\\/\",\"name\":\"Iraurgi Berritzen\",\"description\":\"Urola Erdiko Garapen Agentzia\",\"publisher\":{\"@id\":\"https:\\\/\\\/iraurgiberritzen.eus\\\/es\\\/#organization\"},\"potentialAction\":[{\"@type\":\"SearchAction\",\"target\":{\"@type\":\"EntryPoint\",\"urlTemplate\":\"https:\\\/\\\/iraurgiberritzen.eus\\\/es\\\/?s={search_term_string}\"},\"query-input\":{\"@type\":\"PropertyValueSpecification\",\"valueRequired\":true,\"valueName\":\"search_term_string\"}}],\"inLanguage\":\"es\"},{\"@type\":\"Organization\",\"@id\":\"https:\\\/\\\/iraurgiberritzen.eus\\\/es\\\/#organization\",\"name\":\"Iraurgi Berritzen\",\"url\":\"https:\\\/\\\/iraurgiberritzen.eus\\\/es\\\/\",\"logo\":{\"@type\":\"ImageObject\",\"inLanguage\":\"es\",\"@id\":\"https:\\\/\\\/iraurgiberritzen.eus\\\/es\\\/#\\\/schema\\\/logo\\\/image\\\/\",\"url\":\"https:\\\/\\\/iraurgiberritzen.eus\\\/wp-content\\\/uploads\\\/2024\\\/02\\\/IRAURGI-BERRITZEN-logotipoa_2.png\",\"contentUrl\":\"https:\\\/\\\/iraurgiberritzen.eus\\\/wp-content\\\/uploads\\\/2024\\\/02\\\/IRAURGI-BERRITZEN-logotipoa_2.png\",\"width\":496,\"height\":190,\"caption\":\"Iraurgi Berritzen\"},\"image\":{\"@id\":\"https:\\\/\\\/iraurgiberritzen.eus\\\/es\\\/#\\\/schema\\\/logo\\\/image\\\/\"}},{\"@type\":\"Person\",\"@id\":\"https:\\\/\\\/iraurgiberritzen.eus\\\/es\\\/#\\\/schema\\\/person\\\/5ab41aaf388a9097177601ebf45738d2\",\"name\":\"kudeatzailea\",\"sameAs\":[\"https:\\\/\\\/iraurgiberritzen.eus\"]}]}<\/script>\n<!-- \/ Yoast SEO plugin. -->","yoast_head_json":{"title":"Visita a la empresa SIDENOR en el marco del proyecto IKASIZ - Iraurgi Berritzen","robots":{"index":"index","follow":"follow","max-snippet":"max-snippet:-1","max-image-preview":"max-image-preview:large","max-video-preview":"max-video-preview:-1"},"canonical":"https:\/\/iraurgiberritzen.eus\/es\/visita-a-la-empresa-sidenor-en-el-marco-del-proyecto-ikasiz\/","og_locale":"es_ES","og_type":"article","og_title":"Visita a la empresa SIDENOR en el marco del proyecto IKASIZ - Iraurgi Berritzen","og_description":"El pasado 7 de Noviembre visitamos la empresa SIDENOR 18 representantes de 11 empresas de la comarca dentro del marco del proyecto Ikasiz, en la cual tuvimos la oportunidad de conocer su experiencia en cuanto al desarrollo de la Nueva Cultura de Participaci\u00f3n sobre la que est\u00e1n trabajando en la planta de Azkoitia durante los [&hellip;]","og_url":"https:\/\/iraurgiberritzen.eus\/es\/visita-a-la-empresa-sidenor-en-el-marco-del-proyecto-ikasiz\/","og_site_name":"Iraurgi Berritzen","article_published_time":"2018-11-29T07:35:30+00:00","author":"kudeatzailea","twitter_card":"summary_large_image","twitter_misc":{"Escrito por":"kudeatzailea","Tiempo de lectura":"1 minuto"},"schema":{"@context":"https:\/\/schema.org","@graph":[{"@type":"Article","@id":"https:\/\/iraurgiberritzen.eus\/es\/visita-a-la-empresa-sidenor-en-el-marco-del-proyecto-ikasiz\/#article","isPartOf":{"@id":"https:\/\/iraurgiberritzen.eus\/es\/visita-a-la-empresa-sidenor-en-el-marco-del-proyecto-ikasiz\/"},"author":{"name":"kudeatzailea","@id":"https:\/\/iraurgiberritzen.eus\/es\/#\/schema\/person\/5ab41aaf388a9097177601ebf45738d2"},"headline":"Visita a la empresa SIDENOR en el marco del proyecto IKASIZ","datePublished":"2018-11-29T07:35:30+00:00","mainEntityOfPage":{"@id":"https:\/\/iraurgiberritzen.eus\/es\/visita-a-la-empresa-sidenor-en-el-marco-del-proyecto-ikasiz\/"},"wordCount":257,"publisher":{"@id":"https:\/\/iraurgiberritzen.eus\/es\/#organization"},"image":{"@id":"https:\/\/iraurgiberritzen.eus\/es\/visita-a-la-empresa-sidenor-en-el-marco-del-proyecto-ikasiz\/#primaryimage"},"thumbnailUrl":"https:\/\/iraurgiberritzen.eus\/wp-content\/uploads\/2023\/09\/0ee70163e29bae5db9d4be0d088a4c1c.jpg","articleSection":["Noticias"],"inLanguage":"es"},{"@type":"WebPage","@id":"https:\/\/iraurgiberritzen.eus\/es\/visita-a-la-empresa-sidenor-en-el-marco-del-proyecto-ikasiz\/","url":"https:\/\/iraurgiberritzen.eus\/es\/visita-a-la-empresa-sidenor-en-el-marco-del-proyecto-ikasiz\/","name":"Visita a la empresa SIDENOR en el marco del proyecto IKASIZ - Iraurgi Berritzen","isPartOf":{"@id":"https:\/\/iraurgiberritzen.eus\/es\/#website"},"primaryImageOfPage":{"@id":"https:\/\/iraurgiberritzen.eus\/es\/visita-a-la-empresa-sidenor-en-el-marco-del-proyecto-ikasiz\/#primaryimage"},"image":{"@id":"https:\/\/iraurgiberritzen.eus\/es\/visita-a-la-empresa-sidenor-en-el-marco-del-proyecto-ikasiz\/#primaryimage"},"thumbnailUrl":"https:\/\/iraurgiberritzen.eus\/wp-content\/uploads\/2023\/09\/0ee70163e29bae5db9d4be0d088a4c1c.jpg","datePublished":"2018-11-29T07:35:30+00:00","breadcrumb":{"@id":"https:\/\/iraurgiberritzen.eus\/es\/visita-a-la-empresa-sidenor-en-el-marco-del-proyecto-ikasiz\/#breadcrumb"},"inLanguage":"es","potentialAction":[{"@type":"ReadAction","target":["https:\/\/iraurgiberritzen.eus\/es\/visita-a-la-empresa-sidenor-en-el-marco-del-proyecto-ikasiz\/"]}]},{"@type":"ImageObject","inLanguage":"es","@id":"https:\/\/iraurgiberritzen.eus\/es\/visita-a-la-empresa-sidenor-en-el-marco-del-proyecto-ikasiz\/#primaryimage","url":"https:\/\/iraurgiberritzen.eus\/wp-content\/uploads\/2023\/09\/0ee70163e29bae5db9d4be0d088a4c1c.jpg","contentUrl":"https:\/\/iraurgiberritzen.eus\/wp-content\/uploads\/2023\/09\/0ee70163e29bae5db9d4be0d088a4c1c.jpg","width":600,"height":386},{"@type":"BreadcrumbList","@id":"https:\/\/iraurgiberritzen.eus\/es\/visita-a-la-empresa-sidenor-en-el-marco-del-proyecto-ikasiz\/#breadcrumb","itemListElement":[{"@type":"ListItem","position":1,"name":"Home","item":"https:\/\/iraurgiberritzen.eus\/es\/"},{"@type":"ListItem","position":2,"name":"Visita a la empresa SIDENOR en el marco del proyecto IKASIZ"}]},{"@type":"WebSite","@id":"https:\/\/iraurgiberritzen.eus\/es\/#website","url":"https:\/\/iraurgiberritzen.eus\/es\/","name":"Iraurgi Berritzen","description":"Urola Erdiko Garapen Agentzia","publisher":{"@id":"https:\/\/iraurgiberritzen.eus\/es\/#organization"},"potentialAction":[{"@type":"SearchAction","target":{"@type":"EntryPoint","urlTemplate":"https:\/\/iraurgiberritzen.eus\/es\/?s={search_term_string}"},"query-input":{"@type":"PropertyValueSpecification","valueRequired":true,"valueName":"search_term_string"}}],"inLanguage":"es"},{"@type":"Organization","@id":"https:\/\/iraurgiberritzen.eus\/es\/#organization","name":"Iraurgi Berritzen","url":"https:\/\/iraurgiberritzen.eus\/es\/","logo":{"@type":"ImageObject","inLanguage":"es","@id":"https:\/\/iraurgiberritzen.eus\/es\/#\/schema\/logo\/image\/","url":"https:\/\/iraurgiberritzen.eus\/wp-content\/uploads\/2024\/02\/IRAURGI-BERRITZEN-logotipoa_2.png","contentUrl":"https:\/\/iraurgiberritzen.eus\/wp-content\/uploads\/2024\/02\/IRAURGI-BERRITZEN-logotipoa_2.png","width":496,"height":190,"caption":"Iraurgi Berritzen"},"image":{"@id":"https:\/\/iraurgiberritzen.eus\/es\/#\/schema\/logo\/image\/"}},{"@type":"Person","@id":"https:\/\/iraurgiberritzen.eus\/es\/#\/schema\/person\/5ab41aaf388a9097177601ebf45738d2","name":"kudeatzailea","sameAs":["https:\/\/iraurgiberritzen.eus"]}]}},"_links":{"self":[{"href":"https:\/\/iraurgiberritzen.eus\/es\/wp-json\/wp\/v2\/posts\/12486","targetHints":{"allow":["GET"]}}],"collection":[{"href":"https:\/\/iraurgiberritzen.eus\/es\/wp-json\/wp\/v2\/posts"}],"about":[{"href":"https:\/\/iraurgiberritzen.eus\/es\/wp-json\/wp\/v2\/types\/post"}],"author":[{"embeddable":true,"href":"https:\/\/iraurgiberritzen.eus\/es\/wp-json\/wp\/v2\/users\/1"}],"replies":[{"embeddable":true,"href":"https:\/\/iraurgiberritzen.eus\/es\/wp-json\/wp\/v2\/comments?post=12486"}],"version-history":[{"count":0,"href":"https:\/\/iraurgiberritzen.eus\/es\/wp-json\/wp\/v2\/posts\/12486\/revisions"}],"wp:featuredmedia":[{"embeddable":true,"href":"https:\/\/iraurgiberritzen.eus\/es\/wp-json\/wp\/v2\/media\/17849"}],"wp:attachment":[{"href":"https:\/\/iraurgiberritzen.eus\/es\/wp-json\/wp\/v2\/media?parent=12486"}],"wp:term":[{"taxonomy":"category","embeddable":true,"href":"https:\/\/iraurgiberritzen.eus\/es\/wp-json\/wp\/v2\/categories?post=12486"},{"taxonomy":"post_tag","embeddable":true,"href":"https:\/\/iraurgiberritzen.eus\/es\/wp-json\/wp\/v2\/tags?post=12486"}],"curies":[{"name":"wp","href":"https:\/\/api.w.org\/{rel}","templated":true}]}}