{"id":12489,"date":"2018-11-30T08:49:52","date_gmt":"2018-11-30T06:49:52","guid":{"rendered":"https:\/\/iraurgiberritzen.eus\/ya-se-han-iniciado-los-proyectos-de-cooperacion-de-los-centros-formativos-de-la-comarca\/"},"modified":"2018-11-30T08:49:52","modified_gmt":"2018-11-30T06:49:52","slug":"ya-se-han-iniciado-los-proyectos-de-cooperacion-de-los-centros-formativos-de-la-comarca","status":"publish","type":"post","link":"https:\/\/iraurgiberritzen.eus\/es\/ya-se-han-iniciado-los-proyectos-de-cooperacion-de-los-centros-formativos-de-la-comarca\/","title":{"rendered":"Ya se han iniciado los proyectos de cooperaci\u00f3n de los centros formativos de la comarca"},"content":{"rendered":"<p style=\"text-align: justify;\">\u00abIkastetxeen Gunea\u00bb se compone de 5 centros formativos \u2013 Azkoitia BHI, Floreaga Salestar Ikastetxea, Iraurgi Ikastetxea, Azpeitiko Ikastola Ikasberri eta Urola Ikastola &#8211; de la comarca y su principal objetivo consiste en fomentar la colaboraci\u00f3n entre estos centros dirigiendo as\u00ed sus l\u00edneas de actuaci\u00f3n a la Educaci\u00f3n Secundaria Obligatoria y Bachillerato.<\/p>\n<p style=\"text-align: justify;\">El mencionado espacio de colaboraci\u00f3n tiene como objetivo fomentar un entorno adecuado para enfrentar los desaf\u00edos actuales y futuros de la sociedad. En t\u00e9rminos generales, el espacio pretende promover proyectos de colaboraci\u00f3n a trav\u00e9s de la generaci\u00f3n de equipos de trabajo y satisfacer las diferentes necesidades identificadas en el mismo. Se encarga el equipo de trabajo que conforman los directores de los centros formativos de identificar y priorizar las necesidades a satisfacer. El mencionado equipo de trabajo se re\u00fane tres o cuatro veces al a\u00f1o para realizar un seguimiento de las l\u00edneas de trabajo priorizadas.<\/p>\n<p style=\"text-align: justify;\">De cara al <strong>curso escolar 2018\/2019<\/strong>, en colaboraci\u00f3n con los centros formativos de la comarca, se prev\u00e9 desarrollar <strong>cuatro l\u00edneas de trabajo diferentes<\/strong>. En este sentido, ya se han desempe\u00f1ado diversas tareas de planificaci\u00f3n y se prev\u00e9 comenzar con su ejecuci\u00f3n en las pr\u00f3ximas semanas.<\/p>\n<p style=\"text-align: justify;\">Por sexto a\u00f1o consecutivo se desarrollar\u00e1 el proyecto <strong>Elkarrekin Eraikitzen<\/strong>. Este proyecto permite convertir al alumno en protagonista de su propio proceso de aprendizaje y tiene como objetivo conocer la realidad socioecon\u00f3mica de la comarca. Durante el proceso se prev\u00e9 que los alumnos tengan relaci\u00f3n con diversos agentes de la comarca.<\/p>\n<p style=\"text-align: justify;\">De manera similar, por tercer a\u00f1o consecutivo, se desarrollar\u00e1 el proyecto <strong>\u00abZTIM Urola Erdian\u00bb<\/strong>, el cual est\u00e1 destinado a permitir que los estudiantes experimenten con el potencialista en su proceso de aprendizaje y en la gesti\u00f3n de proyectos en los campos de la ciencia, la tecnolog\u00eda, la ingenier\u00eda y las matem\u00e1ticas (ZTIM). A trav\u00e9s del proyecto, se anima a los estudiantes a promover la ciencia, la tecnolog\u00eda o la investigaci\u00f3n.<\/p>\n<p style=\"text-align: justify;\">Por otro lado, durante el a\u00f1o acad\u00e9mico 2018\/2019, tendr\u00e1n especial relevancia el proyecto <strong>\u00abGerolan\u00bb<\/strong> y su correspondiente equipo de trabajo. El objetivo de esta iniciativa consiste en desarrollar nuevas herramientas y acciones para fortalecer la orientaci\u00f3n acad\u00e9mica de los alumnos. En definitiva, adem\u00e1s de ofrecerles informaci\u00f3n actualizada de la realidad socioecon\u00f3mica de la comarca, se pretende poner en marcha distintas acciones para conocer el d\u00eda a d\u00eda de distintos agentes.<\/p>\n<p style=\"text-align: justify;\">Por \u00faltimo, durante el ejercicio 2018\/2019 se desarrollar\u00e1 el proyecto <strong>\u00abIzan Ekintzaile!\u00bb<\/strong>. A lo largo de este proyecto, se impartir\u00e1n sesiones de trabajo en funci\u00f3n de las necesidades de los centros formativos donde se presentaran diversos aspectos de la actividad emprendedora y podr\u00e1n conocer los testimonios de varias personas emprendedoras de la comarca.<\/p>\n<p style=\"text-align: center;\"><span style=\"font-family: Arial, Helvetica, sans-serif; font-size: 12.0097px; text-align: center; background-color: #f9f9f9;\">{myFlickr}photoset_id=72157702668939741{\/myFlickr}<\/span><\/p>\n","protected":false},"excerpt":{"rendered":"<p>\u00abIkastetxeen Gunea\u00bb se compone de 5 centros formativos \u2013 Azkoitia BHI, Floreaga Salestar Ikastetxea, Iraurgi Ikastetxea, Azpeitiko Ikastola Ikasberri eta Urola Ikastola &#8211; de la comarca y su principal objetivo consiste en fomentar la colaboraci\u00f3n entre estos centros dirigiendo as\u00ed sus l\u00edneas de actuaci\u00f3n a la Educaci\u00f3n Secundaria Obligatoria y Bachillerato. El mencionado espacio de [&hellip;]<\/p>\n","protected":false},"author":1,"featured_media":17850,"comment_status":"","ping_status":"closed","sticky":false,"template":"","format":"standard","meta":{"_acf_changed":false,"footnotes":""},"categories":[4],"tags":[],"class_list":["post-12489","post","type-post","status-publish","format-standard","has-post-thumbnail","hentry","category-noticias"],"acf":[],"yoast_head":"<!-- This site is optimized with the Yoast SEO plugin v27.4 - https:\/\/yoast.com\/product\/yoast-seo-wordpress\/ -->\n<title>Ya se han iniciado los proyectos de cooperaci\u00f3n de los centros formativos de la comarca - Iraurgi Berritzen<\/title>\n<meta name=\"robots\" content=\"index, follow, max-snippet:-1, max-image-preview:large, max-video-preview:-1\" \/>\n<link rel=\"canonical\" href=\"https:\/\/iraurgiberritzen.eus\/es\/ya-se-han-iniciado-los-proyectos-de-cooperacion-de-los-centros-formativos-de-la-comarca\/\" \/>\n<meta property=\"og:locale\" content=\"es_ES\" \/>\n<meta property=\"og:type\" content=\"article\" \/>\n<meta property=\"og:title\" content=\"Ya se han iniciado los proyectos de cooperaci\u00f3n de los centros formativos de la comarca - Iraurgi Berritzen\" \/>\n<meta property=\"og:description\" content=\"\u00abIkastetxeen Gunea\u00bb se compone de 5 centros formativos \u2013 Azkoitia BHI, Floreaga Salestar Ikastetxea, Iraurgi Ikastetxea, Azpeitiko Ikastola Ikasberri eta Urola Ikastola &#8211; de la comarca y su principal objetivo consiste en fomentar la colaboraci\u00f3n entre estos centros dirigiendo as\u00ed sus l\u00edneas de actuaci\u00f3n a la Educaci\u00f3n Secundaria Obligatoria y Bachillerato. El mencionado espacio de [&hellip;]\" \/>\n<meta property=\"og:url\" content=\"https:\/\/iraurgiberritzen.eus\/es\/ya-se-han-iniciado-los-proyectos-de-cooperacion-de-los-centros-formativos-de-la-comarca\/\" \/>\n<meta property=\"og:site_name\" content=\"Iraurgi Berritzen\" \/>\n<meta property=\"article:published_time\" content=\"2018-11-30T06:49:52+00:00\" \/>\n<meta name=\"author\" content=\"kudeatzailea\" \/>\n<meta name=\"twitter:card\" content=\"summary_large_image\" \/>\n<meta name=\"twitter:label1\" content=\"Escrito por\" \/>\n\t<meta name=\"twitter:data1\" content=\"kudeatzailea\" \/>\n\t<meta name=\"twitter:label2\" content=\"Tiempo de lectura\" \/>\n\t<meta name=\"twitter:data2\" content=\"2 minutos\" \/>\n<script type=\"application\/ld+json\" class=\"yoast-schema-graph\">{\"@context\":\"https:\\\/\\\/schema.org\",\"@graph\":[{\"@type\":\"Article\",\"@id\":\"https:\\\/\\\/iraurgiberritzen.eus\\\/es\\\/ya-se-han-iniciado-los-proyectos-de-cooperacion-de-los-centros-formativos-de-la-comarca\\\/#article\",\"isPartOf\":{\"@id\":\"https:\\\/\\\/iraurgiberritzen.eus\\\/es\\\/ya-se-han-iniciado-los-proyectos-de-cooperacion-de-los-centros-formativos-de-la-comarca\\\/\"},\"author\":{\"name\":\"kudeatzailea\",\"@id\":\"https:\\\/\\\/iraurgiberritzen.eus\\\/es\\\/#\\\/schema\\\/person\\\/5ab41aaf388a9097177601ebf45738d2\"},\"headline\":\"Ya se han iniciado los proyectos de cooperaci\u00f3n de los centros formativos de la comarca\",\"datePublished\":\"2018-11-30T06:49:52+00:00\",\"mainEntityOfPage\":{\"@id\":\"https:\\\/\\\/iraurgiberritzen.eus\\\/es\\\/ya-se-han-iniciado-los-proyectos-de-cooperacion-de-los-centros-formativos-de-la-comarca\\\/\"},\"wordCount\":493,\"publisher\":{\"@id\":\"https:\\\/\\\/iraurgiberritzen.eus\\\/es\\\/#organization\"},\"image\":{\"@id\":\"https:\\\/\\\/iraurgiberritzen.eus\\\/es\\\/ya-se-han-iniciado-los-proyectos-de-cooperacion-de-los-centros-formativos-de-la-comarca\\\/#primaryimage\"},\"thumbnailUrl\":\"https:\\\/\\\/iraurgiberritzen.eus\\\/wp-content\\\/uploads\\\/2023\\\/09\\\/e26e070f0b61121e8e747746e6882f29.jpg\",\"articleSection\":[\"Noticias\"],\"inLanguage\":\"es\"},{\"@type\":\"WebPage\",\"@id\":\"https:\\\/\\\/iraurgiberritzen.eus\\\/es\\\/ya-se-han-iniciado-los-proyectos-de-cooperacion-de-los-centros-formativos-de-la-comarca\\\/\",\"url\":\"https:\\\/\\\/iraurgiberritzen.eus\\\/es\\\/ya-se-han-iniciado-los-proyectos-de-cooperacion-de-los-centros-formativos-de-la-comarca\\\/\",\"name\":\"Ya se han iniciado los proyectos de cooperaci\u00f3n de los centros formativos de la comarca - Iraurgi Berritzen\",\"isPartOf\":{\"@id\":\"https:\\\/\\\/iraurgiberritzen.eus\\\/es\\\/#website\"},\"primaryImageOfPage\":{\"@id\":\"https:\\\/\\\/iraurgiberritzen.eus\\\/es\\\/ya-se-han-iniciado-los-proyectos-de-cooperacion-de-los-centros-formativos-de-la-comarca\\\/#primaryimage\"},\"image\":{\"@id\":\"https:\\\/\\\/iraurgiberritzen.eus\\\/es\\\/ya-se-han-iniciado-los-proyectos-de-cooperacion-de-los-centros-formativos-de-la-comarca\\\/#primaryimage\"},\"thumbnailUrl\":\"https:\\\/\\\/iraurgiberritzen.eus\\\/wp-content\\\/uploads\\\/2023\\\/09\\\/e26e070f0b61121e8e747746e6882f29.jpg\",\"datePublished\":\"2018-11-30T06:49:52+00:00\",\"breadcrumb\":{\"@id\":\"https:\\\/\\\/iraurgiberritzen.eus\\\/es\\\/ya-se-han-iniciado-los-proyectos-de-cooperacion-de-los-centros-formativos-de-la-comarca\\\/#breadcrumb\"},\"inLanguage\":\"es\",\"potentialAction\":[{\"@type\":\"ReadAction\",\"target\":[\"https:\\\/\\\/iraurgiberritzen.eus\\\/es\\\/ya-se-han-iniciado-los-proyectos-de-cooperacion-de-los-centros-formativos-de-la-comarca\\\/\"]}]},{\"@type\":\"ImageObject\",\"inLanguage\":\"es\",\"@id\":\"https:\\\/\\\/iraurgiberritzen.eus\\\/es\\\/ya-se-han-iniciado-los-proyectos-de-cooperacion-de-los-centros-formativos-de-la-comarca\\\/#primaryimage\",\"url\":\"https:\\\/\\\/iraurgiberritzen.eus\\\/wp-content\\\/uploads\\\/2023\\\/09\\\/e26e070f0b61121e8e747746e6882f29.jpg\",\"contentUrl\":\"https:\\\/\\\/iraurgiberritzen.eus\\\/wp-content\\\/uploads\\\/2023\\\/09\\\/e26e070f0b61121e8e747746e6882f29.jpg\",\"width\":600,\"height\":386},{\"@type\":\"BreadcrumbList\",\"@id\":\"https:\\\/\\\/iraurgiberritzen.eus\\\/es\\\/ya-se-han-iniciado-los-proyectos-de-cooperacion-de-los-centros-formativos-de-la-comarca\\\/#breadcrumb\",\"itemListElement\":[{\"@type\":\"ListItem\",\"position\":1,\"name\":\"Home\",\"item\":\"https:\\\/\\\/iraurgiberritzen.eus\\\/es\\\/\"},{\"@type\":\"ListItem\",\"position\":2,\"name\":\"Ya se han iniciado los proyectos de cooperaci\u00f3n de los centros formativos de la comarca\"}]},{\"@type\":\"WebSite\",\"@id\":\"https:\\\/\\\/iraurgiberritzen.eus\\\/es\\\/#website\",\"url\":\"https:\\\/\\\/iraurgiberritzen.eus\\\/es\\\/\",\"name\":\"Iraurgi Berritzen\",\"description\":\"Urola Erdiko Garapen Agentzia\",\"publisher\":{\"@id\":\"https:\\\/\\\/iraurgiberritzen.eus\\\/es\\\/#organization\"},\"potentialAction\":[{\"@type\":\"SearchAction\",\"target\":{\"@type\":\"EntryPoint\",\"urlTemplate\":\"https:\\\/\\\/iraurgiberritzen.eus\\\/es\\\/?s={search_term_string}\"},\"query-input\":{\"@type\":\"PropertyValueSpecification\",\"valueRequired\":true,\"valueName\":\"search_term_string\"}}],\"inLanguage\":\"es\"},{\"@type\":\"Organization\",\"@id\":\"https:\\\/\\\/iraurgiberritzen.eus\\\/es\\\/#organization\",\"name\":\"Iraurgi Berritzen\",\"url\":\"https:\\\/\\\/iraurgiberritzen.eus\\\/es\\\/\",\"logo\":{\"@type\":\"ImageObject\",\"inLanguage\":\"es\",\"@id\":\"https:\\\/\\\/iraurgiberritzen.eus\\\/es\\\/#\\\/schema\\\/logo\\\/image\\\/\",\"url\":\"https:\\\/\\\/iraurgiberritzen.eus\\\/wp-content\\\/uploads\\\/2024\\\/02\\\/IRAURGI-BERRITZEN-logotipoa_2.png\",\"contentUrl\":\"https:\\\/\\\/iraurgiberritzen.eus\\\/wp-content\\\/uploads\\\/2024\\\/02\\\/IRAURGI-BERRITZEN-logotipoa_2.png\",\"width\":496,\"height\":190,\"caption\":\"Iraurgi Berritzen\"},\"image\":{\"@id\":\"https:\\\/\\\/iraurgiberritzen.eus\\\/es\\\/#\\\/schema\\\/logo\\\/image\\\/\"}},{\"@type\":\"Person\",\"@id\":\"https:\\\/\\\/iraurgiberritzen.eus\\\/es\\\/#\\\/schema\\\/person\\\/5ab41aaf388a9097177601ebf45738d2\",\"name\":\"kudeatzailea\",\"sameAs\":[\"https:\\\/\\\/iraurgiberritzen.eus\"]}]}<\/script>\n<!-- \/ Yoast SEO plugin. -->","yoast_head_json":{"title":"Ya se han iniciado los proyectos de cooperaci\u00f3n de los centros formativos de la comarca - Iraurgi Berritzen","robots":{"index":"index","follow":"follow","max-snippet":"max-snippet:-1","max-image-preview":"max-image-preview:large","max-video-preview":"max-video-preview:-1"},"canonical":"https:\/\/iraurgiberritzen.eus\/es\/ya-se-han-iniciado-los-proyectos-de-cooperacion-de-los-centros-formativos-de-la-comarca\/","og_locale":"es_ES","og_type":"article","og_title":"Ya se han iniciado los proyectos de cooperaci\u00f3n de los centros formativos de la comarca - Iraurgi Berritzen","og_description":"\u00abIkastetxeen Gunea\u00bb se compone de 5 centros formativos \u2013 Azkoitia BHI, Floreaga Salestar Ikastetxea, Iraurgi Ikastetxea, Azpeitiko Ikastola Ikasberri eta Urola Ikastola &#8211; de la comarca y su principal objetivo consiste en fomentar la colaboraci\u00f3n entre estos centros dirigiendo as\u00ed sus l\u00edneas de actuaci\u00f3n a la Educaci\u00f3n Secundaria Obligatoria y Bachillerato. El mencionado espacio de [&hellip;]","og_url":"https:\/\/iraurgiberritzen.eus\/es\/ya-se-han-iniciado-los-proyectos-de-cooperacion-de-los-centros-formativos-de-la-comarca\/","og_site_name":"Iraurgi Berritzen","article_published_time":"2018-11-30T06:49:52+00:00","author":"kudeatzailea","twitter_card":"summary_large_image","twitter_misc":{"Escrito por":"kudeatzailea","Tiempo de lectura":"2 minutos"},"schema":{"@context":"https:\/\/schema.org","@graph":[{"@type":"Article","@id":"https:\/\/iraurgiberritzen.eus\/es\/ya-se-han-iniciado-los-proyectos-de-cooperacion-de-los-centros-formativos-de-la-comarca\/#article","isPartOf":{"@id":"https:\/\/iraurgiberritzen.eus\/es\/ya-se-han-iniciado-los-proyectos-de-cooperacion-de-los-centros-formativos-de-la-comarca\/"},"author":{"name":"kudeatzailea","@id":"https:\/\/iraurgiberritzen.eus\/es\/#\/schema\/person\/5ab41aaf388a9097177601ebf45738d2"},"headline":"Ya se han iniciado los proyectos de cooperaci\u00f3n de los centros formativos de la comarca","datePublished":"2018-11-30T06:49:52+00:00","mainEntityOfPage":{"@id":"https:\/\/iraurgiberritzen.eus\/es\/ya-se-han-iniciado-los-proyectos-de-cooperacion-de-los-centros-formativos-de-la-comarca\/"},"wordCount":493,"publisher":{"@id":"https:\/\/iraurgiberritzen.eus\/es\/#organization"},"image":{"@id":"https:\/\/iraurgiberritzen.eus\/es\/ya-se-han-iniciado-los-proyectos-de-cooperacion-de-los-centros-formativos-de-la-comarca\/#primaryimage"},"thumbnailUrl":"https:\/\/iraurgiberritzen.eus\/wp-content\/uploads\/2023\/09\/e26e070f0b61121e8e747746e6882f29.jpg","articleSection":["Noticias"],"inLanguage":"es"},{"@type":"WebPage","@id":"https:\/\/iraurgiberritzen.eus\/es\/ya-se-han-iniciado-los-proyectos-de-cooperacion-de-los-centros-formativos-de-la-comarca\/","url":"https:\/\/iraurgiberritzen.eus\/es\/ya-se-han-iniciado-los-proyectos-de-cooperacion-de-los-centros-formativos-de-la-comarca\/","name":"Ya se han iniciado los proyectos de cooperaci\u00f3n de los centros formativos de la comarca - Iraurgi Berritzen","isPartOf":{"@id":"https:\/\/iraurgiberritzen.eus\/es\/#website"},"primaryImageOfPage":{"@id":"https:\/\/iraurgiberritzen.eus\/es\/ya-se-han-iniciado-los-proyectos-de-cooperacion-de-los-centros-formativos-de-la-comarca\/#primaryimage"},"image":{"@id":"https:\/\/iraurgiberritzen.eus\/es\/ya-se-han-iniciado-los-proyectos-de-cooperacion-de-los-centros-formativos-de-la-comarca\/#primaryimage"},"thumbnailUrl":"https:\/\/iraurgiberritzen.eus\/wp-content\/uploads\/2023\/09\/e26e070f0b61121e8e747746e6882f29.jpg","datePublished":"2018-11-30T06:49:52+00:00","breadcrumb":{"@id":"https:\/\/iraurgiberritzen.eus\/es\/ya-se-han-iniciado-los-proyectos-de-cooperacion-de-los-centros-formativos-de-la-comarca\/#breadcrumb"},"inLanguage":"es","potentialAction":[{"@type":"ReadAction","target":["https:\/\/iraurgiberritzen.eus\/es\/ya-se-han-iniciado-los-proyectos-de-cooperacion-de-los-centros-formativos-de-la-comarca\/"]}]},{"@type":"ImageObject","inLanguage":"es","@id":"https:\/\/iraurgiberritzen.eus\/es\/ya-se-han-iniciado-los-proyectos-de-cooperacion-de-los-centros-formativos-de-la-comarca\/#primaryimage","url":"https:\/\/iraurgiberritzen.eus\/wp-content\/uploads\/2023\/09\/e26e070f0b61121e8e747746e6882f29.jpg","contentUrl":"https:\/\/iraurgiberritzen.eus\/wp-content\/uploads\/2023\/09\/e26e070f0b61121e8e747746e6882f29.jpg","width":600,"height":386},{"@type":"BreadcrumbList","@id":"https:\/\/iraurgiberritzen.eus\/es\/ya-se-han-iniciado-los-proyectos-de-cooperacion-de-los-centros-formativos-de-la-comarca\/#breadcrumb","itemListElement":[{"@type":"ListItem","position":1,"name":"Home","item":"https:\/\/iraurgiberritzen.eus\/es\/"},{"@type":"ListItem","position":2,"name":"Ya se han iniciado los proyectos de cooperaci\u00f3n de los centros formativos de la comarca"}]},{"@type":"WebSite","@id":"https:\/\/iraurgiberritzen.eus\/es\/#website","url":"https:\/\/iraurgiberritzen.eus\/es\/","name":"Iraurgi Berritzen","description":"Urola Erdiko Garapen Agentzia","publisher":{"@id":"https:\/\/iraurgiberritzen.eus\/es\/#organization"},"potentialAction":[{"@type":"SearchAction","target":{"@type":"EntryPoint","urlTemplate":"https:\/\/iraurgiberritzen.eus\/es\/?s={search_term_string}"},"query-input":{"@type":"PropertyValueSpecification","valueRequired":true,"valueName":"search_term_string"}}],"inLanguage":"es"},{"@type":"Organization","@id":"https:\/\/iraurgiberritzen.eus\/es\/#organization","name":"Iraurgi Berritzen","url":"https:\/\/iraurgiberritzen.eus\/es\/","logo":{"@type":"ImageObject","inLanguage":"es","@id":"https:\/\/iraurgiberritzen.eus\/es\/#\/schema\/logo\/image\/","url":"https:\/\/iraurgiberritzen.eus\/wp-content\/uploads\/2024\/02\/IRAURGI-BERRITZEN-logotipoa_2.png","contentUrl":"https:\/\/iraurgiberritzen.eus\/wp-content\/uploads\/2024\/02\/IRAURGI-BERRITZEN-logotipoa_2.png","width":496,"height":190,"caption":"Iraurgi Berritzen"},"image":{"@id":"https:\/\/iraurgiberritzen.eus\/es\/#\/schema\/logo\/image\/"}},{"@type":"Person","@id":"https:\/\/iraurgiberritzen.eus\/es\/#\/schema\/person\/5ab41aaf388a9097177601ebf45738d2","name":"kudeatzailea","sameAs":["https:\/\/iraurgiberritzen.eus"]}]}},"_links":{"self":[{"href":"https:\/\/iraurgiberritzen.eus\/es\/wp-json\/wp\/v2\/posts\/12489","targetHints":{"allow":["GET"]}}],"collection":[{"href":"https:\/\/iraurgiberritzen.eus\/es\/wp-json\/wp\/v2\/posts"}],"about":[{"href":"https:\/\/iraurgiberritzen.eus\/es\/wp-json\/wp\/v2\/types\/post"}],"author":[{"embeddable":true,"href":"https:\/\/iraurgiberritzen.eus\/es\/wp-json\/wp\/v2\/users\/1"}],"replies":[{"embeddable":true,"href":"https:\/\/iraurgiberritzen.eus\/es\/wp-json\/wp\/v2\/comments?post=12489"}],"version-history":[{"count":0,"href":"https:\/\/iraurgiberritzen.eus\/es\/wp-json\/wp\/v2\/posts\/12489\/revisions"}],"wp:featuredmedia":[{"embeddable":true,"href":"https:\/\/iraurgiberritzen.eus\/es\/wp-json\/wp\/v2\/media\/17850"}],"wp:attachment":[{"href":"https:\/\/iraurgiberritzen.eus\/es\/wp-json\/wp\/v2\/media?parent=12489"}],"wp:term":[{"taxonomy":"category","embeddable":true,"href":"https:\/\/iraurgiberritzen.eus\/es\/wp-json\/wp\/v2\/categories?post=12489"},{"taxonomy":"post_tag","embeddable":true,"href":"https:\/\/iraurgiberritzen.eus\/es\/wp-json\/wp\/v2\/tags?post=12489"}],"curies":[{"name":"wp","href":"https:\/\/api.w.org\/{rel}","templated":true}]}}