{"id":12492,"date":"2018-12-03T10:40:20","date_gmt":"2018-12-03T08:40:20","guid":{"rendered":"https:\/\/iraurgiberritzen.eus\/se-ha-estrenado-el-documental-el-camino-ignaciano-en-euskadi-en-el-hospital-de-magdalena\/"},"modified":"2018-12-03T10:40:20","modified_gmt":"2018-12-03T08:40:20","slug":"se-ha-estrenado-el-documental-el-camino-ignaciano-en-euskadi-en-el-hospital-de-magdalena","status":"publish","type":"post","link":"https:\/\/iraurgiberritzen.eus\/es\/se-ha-estrenado-el-documental-el-camino-ignaciano-en-euskadi-en-el-hospital-de-magdalena\/","title":{"rendered":"Se ha estrenado el documental \u00abEl Camino Ignaciano en Euskadi\u00bb en el Hospital de Magdalena"},"content":{"rendered":"<p>El 30 de noviembre, se lanz\u00f3 el documental <strong>El Camino Ignaciano en Euskadi<\/strong> en el hospital de Magdalena, donde numeroso p\u00fablico se acerc\u00f3 al centro de interpretaci\u00f3n para ver in situ este nuevo trabajo.<\/p>\n<p style=\"text-align: justify;\">Adem\u00e1s de numerosos vecinos de Azpeitia, la representaci\u00f3n institucional tambi\u00e9n fue amplia, encabezada por el Consejero de Turismo, Comercio y Consumo del Gobierno Vasco Alfredo Retortillo, el director de Basquetour Harkaitz Mill\u00e1n, el Alcalde de Laguardia Pedro Le\u00f3n o el Alcalde de Azpeitia Eneko Etxeberria. El documental se divide en dos episodios de 50 minutos y los asistentes pudieron ver ambos. El director Antonio Crist\u00f3bal ha completado la producci\u00f3n audiovisual con etapas de Gipuzkoa y Araba del Camino Ignaciano. El trabajo ha sido grabado en espa\u00f1ol y el protagonista del mismo ha sido el actor Oscar Terol.<\/p>\n<p style=\"text-align: justify;\">En la primera parte, Terol muestra la ruta de los Tres Templos que conecta Loiola con Arantzazu; y en la segunda parte la ruta que va desde Arantzazu hasta Lapuebla de Labarca en Araba. Aunque el Camino Ignaciano llega hasta Manresa (Catalu\u00f1a), con este documental se han intentado mostrar las siete etapas, y los 150 kilometros que atraviesan Gipuzkoa y Araba.<\/p>\n","protected":false},"excerpt":{"rendered":"<p>El 30 de noviembre, se lanz\u00f3 el documental El Camino Ignaciano en Euskadi en el hospital de Magdalena, donde numeroso p\u00fablico se acerc\u00f3 al centro de interpretaci\u00f3n para ver in situ este nuevo trabajo. Adem\u00e1s de numerosos vecinos de Azpeitia, la representaci\u00f3n institucional tambi\u00e9n fue amplia, encabezada por el Consejero de Turismo, Comercio y Consumo [&hellip;]<\/p>\n","protected":false},"author":1,"featured_media":17851,"comment_status":"","ping_status":"closed","sticky":false,"template":"","format":"standard","meta":{"_acf_changed":false,"footnotes":""},"categories":[4],"tags":[],"class_list":["post-12492","post","type-post","status-publish","format-standard","has-post-thumbnail","hentry","category-noticias"],"acf":[],"yoast_head":"<!-- This site is optimized with the Yoast SEO plugin v27.4 - https:\/\/yoast.com\/product\/yoast-seo-wordpress\/ -->\n<title>Se ha estrenado el documental &quot;El Camino Ignaciano en Euskadi&quot; en el Hospital de Magdalena - Iraurgi Berritzen<\/title>\n<meta name=\"robots\" content=\"index, follow, max-snippet:-1, max-image-preview:large, max-video-preview:-1\" \/>\n<link rel=\"canonical\" href=\"https:\/\/iraurgiberritzen.eus\/es\/se-ha-estrenado-el-documental-el-camino-ignaciano-en-euskadi-en-el-hospital-de-magdalena\/\" \/>\n<meta property=\"og:locale\" content=\"es_ES\" \/>\n<meta property=\"og:type\" content=\"article\" \/>\n<meta property=\"og:title\" content=\"Se ha estrenado el documental &quot;El Camino Ignaciano en Euskadi&quot; en el Hospital de Magdalena - Iraurgi Berritzen\" \/>\n<meta property=\"og:description\" content=\"El 30 de noviembre, se lanz\u00f3 el documental El Camino Ignaciano en Euskadi en el hospital de Magdalena, donde numeroso p\u00fablico se acerc\u00f3 al centro de interpretaci\u00f3n para ver in situ este nuevo trabajo. Adem\u00e1s de numerosos vecinos de Azpeitia, la representaci\u00f3n institucional tambi\u00e9n fue amplia, encabezada por el Consejero de Turismo, Comercio y Consumo [&hellip;]\" \/>\n<meta property=\"og:url\" content=\"https:\/\/iraurgiberritzen.eus\/es\/se-ha-estrenado-el-documental-el-camino-ignaciano-en-euskadi-en-el-hospital-de-magdalena\/\" \/>\n<meta property=\"og:site_name\" content=\"Iraurgi Berritzen\" \/>\n<meta property=\"article:published_time\" content=\"2018-12-03T08:40:20+00:00\" \/>\n<meta name=\"author\" content=\"kudeatzailea\" \/>\n<meta name=\"twitter:card\" content=\"summary_large_image\" \/>\n<meta name=\"twitter:label1\" content=\"Escrito por\" \/>\n\t<meta name=\"twitter:data1\" content=\"kudeatzailea\" \/>\n\t<meta name=\"twitter:label2\" content=\"Tiempo de lectura\" \/>\n\t<meta name=\"twitter:data2\" content=\"1 minuto\" \/>\n<script type=\"application\/ld+json\" class=\"yoast-schema-graph\">{\"@context\":\"https:\\\/\\\/schema.org\",\"@graph\":[{\"@type\":\"Article\",\"@id\":\"https:\\\/\\\/iraurgiberritzen.eus\\\/es\\\/se-ha-estrenado-el-documental-el-camino-ignaciano-en-euskadi-en-el-hospital-de-magdalena\\\/#article\",\"isPartOf\":{\"@id\":\"https:\\\/\\\/iraurgiberritzen.eus\\\/es\\\/se-ha-estrenado-el-documental-el-camino-ignaciano-en-euskadi-en-el-hospital-de-magdalena\\\/\"},\"author\":{\"name\":\"kudeatzailea\",\"@id\":\"https:\\\/\\\/iraurgiberritzen.eus\\\/es\\\/#\\\/schema\\\/person\\\/5ab41aaf388a9097177601ebf45738d2\"},\"headline\":\"Se ha estrenado el documental \u00abEl Camino Ignaciano en Euskadi\u00bb en el Hospital de Magdalena\",\"datePublished\":\"2018-12-03T08:40:20+00:00\",\"mainEntityOfPage\":{\"@id\":\"https:\\\/\\\/iraurgiberritzen.eus\\\/es\\\/se-ha-estrenado-el-documental-el-camino-ignaciano-en-euskadi-en-el-hospital-de-magdalena\\\/\"},\"wordCount\":215,\"publisher\":{\"@id\":\"https:\\\/\\\/iraurgiberritzen.eus\\\/es\\\/#organization\"},\"image\":{\"@id\":\"https:\\\/\\\/iraurgiberritzen.eus\\\/es\\\/se-ha-estrenado-el-documental-el-camino-ignaciano-en-euskadi-en-el-hospital-de-magdalena\\\/#primaryimage\"},\"thumbnailUrl\":\"https:\\\/\\\/iraurgiberritzen.eus\\\/wp-content\\\/uploads\\\/2023\\\/09\\\/01eec10693d9896b4d757174d0f20dd9.jpg\",\"articleSection\":[\"Noticias\"],\"inLanguage\":\"es\"},{\"@type\":\"WebPage\",\"@id\":\"https:\\\/\\\/iraurgiberritzen.eus\\\/es\\\/se-ha-estrenado-el-documental-el-camino-ignaciano-en-euskadi-en-el-hospital-de-magdalena\\\/\",\"url\":\"https:\\\/\\\/iraurgiberritzen.eus\\\/es\\\/se-ha-estrenado-el-documental-el-camino-ignaciano-en-euskadi-en-el-hospital-de-magdalena\\\/\",\"name\":\"Se ha estrenado el documental \\\"El Camino Ignaciano en Euskadi\\\" en el Hospital de Magdalena - Iraurgi Berritzen\",\"isPartOf\":{\"@id\":\"https:\\\/\\\/iraurgiberritzen.eus\\\/es\\\/#website\"},\"primaryImageOfPage\":{\"@id\":\"https:\\\/\\\/iraurgiberritzen.eus\\\/es\\\/se-ha-estrenado-el-documental-el-camino-ignaciano-en-euskadi-en-el-hospital-de-magdalena\\\/#primaryimage\"},\"image\":{\"@id\":\"https:\\\/\\\/iraurgiberritzen.eus\\\/es\\\/se-ha-estrenado-el-documental-el-camino-ignaciano-en-euskadi-en-el-hospital-de-magdalena\\\/#primaryimage\"},\"thumbnailUrl\":\"https:\\\/\\\/iraurgiberritzen.eus\\\/wp-content\\\/uploads\\\/2023\\\/09\\\/01eec10693d9896b4d757174d0f20dd9.jpg\",\"datePublished\":\"2018-12-03T08:40:20+00:00\",\"breadcrumb\":{\"@id\":\"https:\\\/\\\/iraurgiberritzen.eus\\\/es\\\/se-ha-estrenado-el-documental-el-camino-ignaciano-en-euskadi-en-el-hospital-de-magdalena\\\/#breadcrumb\"},\"inLanguage\":\"es\",\"potentialAction\":[{\"@type\":\"ReadAction\",\"target\":[\"https:\\\/\\\/iraurgiberritzen.eus\\\/es\\\/se-ha-estrenado-el-documental-el-camino-ignaciano-en-euskadi-en-el-hospital-de-magdalena\\\/\"]}]},{\"@type\":\"ImageObject\",\"inLanguage\":\"es\",\"@id\":\"https:\\\/\\\/iraurgiberritzen.eus\\\/es\\\/se-ha-estrenado-el-documental-el-camino-ignaciano-en-euskadi-en-el-hospital-de-magdalena\\\/#primaryimage\",\"url\":\"https:\\\/\\\/iraurgiberritzen.eus\\\/wp-content\\\/uploads\\\/2023\\\/09\\\/01eec10693d9896b4d757174d0f20dd9.jpg\",\"contentUrl\":\"https:\\\/\\\/iraurgiberritzen.eus\\\/wp-content\\\/uploads\\\/2023\\\/09\\\/01eec10693d9896b4d757174d0f20dd9.jpg\",\"width\":600,\"height\":386},{\"@type\":\"BreadcrumbList\",\"@id\":\"https:\\\/\\\/iraurgiberritzen.eus\\\/es\\\/se-ha-estrenado-el-documental-el-camino-ignaciano-en-euskadi-en-el-hospital-de-magdalena\\\/#breadcrumb\",\"itemListElement\":[{\"@type\":\"ListItem\",\"position\":1,\"name\":\"Home\",\"item\":\"https:\\\/\\\/iraurgiberritzen.eus\\\/es\\\/\"},{\"@type\":\"ListItem\",\"position\":2,\"name\":\"Se ha estrenado el documental &#8220;El Camino Ignaciano en Euskadi&#8221; en el Hospital de Magdalena\"}]},{\"@type\":\"WebSite\",\"@id\":\"https:\\\/\\\/iraurgiberritzen.eus\\\/es\\\/#website\",\"url\":\"https:\\\/\\\/iraurgiberritzen.eus\\\/es\\\/\",\"name\":\"Iraurgi Berritzen\",\"description\":\"Urola Erdiko Garapen Agentzia\",\"publisher\":{\"@id\":\"https:\\\/\\\/iraurgiberritzen.eus\\\/es\\\/#organization\"},\"potentialAction\":[{\"@type\":\"SearchAction\",\"target\":{\"@type\":\"EntryPoint\",\"urlTemplate\":\"https:\\\/\\\/iraurgiberritzen.eus\\\/es\\\/?s={search_term_string}\"},\"query-input\":{\"@type\":\"PropertyValueSpecification\",\"valueRequired\":true,\"valueName\":\"search_term_string\"}}],\"inLanguage\":\"es\"},{\"@type\":\"Organization\",\"@id\":\"https:\\\/\\\/iraurgiberritzen.eus\\\/es\\\/#organization\",\"name\":\"Iraurgi Berritzen\",\"url\":\"https:\\\/\\\/iraurgiberritzen.eus\\\/es\\\/\",\"logo\":{\"@type\":\"ImageObject\",\"inLanguage\":\"es\",\"@id\":\"https:\\\/\\\/iraurgiberritzen.eus\\\/es\\\/#\\\/schema\\\/logo\\\/image\\\/\",\"url\":\"https:\\\/\\\/iraurgiberritzen.eus\\\/wp-content\\\/uploads\\\/2024\\\/02\\\/IRAURGI-BERRITZEN-logotipoa_2.png\",\"contentUrl\":\"https:\\\/\\\/iraurgiberritzen.eus\\\/wp-content\\\/uploads\\\/2024\\\/02\\\/IRAURGI-BERRITZEN-logotipoa_2.png\",\"width\":496,\"height\":190,\"caption\":\"Iraurgi Berritzen\"},\"image\":{\"@id\":\"https:\\\/\\\/iraurgiberritzen.eus\\\/es\\\/#\\\/schema\\\/logo\\\/image\\\/\"}},{\"@type\":\"Person\",\"@id\":\"https:\\\/\\\/iraurgiberritzen.eus\\\/es\\\/#\\\/schema\\\/person\\\/5ab41aaf388a9097177601ebf45738d2\",\"name\":\"kudeatzailea\",\"sameAs\":[\"https:\\\/\\\/iraurgiberritzen.eus\"]}]}<\/script>\n<!-- \/ Yoast SEO plugin. -->","yoast_head_json":{"title":"Se ha estrenado el documental \"El Camino Ignaciano en Euskadi\" en el Hospital de Magdalena - Iraurgi Berritzen","robots":{"index":"index","follow":"follow","max-snippet":"max-snippet:-1","max-image-preview":"max-image-preview:large","max-video-preview":"max-video-preview:-1"},"canonical":"https:\/\/iraurgiberritzen.eus\/es\/se-ha-estrenado-el-documental-el-camino-ignaciano-en-euskadi-en-el-hospital-de-magdalena\/","og_locale":"es_ES","og_type":"article","og_title":"Se ha estrenado el documental \"El Camino Ignaciano en Euskadi\" en el Hospital de Magdalena - Iraurgi Berritzen","og_description":"El 30 de noviembre, se lanz\u00f3 el documental El Camino Ignaciano en Euskadi en el hospital de Magdalena, donde numeroso p\u00fablico se acerc\u00f3 al centro de interpretaci\u00f3n para ver in situ este nuevo trabajo. Adem\u00e1s de numerosos vecinos de Azpeitia, la representaci\u00f3n institucional tambi\u00e9n fue amplia, encabezada por el Consejero de Turismo, Comercio y Consumo [&hellip;]","og_url":"https:\/\/iraurgiberritzen.eus\/es\/se-ha-estrenado-el-documental-el-camino-ignaciano-en-euskadi-en-el-hospital-de-magdalena\/","og_site_name":"Iraurgi Berritzen","article_published_time":"2018-12-03T08:40:20+00:00","author":"kudeatzailea","twitter_card":"summary_large_image","twitter_misc":{"Escrito por":"kudeatzailea","Tiempo de lectura":"1 minuto"},"schema":{"@context":"https:\/\/schema.org","@graph":[{"@type":"Article","@id":"https:\/\/iraurgiberritzen.eus\/es\/se-ha-estrenado-el-documental-el-camino-ignaciano-en-euskadi-en-el-hospital-de-magdalena\/#article","isPartOf":{"@id":"https:\/\/iraurgiberritzen.eus\/es\/se-ha-estrenado-el-documental-el-camino-ignaciano-en-euskadi-en-el-hospital-de-magdalena\/"},"author":{"name":"kudeatzailea","@id":"https:\/\/iraurgiberritzen.eus\/es\/#\/schema\/person\/5ab41aaf388a9097177601ebf45738d2"},"headline":"Se ha estrenado el documental \u00abEl Camino Ignaciano en Euskadi\u00bb en el Hospital de Magdalena","datePublished":"2018-12-03T08:40:20+00:00","mainEntityOfPage":{"@id":"https:\/\/iraurgiberritzen.eus\/es\/se-ha-estrenado-el-documental-el-camino-ignaciano-en-euskadi-en-el-hospital-de-magdalena\/"},"wordCount":215,"publisher":{"@id":"https:\/\/iraurgiberritzen.eus\/es\/#organization"},"image":{"@id":"https:\/\/iraurgiberritzen.eus\/es\/se-ha-estrenado-el-documental-el-camino-ignaciano-en-euskadi-en-el-hospital-de-magdalena\/#primaryimage"},"thumbnailUrl":"https:\/\/iraurgiberritzen.eus\/wp-content\/uploads\/2023\/09\/01eec10693d9896b4d757174d0f20dd9.jpg","articleSection":["Noticias"],"inLanguage":"es"},{"@type":"WebPage","@id":"https:\/\/iraurgiberritzen.eus\/es\/se-ha-estrenado-el-documental-el-camino-ignaciano-en-euskadi-en-el-hospital-de-magdalena\/","url":"https:\/\/iraurgiberritzen.eus\/es\/se-ha-estrenado-el-documental-el-camino-ignaciano-en-euskadi-en-el-hospital-de-magdalena\/","name":"Se ha estrenado el documental \"El Camino Ignaciano en Euskadi\" en el Hospital de Magdalena - Iraurgi Berritzen","isPartOf":{"@id":"https:\/\/iraurgiberritzen.eus\/es\/#website"},"primaryImageOfPage":{"@id":"https:\/\/iraurgiberritzen.eus\/es\/se-ha-estrenado-el-documental-el-camino-ignaciano-en-euskadi-en-el-hospital-de-magdalena\/#primaryimage"},"image":{"@id":"https:\/\/iraurgiberritzen.eus\/es\/se-ha-estrenado-el-documental-el-camino-ignaciano-en-euskadi-en-el-hospital-de-magdalena\/#primaryimage"},"thumbnailUrl":"https:\/\/iraurgiberritzen.eus\/wp-content\/uploads\/2023\/09\/01eec10693d9896b4d757174d0f20dd9.jpg","datePublished":"2018-12-03T08:40:20+00:00","breadcrumb":{"@id":"https:\/\/iraurgiberritzen.eus\/es\/se-ha-estrenado-el-documental-el-camino-ignaciano-en-euskadi-en-el-hospital-de-magdalena\/#breadcrumb"},"inLanguage":"es","potentialAction":[{"@type":"ReadAction","target":["https:\/\/iraurgiberritzen.eus\/es\/se-ha-estrenado-el-documental-el-camino-ignaciano-en-euskadi-en-el-hospital-de-magdalena\/"]}]},{"@type":"ImageObject","inLanguage":"es","@id":"https:\/\/iraurgiberritzen.eus\/es\/se-ha-estrenado-el-documental-el-camino-ignaciano-en-euskadi-en-el-hospital-de-magdalena\/#primaryimage","url":"https:\/\/iraurgiberritzen.eus\/wp-content\/uploads\/2023\/09\/01eec10693d9896b4d757174d0f20dd9.jpg","contentUrl":"https:\/\/iraurgiberritzen.eus\/wp-content\/uploads\/2023\/09\/01eec10693d9896b4d757174d0f20dd9.jpg","width":600,"height":386},{"@type":"BreadcrumbList","@id":"https:\/\/iraurgiberritzen.eus\/es\/se-ha-estrenado-el-documental-el-camino-ignaciano-en-euskadi-en-el-hospital-de-magdalena\/#breadcrumb","itemListElement":[{"@type":"ListItem","position":1,"name":"Home","item":"https:\/\/iraurgiberritzen.eus\/es\/"},{"@type":"ListItem","position":2,"name":"Se ha estrenado el documental &#8220;El Camino Ignaciano en Euskadi&#8221; en el Hospital de Magdalena"}]},{"@type":"WebSite","@id":"https:\/\/iraurgiberritzen.eus\/es\/#website","url":"https:\/\/iraurgiberritzen.eus\/es\/","name":"Iraurgi Berritzen","description":"Urola Erdiko Garapen Agentzia","publisher":{"@id":"https:\/\/iraurgiberritzen.eus\/es\/#organization"},"potentialAction":[{"@type":"SearchAction","target":{"@type":"EntryPoint","urlTemplate":"https:\/\/iraurgiberritzen.eus\/es\/?s={search_term_string}"},"query-input":{"@type":"PropertyValueSpecification","valueRequired":true,"valueName":"search_term_string"}}],"inLanguage":"es"},{"@type":"Organization","@id":"https:\/\/iraurgiberritzen.eus\/es\/#organization","name":"Iraurgi Berritzen","url":"https:\/\/iraurgiberritzen.eus\/es\/","logo":{"@type":"ImageObject","inLanguage":"es","@id":"https:\/\/iraurgiberritzen.eus\/es\/#\/schema\/logo\/image\/","url":"https:\/\/iraurgiberritzen.eus\/wp-content\/uploads\/2024\/02\/IRAURGI-BERRITZEN-logotipoa_2.png","contentUrl":"https:\/\/iraurgiberritzen.eus\/wp-content\/uploads\/2024\/02\/IRAURGI-BERRITZEN-logotipoa_2.png","width":496,"height":190,"caption":"Iraurgi Berritzen"},"image":{"@id":"https:\/\/iraurgiberritzen.eus\/es\/#\/schema\/logo\/image\/"}},{"@type":"Person","@id":"https:\/\/iraurgiberritzen.eus\/es\/#\/schema\/person\/5ab41aaf388a9097177601ebf45738d2","name":"kudeatzailea","sameAs":["https:\/\/iraurgiberritzen.eus"]}]}},"_links":{"self":[{"href":"https:\/\/iraurgiberritzen.eus\/es\/wp-json\/wp\/v2\/posts\/12492","targetHints":{"allow":["GET"]}}],"collection":[{"href":"https:\/\/iraurgiberritzen.eus\/es\/wp-json\/wp\/v2\/posts"}],"about":[{"href":"https:\/\/iraurgiberritzen.eus\/es\/wp-json\/wp\/v2\/types\/post"}],"author":[{"embeddable":true,"href":"https:\/\/iraurgiberritzen.eus\/es\/wp-json\/wp\/v2\/users\/1"}],"replies":[{"embeddable":true,"href":"https:\/\/iraurgiberritzen.eus\/es\/wp-json\/wp\/v2\/comments?post=12492"}],"version-history":[{"count":0,"href":"https:\/\/iraurgiberritzen.eus\/es\/wp-json\/wp\/v2\/posts\/12492\/revisions"}],"wp:featuredmedia":[{"embeddable":true,"href":"https:\/\/iraurgiberritzen.eus\/es\/wp-json\/wp\/v2\/media\/17851"}],"wp:attachment":[{"href":"https:\/\/iraurgiberritzen.eus\/es\/wp-json\/wp\/v2\/media?parent=12492"}],"wp:term":[{"taxonomy":"category","embeddable":true,"href":"https:\/\/iraurgiberritzen.eus\/es\/wp-json\/wp\/v2\/categories?post=12492"},{"taxonomy":"post_tag","embeddable":true,"href":"https:\/\/iraurgiberritzen.eus\/es\/wp-json\/wp\/v2\/tags?post=12492"}],"curies":[{"name":"wp","href":"https:\/\/api.w.org\/{rel}","templated":true}]}}