{"id":12495,"date":"2018-11-30T10:19:37","date_gmt":"2018-11-30T08:19:37","guid":{"rendered":"https:\/\/iraurgiberritzen.eus\/empresas-del-territorio-de-zestoa-y-el-entorno-se-incorporan-a-la-dinamica-de-ib-sarea\/"},"modified":"2018-11-30T10:19:37","modified_gmt":"2018-11-30T08:19:37","slug":"empresas-del-territorio-de-zestoa-y-el-entorno-se-incorporan-a-la-dinamica-de-ib-sarea","status":"publish","type":"post","link":"https:\/\/iraurgiberritzen.eus\/es\/empresas-del-territorio-de-zestoa-y-el-entorno-se-incorporan-a-la-dinamica-de-ib-sarea\/","title":{"rendered":"Empresas del territorio de Zestoa y el entorno se incorporan a la din\u00e1mica de IB Sarea"},"content":{"rendered":"<p>Han pasado 2 a\u00f1os desde que el Ayuntamiento de Zestoa se incorpor\u00f3 a la din\u00e1mica de la agencia IB.<\/p>\n<p style=\"text-align: justify;\">Esto nos ha permitido poder <strong>acercarnos a las empresas de dicho territorio<\/strong> a lo largo del a\u00f1o 2018 a trav\u00e9s del Proyecto Eskualdea Irekitzen. El objetivo principal ha sido la de que estas empresas conozcan desde la cercan\u00eda la din\u00e1mica de la agencia IB y como no, a la inversa, que IB conozca la realidad de estas empresas al mismo nivel.<\/p>\n<p style=\"text-align: justify;\">Se ha procurado profundizar en el modelo de relaci\u00f3n entre la agencia y las empresas para poder visualizar proyectos de colaboraci\u00f3n concretos. <strong>Entre los meses de enero y junio<\/strong>, se han visitado de manera individual todas estas empresas con el objetivo de ir conoci\u00e9ndonos, lo que nos ha permitido el poder compartir visiones en este sentido.<\/p>\n<p style=\"text-align: justify;\"><strong>El 12 de julio<\/strong> organizamos una <strong>reuni\u00f3n en el balneario de Cestona<\/strong>. Algunas de las empresas de la red aportaron sus experiencias en el marco de la agencia y tras algunas valoraciones realizadas, se debati\u00f3 sobre las oportunidades que pueden existir de poner en marcha diferentes marcos de colaboraci\u00f3n sobre las cuales empezar trabajando.<\/p>\n<p style=\"text-align: justify;\">Domusa Teknik, Alberdi Mek., Kimu Bat y Tecnicur, nos brindaron la posibilidad de conocer sus experiencias en cuanto a proyectos de colaboraci\u00f3n trabajados en el marco de la agencia en los \u00faltimos a\u00f1os. En la reuni\u00f3n participaron entorno a 15 empresas y las valoraciones realizadas fueron muy positivas, donde como conclusi\u00f3n se consider\u00f3 interesante trabajar sobre las cuestiones compartidas de manera individual con cada una de las empresas a trav\u00e9s de visitas individuales.<\/p>\n<p style=\"text-align: justify;\"><strong>Entre septiembre y diciembre,<\/strong> <strong>se visita cada empresa de manera individual por segunda vez<\/strong>, con el objetivo de ir visualizando necesidades espec\u00edficas que pueda tener cada uno y en base a ello, ir descubriendo diferentes posibilidades de actuaci\u00f3n.<\/p>\n<p style=\"text-align: justify;\"><strong>14 nuevas empresas se han incorporado a la din\u00e1mica de la red de empresas de IB<\/strong> y actualmente estamos trabajando en la identificaci\u00f3n de las necesidades espec\u00edficas para definir el plan de acci\u00f3n para 2019.<\/p>\n","protected":false},"excerpt":{"rendered":"<p>Han pasado 2 a\u00f1os desde que el Ayuntamiento de Zestoa se incorpor\u00f3 a la din\u00e1mica de la agencia IB. Esto nos ha permitido poder acercarnos a las empresas de dicho territorio a lo largo del a\u00f1o 2018 a trav\u00e9s del Proyecto Eskualdea Irekitzen. El objetivo principal ha sido la de que estas empresas conozcan desde [&hellip;]<\/p>\n","protected":false},"author":1,"featured_media":17852,"comment_status":"","ping_status":"closed","sticky":false,"template":"","format":"standard","meta":{"_acf_changed":false,"footnotes":""},"categories":[4],"tags":[],"class_list":["post-12495","post","type-post","status-publish","format-standard","has-post-thumbnail","hentry","category-noticias"],"acf":[],"yoast_head":"<!-- This site is optimized with the Yoast SEO plugin v27.4 - https:\/\/yoast.com\/product\/yoast-seo-wordpress\/ -->\n<title>Empresas del territorio de Zestoa y el entorno se incorporan a la din\u00e1mica de IB Sarea - Iraurgi Berritzen<\/title>\n<meta name=\"robots\" content=\"index, follow, max-snippet:-1, max-image-preview:large, max-video-preview:-1\" \/>\n<link rel=\"canonical\" href=\"https:\/\/iraurgiberritzen.eus\/es\/empresas-del-territorio-de-zestoa-y-el-entorno-se-incorporan-a-la-dinamica-de-ib-sarea\/\" \/>\n<meta property=\"og:locale\" content=\"es_ES\" \/>\n<meta property=\"og:type\" content=\"article\" \/>\n<meta property=\"og:title\" content=\"Empresas del territorio de Zestoa y el entorno se incorporan a la din\u00e1mica de IB Sarea - Iraurgi Berritzen\" \/>\n<meta property=\"og:description\" content=\"Han pasado 2 a\u00f1os desde que el Ayuntamiento de Zestoa se incorpor\u00f3 a la din\u00e1mica de la agencia IB. Esto nos ha permitido poder acercarnos a las empresas de dicho territorio a lo largo del a\u00f1o 2018 a trav\u00e9s del Proyecto Eskualdea Irekitzen. El objetivo principal ha sido la de que estas empresas conozcan desde [&hellip;]\" \/>\n<meta property=\"og:url\" content=\"https:\/\/iraurgiberritzen.eus\/es\/empresas-del-territorio-de-zestoa-y-el-entorno-se-incorporan-a-la-dinamica-de-ib-sarea\/\" \/>\n<meta property=\"og:site_name\" content=\"Iraurgi Berritzen\" \/>\n<meta property=\"article:published_time\" content=\"2018-11-30T08:19:37+00:00\" \/>\n<meta name=\"author\" content=\"kudeatzailea\" \/>\n<meta name=\"twitter:card\" content=\"summary_large_image\" \/>\n<meta name=\"twitter:label1\" content=\"Escrito por\" \/>\n\t<meta name=\"twitter:data1\" content=\"kudeatzailea\" \/>\n\t<meta name=\"twitter:label2\" content=\"Tiempo de lectura\" \/>\n\t<meta name=\"twitter:data2\" content=\"2 minutos\" \/>\n<script type=\"application\/ld+json\" class=\"yoast-schema-graph\">{\"@context\":\"https:\\\/\\\/schema.org\",\"@graph\":[{\"@type\":\"Article\",\"@id\":\"https:\\\/\\\/iraurgiberritzen.eus\\\/es\\\/empresas-del-territorio-de-zestoa-y-el-entorno-se-incorporan-a-la-dinamica-de-ib-sarea\\\/#article\",\"isPartOf\":{\"@id\":\"https:\\\/\\\/iraurgiberritzen.eus\\\/es\\\/empresas-del-territorio-de-zestoa-y-el-entorno-se-incorporan-a-la-dinamica-de-ib-sarea\\\/\"},\"author\":{\"name\":\"kudeatzailea\",\"@id\":\"https:\\\/\\\/iraurgiberritzen.eus\\\/es\\\/#\\\/schema\\\/person\\\/5ab41aaf388a9097177601ebf45738d2\"},\"headline\":\"Empresas del territorio de Zestoa y el entorno se incorporan a la din\u00e1mica de IB Sarea\",\"datePublished\":\"2018-11-30T08:19:37+00:00\",\"mainEntityOfPage\":{\"@id\":\"https:\\\/\\\/iraurgiberritzen.eus\\\/es\\\/empresas-del-territorio-de-zestoa-y-el-entorno-se-incorporan-a-la-dinamica-de-ib-sarea\\\/\"},\"wordCount\":369,\"publisher\":{\"@id\":\"https:\\\/\\\/iraurgiberritzen.eus\\\/es\\\/#organization\"},\"image\":{\"@id\":\"https:\\\/\\\/iraurgiberritzen.eus\\\/es\\\/empresas-del-territorio-de-zestoa-y-el-entorno-se-incorporan-a-la-dinamica-de-ib-sarea\\\/#primaryimage\"},\"thumbnailUrl\":\"https:\\\/\\\/iraurgiberritzen.eus\\\/wp-content\\\/uploads\\\/2023\\\/09\\\/bf1e20a4462b71e3cc4cece2a8c96ac8.jpg\",\"articleSection\":[\"Noticias\"],\"inLanguage\":\"es\"},{\"@type\":\"WebPage\",\"@id\":\"https:\\\/\\\/iraurgiberritzen.eus\\\/es\\\/empresas-del-territorio-de-zestoa-y-el-entorno-se-incorporan-a-la-dinamica-de-ib-sarea\\\/\",\"url\":\"https:\\\/\\\/iraurgiberritzen.eus\\\/es\\\/empresas-del-territorio-de-zestoa-y-el-entorno-se-incorporan-a-la-dinamica-de-ib-sarea\\\/\",\"name\":\"Empresas del territorio de Zestoa y el entorno se incorporan a la din\u00e1mica de IB Sarea - Iraurgi Berritzen\",\"isPartOf\":{\"@id\":\"https:\\\/\\\/iraurgiberritzen.eus\\\/es\\\/#website\"},\"primaryImageOfPage\":{\"@id\":\"https:\\\/\\\/iraurgiberritzen.eus\\\/es\\\/empresas-del-territorio-de-zestoa-y-el-entorno-se-incorporan-a-la-dinamica-de-ib-sarea\\\/#primaryimage\"},\"image\":{\"@id\":\"https:\\\/\\\/iraurgiberritzen.eus\\\/es\\\/empresas-del-territorio-de-zestoa-y-el-entorno-se-incorporan-a-la-dinamica-de-ib-sarea\\\/#primaryimage\"},\"thumbnailUrl\":\"https:\\\/\\\/iraurgiberritzen.eus\\\/wp-content\\\/uploads\\\/2023\\\/09\\\/bf1e20a4462b71e3cc4cece2a8c96ac8.jpg\",\"datePublished\":\"2018-11-30T08:19:37+00:00\",\"breadcrumb\":{\"@id\":\"https:\\\/\\\/iraurgiberritzen.eus\\\/es\\\/empresas-del-territorio-de-zestoa-y-el-entorno-se-incorporan-a-la-dinamica-de-ib-sarea\\\/#breadcrumb\"},\"inLanguage\":\"es\",\"potentialAction\":[{\"@type\":\"ReadAction\",\"target\":[\"https:\\\/\\\/iraurgiberritzen.eus\\\/es\\\/empresas-del-territorio-de-zestoa-y-el-entorno-se-incorporan-a-la-dinamica-de-ib-sarea\\\/\"]}]},{\"@type\":\"ImageObject\",\"inLanguage\":\"es\",\"@id\":\"https:\\\/\\\/iraurgiberritzen.eus\\\/es\\\/empresas-del-territorio-de-zestoa-y-el-entorno-se-incorporan-a-la-dinamica-de-ib-sarea\\\/#primaryimage\",\"url\":\"https:\\\/\\\/iraurgiberritzen.eus\\\/wp-content\\\/uploads\\\/2023\\\/09\\\/bf1e20a4462b71e3cc4cece2a8c96ac8.jpg\",\"contentUrl\":\"https:\\\/\\\/iraurgiberritzen.eus\\\/wp-content\\\/uploads\\\/2023\\\/09\\\/bf1e20a4462b71e3cc4cece2a8c96ac8.jpg\",\"width\":600,\"height\":386},{\"@type\":\"BreadcrumbList\",\"@id\":\"https:\\\/\\\/iraurgiberritzen.eus\\\/es\\\/empresas-del-territorio-de-zestoa-y-el-entorno-se-incorporan-a-la-dinamica-de-ib-sarea\\\/#breadcrumb\",\"itemListElement\":[{\"@type\":\"ListItem\",\"position\":1,\"name\":\"Home\",\"item\":\"https:\\\/\\\/iraurgiberritzen.eus\\\/es\\\/\"},{\"@type\":\"ListItem\",\"position\":2,\"name\":\"Empresas del territorio de Zestoa y el entorno se incorporan a la din\u00e1mica de IB Sarea\"}]},{\"@type\":\"WebSite\",\"@id\":\"https:\\\/\\\/iraurgiberritzen.eus\\\/es\\\/#website\",\"url\":\"https:\\\/\\\/iraurgiberritzen.eus\\\/es\\\/\",\"name\":\"Iraurgi Berritzen\",\"description\":\"Urola Erdiko Garapen Agentzia\",\"publisher\":{\"@id\":\"https:\\\/\\\/iraurgiberritzen.eus\\\/es\\\/#organization\"},\"potentialAction\":[{\"@type\":\"SearchAction\",\"target\":{\"@type\":\"EntryPoint\",\"urlTemplate\":\"https:\\\/\\\/iraurgiberritzen.eus\\\/es\\\/?s={search_term_string}\"},\"query-input\":{\"@type\":\"PropertyValueSpecification\",\"valueRequired\":true,\"valueName\":\"search_term_string\"}}],\"inLanguage\":\"es\"},{\"@type\":\"Organization\",\"@id\":\"https:\\\/\\\/iraurgiberritzen.eus\\\/es\\\/#organization\",\"name\":\"Iraurgi Berritzen\",\"url\":\"https:\\\/\\\/iraurgiberritzen.eus\\\/es\\\/\",\"logo\":{\"@type\":\"ImageObject\",\"inLanguage\":\"es\",\"@id\":\"https:\\\/\\\/iraurgiberritzen.eus\\\/es\\\/#\\\/schema\\\/logo\\\/image\\\/\",\"url\":\"https:\\\/\\\/iraurgiberritzen.eus\\\/wp-content\\\/uploads\\\/2024\\\/02\\\/IRAURGI-BERRITZEN-logotipoa_2.png\",\"contentUrl\":\"https:\\\/\\\/iraurgiberritzen.eus\\\/wp-content\\\/uploads\\\/2024\\\/02\\\/IRAURGI-BERRITZEN-logotipoa_2.png\",\"width\":496,\"height\":190,\"caption\":\"Iraurgi Berritzen\"},\"image\":{\"@id\":\"https:\\\/\\\/iraurgiberritzen.eus\\\/es\\\/#\\\/schema\\\/logo\\\/image\\\/\"}},{\"@type\":\"Person\",\"@id\":\"https:\\\/\\\/iraurgiberritzen.eus\\\/es\\\/#\\\/schema\\\/person\\\/5ab41aaf388a9097177601ebf45738d2\",\"name\":\"kudeatzailea\",\"sameAs\":[\"https:\\\/\\\/iraurgiberritzen.eus\"]}]}<\/script>\n<!-- \/ Yoast SEO plugin. -->","yoast_head_json":{"title":"Empresas del territorio de Zestoa y el entorno se incorporan a la din\u00e1mica de IB Sarea - Iraurgi Berritzen","robots":{"index":"index","follow":"follow","max-snippet":"max-snippet:-1","max-image-preview":"max-image-preview:large","max-video-preview":"max-video-preview:-1"},"canonical":"https:\/\/iraurgiberritzen.eus\/es\/empresas-del-territorio-de-zestoa-y-el-entorno-se-incorporan-a-la-dinamica-de-ib-sarea\/","og_locale":"es_ES","og_type":"article","og_title":"Empresas del territorio de Zestoa y el entorno se incorporan a la din\u00e1mica de IB Sarea - Iraurgi Berritzen","og_description":"Han pasado 2 a\u00f1os desde que el Ayuntamiento de Zestoa se incorpor\u00f3 a la din\u00e1mica de la agencia IB. Esto nos ha permitido poder acercarnos a las empresas de dicho territorio a lo largo del a\u00f1o 2018 a trav\u00e9s del Proyecto Eskualdea Irekitzen. El objetivo principal ha sido la de que estas empresas conozcan desde [&hellip;]","og_url":"https:\/\/iraurgiberritzen.eus\/es\/empresas-del-territorio-de-zestoa-y-el-entorno-se-incorporan-a-la-dinamica-de-ib-sarea\/","og_site_name":"Iraurgi Berritzen","article_published_time":"2018-11-30T08:19:37+00:00","author":"kudeatzailea","twitter_card":"summary_large_image","twitter_misc":{"Escrito por":"kudeatzailea","Tiempo de lectura":"2 minutos"},"schema":{"@context":"https:\/\/schema.org","@graph":[{"@type":"Article","@id":"https:\/\/iraurgiberritzen.eus\/es\/empresas-del-territorio-de-zestoa-y-el-entorno-se-incorporan-a-la-dinamica-de-ib-sarea\/#article","isPartOf":{"@id":"https:\/\/iraurgiberritzen.eus\/es\/empresas-del-territorio-de-zestoa-y-el-entorno-se-incorporan-a-la-dinamica-de-ib-sarea\/"},"author":{"name":"kudeatzailea","@id":"https:\/\/iraurgiberritzen.eus\/es\/#\/schema\/person\/5ab41aaf388a9097177601ebf45738d2"},"headline":"Empresas del territorio de Zestoa y el entorno se incorporan a la din\u00e1mica de IB Sarea","datePublished":"2018-11-30T08:19:37+00:00","mainEntityOfPage":{"@id":"https:\/\/iraurgiberritzen.eus\/es\/empresas-del-territorio-de-zestoa-y-el-entorno-se-incorporan-a-la-dinamica-de-ib-sarea\/"},"wordCount":369,"publisher":{"@id":"https:\/\/iraurgiberritzen.eus\/es\/#organization"},"image":{"@id":"https:\/\/iraurgiberritzen.eus\/es\/empresas-del-territorio-de-zestoa-y-el-entorno-se-incorporan-a-la-dinamica-de-ib-sarea\/#primaryimage"},"thumbnailUrl":"https:\/\/iraurgiberritzen.eus\/wp-content\/uploads\/2023\/09\/bf1e20a4462b71e3cc4cece2a8c96ac8.jpg","articleSection":["Noticias"],"inLanguage":"es"},{"@type":"WebPage","@id":"https:\/\/iraurgiberritzen.eus\/es\/empresas-del-territorio-de-zestoa-y-el-entorno-se-incorporan-a-la-dinamica-de-ib-sarea\/","url":"https:\/\/iraurgiberritzen.eus\/es\/empresas-del-territorio-de-zestoa-y-el-entorno-se-incorporan-a-la-dinamica-de-ib-sarea\/","name":"Empresas del territorio de Zestoa y el entorno se incorporan a la din\u00e1mica de IB Sarea - Iraurgi Berritzen","isPartOf":{"@id":"https:\/\/iraurgiberritzen.eus\/es\/#website"},"primaryImageOfPage":{"@id":"https:\/\/iraurgiberritzen.eus\/es\/empresas-del-territorio-de-zestoa-y-el-entorno-se-incorporan-a-la-dinamica-de-ib-sarea\/#primaryimage"},"image":{"@id":"https:\/\/iraurgiberritzen.eus\/es\/empresas-del-territorio-de-zestoa-y-el-entorno-se-incorporan-a-la-dinamica-de-ib-sarea\/#primaryimage"},"thumbnailUrl":"https:\/\/iraurgiberritzen.eus\/wp-content\/uploads\/2023\/09\/bf1e20a4462b71e3cc4cece2a8c96ac8.jpg","datePublished":"2018-11-30T08:19:37+00:00","breadcrumb":{"@id":"https:\/\/iraurgiberritzen.eus\/es\/empresas-del-territorio-de-zestoa-y-el-entorno-se-incorporan-a-la-dinamica-de-ib-sarea\/#breadcrumb"},"inLanguage":"es","potentialAction":[{"@type":"ReadAction","target":["https:\/\/iraurgiberritzen.eus\/es\/empresas-del-territorio-de-zestoa-y-el-entorno-se-incorporan-a-la-dinamica-de-ib-sarea\/"]}]},{"@type":"ImageObject","inLanguage":"es","@id":"https:\/\/iraurgiberritzen.eus\/es\/empresas-del-territorio-de-zestoa-y-el-entorno-se-incorporan-a-la-dinamica-de-ib-sarea\/#primaryimage","url":"https:\/\/iraurgiberritzen.eus\/wp-content\/uploads\/2023\/09\/bf1e20a4462b71e3cc4cece2a8c96ac8.jpg","contentUrl":"https:\/\/iraurgiberritzen.eus\/wp-content\/uploads\/2023\/09\/bf1e20a4462b71e3cc4cece2a8c96ac8.jpg","width":600,"height":386},{"@type":"BreadcrumbList","@id":"https:\/\/iraurgiberritzen.eus\/es\/empresas-del-territorio-de-zestoa-y-el-entorno-se-incorporan-a-la-dinamica-de-ib-sarea\/#breadcrumb","itemListElement":[{"@type":"ListItem","position":1,"name":"Home","item":"https:\/\/iraurgiberritzen.eus\/es\/"},{"@type":"ListItem","position":2,"name":"Empresas del territorio de Zestoa y el entorno se incorporan a la din\u00e1mica de IB Sarea"}]},{"@type":"WebSite","@id":"https:\/\/iraurgiberritzen.eus\/es\/#website","url":"https:\/\/iraurgiberritzen.eus\/es\/","name":"Iraurgi Berritzen","description":"Urola Erdiko Garapen Agentzia","publisher":{"@id":"https:\/\/iraurgiberritzen.eus\/es\/#organization"},"potentialAction":[{"@type":"SearchAction","target":{"@type":"EntryPoint","urlTemplate":"https:\/\/iraurgiberritzen.eus\/es\/?s={search_term_string}"},"query-input":{"@type":"PropertyValueSpecification","valueRequired":true,"valueName":"search_term_string"}}],"inLanguage":"es"},{"@type":"Organization","@id":"https:\/\/iraurgiberritzen.eus\/es\/#organization","name":"Iraurgi Berritzen","url":"https:\/\/iraurgiberritzen.eus\/es\/","logo":{"@type":"ImageObject","inLanguage":"es","@id":"https:\/\/iraurgiberritzen.eus\/es\/#\/schema\/logo\/image\/","url":"https:\/\/iraurgiberritzen.eus\/wp-content\/uploads\/2024\/02\/IRAURGI-BERRITZEN-logotipoa_2.png","contentUrl":"https:\/\/iraurgiberritzen.eus\/wp-content\/uploads\/2024\/02\/IRAURGI-BERRITZEN-logotipoa_2.png","width":496,"height":190,"caption":"Iraurgi Berritzen"},"image":{"@id":"https:\/\/iraurgiberritzen.eus\/es\/#\/schema\/logo\/image\/"}},{"@type":"Person","@id":"https:\/\/iraurgiberritzen.eus\/es\/#\/schema\/person\/5ab41aaf388a9097177601ebf45738d2","name":"kudeatzailea","sameAs":["https:\/\/iraurgiberritzen.eus"]}]}},"_links":{"self":[{"href":"https:\/\/iraurgiberritzen.eus\/es\/wp-json\/wp\/v2\/posts\/12495","targetHints":{"allow":["GET"]}}],"collection":[{"href":"https:\/\/iraurgiberritzen.eus\/es\/wp-json\/wp\/v2\/posts"}],"about":[{"href":"https:\/\/iraurgiberritzen.eus\/es\/wp-json\/wp\/v2\/types\/post"}],"author":[{"embeddable":true,"href":"https:\/\/iraurgiberritzen.eus\/es\/wp-json\/wp\/v2\/users\/1"}],"replies":[{"embeddable":true,"href":"https:\/\/iraurgiberritzen.eus\/es\/wp-json\/wp\/v2\/comments?post=12495"}],"version-history":[{"count":0,"href":"https:\/\/iraurgiberritzen.eus\/es\/wp-json\/wp\/v2\/posts\/12495\/revisions"}],"wp:featuredmedia":[{"embeddable":true,"href":"https:\/\/iraurgiberritzen.eus\/es\/wp-json\/wp\/v2\/media\/17852"}],"wp:attachment":[{"href":"https:\/\/iraurgiberritzen.eus\/es\/wp-json\/wp\/v2\/media?parent=12495"}],"wp:term":[{"taxonomy":"category","embeddable":true,"href":"https:\/\/iraurgiberritzen.eus\/es\/wp-json\/wp\/v2\/categories?post=12495"},{"taxonomy":"post_tag","embeddable":true,"href":"https:\/\/iraurgiberritzen.eus\/es\/wp-json\/wp\/v2\/tags?post=12495"}],"curies":[{"name":"wp","href":"https:\/\/api.w.org\/{rel}","templated":true}]}}