{"id":12498,"date":"2018-12-04T10:59:10","date_gmt":"2018-12-04T08:59:10","guid":{"rendered":"https:\/\/iraurgiberritzen.eus\/el-13-de-diciembre-se-celebraran-las-topaketak-de-ib-sarea-de-este-ano\/"},"modified":"2018-12-04T10:59:10","modified_gmt":"2018-12-04T08:59:10","slug":"el-13-de-diciembre-se-celebraran-las-topaketak-de-ib-sarea-de-este-ano","status":"publish","type":"post","link":"https:\/\/iraurgiberritzen.eus\/es\/el-13-de-diciembre-se-celebraran-las-topaketak-de-ib-sarea-de-este-ano\/","title":{"rendered":"El 13 de diciembre se celebrar\u00e1n las Topaketak de IB Sarea de este a\u00f1o"},"content":{"rendered":"<p>Como se hace todos los a\u00f1os, el <strong>13 de diciembre<\/strong> tendr\u00e1 lugar el <strong>encuentro de la red de agentes de Iraurgi Berritzen<\/strong>.<\/p>\n<p style=\"text-align: justify;\">Esta ser\u00e1 la XVI\u00aa Edici\u00f3n de los Topaketak que organiza la agencia de Desarrollo e Innovaci\u00f3n de Azpeitia, Azkoitia y Zestoa. El evento se llevar\u00e1 a cabo en la quinta planta del Ayuntamiento de Azpeitia, a partir de las 9:00 de la ma\u00f1ana.<\/p>\n<p style=\"text-align: justify;\">En este encuentro participar\u00e1n representantes de la Diputaci\u00f3n Foral de Gipuzkoa, ayuntamientos, empresas y centros de la comarca, y se organizar\u00e1 en 3 secciones.<\/p>\n<p style=\"text-align: justify;\">En la primera parte, se presentar\u00e1n las l\u00edneas de trabajo y proyectos desarrollados en el seno de IB Sarea, en colaboraci\u00f3n con representantes de empresas, centros formativos e instituciones locales. Estos proyectos ser\u00e1n presentados por los agentes que han participado en el desarrollo de estas l\u00edneas de trabajo.<\/p>\n<p style=\"text-align: justify;\">Una vez presentadas las l\u00edneas de actuaci\u00f3n desempe\u00f1adas durante el a\u00f1o, Sabin Azua, de la Consultor\u00eda \u00abB+I Strategy\u00bb, y Bego\u00f1a Beobide, directora de la agencia de Desarrollo e Innovaci\u00f3n, presentar\u00e1n los detalles del tejido econ\u00f3mico de la comarca. El primero explicar\u00e1 las oportunidades y tendencias actuales de la econom\u00eda y la sociedad en general. La Directora de la agencia a su vez se encargar\u00e1 de presentar las caracter\u00edsticas de las cadenas de valor comarcales.<\/p>\n<p style=\"text-align: justify;\">Finalmente, se realizar\u00e1 una din\u00e1mica con los asistentes al evento, la cual servir\u00e1 para reflexionar sobre los retos de la comarca en los pr\u00f3ximos a\u00f1os, as\u00ed como los elementos y recursos para hacer frente a estos.<\/p>\n<p style=\"text-align: justify;\">A continuaci\u00f3n pod\u00e9is disponer del <a href=\"images\/iraurgiberritzen\/berriak\/2018\/IB_XVI.Topaketak_Programa_V20181122_1.pdf\" target=\"_blank\" rel=\"noopener\">programa<\/a> del evento.<\/p>\n","protected":false},"excerpt":{"rendered":"<p>Como se hace todos los a\u00f1os, el 13 de diciembre tendr\u00e1 lugar el encuentro de la red de agentes de Iraurgi Berritzen. Esta ser\u00e1 la XVI\u00aa Edici\u00f3n de los Topaketak que organiza la agencia de Desarrollo e Innovaci\u00f3n de Azpeitia, Azkoitia y Zestoa. El evento se llevar\u00e1 a cabo en la quinta planta del Ayuntamiento [&hellip;]<\/p>\n","protected":false},"author":1,"featured_media":17853,"comment_status":"","ping_status":"closed","sticky":false,"template":"","format":"standard","meta":{"_acf_changed":false,"footnotes":""},"categories":[4],"tags":[],"class_list":["post-12498","post","type-post","status-publish","format-standard","has-post-thumbnail","hentry","category-noticias"],"acf":[],"yoast_head":"<!-- This site is optimized with the Yoast SEO plugin v27.4 - https:\/\/yoast.com\/product\/yoast-seo-wordpress\/ -->\n<title>El 13 de diciembre se celebrar\u00e1n las Topaketak de IB Sarea de este a\u00f1o - Iraurgi Berritzen<\/title>\n<meta name=\"robots\" content=\"index, follow, max-snippet:-1, max-image-preview:large, max-video-preview:-1\" \/>\n<link rel=\"canonical\" href=\"https:\/\/iraurgiberritzen.eus\/es\/el-13-de-diciembre-se-celebraran-las-topaketak-de-ib-sarea-de-este-ano\/\" \/>\n<meta property=\"og:locale\" content=\"es_ES\" \/>\n<meta property=\"og:type\" content=\"article\" \/>\n<meta property=\"og:title\" content=\"El 13 de diciembre se celebrar\u00e1n las Topaketak de IB Sarea de este a\u00f1o - Iraurgi Berritzen\" \/>\n<meta property=\"og:description\" content=\"Como se hace todos los a\u00f1os, el 13 de diciembre tendr\u00e1 lugar el encuentro de la red de agentes de Iraurgi Berritzen. Esta ser\u00e1 la XVI\u00aa Edici\u00f3n de los Topaketak que organiza la agencia de Desarrollo e Innovaci\u00f3n de Azpeitia, Azkoitia y Zestoa. El evento se llevar\u00e1 a cabo en la quinta planta del Ayuntamiento [&hellip;]\" \/>\n<meta property=\"og:url\" content=\"https:\/\/iraurgiberritzen.eus\/es\/el-13-de-diciembre-se-celebraran-las-topaketak-de-ib-sarea-de-este-ano\/\" \/>\n<meta property=\"og:site_name\" content=\"Iraurgi Berritzen\" \/>\n<meta property=\"article:published_time\" content=\"2018-12-04T08:59:10+00:00\" \/>\n<meta name=\"author\" content=\"kudeatzailea\" \/>\n<meta name=\"twitter:card\" content=\"summary_large_image\" \/>\n<meta name=\"twitter:label1\" content=\"Escrito por\" \/>\n\t<meta name=\"twitter:data1\" content=\"kudeatzailea\" \/>\n\t<meta name=\"twitter:label2\" content=\"Tiempo de lectura\" \/>\n\t<meta name=\"twitter:data2\" content=\"1 minuto\" \/>\n<script type=\"application\/ld+json\" class=\"yoast-schema-graph\">{\"@context\":\"https:\\\/\\\/schema.org\",\"@graph\":[{\"@type\":\"Article\",\"@id\":\"https:\\\/\\\/iraurgiberritzen.eus\\\/es\\\/el-13-de-diciembre-se-celebraran-las-topaketak-de-ib-sarea-de-este-ano\\\/#article\",\"isPartOf\":{\"@id\":\"https:\\\/\\\/iraurgiberritzen.eus\\\/es\\\/el-13-de-diciembre-se-celebraran-las-topaketak-de-ib-sarea-de-este-ano\\\/\"},\"author\":{\"name\":\"kudeatzailea\",\"@id\":\"https:\\\/\\\/iraurgiberritzen.eus\\\/es\\\/#\\\/schema\\\/person\\\/5ab41aaf388a9097177601ebf45738d2\"},\"headline\":\"El 13 de diciembre se celebrar\u00e1n las Topaketak de IB Sarea de este a\u00f1o\",\"datePublished\":\"2018-12-04T08:59:10+00:00\",\"mainEntityOfPage\":{\"@id\":\"https:\\\/\\\/iraurgiberritzen.eus\\\/es\\\/el-13-de-diciembre-se-celebraran-las-topaketak-de-ib-sarea-de-este-ano\\\/\"},\"wordCount\":295,\"publisher\":{\"@id\":\"https:\\\/\\\/iraurgiberritzen.eus\\\/es\\\/#organization\"},\"image\":{\"@id\":\"https:\\\/\\\/iraurgiberritzen.eus\\\/es\\\/el-13-de-diciembre-se-celebraran-las-topaketak-de-ib-sarea-de-este-ano\\\/#primaryimage\"},\"thumbnailUrl\":\"https:\\\/\\\/iraurgiberritzen.eus\\\/wp-content\\\/uploads\\\/2023\\\/09\\\/0b2c0f4f7276d5cab9ebf370bc3a4b57.jpg\",\"articleSection\":[\"Noticias\"],\"inLanguage\":\"es\"},{\"@type\":\"WebPage\",\"@id\":\"https:\\\/\\\/iraurgiberritzen.eus\\\/es\\\/el-13-de-diciembre-se-celebraran-las-topaketak-de-ib-sarea-de-este-ano\\\/\",\"url\":\"https:\\\/\\\/iraurgiberritzen.eus\\\/es\\\/el-13-de-diciembre-se-celebraran-las-topaketak-de-ib-sarea-de-este-ano\\\/\",\"name\":\"El 13 de diciembre se celebrar\u00e1n las Topaketak de IB Sarea de este a\u00f1o - Iraurgi Berritzen\",\"isPartOf\":{\"@id\":\"https:\\\/\\\/iraurgiberritzen.eus\\\/es\\\/#website\"},\"primaryImageOfPage\":{\"@id\":\"https:\\\/\\\/iraurgiberritzen.eus\\\/es\\\/el-13-de-diciembre-se-celebraran-las-topaketak-de-ib-sarea-de-este-ano\\\/#primaryimage\"},\"image\":{\"@id\":\"https:\\\/\\\/iraurgiberritzen.eus\\\/es\\\/el-13-de-diciembre-se-celebraran-las-topaketak-de-ib-sarea-de-este-ano\\\/#primaryimage\"},\"thumbnailUrl\":\"https:\\\/\\\/iraurgiberritzen.eus\\\/wp-content\\\/uploads\\\/2023\\\/09\\\/0b2c0f4f7276d5cab9ebf370bc3a4b57.jpg\",\"datePublished\":\"2018-12-04T08:59:10+00:00\",\"breadcrumb\":{\"@id\":\"https:\\\/\\\/iraurgiberritzen.eus\\\/es\\\/el-13-de-diciembre-se-celebraran-las-topaketak-de-ib-sarea-de-este-ano\\\/#breadcrumb\"},\"inLanguage\":\"es\",\"potentialAction\":[{\"@type\":\"ReadAction\",\"target\":[\"https:\\\/\\\/iraurgiberritzen.eus\\\/es\\\/el-13-de-diciembre-se-celebraran-las-topaketak-de-ib-sarea-de-este-ano\\\/\"]}]},{\"@type\":\"ImageObject\",\"inLanguage\":\"es\",\"@id\":\"https:\\\/\\\/iraurgiberritzen.eus\\\/es\\\/el-13-de-diciembre-se-celebraran-las-topaketak-de-ib-sarea-de-este-ano\\\/#primaryimage\",\"url\":\"https:\\\/\\\/iraurgiberritzen.eus\\\/wp-content\\\/uploads\\\/2023\\\/09\\\/0b2c0f4f7276d5cab9ebf370bc3a4b57.jpg\",\"contentUrl\":\"https:\\\/\\\/iraurgiberritzen.eus\\\/wp-content\\\/uploads\\\/2023\\\/09\\\/0b2c0f4f7276d5cab9ebf370bc3a4b57.jpg\",\"width\":600,\"height\":386},{\"@type\":\"BreadcrumbList\",\"@id\":\"https:\\\/\\\/iraurgiberritzen.eus\\\/es\\\/el-13-de-diciembre-se-celebraran-las-topaketak-de-ib-sarea-de-este-ano\\\/#breadcrumb\",\"itemListElement\":[{\"@type\":\"ListItem\",\"position\":1,\"name\":\"Home\",\"item\":\"https:\\\/\\\/iraurgiberritzen.eus\\\/es\\\/\"},{\"@type\":\"ListItem\",\"position\":2,\"name\":\"El 13 de diciembre se celebrar\u00e1n las Topaketak de IB Sarea de este a\u00f1o\"}]},{\"@type\":\"WebSite\",\"@id\":\"https:\\\/\\\/iraurgiberritzen.eus\\\/es\\\/#website\",\"url\":\"https:\\\/\\\/iraurgiberritzen.eus\\\/es\\\/\",\"name\":\"Iraurgi Berritzen\",\"description\":\"Urola Erdiko Garapen Agentzia\",\"publisher\":{\"@id\":\"https:\\\/\\\/iraurgiberritzen.eus\\\/es\\\/#organization\"},\"potentialAction\":[{\"@type\":\"SearchAction\",\"target\":{\"@type\":\"EntryPoint\",\"urlTemplate\":\"https:\\\/\\\/iraurgiberritzen.eus\\\/es\\\/?s={search_term_string}\"},\"query-input\":{\"@type\":\"PropertyValueSpecification\",\"valueRequired\":true,\"valueName\":\"search_term_string\"}}],\"inLanguage\":\"es\"},{\"@type\":\"Organization\",\"@id\":\"https:\\\/\\\/iraurgiberritzen.eus\\\/es\\\/#organization\",\"name\":\"Iraurgi Berritzen\",\"url\":\"https:\\\/\\\/iraurgiberritzen.eus\\\/es\\\/\",\"logo\":{\"@type\":\"ImageObject\",\"inLanguage\":\"es\",\"@id\":\"https:\\\/\\\/iraurgiberritzen.eus\\\/es\\\/#\\\/schema\\\/logo\\\/image\\\/\",\"url\":\"https:\\\/\\\/iraurgiberritzen.eus\\\/wp-content\\\/uploads\\\/2024\\\/02\\\/IRAURGI-BERRITZEN-logotipoa_2.png\",\"contentUrl\":\"https:\\\/\\\/iraurgiberritzen.eus\\\/wp-content\\\/uploads\\\/2024\\\/02\\\/IRAURGI-BERRITZEN-logotipoa_2.png\",\"width\":496,\"height\":190,\"caption\":\"Iraurgi Berritzen\"},\"image\":{\"@id\":\"https:\\\/\\\/iraurgiberritzen.eus\\\/es\\\/#\\\/schema\\\/logo\\\/image\\\/\"}},{\"@type\":\"Person\",\"@id\":\"https:\\\/\\\/iraurgiberritzen.eus\\\/es\\\/#\\\/schema\\\/person\\\/5ab41aaf388a9097177601ebf45738d2\",\"name\":\"kudeatzailea\",\"sameAs\":[\"https:\\\/\\\/iraurgiberritzen.eus\"]}]}<\/script>\n<!-- \/ Yoast SEO plugin. -->","yoast_head_json":{"title":"El 13 de diciembre se celebrar\u00e1n las Topaketak de IB Sarea de este a\u00f1o - Iraurgi Berritzen","robots":{"index":"index","follow":"follow","max-snippet":"max-snippet:-1","max-image-preview":"max-image-preview:large","max-video-preview":"max-video-preview:-1"},"canonical":"https:\/\/iraurgiberritzen.eus\/es\/el-13-de-diciembre-se-celebraran-las-topaketak-de-ib-sarea-de-este-ano\/","og_locale":"es_ES","og_type":"article","og_title":"El 13 de diciembre se celebrar\u00e1n las Topaketak de IB Sarea de este a\u00f1o - Iraurgi Berritzen","og_description":"Como se hace todos los a\u00f1os, el 13 de diciembre tendr\u00e1 lugar el encuentro de la red de agentes de Iraurgi Berritzen. Esta ser\u00e1 la XVI\u00aa Edici\u00f3n de los Topaketak que organiza la agencia de Desarrollo e Innovaci\u00f3n de Azpeitia, Azkoitia y Zestoa. El evento se llevar\u00e1 a cabo en la quinta planta del Ayuntamiento [&hellip;]","og_url":"https:\/\/iraurgiberritzen.eus\/es\/el-13-de-diciembre-se-celebraran-las-topaketak-de-ib-sarea-de-este-ano\/","og_site_name":"Iraurgi Berritzen","article_published_time":"2018-12-04T08:59:10+00:00","author":"kudeatzailea","twitter_card":"summary_large_image","twitter_misc":{"Escrito por":"kudeatzailea","Tiempo de lectura":"1 minuto"},"schema":{"@context":"https:\/\/schema.org","@graph":[{"@type":"Article","@id":"https:\/\/iraurgiberritzen.eus\/es\/el-13-de-diciembre-se-celebraran-las-topaketak-de-ib-sarea-de-este-ano\/#article","isPartOf":{"@id":"https:\/\/iraurgiberritzen.eus\/es\/el-13-de-diciembre-se-celebraran-las-topaketak-de-ib-sarea-de-este-ano\/"},"author":{"name":"kudeatzailea","@id":"https:\/\/iraurgiberritzen.eus\/es\/#\/schema\/person\/5ab41aaf388a9097177601ebf45738d2"},"headline":"El 13 de diciembre se celebrar\u00e1n las Topaketak de IB Sarea de este a\u00f1o","datePublished":"2018-12-04T08:59:10+00:00","mainEntityOfPage":{"@id":"https:\/\/iraurgiberritzen.eus\/es\/el-13-de-diciembre-se-celebraran-las-topaketak-de-ib-sarea-de-este-ano\/"},"wordCount":295,"publisher":{"@id":"https:\/\/iraurgiberritzen.eus\/es\/#organization"},"image":{"@id":"https:\/\/iraurgiberritzen.eus\/es\/el-13-de-diciembre-se-celebraran-las-topaketak-de-ib-sarea-de-este-ano\/#primaryimage"},"thumbnailUrl":"https:\/\/iraurgiberritzen.eus\/wp-content\/uploads\/2023\/09\/0b2c0f4f7276d5cab9ebf370bc3a4b57.jpg","articleSection":["Noticias"],"inLanguage":"es"},{"@type":"WebPage","@id":"https:\/\/iraurgiberritzen.eus\/es\/el-13-de-diciembre-se-celebraran-las-topaketak-de-ib-sarea-de-este-ano\/","url":"https:\/\/iraurgiberritzen.eus\/es\/el-13-de-diciembre-se-celebraran-las-topaketak-de-ib-sarea-de-este-ano\/","name":"El 13 de diciembre se celebrar\u00e1n las Topaketak de IB Sarea de este a\u00f1o - Iraurgi Berritzen","isPartOf":{"@id":"https:\/\/iraurgiberritzen.eus\/es\/#website"},"primaryImageOfPage":{"@id":"https:\/\/iraurgiberritzen.eus\/es\/el-13-de-diciembre-se-celebraran-las-topaketak-de-ib-sarea-de-este-ano\/#primaryimage"},"image":{"@id":"https:\/\/iraurgiberritzen.eus\/es\/el-13-de-diciembre-se-celebraran-las-topaketak-de-ib-sarea-de-este-ano\/#primaryimage"},"thumbnailUrl":"https:\/\/iraurgiberritzen.eus\/wp-content\/uploads\/2023\/09\/0b2c0f4f7276d5cab9ebf370bc3a4b57.jpg","datePublished":"2018-12-04T08:59:10+00:00","breadcrumb":{"@id":"https:\/\/iraurgiberritzen.eus\/es\/el-13-de-diciembre-se-celebraran-las-topaketak-de-ib-sarea-de-este-ano\/#breadcrumb"},"inLanguage":"es","potentialAction":[{"@type":"ReadAction","target":["https:\/\/iraurgiberritzen.eus\/es\/el-13-de-diciembre-se-celebraran-las-topaketak-de-ib-sarea-de-este-ano\/"]}]},{"@type":"ImageObject","inLanguage":"es","@id":"https:\/\/iraurgiberritzen.eus\/es\/el-13-de-diciembre-se-celebraran-las-topaketak-de-ib-sarea-de-este-ano\/#primaryimage","url":"https:\/\/iraurgiberritzen.eus\/wp-content\/uploads\/2023\/09\/0b2c0f4f7276d5cab9ebf370bc3a4b57.jpg","contentUrl":"https:\/\/iraurgiberritzen.eus\/wp-content\/uploads\/2023\/09\/0b2c0f4f7276d5cab9ebf370bc3a4b57.jpg","width":600,"height":386},{"@type":"BreadcrumbList","@id":"https:\/\/iraurgiberritzen.eus\/es\/el-13-de-diciembre-se-celebraran-las-topaketak-de-ib-sarea-de-este-ano\/#breadcrumb","itemListElement":[{"@type":"ListItem","position":1,"name":"Home","item":"https:\/\/iraurgiberritzen.eus\/es\/"},{"@type":"ListItem","position":2,"name":"El 13 de diciembre se celebrar\u00e1n las Topaketak de IB Sarea de este a\u00f1o"}]},{"@type":"WebSite","@id":"https:\/\/iraurgiberritzen.eus\/es\/#website","url":"https:\/\/iraurgiberritzen.eus\/es\/","name":"Iraurgi Berritzen","description":"Urola Erdiko Garapen Agentzia","publisher":{"@id":"https:\/\/iraurgiberritzen.eus\/es\/#organization"},"potentialAction":[{"@type":"SearchAction","target":{"@type":"EntryPoint","urlTemplate":"https:\/\/iraurgiberritzen.eus\/es\/?s={search_term_string}"},"query-input":{"@type":"PropertyValueSpecification","valueRequired":true,"valueName":"search_term_string"}}],"inLanguage":"es"},{"@type":"Organization","@id":"https:\/\/iraurgiberritzen.eus\/es\/#organization","name":"Iraurgi Berritzen","url":"https:\/\/iraurgiberritzen.eus\/es\/","logo":{"@type":"ImageObject","inLanguage":"es","@id":"https:\/\/iraurgiberritzen.eus\/es\/#\/schema\/logo\/image\/","url":"https:\/\/iraurgiberritzen.eus\/wp-content\/uploads\/2024\/02\/IRAURGI-BERRITZEN-logotipoa_2.png","contentUrl":"https:\/\/iraurgiberritzen.eus\/wp-content\/uploads\/2024\/02\/IRAURGI-BERRITZEN-logotipoa_2.png","width":496,"height":190,"caption":"Iraurgi Berritzen"},"image":{"@id":"https:\/\/iraurgiberritzen.eus\/es\/#\/schema\/logo\/image\/"}},{"@type":"Person","@id":"https:\/\/iraurgiberritzen.eus\/es\/#\/schema\/person\/5ab41aaf388a9097177601ebf45738d2","name":"kudeatzailea","sameAs":["https:\/\/iraurgiberritzen.eus"]}]}},"_links":{"self":[{"href":"https:\/\/iraurgiberritzen.eus\/es\/wp-json\/wp\/v2\/posts\/12498","targetHints":{"allow":["GET"]}}],"collection":[{"href":"https:\/\/iraurgiberritzen.eus\/es\/wp-json\/wp\/v2\/posts"}],"about":[{"href":"https:\/\/iraurgiberritzen.eus\/es\/wp-json\/wp\/v2\/types\/post"}],"author":[{"embeddable":true,"href":"https:\/\/iraurgiberritzen.eus\/es\/wp-json\/wp\/v2\/users\/1"}],"replies":[{"embeddable":true,"href":"https:\/\/iraurgiberritzen.eus\/es\/wp-json\/wp\/v2\/comments?post=12498"}],"version-history":[{"count":0,"href":"https:\/\/iraurgiberritzen.eus\/es\/wp-json\/wp\/v2\/posts\/12498\/revisions"}],"wp:featuredmedia":[{"embeddable":true,"href":"https:\/\/iraurgiberritzen.eus\/es\/wp-json\/wp\/v2\/media\/17853"}],"wp:attachment":[{"href":"https:\/\/iraurgiberritzen.eus\/es\/wp-json\/wp\/v2\/media?parent=12498"}],"wp:term":[{"taxonomy":"category","embeddable":true,"href":"https:\/\/iraurgiberritzen.eus\/es\/wp-json\/wp\/v2\/categories?post=12498"},{"taxonomy":"post_tag","embeddable":true,"href":"https:\/\/iraurgiberritzen.eus\/es\/wp-json\/wp\/v2\/tags?post=12498"}],"curies":[{"name":"wp","href":"https:\/\/api.w.org\/{rel}","templated":true}]}}